{"id":39465,"date":"2023-12-13T07:27:36","date_gmt":"2023-12-13T07:27:36","guid":{"rendered":"https:\/\/permbledhja.com\/?p=39465"},"modified":"2023-12-13T07:27:36","modified_gmt":"2023-12-13T07:27:36","slug":"osmani-sot-ne-bruksel-pritet-ti-informoje-lideret-evropiane-per-sigurine-pas-aktit-te-agresionit-te-serbise","status":"publish","type":"post","link":"https:\/\/permbledhja.com\/sq\/osmani-sot-ne-bruksel-pritet-ti-informoje-lideret-evropiane-per-sigurine-pas-aktit-te-agresionit-te-serbise\/","title":{"rendered":"Osmani sot n\u00eb Bruksel, pritet t\u2019i informoj\u00eb lider\u00ebt evropian\u00eb p\u00ebr sigurin\u00eb pas aktit t\u00eb agresionit t\u00eb Serbis\u00eb"},"content":{"rendered":"<h3>Presidentja e Republik\u00ebs s\u00eb Kosov\u00ebs, Vjosa Osmani, me ftes\u00eb t\u00eb presidentit t\u00eb K\u00ebshillit t\u00eb Evrop\u00ebs, Charles Michel, sot n\u00eb Bruksel do ta p\u00ebrfaq\u00ebsoj\u00eb Republik\u00ebn e Kosov\u00ebs n\u00eb Samitin e lider\u00ebve t\u00eb Bashkimit Evropian dhe Ballkanit Per\u00ebndimor.<\/h3>\n<p>N\u00ebp\u00ebrmjet nj\u00eb postimi n\u00eb platform\u00ebn X [ish-Twitter], Osmani ka njoftuar se mesazhi i saj kryesor, do t\u00eb jet\u00eb Kosova \u00ebsht\u00eb e gatshme p\u00ebr statusin kandidat dhe p\u00ebr t\u2019iu afruar BE-s\u00eb.<\/p>\n<p>N\u00eb kuad\u00ebr t\u00eb samitit, presidentja Osmani po ashtu do t\u2019i informoj\u00eb krer\u00ebt e shteteve dhe t\u00eb BE-s\u00eb lidhur me situat\u00ebn e siguris\u00eb n\u00eb vend, pas sulmit t\u00eb agresionit t\u00eb Serbis\u00eb m\u00eb 24 shtator.<\/p>\n<p>\u201c<em>Nes\u00ebr do t\u00eb p\u00ebrfaq\u00ebsoj Republik\u00ebn e Kosov\u00ebs n\u00eb Samitin BE-Ballkani Per\u00ebndimor n\u00eb Bruksel.<\/em><\/p>\n<p><em>Mesazhi im kryesor: Kosova \u00ebsht\u00eb e gatshme p\u00ebr statusin kandidat dhe p\u00ebr t\u2019iu afruar BE-s\u00eb.<\/em><\/p>\n<p><em>Gjithashtu do t\u2019i informoj koleg\u00ebt lider\u00eb p\u00ebr zhvillimet e siguris\u00eb pas aktit t\u00eb agresionit t\u00eb Serbis\u00eb<\/em>\u201c, shkroi dje ajo.<\/p>\n<div id=\"82a51fe4-6347-4718-9bbc-2463e5a361d8\" class=\"embedpress-gutenberg-wrapper aligncenter   inline\">\n<div class=\"wp-block-embed__wrapper   \">\n<div id=\"ep-gutenberg-content-5b5a91d936fa6733f0cdc867e1374a42\" class=\"ep-gutenberg-content\">\n<div class=\"ep-embed-content-wraper \">\n<div class=\"ose-twitter ose-uid-3daf5d1e2c8bf452fa010d3a6e6f15e2 ose-embedpress-responsive\">\n<p>Lider\u00eb t\u00eb BE-s\u00eb dhe Ballkanit Per\u00ebndimor n\u00eb Bruksel nd\u00ebr t\u00eb tjera do t\u00eb diskutojn\u00eb p\u00ebr procesin e zgjerimit dhe perspektiv\u00ebn evropiane t\u00eb vendeve t\u00eb Ballkanit Per\u00ebndimor, bashk\u00ebrendimin me politik\u00ebn e p\u00ebrbashk\u00ebt t\u00eb jashtme dhe t\u00eb siguris\u00eb t\u00eb BE-s\u00eb, si dhe tejkalimin e sfidave t\u00eb p\u00ebrbashk\u00ebta.<\/p>\n<\/div>\n<\/div>\n<\/div>\n<\/div>\n<\/div>\n","protected":false},"excerpt":{"rendered":"<p>Presidentja e Republik\u00ebs s\u00eb Kosov\u00ebs, Vjosa Osmani, me ftes\u00eb t\u00eb presidentit t\u00eb K\u00ebshillit t\u00eb Evrop\u00ebs, Charles Michel, sot n\u00eb Bruksel do ta p\u00ebrfaq\u00ebsoj\u00eb Republik\u00ebn e Kosov\u00ebs n\u00eb Samitin e lider\u00ebve t\u00eb Bashkimit Evropian dhe Ballkanit Per\u00ebndimor. N\u00ebp\u00ebrmjet nj\u00eb postimi n\u00eb platform\u00ebn X [ish-Twitter], Osmani ka njoftuar se mesazhi i saj kryesor, do t\u00eb jet\u00eb Kosova [&hellip;]<\/p>\n","protected":false},"author":2,"featured_media":39402,"comment_status":"closed","ping_status":"closed","sticky":false,"template":"","format":"standard","meta":{"_monsterinsights_skip_tracking":false,"_monsterinsights_sitenote_active":false,"_monsterinsights_sitenote_note":"","_monsterinsights_sitenote_category":0,"_uf_show_specific_survey":0,"_uf_disable_surveys":false,"footnotes":""},"categories":[15],"tags":[163],"yoast_head":"<!-- This site is optimized with the Yoast SEO plugin v21.5 - https:\/\/yoast.com\/wordpress\/plugins\/seo\/ -->\n<title>Osmani sot n\u00eb Bruksel, pritet t\u2019i informoj\u00eb lider\u00ebt evropian\u00eb p\u00ebr sigurin\u00eb pas aktit t\u00eb agresionit t\u00eb Serbis\u00eb<\/title>\n<meta name=\"robots\" content=\"index, follow, max-snippet:-1, max-image-preview:large, max-video-preview:-1\" \/>\n<link rel=\"canonical\" href=\"https:\/\/permbledhja.com\/sq\/osmani-sot-ne-bruksel-pritet-ti-informoje-lideret-evropiane-per-sigurine-pas-aktit-te-agresionit-te-serbise\/\" \/>\n<meta property=\"og:locale\" content=\"sq_AL\" \/>\n<meta property=\"og:type\" content=\"article\" \/>\n<meta property=\"og:title\" content=\"Osmani sot n\u00eb Bruksel, pritet t\u2019i informoj\u00eb lider\u00ebt evropian\u00eb p\u00ebr sigurin\u00eb pas aktit t\u00eb agresionit t\u00eb Serbis\u00eb\" \/>\n<meta property=\"og:description\" content=\"Presidentja e Republik\u00ebs s\u00eb Kosov\u00ebs, Vjosa Osmani, me ftes\u00eb t\u00eb presidentit t\u00eb K\u00ebshillit t\u00eb Evrop\u00ebs, Charles Michel, sot n\u00eb Bruksel do ta p\u00ebrfaq\u00ebsoj\u00eb Republik\u00ebn e Kosov\u00ebs n\u00eb Samitin e lider\u00ebve t\u00eb Bashkimit Evropian dhe Ballkanit Per\u00ebndimor. N\u00ebp\u00ebrmjet nj\u00eb postimi n\u00eb platform\u00ebn X [ish-Twitter], Osmani ka njoftuar se mesazhi i saj kryesor, do t\u00eb jet\u00eb Kosova [&hellip;]\" \/>\n<meta property=\"og:url\" content=\"https:\/\/permbledhja.com\/sq\/osmani-sot-ne-bruksel-pritet-ti-informoje-lideret-evropiane-per-sigurine-pas-aktit-te-agresionit-te-serbise\/\" \/>\n<meta property=\"og:site_name\" content=\"Ve\u00e7 artikuj p\u00ebrmbledh\u00ebs\" \/>\n<meta property=\"article:publisher\" content=\"https:\/\/www.facebook.com\/press07\/\" \/>\n<meta property=\"article:published_time\" content=\"2023-12-13T07:27:36+00:00\" \/>\n<meta property=\"og:image\" content=\"https:\/\/permbledhja.com\/wp-content\/uploads\/2023\/12\/Vjosa-Osmani-8.jpg\" \/>\n\t<meta property=\"og:image:width\" content=\"847\" \/>\n\t<meta property=\"og:image:height\" content=\"449\" \/>\n\t<meta property=\"og:image:type\" content=\"image\/jpeg\" \/>\n<meta name=\"author\" content=\"M M\" \/>\n<meta name=\"twitter:card\" content=\"summary_large_image\" \/>\n<meta name=\"twitter:label1\" content=\"Written by\" \/>\n\t<meta name=\"twitter:data1\" content=\"M M\" \/>\n\t<meta name=\"twitter:label2\" content=\"Est. reading time\" \/>\n\t<meta name=\"twitter:data2\" content=\"2 minuta\" \/>\n<script type=\"application\/ld+json\" class=\"yoast-schema-graph\">{\"@context\":\"https:\/\/schema.org\",\"@graph\":[{\"@type\":\"Article\",\"@id\":\"https:\/\/permbledhja.com\/sq\/osmani-sot-ne-bruksel-pritet-ti-informoje-lideret-evropiane-per-sigurine-pas-aktit-te-agresionit-te-serbise\/#article\",\"isPartOf\":{\"@id\":\"https:\/\/permbledhja.com\/sq\/osmani-sot-ne-bruksel-pritet-ti-informoje-lideret-evropiane-per-sigurine-pas-aktit-te-agresionit-te-serbise\/\"},\"author\":{\"name\":\"M M\",\"@id\":\"https:\/\/permbledhja.com\/#\/schema\/person\/d23f13f59b5722643933d6780783acf3\"},\"headline\":\"Osmani sot n\u00eb Bruksel, pritet t\u2019i informoj\u00eb lider\u00ebt evropian\u00eb p\u00ebr sigurin\u00eb pas aktit t\u00eb agresionit t\u00eb Serbis\u00eb\",\"datePublished\":\"2023-12-13T07:27:36+00:00\",\"dateModified\":\"2023-12-13T07:27:36+00:00\",\"mainEntityOfPage\":{\"@id\":\"https:\/\/permbledhja.com\/sq\/osmani-sot-ne-bruksel-pritet-ti-informoje-lideret-evropiane-per-sigurine-pas-aktit-te-agresionit-te-serbise\/\"},\"wordCount\":253,\"publisher\":{\"@id\":\"https:\/\/permbledhja.com\/#organization\"},\"keywords\":[\"Vjosa Osmani\"],\"articleSection\":[\"Lajme\"],\"inLanguage\":\"sq\"},{\"@type\":\"WebPage\",\"@id\":\"https:\/\/permbledhja.com\/sq\/osmani-sot-ne-bruksel-pritet-ti-informoje-lideret-evropiane-per-sigurine-pas-aktit-te-agresionit-te-serbise\/\",\"url\":\"https:\/\/permbledhja.com\/sq\/osmani-sot-ne-bruksel-pritet-ti-informoje-lideret-evropiane-per-sigurine-pas-aktit-te-agresionit-te-serbise\/\",\"name\":\"Osmani sot n\u00eb Bruksel, pritet t\u2019i informoj\u00eb lider\u00ebt evropian\u00eb p\u00ebr sigurin\u00eb pas aktit t\u00eb agresionit t\u00eb Serbis\u00eb\",\"isPartOf\":{\"@id\":\"https:\/\/permbledhja.com\/#website\"},\"datePublished\":\"2023-12-13T07:27:36+00:00\",\"dateModified\":\"2023-12-13T07:27:36+00:00\",\"breadcrumb\":{\"@id\":\"https:\/\/permbledhja.com\/sq\/osmani-sot-ne-bruksel-pritet-ti-informoje-lideret-evropiane-per-sigurine-pas-aktit-te-agresionit-te-serbise\/#breadcrumb\"},\"inLanguage\":\"sq\",\"potentialAction\":[{\"@type\":\"ReadAction\",\"target\":[\"https:\/\/permbledhja.com\/sq\/osmani-sot-ne-bruksel-pritet-ti-informoje-lideret-evropiane-per-sigurine-pas-aktit-te-agresionit-te-serbise\/\"]}]},{\"@type\":\"BreadcrumbList\",\"@id\":\"https:\/\/permbledhja.com\/sq\/osmani-sot-ne-bruksel-pritet-ti-informoje-lideret-evropiane-per-sigurine-pas-aktit-te-agresionit-te-serbise\/#breadcrumb\",\"itemListElement\":[{\"@type\":\"ListItem\",\"position\":1,\"name\":\"Ballina\",\"item\":\"https:\/\/permbledhja.com\/sq\/\"},{\"@type\":\"ListItem\",\"position\":2,\"name\":\"Osmani sot n\u00eb Bruksel, pritet t\u2019i informoj\u00eb lider\u00ebt evropian\u00eb p\u00ebr sigurin\u00eb pas aktit t\u00eb agresionit t\u00eb Serbis\u00eb\"}]},{\"@type\":\"WebSite\",\"@id\":\"https:\/\/permbledhja.com\/#website\",\"url\":\"https:\/\/permbledhja.com\/\",\"name\":\"Ve\u00e7 artikuj p\u00ebrmbledh\u00ebs\",\"description\":\"\",\"publisher\":{\"@id\":\"https:\/\/permbledhja.com\/#organization\"},\"potentialAction\":[{\"@type\":\"SearchAction\",\"target\":{\"@type\":\"EntryPoint\",\"urlTemplate\":\"https:\/\/permbledhja.com\/?s={search_term_string}\"},\"query-input\":\"required name=search_term_string\"}],\"inLanguage\":\"sq\"},{\"@type\":\"Organization\",\"@id\":\"https:\/\/permbledhja.com\/#organization\",\"name\":\"MK Media & Pr\",\"url\":\"https:\/\/permbledhja.com\/\",\"logo\":{\"@type\":\"ImageObject\",\"inLanguage\":\"sq\",\"@id\":\"https:\/\/permbledhja.com\/#\/schema\/logo\/image\/\",\"url\":\"https:\/\/permbledhja.com\/wp-content\/uploads\/2021\/12\/07-Press-Logo.jpg\",\"contentUrl\":\"https:\/\/permbledhja.com\/wp-content\/uploads\/2021\/12\/07-Press-Logo.jpg\",\"width\":512,\"height\":512,\"caption\":\"MK Media & Pr\"},\"image\":{\"@id\":\"https:\/\/permbledhja.com\/#\/schema\/logo\/image\/\"},\"sameAs\":[\"https:\/\/www.facebook.com\/press07\/\"]},{\"@type\":\"Person\",\"@id\":\"https:\/\/permbledhja.com\/#\/schema\/person\/d23f13f59b5722643933d6780783acf3\",\"name\":\"M M\",\"image\":{\"@type\":\"ImageObject\",\"inLanguage\":\"sq\",\"@id\":\"https:\/\/permbledhja.com\/#\/schema\/person\/image\/\",\"url\":\"https:\/\/secure.gravatar.com\/avatar\/e2835a76ca7c31a2416b2d51c4ec9a8f?s=96&d=mm&r=g\",\"contentUrl\":\"https:\/\/secure.gravatar.com\/avatar\/e2835a76ca7c31a2416b2d51c4ec9a8f?s=96&d=mm&r=g\",\"caption\":\"M M\"},\"sameAs\":[\"http:\/\/MM\"],\"url\":\"https:\/\/permbledhja.com\/sq\/author\/muhamet\/\"}]}<\/script>\n<!-- \/ Yoast SEO plugin. -->","yoast_head_json":{"title":"Osmani sot n\u00eb Bruksel, pritet t\u2019i informoj\u00eb lider\u00ebt evropian\u00eb p\u00ebr sigurin\u00eb pas aktit t\u00eb agresionit t\u00eb Serbis\u00eb","robots":{"index":"index","follow":"follow","max-snippet":"max-snippet:-1","max-image-preview":"max-image-preview:large","max-video-preview":"max-video-preview:-1"},"canonical":"https:\/\/permbledhja.com\/sq\/osmani-sot-ne-bruksel-pritet-ti-informoje-lideret-evropiane-per-sigurine-pas-aktit-te-agresionit-te-serbise\/","og_locale":"sq_AL","og_type":"article","og_title":"Osmani sot n\u00eb Bruksel, pritet t\u2019i informoj\u00eb lider\u00ebt evropian\u00eb p\u00ebr sigurin\u00eb pas aktit t\u00eb agresionit t\u00eb Serbis\u00eb","og_description":"Presidentja e Republik\u00ebs s\u00eb Kosov\u00ebs, Vjosa Osmani, me ftes\u00eb t\u00eb presidentit t\u00eb K\u00ebshillit t\u00eb Evrop\u00ebs, Charles Michel, sot n\u00eb Bruksel do ta p\u00ebrfaq\u00ebsoj\u00eb Republik\u00ebn e Kosov\u00ebs n\u00eb Samitin e lider\u00ebve t\u00eb Bashkimit Evropian dhe Ballkanit Per\u00ebndimor. N\u00ebp\u00ebrmjet nj\u00eb postimi n\u00eb platform\u00ebn X [ish-Twitter], Osmani ka njoftuar se mesazhi i saj kryesor, do t\u00eb jet\u00eb Kosova [&hellip;]","og_url":"https:\/\/permbledhja.com\/sq\/osmani-sot-ne-bruksel-pritet-ti-informoje-lideret-evropiane-per-sigurine-pas-aktit-te-agresionit-te-serbise\/","og_site_name":"Ve\u00e7 artikuj p\u00ebrmbledh\u00ebs","article_publisher":"https:\/\/www.facebook.com\/press07\/","article_published_time":"2023-12-13T07:27:36+00:00","og_image":[{"width":847,"height":449,"url":"https:\/\/permbledhja.com\/wp-content\/uploads\/2023\/12\/Vjosa-Osmani-8.jpg","type":"image\/jpeg"}],"author":"M M","twitter_card":"summary_large_image","twitter_misc":{"Written by":"M M","Est. reading time":"2 minuta"},"schema":{"@context":"https:\/\/schema.org","@graph":[{"@type":"Article","@id":"https:\/\/permbledhja.com\/sq\/osmani-sot-ne-bruksel-pritet-ti-informoje-lideret-evropiane-per-sigurine-pas-aktit-te-agresionit-te-serbise\/#article","isPartOf":{"@id":"https:\/\/permbledhja.com\/sq\/osmani-sot-ne-bruksel-pritet-ti-informoje-lideret-evropiane-per-sigurine-pas-aktit-te-agresionit-te-serbise\/"},"author":{"name":"M M","@id":"https:\/\/permbledhja.com\/#\/schema\/person\/d23f13f59b5722643933d6780783acf3"},"headline":"Osmani sot n\u00eb Bruksel, pritet t\u2019i informoj\u00eb lider\u00ebt evropian\u00eb p\u00ebr sigurin\u00eb pas aktit t\u00eb agresionit t\u00eb Serbis\u00eb","datePublished":"2023-12-13T07:27:36+00:00","dateModified":"2023-12-13T07:27:36+00:00","mainEntityOfPage":{"@id":"https:\/\/permbledhja.com\/sq\/osmani-sot-ne-bruksel-pritet-ti-informoje-lideret-evropiane-per-sigurine-pas-aktit-te-agresionit-te-serbise\/"},"wordCount":253,"publisher":{"@id":"https:\/\/permbledhja.com\/#organization"},"keywords":["Vjosa Osmani"],"articleSection":["Lajme"],"inLanguage":"sq"},{"@type":"WebPage","@id":"https:\/\/permbledhja.com\/sq\/osmani-sot-ne-bruksel-pritet-ti-informoje-lideret-evropiane-per-sigurine-pas-aktit-te-agresionit-te-serbise\/","url":"https:\/\/permbledhja.com\/sq\/osmani-sot-ne-bruksel-pritet-ti-informoje-lideret-evropiane-per-sigurine-pas-aktit-te-agresionit-te-serbise\/","name":"Osmani sot n\u00eb Bruksel, pritet t\u2019i informoj\u00eb lider\u00ebt evropian\u00eb p\u00ebr sigurin\u00eb pas aktit t\u00eb agresionit t\u00eb Serbis\u00eb","isPartOf":{"@id":"https:\/\/permbledhja.com\/#website"},"datePublished":"2023-12-13T07:27:36+00:00","dateModified":"2023-12-13T07:27:36+00:00","breadcrumb":{"@id":"https:\/\/permbledhja.com\/sq\/osmani-sot-ne-bruksel-pritet-ti-informoje-lideret-evropiane-per-sigurine-pas-aktit-te-agresionit-te-serbise\/#breadcrumb"},"inLanguage":"sq","potentialAction":[{"@type":"ReadAction","target":["https:\/\/permbledhja.com\/sq\/osmani-sot-ne-bruksel-pritet-ti-informoje-lideret-evropiane-per-sigurine-pas-aktit-te-agresionit-te-serbise\/"]}]},{"@type":"BreadcrumbList","@id":"https:\/\/permbledhja.com\/sq\/osmani-sot-ne-bruksel-pritet-ti-informoje-lideret-evropiane-per-sigurine-pas-aktit-te-agresionit-te-serbise\/#breadcrumb","itemListElement":[{"@type":"ListItem","position":1,"name":"Ballina","item":"https:\/\/permbledhja.com\/sq\/"},{"@type":"ListItem","position":2,"name":"Osmani sot n\u00eb Bruksel, pritet t\u2019i informoj\u00eb lider\u00ebt evropian\u00eb p\u00ebr sigurin\u00eb pas aktit t\u00eb agresionit t\u00eb Serbis\u00eb"}]},{"@type":"WebSite","@id":"https:\/\/permbledhja.com\/#website","url":"https:\/\/permbledhja.com\/","name":"Ve\u00e7 artikuj p\u00ebrmbledh\u00ebs","description":"","publisher":{"@id":"https:\/\/permbledhja.com\/#organization"},"potentialAction":[{"@type":"SearchAction","target":{"@type":"EntryPoint","urlTemplate":"https:\/\/permbledhja.com\/?s={search_term_string}"},"query-input":"required name=search_term_string"}],"inLanguage":"sq"},{"@type":"Organization","@id":"https:\/\/permbledhja.com\/#organization","name":"MK Media & Pr","url":"https:\/\/permbledhja.com\/","logo":{"@type":"ImageObject","inLanguage":"sq","@id":"https:\/\/permbledhja.com\/#\/schema\/logo\/image\/","url":"https:\/\/permbledhja.com\/wp-content\/uploads\/2021\/12\/07-Press-Logo.jpg","contentUrl":"https:\/\/permbledhja.com\/wp-content\/uploads\/2021\/12\/07-Press-Logo.jpg","width":512,"height":512,"caption":"MK Media & Pr"},"image":{"@id":"https:\/\/permbledhja.com\/#\/schema\/logo\/image\/"},"sameAs":["https:\/\/www.facebook.com\/press07\/"]},{"@type":"Person","@id":"https:\/\/permbledhja.com\/#\/schema\/person\/d23f13f59b5722643933d6780783acf3","name":"M M","image":{"@type":"ImageObject","inLanguage":"sq","@id":"https:\/\/permbledhja.com\/#\/schema\/person\/image\/","url":"https:\/\/secure.gravatar.com\/avatar\/e2835a76ca7c31a2416b2d51c4ec9a8f?s=96&d=mm&r=g","contentUrl":"https:\/\/secure.gravatar.com\/avatar\/e2835a76ca7c31a2416b2d51c4ec9a8f?s=96&d=mm&r=g","caption":"M M"},"sameAs":["http:\/\/MM"],"url":"https:\/\/permbledhja.com\/sq\/author\/muhamet\/"}]}},"_links":{"self":[{"href":"https:\/\/permbledhja.com\/sq\/wp-json\/wp\/v2\/posts\/39465"}],"collection":[{"href":"https:\/\/permbledhja.com\/sq\/wp-json\/wp\/v2\/posts"}],"about":[{"href":"https:\/\/permbledhja.com\/sq\/wp-json\/wp\/v2\/types\/post"}],"author":[{"embeddable":true,"href":"https:\/\/permbledhja.com\/sq\/wp-json\/wp\/v2\/users\/2"}],"replies":[{"embeddable":true,"href":"https:\/\/permbledhja.com\/sq\/wp-json\/wp\/v2\/comments?post=39465"}],"version-history":[{"count":1,"href":"https:\/\/permbledhja.com\/sq\/wp-json\/wp\/v2\/posts\/39465\/revisions"}],"predecessor-version":[{"id":39466,"href":"https:\/\/permbledhja.com\/sq\/wp-json\/wp\/v2\/posts\/39465\/revisions\/39466"}],"wp:featuredmedia":[{"embeddable":true,"href":"https:\/\/permbledhja.com\/sq\/wp-json\/wp\/v2\/media\/39402"}],"wp:attachment":[{"href":"https:\/\/permbledhja.com\/sq\/wp-json\/wp\/v2\/media?parent=39465"}],"wp:term":[{"taxonomy":"category","embeddable":true,"href":"https:\/\/permbledhja.com\/sq\/wp-json\/wp\/v2\/categories?post=39465"},{"taxonomy":"post_tag","embeddable":true,"href":"https:\/\/permbledhja.com\/sq\/wp-json\/wp\/v2\/tags?post=39465"}],"curies":[{"name":"wp","href":"https:\/\/api.w.org\/{rel}","templated":true}]}}