{"id":39286,"date":"2023-12-11T14:26:39","date_gmt":"2023-12-11T14:26:39","guid":{"rendered":"https:\/\/permbledhja.com\/?p=39286"},"modified":"2023-12-11T14:26:39","modified_gmt":"2023-12-11T14:26:39","slug":"bislimi-pas-20-vjetesh-mospagese-do-te-behet-faturimi-i-energjise-elektrike-ne-veri","status":"publish","type":"post","link":"https:\/\/permbledhja.com\/sq\/bislimi-pas-20-vjetesh-mospagese-do-te-behet-faturimi-i-energjise-elektrike-ne-veri\/","title":{"rendered":"Bislimi: Pas 20 vjet\u00ebsh mospages\u00eb, do t\u00eb b\u00ebhet faturimi i energjis\u00eb elektrike n\u00eb veri"},"content":{"rendered":"<h3>Z\u00ebvend\u00ebskryeministri, Besnik Bislimi ka reaguar lidhur me arritjen e marr\u00ebveshjes nd\u00ebrmjet KEDS-it dhe kompanis\u00eb Eletrosever.<\/h3>\n<p>Bislimi ka shkruar se \u00ebsht\u00eb hap tutje drejt normalizimit t\u00eb furnizimit dhe faturimit p\u00ebr kat\u00ebr komunat e veriut t\u00eb Kosov\u00ebs.<\/p>\n<p>\u201cMe n\u00ebnshkrimin e kontrat\u00ebs komerciale nd\u00ebrmjet KEDS-it dhe Elektrosever, sipas pik\u00ebs 3 t\u00eb Udh\u00ebrr\u00ebfyesit p\u00ebr Marr\u00ebveshjen e Energjis\u00eb, u b\u00eb nj\u00eb hap tutje drejt normalizimit t\u00eb furnizimit me energji dhe faturimit n\u00eb kat\u00ebr komunat n\u00eb veriun e Kosov\u00ebs\u201d, ka shkruar Bislimi.<\/p>\n<p>Bislimi tutje n\u00eb Facebook ka shkruar se kjo u b\u00eb 1 vit pas dakordimit n\u00eb Bruksel dhe pasi Kosova i p\u00ebrmbushi obligimet, nd\u00ebrsa operimi i Elektrosever n\u00eb veri do t\u00eb b\u00ebhet sipas ligjeve t\u00eb Kosov\u00ebs.<\/p>\n<p>\u201cM\u00eb shum\u00eb se 1 vit pas dakordimit mbi udh\u00ebrr\u00ebfyesin e pasiq\u00eb pala jon\u00eb i p\u00ebrmbushi menj\u00ebher\u00eb obligimet e saj q\u00eb derivojn\u00eb nga marr\u00ebveshja, Elektrosever pranoi ta n\u00ebnshkruaj\u00eb kontrat\u00ebn. Operimi edhe n\u00eb veri, do t\u00eb ndodh\u00eb brenda korniz\u00ebs ligjore e rregullative t\u00eb Republik\u00ebs s\u00eb Kosov\u00ebs, ashtu si\u00e7 n\u00eb t\u00eb gjith\u00eb territorin e vendit tone\u201d, ka shkruar Bislimi.<\/p>\n<p>Z\u00ebvend\u00ebsi i Kurtit ka th\u00ebn\u00eb se tani \u00ebsht\u00eb koha q\u00eb pas 20 vjet\u00ebsh ilegalitetit t\u00eb rrym\u00ebs n\u00eb veri t\u00eb vazhdohet tutje.<\/p>\n<p>\u201cTash duhet t\u00eb ecet tutje edhe me hapat e tjer\u00eb t\u00eb nevojsh\u00ebm p\u00ebr t\u2019i dh\u00ebn\u00eb fund pas m\u00eb shum\u00eb se 20 vitesh, ilegalitetit n\u00eb mospages\u00eb t\u00eb rrym\u00ebs.<\/p>\n<p>Kosova vazhdimisht ka luajtur nj\u00eb rol konstruktiv dhe ka zbatuar t\u00eb gjitha detyrimet e saj, andaj dhe presim e k\u00ebrkojm\u00eb t\u00eb nj\u00ebjt\u00ebn gj\u00eb nga pala tjet\u00ebr, p\u00ebr ta p\u00ebrfunduar k\u00ebt\u00eb proces\u201d, p\u00ebrfundoi Bislimi.<\/p>\n","protected":false},"excerpt":{"rendered":"<p>Z\u00ebvend\u00ebskryeministri, Besnik Bislimi ka reaguar lidhur me arritjen e marr\u00ebveshjes nd\u00ebrmjet KEDS-it dhe kompanis\u00eb Eletrosever. Bislimi ka shkruar se \u00ebsht\u00eb hap tutje drejt normalizimit t\u00eb furnizimit dhe faturimit p\u00ebr kat\u00ebr komunat e veriut t\u00eb Kosov\u00ebs. \u201cMe n\u00ebnshkrimin e kontrat\u00ebs komerciale nd\u00ebrmjet KEDS-it dhe Elektrosever, sipas pik\u00ebs 3 t\u00eb Udh\u00ebrr\u00ebfyesit p\u00ebr Marr\u00ebveshjen e Energjis\u00eb, u b\u00eb [&hellip;]<\/p>\n","protected":false},"author":2,"featured_media":39287,"comment_status":"closed","ping_status":"closed","sticky":false,"template":"","format":"standard","meta":{"_monsterinsights_skip_tracking":false,"_monsterinsights_sitenote_active":false,"_monsterinsights_sitenote_note":"","_monsterinsights_sitenote_category":0,"_uf_show_specific_survey":0,"_uf_disable_surveys":false,"footnotes":""},"categories":[15],"tags":[1004],"yoast_head":"<!-- This site is optimized with the Yoast SEO plugin v21.5 - https:\/\/yoast.com\/wordpress\/plugins\/seo\/ -->\n<title>Bislimi: Pas 20 vjet\u00ebsh mospages\u00eb, do t\u00eb b\u00ebhet faturimi i energjis\u00eb elektrike n\u00eb veri<\/title>\n<meta name=\"robots\" content=\"index, follow, max-snippet:-1, max-image-preview:large, max-video-preview:-1\" \/>\n<link rel=\"canonical\" href=\"https:\/\/permbledhja.com\/sq\/bislimi-pas-20-vjetesh-mospagese-do-te-behet-faturimi-i-energjise-elektrike-ne-veri\/\" \/>\n<meta property=\"og:locale\" content=\"sq_AL\" \/>\n<meta property=\"og:type\" content=\"article\" \/>\n<meta property=\"og:title\" content=\"Bislimi: Pas 20 vjet\u00ebsh mospages\u00eb, do t\u00eb b\u00ebhet faturimi i energjis\u00eb elektrike n\u00eb veri\" \/>\n<meta property=\"og:description\" content=\"Z\u00ebvend\u00ebskryeministri, Besnik Bislimi ka reaguar lidhur me arritjen e marr\u00ebveshjes nd\u00ebrmjet KEDS-it dhe kompanis\u00eb Eletrosever. Bislimi ka shkruar se \u00ebsht\u00eb hap tutje drejt normalizimit t\u00eb furnizimit dhe faturimit p\u00ebr kat\u00ebr komunat e veriut t\u00eb Kosov\u00ebs. \u201cMe n\u00ebnshkrimin e kontrat\u00ebs komerciale nd\u00ebrmjet KEDS-it dhe Elektrosever, sipas pik\u00ebs 3 t\u00eb Udh\u00ebrr\u00ebfyesit p\u00ebr Marr\u00ebveshjen e Energjis\u00eb, u b\u00eb [&hellip;]\" \/>\n<meta property=\"og:url\" content=\"https:\/\/permbledhja.com\/sq\/bislimi-pas-20-vjetesh-mospagese-do-te-behet-faturimi-i-energjise-elektrike-ne-veri\/\" \/>\n<meta property=\"og:site_name\" content=\"Ve\u00e7 artikuj p\u00ebrmbledh\u00ebs\" \/>\n<meta property=\"article:publisher\" content=\"https:\/\/www.facebook.com\/press07\/\" \/>\n<meta property=\"article:published_time\" content=\"2023-12-11T14:26:39+00:00\" \/>\n<meta property=\"og:image\" content=\"https:\/\/permbledhja.com\/wp-content\/uploads\/2023\/12\/bislimi.jpg\" \/>\n\t<meta property=\"og:image:width\" content=\"900\" \/>\n\t<meta property=\"og:image:height\" content=\"600\" \/>\n\t<meta property=\"og:image:type\" content=\"image\/jpeg\" \/>\n<meta name=\"author\" content=\"M M\" \/>\n<meta name=\"twitter:card\" content=\"summary_large_image\" \/>\n<meta name=\"twitter:label1\" content=\"Written by\" \/>\n\t<meta name=\"twitter:data1\" content=\"M M\" \/>\n\t<meta name=\"twitter:label2\" content=\"Est. reading time\" \/>\n\t<meta name=\"twitter:data2\" content=\"2 minuta\" \/>\n<script type=\"application\/ld+json\" class=\"yoast-schema-graph\">{\"@context\":\"https:\/\/schema.org\",\"@graph\":[{\"@type\":\"Article\",\"@id\":\"https:\/\/permbledhja.com\/sq\/bislimi-pas-20-vjetesh-mospagese-do-te-behet-faturimi-i-energjise-elektrike-ne-veri\/#article\",\"isPartOf\":{\"@id\":\"https:\/\/permbledhja.com\/sq\/bislimi-pas-20-vjetesh-mospagese-do-te-behet-faturimi-i-energjise-elektrike-ne-veri\/\"},\"author\":{\"name\":\"M M\",\"@id\":\"https:\/\/permbledhja.com\/#\/schema\/person\/d23f13f59b5722643933d6780783acf3\"},\"headline\":\"Bislimi: Pas 20 vjet\u00ebsh mospages\u00eb, do t\u00eb b\u00ebhet faturimi i energjis\u00eb elektrike n\u00eb veri\",\"datePublished\":\"2023-12-11T14:26:39+00:00\",\"dateModified\":\"2023-12-11T14:26:39+00:00\",\"mainEntityOfPage\":{\"@id\":\"https:\/\/permbledhja.com\/sq\/bislimi-pas-20-vjetesh-mospagese-do-te-behet-faturimi-i-energjise-elektrike-ne-veri\/\"},\"wordCount\":307,\"publisher\":{\"@id\":\"https:\/\/permbledhja.com\/#organization\"},\"keywords\":[\"Besnik Bislimi\"],\"articleSection\":[\"Lajme\"],\"inLanguage\":\"sq\"},{\"@type\":\"WebPage\",\"@id\":\"https:\/\/permbledhja.com\/sq\/bislimi-pas-20-vjetesh-mospagese-do-te-behet-faturimi-i-energjise-elektrike-ne-veri\/\",\"url\":\"https:\/\/permbledhja.com\/sq\/bislimi-pas-20-vjetesh-mospagese-do-te-behet-faturimi-i-energjise-elektrike-ne-veri\/\",\"name\":\"Bislimi: Pas 20 vjet\u00ebsh mospages\u00eb, do t\u00eb b\u00ebhet faturimi i energjis\u00eb elektrike n\u00eb veri\",\"isPartOf\":{\"@id\":\"https:\/\/permbledhja.com\/#website\"},\"datePublished\":\"2023-12-11T14:26:39+00:00\",\"dateModified\":\"2023-12-11T14:26:39+00:00\",\"breadcrumb\":{\"@id\":\"https:\/\/permbledhja.com\/sq\/bislimi-pas-20-vjetesh-mospagese-do-te-behet-faturimi-i-energjise-elektrike-ne-veri\/#breadcrumb\"},\"inLanguage\":\"sq\",\"potentialAction\":[{\"@type\":\"ReadAction\",\"target\":[\"https:\/\/permbledhja.com\/sq\/bislimi-pas-20-vjetesh-mospagese-do-te-behet-faturimi-i-energjise-elektrike-ne-veri\/\"]}]},{\"@type\":\"BreadcrumbList\",\"@id\":\"https:\/\/permbledhja.com\/sq\/bislimi-pas-20-vjetesh-mospagese-do-te-behet-faturimi-i-energjise-elektrike-ne-veri\/#breadcrumb\",\"itemListElement\":[{\"@type\":\"ListItem\",\"position\":1,\"name\":\"Ballina\",\"item\":\"https:\/\/permbledhja.com\/sq\/\"},{\"@type\":\"ListItem\",\"position\":2,\"name\":\"Bislimi: Pas 20 vjet\u00ebsh mospages\u00eb, do t\u00eb b\u00ebhet faturimi i energjis\u00eb elektrike n\u00eb veri\"}]},{\"@type\":\"WebSite\",\"@id\":\"https:\/\/permbledhja.com\/#website\",\"url\":\"https:\/\/permbledhja.com\/\",\"name\":\"Ve\u00e7 artikuj p\u00ebrmbledh\u00ebs\",\"description\":\"\",\"publisher\":{\"@id\":\"https:\/\/permbledhja.com\/#organization\"},\"potentialAction\":[{\"@type\":\"SearchAction\",\"target\":{\"@type\":\"EntryPoint\",\"urlTemplate\":\"https:\/\/permbledhja.com\/?s={search_term_string}\"},\"query-input\":\"required name=search_term_string\"}],\"inLanguage\":\"sq\"},{\"@type\":\"Organization\",\"@id\":\"https:\/\/permbledhja.com\/#organization\",\"name\":\"MK Media & Pr\",\"url\":\"https:\/\/permbledhja.com\/\",\"logo\":{\"@type\":\"ImageObject\",\"inLanguage\":\"sq\",\"@id\":\"https:\/\/permbledhja.com\/#\/schema\/logo\/image\/\",\"url\":\"https:\/\/permbledhja.com\/wp-content\/uploads\/2021\/12\/07-Press-Logo.jpg\",\"contentUrl\":\"https:\/\/permbledhja.com\/wp-content\/uploads\/2021\/12\/07-Press-Logo.jpg\",\"width\":512,\"height\":512,\"caption\":\"MK Media & Pr\"},\"image\":{\"@id\":\"https:\/\/permbledhja.com\/#\/schema\/logo\/image\/\"},\"sameAs\":[\"https:\/\/www.facebook.com\/press07\/\"]},{\"@type\":\"Person\",\"@id\":\"https:\/\/permbledhja.com\/#\/schema\/person\/d23f13f59b5722643933d6780783acf3\",\"name\":\"M M\",\"image\":{\"@type\":\"ImageObject\",\"inLanguage\":\"sq\",\"@id\":\"https:\/\/permbledhja.com\/#\/schema\/person\/image\/\",\"url\":\"https:\/\/secure.gravatar.com\/avatar\/e2835a76ca7c31a2416b2d51c4ec9a8f?s=96&d=mm&r=g\",\"contentUrl\":\"https:\/\/secure.gravatar.com\/avatar\/e2835a76ca7c31a2416b2d51c4ec9a8f?s=96&d=mm&r=g\",\"caption\":\"M M\"},\"sameAs\":[\"http:\/\/MM\"],\"url\":\"https:\/\/permbledhja.com\/sq\/author\/muhamet\/\"}]}<\/script>\n<!-- \/ Yoast SEO plugin. -->","yoast_head_json":{"title":"Bislimi: Pas 20 vjet\u00ebsh mospages\u00eb, do t\u00eb b\u00ebhet faturimi i energjis\u00eb elektrike n\u00eb veri","robots":{"index":"index","follow":"follow","max-snippet":"max-snippet:-1","max-image-preview":"max-image-preview:large","max-video-preview":"max-video-preview:-1"},"canonical":"https:\/\/permbledhja.com\/sq\/bislimi-pas-20-vjetesh-mospagese-do-te-behet-faturimi-i-energjise-elektrike-ne-veri\/","og_locale":"sq_AL","og_type":"article","og_title":"Bislimi: Pas 20 vjet\u00ebsh mospages\u00eb, do t\u00eb b\u00ebhet faturimi i energjis\u00eb elektrike n\u00eb veri","og_description":"Z\u00ebvend\u00ebskryeministri, Besnik Bislimi ka reaguar lidhur me arritjen e marr\u00ebveshjes nd\u00ebrmjet KEDS-it dhe kompanis\u00eb Eletrosever. Bislimi ka shkruar se \u00ebsht\u00eb hap tutje drejt normalizimit t\u00eb furnizimit dhe faturimit p\u00ebr kat\u00ebr komunat e veriut t\u00eb Kosov\u00ebs. \u201cMe n\u00ebnshkrimin e kontrat\u00ebs komerciale nd\u00ebrmjet KEDS-it dhe Elektrosever, sipas pik\u00ebs 3 t\u00eb Udh\u00ebrr\u00ebfyesit p\u00ebr Marr\u00ebveshjen e Energjis\u00eb, u b\u00eb [&hellip;]","og_url":"https:\/\/permbledhja.com\/sq\/bislimi-pas-20-vjetesh-mospagese-do-te-behet-faturimi-i-energjise-elektrike-ne-veri\/","og_site_name":"Ve\u00e7 artikuj p\u00ebrmbledh\u00ebs","article_publisher":"https:\/\/www.facebook.com\/press07\/","article_published_time":"2023-12-11T14:26:39+00:00","og_image":[{"width":900,"height":600,"url":"https:\/\/permbledhja.com\/wp-content\/uploads\/2023\/12\/bislimi.jpg","type":"image\/jpeg"}],"author":"M M","twitter_card":"summary_large_image","twitter_misc":{"Written by":"M M","Est. reading time":"2 minuta"},"schema":{"@context":"https:\/\/schema.org","@graph":[{"@type":"Article","@id":"https:\/\/permbledhja.com\/sq\/bislimi-pas-20-vjetesh-mospagese-do-te-behet-faturimi-i-energjise-elektrike-ne-veri\/#article","isPartOf":{"@id":"https:\/\/permbledhja.com\/sq\/bislimi-pas-20-vjetesh-mospagese-do-te-behet-faturimi-i-energjise-elektrike-ne-veri\/"},"author":{"name":"M M","@id":"https:\/\/permbledhja.com\/#\/schema\/person\/d23f13f59b5722643933d6780783acf3"},"headline":"Bislimi: Pas 20 vjet\u00ebsh mospages\u00eb, do t\u00eb b\u00ebhet faturimi i energjis\u00eb elektrike n\u00eb veri","datePublished":"2023-12-11T14:26:39+00:00","dateModified":"2023-12-11T14:26:39+00:00","mainEntityOfPage":{"@id":"https:\/\/permbledhja.com\/sq\/bislimi-pas-20-vjetesh-mospagese-do-te-behet-faturimi-i-energjise-elektrike-ne-veri\/"},"wordCount":307,"publisher":{"@id":"https:\/\/permbledhja.com\/#organization"},"keywords":["Besnik Bislimi"],"articleSection":["Lajme"],"inLanguage":"sq"},{"@type":"WebPage","@id":"https:\/\/permbledhja.com\/sq\/bislimi-pas-20-vjetesh-mospagese-do-te-behet-faturimi-i-energjise-elektrike-ne-veri\/","url":"https:\/\/permbledhja.com\/sq\/bislimi-pas-20-vjetesh-mospagese-do-te-behet-faturimi-i-energjise-elektrike-ne-veri\/","name":"Bislimi: Pas 20 vjet\u00ebsh mospages\u00eb, do t\u00eb b\u00ebhet faturimi i energjis\u00eb elektrike n\u00eb veri","isPartOf":{"@id":"https:\/\/permbledhja.com\/#website"},"datePublished":"2023-12-11T14:26:39+00:00","dateModified":"2023-12-11T14:26:39+00:00","breadcrumb":{"@id":"https:\/\/permbledhja.com\/sq\/bislimi-pas-20-vjetesh-mospagese-do-te-behet-faturimi-i-energjise-elektrike-ne-veri\/#breadcrumb"},"inLanguage":"sq","potentialAction":[{"@type":"ReadAction","target":["https:\/\/permbledhja.com\/sq\/bislimi-pas-20-vjetesh-mospagese-do-te-behet-faturimi-i-energjise-elektrike-ne-veri\/"]}]},{"@type":"BreadcrumbList","@id":"https:\/\/permbledhja.com\/sq\/bislimi-pas-20-vjetesh-mospagese-do-te-behet-faturimi-i-energjise-elektrike-ne-veri\/#breadcrumb","itemListElement":[{"@type":"ListItem","position":1,"name":"Ballina","item":"https:\/\/permbledhja.com\/sq\/"},{"@type":"ListItem","position":2,"name":"Bislimi: Pas 20 vjet\u00ebsh mospages\u00eb, do t\u00eb b\u00ebhet faturimi i energjis\u00eb elektrike n\u00eb veri"}]},{"@type":"WebSite","@id":"https:\/\/permbledhja.com\/#website","url":"https:\/\/permbledhja.com\/","name":"Ve\u00e7 artikuj p\u00ebrmbledh\u00ebs","description":"","publisher":{"@id":"https:\/\/permbledhja.com\/#organization"},"potentialAction":[{"@type":"SearchAction","target":{"@type":"EntryPoint","urlTemplate":"https:\/\/permbledhja.com\/?s={search_term_string}"},"query-input":"required name=search_term_string"}],"inLanguage":"sq"},{"@type":"Organization","@id":"https:\/\/permbledhja.com\/#organization","name":"MK Media & Pr","url":"https:\/\/permbledhja.com\/","logo":{"@type":"ImageObject","inLanguage":"sq","@id":"https:\/\/permbledhja.com\/#\/schema\/logo\/image\/","url":"https:\/\/permbledhja.com\/wp-content\/uploads\/2021\/12\/07-Press-Logo.jpg","contentUrl":"https:\/\/permbledhja.com\/wp-content\/uploads\/2021\/12\/07-Press-Logo.jpg","width":512,"height":512,"caption":"MK Media & Pr"},"image":{"@id":"https:\/\/permbledhja.com\/#\/schema\/logo\/image\/"},"sameAs":["https:\/\/www.facebook.com\/press07\/"]},{"@type":"Person","@id":"https:\/\/permbledhja.com\/#\/schema\/person\/d23f13f59b5722643933d6780783acf3","name":"M M","image":{"@type":"ImageObject","inLanguage":"sq","@id":"https:\/\/permbledhja.com\/#\/schema\/person\/image\/","url":"https:\/\/secure.gravatar.com\/avatar\/e2835a76ca7c31a2416b2d51c4ec9a8f?s=96&d=mm&r=g","contentUrl":"https:\/\/secure.gravatar.com\/avatar\/e2835a76ca7c31a2416b2d51c4ec9a8f?s=96&d=mm&r=g","caption":"M M"},"sameAs":["http:\/\/MM"],"url":"https:\/\/permbledhja.com\/sq\/author\/muhamet\/"}]}},"_links":{"self":[{"href":"https:\/\/permbledhja.com\/sq\/wp-json\/wp\/v2\/posts\/39286"}],"collection":[{"href":"https:\/\/permbledhja.com\/sq\/wp-json\/wp\/v2\/posts"}],"about":[{"href":"https:\/\/permbledhja.com\/sq\/wp-json\/wp\/v2\/types\/post"}],"author":[{"embeddable":true,"href":"https:\/\/permbledhja.com\/sq\/wp-json\/wp\/v2\/users\/2"}],"replies":[{"embeddable":true,"href":"https:\/\/permbledhja.com\/sq\/wp-json\/wp\/v2\/comments?post=39286"}],"version-history":[{"count":1,"href":"https:\/\/permbledhja.com\/sq\/wp-json\/wp\/v2\/posts\/39286\/revisions"}],"predecessor-version":[{"id":39288,"href":"https:\/\/permbledhja.com\/sq\/wp-json\/wp\/v2\/posts\/39286\/revisions\/39288"}],"wp:featuredmedia":[{"embeddable":true,"href":"https:\/\/permbledhja.com\/sq\/wp-json\/wp\/v2\/media\/39287"}],"wp:attachment":[{"href":"https:\/\/permbledhja.com\/sq\/wp-json\/wp\/v2\/media?parent=39286"}],"wp:term":[{"taxonomy":"category","embeddable":true,"href":"https:\/\/permbledhja.com\/sq\/wp-json\/wp\/v2\/categories?post=39286"},{"taxonomy":"post_tag","embeddable":true,"href":"https:\/\/permbledhja.com\/sq\/wp-json\/wp\/v2\/tags?post=39286"}],"curies":[{"name":"wp","href":"https:\/\/api.w.org\/{rel}","templated":true}]}}