{"id":38891,"date":"2023-12-07T08:18:23","date_gmt":"2023-12-07T08:18:23","guid":{"rendered":"https:\/\/permbledhja.com\/?p=38891"},"modified":"2023-12-07T08:18:23","modified_gmt":"2023-12-07T08:18:23","slug":"rama-i-jep-instruksione-kurtit-per-dialogun-me-serbine-ta-cojme-kauzen-tone-aty-ku-duhet","status":"publish","type":"post","link":"https:\/\/permbledhja.com\/sq\/rama-i-jep-instruksione-kurtit-per-dialogun-me-serbine-ta-cojme-kauzen-tone-aty-ku-duhet\/","title":{"rendered":"Rama i jep instruksione Kurtit p\u00ebr dialogun me Serbin\u00eb: Ta \u00e7ojm\u00eb kauz\u00ebn ton\u00eb aty ku duhet"},"content":{"rendered":"<h3>Kryeministri Edi Rama tha se Shqip\u00ebria ka mbajtur q\u00ebndrimin e duhur n\u00eb lidhje me zhvillimet n\u00eb veri t\u00eb Kosov\u00ebs.<\/h3>\n<p>Rama tha se Kosova duhet t\u00eb jet\u00eb \u201cfleksib\u00ebl\u201d ashtu si Shqip\u00ebria, p\u00ebr ta \u00e7uar kauz\u00ebn e p\u00ebrbashk\u00ebt \u201caty ku ne duam ta \u00e7ojm\u00eb\u201d, te njohja reciproke.<\/p>\n<p>\u201cNuk kam pasur asnj\u00ebher\u00eb \u2013 dhe e kam th\u00ebn\u00eb k\u00ebt\u00eb gj\u00eb \u2013 un\u00eb iluzione dhe s\u2019kam iluzione p\u00ebr asnj\u00eb, t\u00eb pakt\u00ebn nga k\u00ebto aktor\u00ebt publik q\u00eb i njoh. Nuk kam iluzione. Un\u00eb nuk kam q\u00ebndrime p\u00ebr t\u00eb modifikuar. T\u00eb kthehesha 20 her\u00eb mbrapa, 20 her\u00eb do i kisha b\u00ebr\u00eb t\u00eb nj\u00ebjtat gj\u00ebra, sikund\u00ebr, un\u00eb nuk jam i kusht\u00ebzuar nga q\u00ebndrimet e mia\u201d, tha ai t\u00eb m\u00ebrkur\u00ebn n\u00eb nj\u00eb intervist\u00eb n\u00eb A2CNN.<\/p>\n<p>Rama tha se nuk \u00ebsht\u00eb n\u00eb interesin e p\u00ebrbashk\u00ebt q\u00eb Kosova t\u00eb mbaj\u00eb q\u00ebndrim linear.<\/p>\n<p>\u201cKur ndodh di\u00e7ka si ajo q\u00eb ndodhi n\u00eb Banjsk\u00eb, un\u00eb mbajta q\u00ebndrimin e duhur. Por, ne nuk duhet t\u00eb jemi asnj\u00ebher\u00eb linear, asnj\u00ebher\u00eb linear \u2013 sepse nuk \u00ebsht\u00eb strategjike, nuk \u00ebsht\u00eb n\u00eb interesin ton\u00eb \u2013 por duhet t\u00eb jemi shum\u00eb fleksib\u00ebl n\u00eb p\u00ebrpjekjen p\u00ebr ta \u00e7uar kauz\u00ebn aty ku ne duam ta \u00e7ojm\u00eb, dhe q\u00eb kauz\u00ebn ta \u00e7ojm\u00eb aty ku duhet ta \u00e7ojm\u00eb, mund ta \u00e7ojm\u00eb vet\u00ebm duke arritur t\u00eb mundim Serbin\u00eb n\u00eb tryez\u00eb, ta imponojm\u00eb n\u00eb tryez\u00eb njohjen reciproke t\u00eb Kosov\u00ebs\u201d, shtoi ai.<\/p>\n<p><strong>LEXO EDHE:<\/strong><\/p>\n<blockquote class=\"wp-embedded-content\" data-secret=\"ikwI7zzshU\"><p><a href=\"https:\/\/permbledhja.com\/sq\/rama-nese-kosova-do-ta-pranonte-propozimin-tim-per-asociacionin-do-kishte-rezultat-me-te-mire\/\">Rama: N\u00ebse Kosova do ta pranonte propozimin tim p\u00ebr Asociacionin, do kishte rezultat m\u00eb t\u00eb mir\u00eb<\/a><\/p><\/blockquote>\n<p><iframe class=\"wp-embedded-content\" sandbox=\"allow-scripts\" security=\"restricted\" style=\"position: absolute; clip: rect(1px, 1px, 1px, 1px);\" title=\"\u201cRama: N\u00ebse Kosova do ta pranonte propozimin tim p\u00ebr Asociacionin, do kishte rezultat m\u00eb t\u00eb mir\u00eb\u201d &#8212; Ve\u00e7 artikuj p\u00ebrmbledh\u00ebs\" src=\"https:\/\/permbledhja.com\/sq\/rama-nese-kosova-do-ta-pranonte-propozimin-tim-per-asociacionin-do-kishte-rezultat-me-te-mire\/embed\/#?secret=cyEgEfJJqd#?secret=ikwI7zzshU\" data-secret=\"ikwI7zzshU\" width=\"600\" height=\"338\" frameborder=\"0\" marginwidth=\"0\" marginheight=\"0\" scrolling=\"no\"><\/iframe><\/p>\n","protected":false},"excerpt":{"rendered":"<p>Kryeministri Edi Rama tha se Shqip\u00ebria ka mbajtur q\u00ebndrimin e duhur n\u00eb lidhje me zhvillimet n\u00eb veri t\u00eb Kosov\u00ebs. Rama tha se Kosova duhet t\u00eb jet\u00eb \u201cfleksib\u00ebl\u201d ashtu si Shqip\u00ebria, p\u00ebr ta \u00e7uar kauz\u00ebn e p\u00ebrbashk\u00ebt \u201caty ku ne duam ta \u00e7ojm\u00eb\u201d, te njohja reciproke. \u201cNuk kam pasur asnj\u00ebher\u00eb \u2013 dhe e kam th\u00ebn\u00eb k\u00ebt\u00eb [&hellip;]<\/p>\n","protected":false},"author":2,"featured_media":38892,"comment_status":"closed","ping_status":"closed","sticky":false,"template":"","format":"standard","meta":{"_monsterinsights_skip_tracking":false,"_monsterinsights_sitenote_active":false,"_monsterinsights_sitenote_note":"","_monsterinsights_sitenote_category":0,"_uf_show_specific_survey":0,"_uf_disable_surveys":false,"footnotes":""},"categories":[2645],"tags":[474],"yoast_head":"<!-- This site is optimized with the Yoast SEO plugin v21.5 - https:\/\/yoast.com\/wordpress\/plugins\/seo\/ -->\n<title>Rama i jep instruksione Kurtit p\u00ebr dialogun me Serbin\u00eb: Ta \u00e7ojm\u00eb kauz\u00ebn ton\u00eb aty ku duhet<\/title>\n<meta name=\"robots\" content=\"index, follow, max-snippet:-1, max-image-preview:large, max-video-preview:-1\" \/>\n<link rel=\"canonical\" href=\"https:\/\/permbledhja.com\/sq\/rama-i-jep-instruksione-kurtit-per-dialogun-me-serbine-ta-cojme-kauzen-tone-aty-ku-duhet\/\" \/>\n<meta property=\"og:locale\" content=\"sq_AL\" \/>\n<meta property=\"og:type\" content=\"article\" \/>\n<meta property=\"og:title\" content=\"Rama i jep instruksione Kurtit p\u00ebr dialogun me Serbin\u00eb: Ta \u00e7ojm\u00eb kauz\u00ebn ton\u00eb aty ku duhet\" \/>\n<meta property=\"og:description\" content=\"Kryeministri Edi Rama tha se Shqip\u00ebria ka mbajtur q\u00ebndrimin e duhur n\u00eb lidhje me zhvillimet n\u00eb veri t\u00eb Kosov\u00ebs. Rama tha se Kosova duhet t\u00eb jet\u00eb \u201cfleksib\u00ebl\u201d ashtu si Shqip\u00ebria, p\u00ebr ta \u00e7uar kauz\u00ebn e p\u00ebrbashk\u00ebt \u201caty ku ne duam ta \u00e7ojm\u00eb\u201d, te njohja reciproke. \u201cNuk kam pasur asnj\u00ebher\u00eb \u2013 dhe e kam th\u00ebn\u00eb k\u00ebt\u00eb [&hellip;]\" \/>\n<meta property=\"og:url\" content=\"https:\/\/permbledhja.com\/sq\/rama-i-jep-instruksione-kurtit-per-dialogun-me-serbine-ta-cojme-kauzen-tone-aty-ku-duhet\/\" \/>\n<meta property=\"og:site_name\" content=\"Ve\u00e7 artikuj p\u00ebrmbledh\u00ebs\" \/>\n<meta property=\"article:publisher\" content=\"https:\/\/www.facebook.com\/press07\/\" \/>\n<meta property=\"article:published_time\" content=\"2023-12-07T08:18:23+00:00\" \/>\n<meta property=\"og:image\" content=\"https:\/\/permbledhja.com\/wp-content\/uploads\/2023\/12\/187717308_1133798843786665_5938170621994987021_n-600x360-1.jpg\" \/>\n\t<meta property=\"og:image:width\" content=\"600\" \/>\n\t<meta property=\"og:image:height\" content=\"360\" \/>\n\t<meta property=\"og:image:type\" content=\"image\/jpeg\" \/>\n<meta name=\"author\" content=\"M M\" \/>\n<meta name=\"twitter:card\" content=\"summary_large_image\" \/>\n<meta name=\"twitter:label1\" content=\"Written by\" \/>\n\t<meta name=\"twitter:data1\" content=\"M M\" \/>\n\t<meta name=\"twitter:label2\" content=\"Est. reading time\" \/>\n\t<meta name=\"twitter:data2\" content=\"2 minuta\" \/>\n<script type=\"application\/ld+json\" class=\"yoast-schema-graph\">{\"@context\":\"https:\/\/schema.org\",\"@graph\":[{\"@type\":\"Article\",\"@id\":\"https:\/\/permbledhja.com\/rama-i-jep-instruksione-kurtit-per-dialogun-me-serbine-ta-cojme-kauzen-tone-aty-ku-duhet\/#article\",\"isPartOf\":{\"@id\":\"https:\/\/permbledhja.com\/rama-i-jep-instruksione-kurtit-per-dialogun-me-serbine-ta-cojme-kauzen-tone-aty-ku-duhet\/\"},\"author\":{\"name\":\"M M\",\"@id\":\"https:\/\/permbledhja.com\/#\/schema\/person\/d23f13f59b5722643933d6780783acf3\"},\"headline\":\"Rama i jep instruksione Kurtit p\u00ebr dialogun me Serbin\u00eb: Ta \u00e7ojm\u00eb kauz\u00ebn ton\u00eb aty ku duhet\",\"datePublished\":\"2023-12-07T08:18:23+00:00\",\"dateModified\":\"2023-12-07T08:18:23+00:00\",\"mainEntityOfPage\":{\"@id\":\"https:\/\/permbledhja.com\/rama-i-jep-instruksione-kurtit-per-dialogun-me-serbine-ta-cojme-kauzen-tone-aty-ku-duhet\/\"},\"wordCount\":276,\"publisher\":{\"@id\":\"https:\/\/permbledhja.com\/#organization\"},\"keywords\":[\"Edi Rama\"],\"articleSection\":[\"T\u00eb r\u00ebnd\u00ebsishme\"],\"inLanguage\":\"sq\"},{\"@type\":\"WebPage\",\"@id\":\"https:\/\/permbledhja.com\/rama-i-jep-instruksione-kurtit-per-dialogun-me-serbine-ta-cojme-kauzen-tone-aty-ku-duhet\/\",\"url\":\"https:\/\/permbledhja.com\/rama-i-jep-instruksione-kurtit-per-dialogun-me-serbine-ta-cojme-kauzen-tone-aty-ku-duhet\/\",\"name\":\"Rama i jep instruksione Kurtit p\u00ebr dialogun me Serbin\u00eb: Ta \u00e7ojm\u00eb kauz\u00ebn ton\u00eb aty ku duhet\",\"isPartOf\":{\"@id\":\"https:\/\/permbledhja.com\/#website\"},\"datePublished\":\"2023-12-07T08:18:23+00:00\",\"dateModified\":\"2023-12-07T08:18:23+00:00\",\"breadcrumb\":{\"@id\":\"https:\/\/permbledhja.com\/rama-i-jep-instruksione-kurtit-per-dialogun-me-serbine-ta-cojme-kauzen-tone-aty-ku-duhet\/#breadcrumb\"},\"inLanguage\":\"sq\",\"potentialAction\":[{\"@type\":\"ReadAction\",\"target\":[\"https:\/\/permbledhja.com\/rama-i-jep-instruksione-kurtit-per-dialogun-me-serbine-ta-cojme-kauzen-tone-aty-ku-duhet\/\"]}]},{\"@type\":\"BreadcrumbList\",\"@id\":\"https:\/\/permbledhja.com\/rama-i-jep-instruksione-kurtit-per-dialogun-me-serbine-ta-cojme-kauzen-tone-aty-ku-duhet\/#breadcrumb\",\"itemListElement\":[{\"@type\":\"ListItem\",\"position\":1,\"name\":\"Ballina\",\"item\":\"https:\/\/permbledhja.com\/sq\/\"},{\"@type\":\"ListItem\",\"position\":2,\"name\":\"Rama i jep instruksione Kurtit p\u00ebr dialogun me Serbin\u00eb: Ta \u00e7ojm\u00eb kauz\u00ebn ton\u00eb aty ku duhet\"}]},{\"@type\":\"WebSite\",\"@id\":\"https:\/\/permbledhja.com\/#website\",\"url\":\"https:\/\/permbledhja.com\/\",\"name\":\"Ve\u00e7 artikuj p\u00ebrmbledh\u00ebs\",\"description\":\"\",\"publisher\":{\"@id\":\"https:\/\/permbledhja.com\/#organization\"},\"potentialAction\":[{\"@type\":\"SearchAction\",\"target\":{\"@type\":\"EntryPoint\",\"urlTemplate\":\"https:\/\/permbledhja.com\/?s={search_term_string}\"},\"query-input\":\"required name=search_term_string\"}],\"inLanguage\":\"sq\"},{\"@type\":\"Organization\",\"@id\":\"https:\/\/permbledhja.com\/#organization\",\"name\":\"MK Media & Pr\",\"url\":\"https:\/\/permbledhja.com\/\",\"logo\":{\"@type\":\"ImageObject\",\"inLanguage\":\"sq\",\"@id\":\"https:\/\/permbledhja.com\/#\/schema\/logo\/image\/\",\"url\":\"https:\/\/permbledhja.com\/wp-content\/uploads\/2021\/12\/07-Press-Logo.jpg\",\"contentUrl\":\"https:\/\/permbledhja.com\/wp-content\/uploads\/2021\/12\/07-Press-Logo.jpg\",\"width\":512,\"height\":512,\"caption\":\"MK Media & Pr\"},\"image\":{\"@id\":\"https:\/\/permbledhja.com\/#\/schema\/logo\/image\/\"},\"sameAs\":[\"https:\/\/www.facebook.com\/press07\/\"]},{\"@type\":\"Person\",\"@id\":\"https:\/\/permbledhja.com\/#\/schema\/person\/d23f13f59b5722643933d6780783acf3\",\"name\":\"M M\",\"image\":{\"@type\":\"ImageObject\",\"inLanguage\":\"sq\",\"@id\":\"https:\/\/permbledhja.com\/#\/schema\/person\/image\/\",\"url\":\"https:\/\/secure.gravatar.com\/avatar\/e2835a76ca7c31a2416b2d51c4ec9a8f?s=96&d=mm&r=g\",\"contentUrl\":\"https:\/\/secure.gravatar.com\/avatar\/e2835a76ca7c31a2416b2d51c4ec9a8f?s=96&d=mm&r=g\",\"caption\":\"M M\"},\"sameAs\":[\"http:\/\/MM\"],\"url\":\"https:\/\/permbledhja.com\/sq\/author\/muhamet\/\"}]}<\/script>\n<!-- \/ Yoast SEO plugin. -->","yoast_head_json":{"title":"Rama i jep instruksione Kurtit p\u00ebr dialogun me Serbin\u00eb: Ta \u00e7ojm\u00eb kauz\u00ebn ton\u00eb aty ku duhet","robots":{"index":"index","follow":"follow","max-snippet":"max-snippet:-1","max-image-preview":"max-image-preview:large","max-video-preview":"max-video-preview:-1"},"canonical":"https:\/\/permbledhja.com\/sq\/rama-i-jep-instruksione-kurtit-per-dialogun-me-serbine-ta-cojme-kauzen-tone-aty-ku-duhet\/","og_locale":"sq_AL","og_type":"article","og_title":"Rama i jep instruksione Kurtit p\u00ebr dialogun me Serbin\u00eb: Ta \u00e7ojm\u00eb kauz\u00ebn ton\u00eb aty ku duhet","og_description":"Kryeministri Edi Rama tha se Shqip\u00ebria ka mbajtur q\u00ebndrimin e duhur n\u00eb lidhje me zhvillimet n\u00eb veri t\u00eb Kosov\u00ebs. Rama tha se Kosova duhet t\u00eb jet\u00eb \u201cfleksib\u00ebl\u201d ashtu si Shqip\u00ebria, p\u00ebr ta \u00e7uar kauz\u00ebn e p\u00ebrbashk\u00ebt \u201caty ku ne duam ta \u00e7ojm\u00eb\u201d, te njohja reciproke. \u201cNuk kam pasur asnj\u00ebher\u00eb \u2013 dhe e kam th\u00ebn\u00eb k\u00ebt\u00eb [&hellip;]","og_url":"https:\/\/permbledhja.com\/sq\/rama-i-jep-instruksione-kurtit-per-dialogun-me-serbine-ta-cojme-kauzen-tone-aty-ku-duhet\/","og_site_name":"Ve\u00e7 artikuj p\u00ebrmbledh\u00ebs","article_publisher":"https:\/\/www.facebook.com\/press07\/","article_published_time":"2023-12-07T08:18:23+00:00","og_image":[{"width":600,"height":360,"url":"https:\/\/permbledhja.com\/wp-content\/uploads\/2023\/12\/187717308_1133798843786665_5938170621994987021_n-600x360-1.jpg","type":"image\/jpeg"}],"author":"M M","twitter_card":"summary_large_image","twitter_misc":{"Written by":"M M","Est. reading time":"2 minuta"},"schema":{"@context":"https:\/\/schema.org","@graph":[{"@type":"Article","@id":"https:\/\/permbledhja.com\/rama-i-jep-instruksione-kurtit-per-dialogun-me-serbine-ta-cojme-kauzen-tone-aty-ku-duhet\/#article","isPartOf":{"@id":"https:\/\/permbledhja.com\/rama-i-jep-instruksione-kurtit-per-dialogun-me-serbine-ta-cojme-kauzen-tone-aty-ku-duhet\/"},"author":{"name":"M M","@id":"https:\/\/permbledhja.com\/#\/schema\/person\/d23f13f59b5722643933d6780783acf3"},"headline":"Rama i jep instruksione Kurtit p\u00ebr dialogun me Serbin\u00eb: Ta \u00e7ojm\u00eb kauz\u00ebn ton\u00eb aty ku duhet","datePublished":"2023-12-07T08:18:23+00:00","dateModified":"2023-12-07T08:18:23+00:00","mainEntityOfPage":{"@id":"https:\/\/permbledhja.com\/rama-i-jep-instruksione-kurtit-per-dialogun-me-serbine-ta-cojme-kauzen-tone-aty-ku-duhet\/"},"wordCount":276,"publisher":{"@id":"https:\/\/permbledhja.com\/#organization"},"keywords":["Edi Rama"],"articleSection":["T\u00eb r\u00ebnd\u00ebsishme"],"inLanguage":"sq"},{"@type":"WebPage","@id":"https:\/\/permbledhja.com\/rama-i-jep-instruksione-kurtit-per-dialogun-me-serbine-ta-cojme-kauzen-tone-aty-ku-duhet\/","url":"https:\/\/permbledhja.com\/rama-i-jep-instruksione-kurtit-per-dialogun-me-serbine-ta-cojme-kauzen-tone-aty-ku-duhet\/","name":"Rama i jep instruksione Kurtit p\u00ebr dialogun me Serbin\u00eb: Ta \u00e7ojm\u00eb kauz\u00ebn ton\u00eb aty ku duhet","isPartOf":{"@id":"https:\/\/permbledhja.com\/#website"},"datePublished":"2023-12-07T08:18:23+00:00","dateModified":"2023-12-07T08:18:23+00:00","breadcrumb":{"@id":"https:\/\/permbledhja.com\/rama-i-jep-instruksione-kurtit-per-dialogun-me-serbine-ta-cojme-kauzen-tone-aty-ku-duhet\/#breadcrumb"},"inLanguage":"sq","potentialAction":[{"@type":"ReadAction","target":["https:\/\/permbledhja.com\/rama-i-jep-instruksione-kurtit-per-dialogun-me-serbine-ta-cojme-kauzen-tone-aty-ku-duhet\/"]}]},{"@type":"BreadcrumbList","@id":"https:\/\/permbledhja.com\/rama-i-jep-instruksione-kurtit-per-dialogun-me-serbine-ta-cojme-kauzen-tone-aty-ku-duhet\/#breadcrumb","itemListElement":[{"@type":"ListItem","position":1,"name":"Ballina","item":"https:\/\/permbledhja.com\/sq\/"},{"@type":"ListItem","position":2,"name":"Rama i jep instruksione Kurtit p\u00ebr dialogun me Serbin\u00eb: Ta \u00e7ojm\u00eb kauz\u00ebn ton\u00eb aty ku duhet"}]},{"@type":"WebSite","@id":"https:\/\/permbledhja.com\/#website","url":"https:\/\/permbledhja.com\/","name":"Ve\u00e7 artikuj p\u00ebrmbledh\u00ebs","description":"","publisher":{"@id":"https:\/\/permbledhja.com\/#organization"},"potentialAction":[{"@type":"SearchAction","target":{"@type":"EntryPoint","urlTemplate":"https:\/\/permbledhja.com\/?s={search_term_string}"},"query-input":"required name=search_term_string"}],"inLanguage":"sq"},{"@type":"Organization","@id":"https:\/\/permbledhja.com\/#organization","name":"MK Media & Pr","url":"https:\/\/permbledhja.com\/","logo":{"@type":"ImageObject","inLanguage":"sq","@id":"https:\/\/permbledhja.com\/#\/schema\/logo\/image\/","url":"https:\/\/permbledhja.com\/wp-content\/uploads\/2021\/12\/07-Press-Logo.jpg","contentUrl":"https:\/\/permbledhja.com\/wp-content\/uploads\/2021\/12\/07-Press-Logo.jpg","width":512,"height":512,"caption":"MK Media & Pr"},"image":{"@id":"https:\/\/permbledhja.com\/#\/schema\/logo\/image\/"},"sameAs":["https:\/\/www.facebook.com\/press07\/"]},{"@type":"Person","@id":"https:\/\/permbledhja.com\/#\/schema\/person\/d23f13f59b5722643933d6780783acf3","name":"M M","image":{"@type":"ImageObject","inLanguage":"sq","@id":"https:\/\/permbledhja.com\/#\/schema\/person\/image\/","url":"https:\/\/secure.gravatar.com\/avatar\/e2835a76ca7c31a2416b2d51c4ec9a8f?s=96&d=mm&r=g","contentUrl":"https:\/\/secure.gravatar.com\/avatar\/e2835a76ca7c31a2416b2d51c4ec9a8f?s=96&d=mm&r=g","caption":"M M"},"sameAs":["http:\/\/MM"],"url":"https:\/\/permbledhja.com\/sq\/author\/muhamet\/"}]}},"_links":{"self":[{"href":"https:\/\/permbledhja.com\/sq\/wp-json\/wp\/v2\/posts\/38891"}],"collection":[{"href":"https:\/\/permbledhja.com\/sq\/wp-json\/wp\/v2\/posts"}],"about":[{"href":"https:\/\/permbledhja.com\/sq\/wp-json\/wp\/v2\/types\/post"}],"author":[{"embeddable":true,"href":"https:\/\/permbledhja.com\/sq\/wp-json\/wp\/v2\/users\/2"}],"replies":[{"embeddable":true,"href":"https:\/\/permbledhja.com\/sq\/wp-json\/wp\/v2\/comments?post=38891"}],"version-history":[{"count":1,"href":"https:\/\/permbledhja.com\/sq\/wp-json\/wp\/v2\/posts\/38891\/revisions"}],"predecessor-version":[{"id":38893,"href":"https:\/\/permbledhja.com\/sq\/wp-json\/wp\/v2\/posts\/38891\/revisions\/38893"}],"wp:featuredmedia":[{"embeddable":true,"href":"https:\/\/permbledhja.com\/sq\/wp-json\/wp\/v2\/media\/38892"}],"wp:attachment":[{"href":"https:\/\/permbledhja.com\/sq\/wp-json\/wp\/v2\/media?parent=38891"}],"wp:term":[{"taxonomy":"category","embeddable":true,"href":"https:\/\/permbledhja.com\/sq\/wp-json\/wp\/v2\/categories?post=38891"},{"taxonomy":"post_tag","embeddable":true,"href":"https:\/\/permbledhja.com\/sq\/wp-json\/wp\/v2\/tags?post=38891"}],"curies":[{"name":"wp","href":"https:\/\/api.w.org\/{rel}","templated":true}]}}