{"id":38887,"date":"2023-12-07T08:02:36","date_gmt":"2023-12-07T08:02:36","guid":{"rendered":"https:\/\/permbledhja.com\/?p=38887"},"modified":"2023-12-07T08:02:36","modified_gmt":"2023-12-07T08:02:36","slug":"kurre-mos-u-kthefshin-peci-mallkon-opoziten","status":"publish","type":"post","link":"https:\/\/permbledhja.com\/sq\/kurre-mos-u-kthefshin-peci-mallkon-opoziten\/","title":{"rendered":"\u201cKurr\u00eb mos u kthefshin\u201d, Peci \u201cmallkon\u201d opozit\u00ebn"},"content":{"rendered":"<h3>Ministri i Bujq\u00ebsis\u00eb Faton Peci ka pasur p\u00ebrplasje me analistin Imer Mushkolaj n\u00eb lidhje me pun\u00ebsimet n\u00eb dikasterin q\u00eb ai drejton dhe qeverisjen e kaluar.<\/h3>\n<p>Peci ka th\u00ebn\u00eb se qeveria paraprake u kishte mbetur borxh fermer\u00ebve, derisa sipas tij mjetet q\u00eb u kishin kompensuar vitin e ardhsh\u00ebm, i kan\u00eb konsideruar sukses e rritje t\u00eb subvencioneve p\u00ebr bujq\u00ebsi.<\/p>\n<p>\u201cMjetet bujqve do t\u2019iu dalin brenda k\u00ebtij viti. Nuk do t\u00eb b\u00ebjm\u00eb si qeveria paraprake q\u00eb u ka pagua vet\u00ebm gjysm\u00ebn e mjeteve\u201d, ka th\u00ebn\u00eb Peci n\u00eb studion e \u201cDebat Plus\u201d .<\/p>\n<p>E, Mushkolaj k\u00ebtu e ka nd\u00ebrprer\u00eb ministrin.<\/p>\n<p>\u201cMos b\u00ebni krahasime o Faton. Ju keni program tjet\u00ebr. Ne i kemi larguar nga pushteti ata. Ju tash folni p\u00ebr vete\u201d, ka th\u00ebn\u00eb Mushkolaj.<\/p>\n<p>\u201cPo mir\u00eb ua kemi b\u00ebr\u00eb shum\u00eb q\u00eb i kemi largu. Kurr\u00eb m\u00eb mos u kthefshin\u201d, ka deklaruar Peci.<\/p>\n<p>M\u00eb tej Mushkolaj ka th\u00ebn\u00eb se kjo qeveri, bujq\u00ebsis\u00eb nuk i ka kushtuar m\u00eb shum\u00eb se nj\u00eb faqe n\u00eb program.<ins><\/ins><\/p>\n<p>\u201c E r\u00ebnd\u00ebsishme \u00ebsht\u00eb q\u00eb \u00e7\u00ebshtje u trajtua\u201d, i \u00ebsht\u00eb kund\u00ebrp\u00ebrgjigjur Peci.<\/p>\n<p>Edhe emri e Venera Qerkinit ka sjell\u00eb p\u00ebrplasje mes Pecil e Mushkolajt, pasi e nj\u00ebjta ka lidhje familjare me presidenten Osmani.<\/p>\n<p>\u201cVenera Qerkini ka ardhur si huazim nga Ministria e Pushtetit Lokal n\u00eb nj\u00eb pozit\u00eb ekuivalente. Ka qen\u00eb huazim p\u00ebr gjasht\u00eb muaj dhe m\u00eb pas e kemi shpallur konkursin dhe un\u00eb e kam inkurajuar p\u00ebr t\u00eb aplikuar. Jam shum\u00eb krenar p\u00ebr k\u00ebt\u00eb gj\u00eb pasi \u00ebsht\u00eb juriste shum\u00eb e zoja\u201d, ka theksuarPeci.<\/p>\n<p>\u201cVenera \u00c7erkini, \u00ebsht\u00eb vajza e tezes s\u00eb Presidentes Vjosa Osmani, apo?\u201d, i \u00ebsht\u00eb kund\u00ebrp\u00ebrgjigjur Mushkolaj.<\/p>\n<p>\u201cPresidentja i ka me dhjet\u00ebra vajza t\u00eb tezeve. Venera kur e ka filluar karrier\u00ebn nuk e ka filluar si familjare e Presidentes Osmani.\u00a0 E pakuptimt\u00eb pse e sulmoni prej nj\u00eb viti personin n\u00eb fjal\u00eb\u201d, i \u00ebsht\u00eb p\u00ebrgjigjur Peci.<\/p>\n","protected":false},"excerpt":{"rendered":"<p>Ministri i Bujq\u00ebsis\u00eb Faton Peci ka pasur p\u00ebrplasje me analistin Imer Mushkolaj n\u00eb lidhje me pun\u00ebsimet n\u00eb dikasterin q\u00eb ai drejton dhe qeverisjen e kaluar. Peci ka th\u00ebn\u00eb se qeveria paraprake u kishte mbetur borxh fermer\u00ebve, derisa sipas tij mjetet q\u00eb u kishin kompensuar vitin e ardhsh\u00ebm, i kan\u00eb konsideruar sukses e rritje t\u00eb subvencioneve [&hellip;]<\/p>\n","protected":false},"author":2,"featured_media":38888,"comment_status":"closed","ping_status":"closed","sticky":false,"template":"","format":"standard","meta":{"_monsterinsights_skip_tracking":false,"_monsterinsights_sitenote_active":false,"_monsterinsights_sitenote_note":"","_monsterinsights_sitenote_category":0,"_uf_show_specific_survey":0,"_uf_disable_surveys":false,"footnotes":""},"categories":[15],"tags":[369],"yoast_head":"<!-- This site is optimized with the Yoast SEO plugin v21.5 - https:\/\/yoast.com\/wordpress\/plugins\/seo\/ -->\n<title>\u201cKurr\u00eb mos u kthefshin\u201d, Peci \u201cmallkon\u201d opozit\u00ebn<\/title>\n<meta name=\"robots\" content=\"index, follow, max-snippet:-1, max-image-preview:large, max-video-preview:-1\" \/>\n<link rel=\"canonical\" href=\"https:\/\/permbledhja.com\/sq\/kurre-mos-u-kthefshin-peci-mallkon-opoziten\/\" \/>\n<meta property=\"og:locale\" content=\"sq_AL\" \/>\n<meta property=\"og:type\" content=\"article\" \/>\n<meta property=\"og:title\" content=\"\u201cKurr\u00eb mos u kthefshin\u201d, Peci \u201cmallkon\u201d opozit\u00ebn\" \/>\n<meta property=\"og:description\" content=\"Ministri i Bujq\u00ebsis\u00eb Faton Peci ka pasur p\u00ebrplasje me analistin Imer Mushkolaj n\u00eb lidhje me pun\u00ebsimet n\u00eb dikasterin q\u00eb ai drejton dhe qeverisjen e kaluar. Peci ka th\u00ebn\u00eb se qeveria paraprake u kishte mbetur borxh fermer\u00ebve, derisa sipas tij mjetet q\u00eb u kishin kompensuar vitin e ardhsh\u00ebm, i kan\u00eb konsideruar sukses e rritje t\u00eb subvencioneve [&hellip;]\" \/>\n<meta property=\"og:url\" content=\"https:\/\/permbledhja.com\/sq\/kurre-mos-u-kthefshin-peci-mallkon-opoziten\/\" \/>\n<meta property=\"og:site_name\" content=\"Ve\u00e7 artikuj p\u00ebrmbledh\u00ebs\" \/>\n<meta property=\"article:publisher\" content=\"https:\/\/www.facebook.com\/press07\/\" \/>\n<meta property=\"article:published_time\" content=\"2023-12-07T08:02:36+00:00\" \/>\n<meta property=\"og:image\" content=\"https:\/\/permbledhja.com\/wp-content\/uploads\/2023\/12\/faton_peci1662292203.webp\" \/>\n\t<meta property=\"og:image:width\" content=\"750\" \/>\n\t<meta property=\"og:image:height\" content=\"499\" \/>\n\t<meta property=\"og:image:type\" content=\"image\/webp\" \/>\n<meta name=\"author\" content=\"M M\" \/>\n<meta name=\"twitter:card\" content=\"summary_large_image\" \/>\n<meta name=\"twitter:label1\" content=\"Written by\" \/>\n\t<meta name=\"twitter:data1\" content=\"M M\" \/>\n\t<meta name=\"twitter:label2\" content=\"Est. reading time\" \/>\n\t<meta name=\"twitter:data2\" content=\"2 minuta\" \/>\n<script type=\"application\/ld+json\" class=\"yoast-schema-graph\">{\"@context\":\"https:\/\/schema.org\",\"@graph\":[{\"@type\":\"Article\",\"@id\":\"https:\/\/permbledhja.com\/kurre-mos-u-kthefshin-peci-mallkon-opoziten\/#article\",\"isPartOf\":{\"@id\":\"https:\/\/permbledhja.com\/kurre-mos-u-kthefshin-peci-mallkon-opoziten\/\"},\"author\":{\"name\":\"M M\",\"@id\":\"https:\/\/permbledhja.com\/#\/schema\/person\/d23f13f59b5722643933d6780783acf3\"},\"headline\":\"\u201cKurr\u00eb mos u kthefshin\u201d, Peci \u201cmallkon\u201d opozit\u00ebn\",\"datePublished\":\"2023-12-07T08:02:36+00:00\",\"dateModified\":\"2023-12-07T08:02:36+00:00\",\"mainEntityOfPage\":{\"@id\":\"https:\/\/permbledhja.com\/kurre-mos-u-kthefshin-peci-mallkon-opoziten\/\"},\"wordCount\":338,\"publisher\":{\"@id\":\"https:\/\/permbledhja.com\/#organization\"},\"keywords\":[\"Faton Peci\"],\"articleSection\":[\"Lajme\"],\"inLanguage\":\"sq\"},{\"@type\":\"WebPage\",\"@id\":\"https:\/\/permbledhja.com\/kurre-mos-u-kthefshin-peci-mallkon-opoziten\/\",\"url\":\"https:\/\/permbledhja.com\/kurre-mos-u-kthefshin-peci-mallkon-opoziten\/\",\"name\":\"\u201cKurr\u00eb mos u kthefshin\u201d, Peci \u201cmallkon\u201d opozit\u00ebn\",\"isPartOf\":{\"@id\":\"https:\/\/permbledhja.com\/#website\"},\"datePublished\":\"2023-12-07T08:02:36+00:00\",\"dateModified\":\"2023-12-07T08:02:36+00:00\",\"breadcrumb\":{\"@id\":\"https:\/\/permbledhja.com\/kurre-mos-u-kthefshin-peci-mallkon-opoziten\/#breadcrumb\"},\"inLanguage\":\"sq\",\"potentialAction\":[{\"@type\":\"ReadAction\",\"target\":[\"https:\/\/permbledhja.com\/kurre-mos-u-kthefshin-peci-mallkon-opoziten\/\"]}]},{\"@type\":\"BreadcrumbList\",\"@id\":\"https:\/\/permbledhja.com\/kurre-mos-u-kthefshin-peci-mallkon-opoziten\/#breadcrumb\",\"itemListElement\":[{\"@type\":\"ListItem\",\"position\":1,\"name\":\"Ballina\",\"item\":\"https:\/\/permbledhja.com\/sq\/\"},{\"@type\":\"ListItem\",\"position\":2,\"name\":\"\u201cKurr\u00eb mos u kthefshin\u201d, Peci \u201cmallkon\u201d opozit\u00ebn\"}]},{\"@type\":\"WebSite\",\"@id\":\"https:\/\/permbledhja.com\/#website\",\"url\":\"https:\/\/permbledhja.com\/\",\"name\":\"Ve\u00e7 artikuj p\u00ebrmbledh\u00ebs\",\"description\":\"\",\"publisher\":{\"@id\":\"https:\/\/permbledhja.com\/#organization\"},\"potentialAction\":[{\"@type\":\"SearchAction\",\"target\":{\"@type\":\"EntryPoint\",\"urlTemplate\":\"https:\/\/permbledhja.com\/?s={search_term_string}\"},\"query-input\":\"required name=search_term_string\"}],\"inLanguage\":\"sq\"},{\"@type\":\"Organization\",\"@id\":\"https:\/\/permbledhja.com\/#organization\",\"name\":\"MK Media & Pr\",\"url\":\"https:\/\/permbledhja.com\/\",\"logo\":{\"@type\":\"ImageObject\",\"inLanguage\":\"sq\",\"@id\":\"https:\/\/permbledhja.com\/#\/schema\/logo\/image\/\",\"url\":\"https:\/\/permbledhja.com\/wp-content\/uploads\/2021\/12\/07-Press-Logo.jpg\",\"contentUrl\":\"https:\/\/permbledhja.com\/wp-content\/uploads\/2021\/12\/07-Press-Logo.jpg\",\"width\":512,\"height\":512,\"caption\":\"MK Media & Pr\"},\"image\":{\"@id\":\"https:\/\/permbledhja.com\/#\/schema\/logo\/image\/\"},\"sameAs\":[\"https:\/\/www.facebook.com\/press07\/\"]},{\"@type\":\"Person\",\"@id\":\"https:\/\/permbledhja.com\/#\/schema\/person\/d23f13f59b5722643933d6780783acf3\",\"name\":\"M M\",\"image\":{\"@type\":\"ImageObject\",\"inLanguage\":\"sq\",\"@id\":\"https:\/\/permbledhja.com\/#\/schema\/person\/image\/\",\"url\":\"https:\/\/secure.gravatar.com\/avatar\/e2835a76ca7c31a2416b2d51c4ec9a8f?s=96&d=mm&r=g\",\"contentUrl\":\"https:\/\/secure.gravatar.com\/avatar\/e2835a76ca7c31a2416b2d51c4ec9a8f?s=96&d=mm&r=g\",\"caption\":\"M M\"},\"sameAs\":[\"http:\/\/MM\"],\"url\":\"https:\/\/permbledhja.com\/sq\/author\/muhamet\/\"}]}<\/script>\n<!-- \/ Yoast SEO plugin. -->","yoast_head_json":{"title":"\u201cKurr\u00eb mos u kthefshin\u201d, Peci \u201cmallkon\u201d opozit\u00ebn","robots":{"index":"index","follow":"follow","max-snippet":"max-snippet:-1","max-image-preview":"max-image-preview:large","max-video-preview":"max-video-preview:-1"},"canonical":"https:\/\/permbledhja.com\/sq\/kurre-mos-u-kthefshin-peci-mallkon-opoziten\/","og_locale":"sq_AL","og_type":"article","og_title":"\u201cKurr\u00eb mos u kthefshin\u201d, Peci \u201cmallkon\u201d opozit\u00ebn","og_description":"Ministri i Bujq\u00ebsis\u00eb Faton Peci ka pasur p\u00ebrplasje me analistin Imer Mushkolaj n\u00eb lidhje me pun\u00ebsimet n\u00eb dikasterin q\u00eb ai drejton dhe qeverisjen e kaluar. Peci ka th\u00ebn\u00eb se qeveria paraprake u kishte mbetur borxh fermer\u00ebve, derisa sipas tij mjetet q\u00eb u kishin kompensuar vitin e ardhsh\u00ebm, i kan\u00eb konsideruar sukses e rritje t\u00eb subvencioneve [&hellip;]","og_url":"https:\/\/permbledhja.com\/sq\/kurre-mos-u-kthefshin-peci-mallkon-opoziten\/","og_site_name":"Ve\u00e7 artikuj p\u00ebrmbledh\u00ebs","article_publisher":"https:\/\/www.facebook.com\/press07\/","article_published_time":"2023-12-07T08:02:36+00:00","og_image":[{"width":750,"height":499,"url":"https:\/\/permbledhja.com\/wp-content\/uploads\/2023\/12\/faton_peci1662292203.webp","type":"image\/webp"}],"author":"M M","twitter_card":"summary_large_image","twitter_misc":{"Written by":"M M","Est. reading time":"2 minuta"},"schema":{"@context":"https:\/\/schema.org","@graph":[{"@type":"Article","@id":"https:\/\/permbledhja.com\/kurre-mos-u-kthefshin-peci-mallkon-opoziten\/#article","isPartOf":{"@id":"https:\/\/permbledhja.com\/kurre-mos-u-kthefshin-peci-mallkon-opoziten\/"},"author":{"name":"M M","@id":"https:\/\/permbledhja.com\/#\/schema\/person\/d23f13f59b5722643933d6780783acf3"},"headline":"\u201cKurr\u00eb mos u kthefshin\u201d, Peci \u201cmallkon\u201d opozit\u00ebn","datePublished":"2023-12-07T08:02:36+00:00","dateModified":"2023-12-07T08:02:36+00:00","mainEntityOfPage":{"@id":"https:\/\/permbledhja.com\/kurre-mos-u-kthefshin-peci-mallkon-opoziten\/"},"wordCount":338,"publisher":{"@id":"https:\/\/permbledhja.com\/#organization"},"keywords":["Faton Peci"],"articleSection":["Lajme"],"inLanguage":"sq"},{"@type":"WebPage","@id":"https:\/\/permbledhja.com\/kurre-mos-u-kthefshin-peci-mallkon-opoziten\/","url":"https:\/\/permbledhja.com\/kurre-mos-u-kthefshin-peci-mallkon-opoziten\/","name":"\u201cKurr\u00eb mos u kthefshin\u201d, Peci \u201cmallkon\u201d opozit\u00ebn","isPartOf":{"@id":"https:\/\/permbledhja.com\/#website"},"datePublished":"2023-12-07T08:02:36+00:00","dateModified":"2023-12-07T08:02:36+00:00","breadcrumb":{"@id":"https:\/\/permbledhja.com\/kurre-mos-u-kthefshin-peci-mallkon-opoziten\/#breadcrumb"},"inLanguage":"sq","potentialAction":[{"@type":"ReadAction","target":["https:\/\/permbledhja.com\/kurre-mos-u-kthefshin-peci-mallkon-opoziten\/"]}]},{"@type":"BreadcrumbList","@id":"https:\/\/permbledhja.com\/kurre-mos-u-kthefshin-peci-mallkon-opoziten\/#breadcrumb","itemListElement":[{"@type":"ListItem","position":1,"name":"Ballina","item":"https:\/\/permbledhja.com\/sq\/"},{"@type":"ListItem","position":2,"name":"\u201cKurr\u00eb mos u kthefshin\u201d, Peci \u201cmallkon\u201d opozit\u00ebn"}]},{"@type":"WebSite","@id":"https:\/\/permbledhja.com\/#website","url":"https:\/\/permbledhja.com\/","name":"Ve\u00e7 artikuj p\u00ebrmbledh\u00ebs","description":"","publisher":{"@id":"https:\/\/permbledhja.com\/#organization"},"potentialAction":[{"@type":"SearchAction","target":{"@type":"EntryPoint","urlTemplate":"https:\/\/permbledhja.com\/?s={search_term_string}"},"query-input":"required name=search_term_string"}],"inLanguage":"sq"},{"@type":"Organization","@id":"https:\/\/permbledhja.com\/#organization","name":"MK Media & Pr","url":"https:\/\/permbledhja.com\/","logo":{"@type":"ImageObject","inLanguage":"sq","@id":"https:\/\/permbledhja.com\/#\/schema\/logo\/image\/","url":"https:\/\/permbledhja.com\/wp-content\/uploads\/2021\/12\/07-Press-Logo.jpg","contentUrl":"https:\/\/permbledhja.com\/wp-content\/uploads\/2021\/12\/07-Press-Logo.jpg","width":512,"height":512,"caption":"MK Media & Pr"},"image":{"@id":"https:\/\/permbledhja.com\/#\/schema\/logo\/image\/"},"sameAs":["https:\/\/www.facebook.com\/press07\/"]},{"@type":"Person","@id":"https:\/\/permbledhja.com\/#\/schema\/person\/d23f13f59b5722643933d6780783acf3","name":"M M","image":{"@type":"ImageObject","inLanguage":"sq","@id":"https:\/\/permbledhja.com\/#\/schema\/person\/image\/","url":"https:\/\/secure.gravatar.com\/avatar\/e2835a76ca7c31a2416b2d51c4ec9a8f?s=96&d=mm&r=g","contentUrl":"https:\/\/secure.gravatar.com\/avatar\/e2835a76ca7c31a2416b2d51c4ec9a8f?s=96&d=mm&r=g","caption":"M M"},"sameAs":["http:\/\/MM"],"url":"https:\/\/permbledhja.com\/sq\/author\/muhamet\/"}]}},"_links":{"self":[{"href":"https:\/\/permbledhja.com\/sq\/wp-json\/wp\/v2\/posts\/38887"}],"collection":[{"href":"https:\/\/permbledhja.com\/sq\/wp-json\/wp\/v2\/posts"}],"about":[{"href":"https:\/\/permbledhja.com\/sq\/wp-json\/wp\/v2\/types\/post"}],"author":[{"embeddable":true,"href":"https:\/\/permbledhja.com\/sq\/wp-json\/wp\/v2\/users\/2"}],"replies":[{"embeddable":true,"href":"https:\/\/permbledhja.com\/sq\/wp-json\/wp\/v2\/comments?post=38887"}],"version-history":[{"count":1,"href":"https:\/\/permbledhja.com\/sq\/wp-json\/wp\/v2\/posts\/38887\/revisions"}],"predecessor-version":[{"id":38889,"href":"https:\/\/permbledhja.com\/sq\/wp-json\/wp\/v2\/posts\/38887\/revisions\/38889"}],"wp:featuredmedia":[{"embeddable":true,"href":"https:\/\/permbledhja.com\/sq\/wp-json\/wp\/v2\/media\/38888"}],"wp:attachment":[{"href":"https:\/\/permbledhja.com\/sq\/wp-json\/wp\/v2\/media?parent=38887"}],"wp:term":[{"taxonomy":"category","embeddable":true,"href":"https:\/\/permbledhja.com\/sq\/wp-json\/wp\/v2\/categories?post=38887"},{"taxonomy":"post_tag","embeddable":true,"href":"https:\/\/permbledhja.com\/sq\/wp-json\/wp\/v2\/tags?post=38887"}],"curies":[{"name":"wp","href":"https:\/\/api.w.org\/{rel}","templated":true}]}}