{"id":38885,"date":"2023-12-07T07:54:38","date_gmt":"2023-12-07T07:54:38","guid":{"rendered":"https:\/\/permbledhja.com\/?p=38885"},"modified":"2023-12-07T08:04:00","modified_gmt":"2023-12-07T08:04:00","slug":"vdes-nje-grua-ne-nje-aksident-trafiku-ne-viti0","status":"publish","type":"post","link":"https:\/\/permbledhja.com\/sq\/vdes-nje-grua-ne-nje-aksident-trafiku-ne-viti0\/","title":{"rendered":"Vdes nj\u00eb grua n\u00eb nj\u00eb aksident trafiku n\u00eb Viti"},"content":{"rendered":"<h3>Ka vdekur mbr\u00ebm\u00eb nj\u00eb grua n\u00eb nj\u00eb aksident trafiku n\u00eb fshatin G\u00ebrmov\u00eb t\u00eb Vitis\u00eb.<\/h3>\n<p>Deri tek aksidenti sipas policis\u00eb, ka ardhur si pasoj\u00eb e humbjes s\u00eb kontrollit mbi vetur\u00ebn q\u00eb ajo po drejtonte.<\/p>\n<p>Me vendim t\u00eb prokurorit trupi i pajet\u00eb \u00ebsht\u00eb d\u00ebrguar n\u00eb obduksion.<\/p>\n<p>\u201cFsh. G\u00ebrmov\u00eb, Viti \/ 06.12.2023 \u2013 21:28. Nj\u00eb fem\u00ebr kosovare ka p\u00ebsuar l\u00ebndime t\u00eb r\u00ebnda trupore pasi ka humbur kontrollin mbi vetur\u00ebn q\u00eb e drejtonte, duke u p\u00ebrplasur frontalisht me nj\u00eb autobus q\u00eb po l\u00ebvizte n\u00eb kahjen tjet\u00ebr t\u00eb rrug\u00ebs. Viktima \u00ebsht\u00eb d\u00ebrguar p\u00ebr trajtim mjek\u00ebsor ku nga mjek\u00ebt \u00ebsht\u00eb konstatuar se ka nd\u00ebrruar jet\u00eb. Me vendim t\u00eb prokurorit trupi i pajet\u00eb \u00ebsht\u00eb d\u00ebrguar n\u00eb obduksion\u201d, thuhet n\u00eb njoftimin e policis\u00eb. \/Express\/<\/p>\n","protected":false},"excerpt":{"rendered":"<p>Ka vdekur mbr\u00ebm\u00eb nj\u00eb grua n\u00eb nj\u00eb aksident trafiku n\u00eb fshatin G\u00ebrmov\u00eb t\u00eb Vitis\u00eb. Deri tek aksidenti sipas policis\u00eb, ka ardhur si pasoj\u00eb e humbjes s\u00eb kontrollit mbi vetur\u00ebn q\u00eb ajo po drejtonte. Me vendim t\u00eb prokurorit trupi i pajet\u00eb \u00ebsht\u00eb d\u00ebrguar n\u00eb obduksion. \u201cFsh. G\u00ebrmov\u00eb, Viti \/ 06.12.2023 \u2013 21:28. Nj\u00eb fem\u00ebr kosovare ka [&hellip;]<\/p>\n","protected":false},"author":2,"featured_media":7473,"comment_status":"closed","ping_status":"closed","sticky":false,"template":"","format":"standard","meta":{"_monsterinsights_skip_tracking":false,"_monsterinsights_sitenote_active":false,"_monsterinsights_sitenote_note":"","_monsterinsights_sitenote_category":0,"_uf_show_specific_survey":0,"_uf_disable_surveys":false,"footnotes":""},"categories":[15],"tags":[40],"yoast_head":"<!-- This site is optimized with the Yoast SEO plugin v21.5 - https:\/\/yoast.com\/wordpress\/plugins\/seo\/ -->\n<title>Vdes nj\u00eb grua n\u00eb nj\u00eb aksident trafiku n\u00eb Viti<\/title>\n<meta name=\"robots\" content=\"index, follow, max-snippet:-1, max-image-preview:large, max-video-preview:-1\" \/>\n<link rel=\"canonical\" href=\"https:\/\/permbledhja.com\/sq\/vdes-nje-grua-ne-nje-aksident-trafiku-ne-viti0\/\" \/>\n<meta property=\"og:locale\" content=\"sq_AL\" \/>\n<meta property=\"og:type\" content=\"article\" \/>\n<meta property=\"og:title\" content=\"Vdes nj\u00eb grua n\u00eb nj\u00eb aksident trafiku n\u00eb Viti\" \/>\n<meta property=\"og:description\" content=\"Ka vdekur mbr\u00ebm\u00eb nj\u00eb grua n\u00eb nj\u00eb aksident trafiku n\u00eb fshatin G\u00ebrmov\u00eb t\u00eb Vitis\u00eb. Deri tek aksidenti sipas policis\u00eb, ka ardhur si pasoj\u00eb e humbjes s\u00eb kontrollit mbi vetur\u00ebn q\u00eb ajo po drejtonte. Me vendim t\u00eb prokurorit trupi i pajet\u00eb \u00ebsht\u00eb d\u00ebrguar n\u00eb obduksion. \u201cFsh. G\u00ebrmov\u00eb, Viti \/ 06.12.2023 \u2013 21:28. Nj\u00eb fem\u00ebr kosovare ka [&hellip;]\" \/>\n<meta property=\"og:url\" content=\"https:\/\/permbledhja.com\/sq\/vdes-nje-grua-ne-nje-aksident-trafiku-ne-viti0\/\" \/>\n<meta property=\"og:site_name\" content=\"Ve\u00e7 artikuj p\u00ebrmbledh\u00ebs\" \/>\n<meta property=\"article:publisher\" content=\"https:\/\/www.facebook.com\/press07\/\" \/>\n<meta property=\"article:published_time\" content=\"2023-12-07T07:54:38+00:00\" \/>\n<meta property=\"article:modified_time\" content=\"2023-12-07T08:04:00+00:00\" \/>\n<meta property=\"og:image\" content=\"https:\/\/permbledhja.com\/wp-content\/uploads\/2022\/10\/Aksident-trafiku.jpg\" \/>\n\t<meta property=\"og:image:width\" content=\"917\" \/>\n\t<meta property=\"og:image:height\" content=\"616\" \/>\n\t<meta property=\"og:image:type\" content=\"image\/jpeg\" \/>\n<meta name=\"author\" content=\"M M\" \/>\n<meta name=\"twitter:card\" content=\"summary_large_image\" \/>\n<meta name=\"twitter:label1\" content=\"Written by\" \/>\n\t<meta name=\"twitter:data1\" content=\"M M\" \/>\n\t<meta name=\"twitter:label2\" content=\"Est. reading time\" \/>\n\t<meta name=\"twitter:data2\" content=\"1 minut\u00eb\" \/>\n<script type=\"application\/ld+json\" class=\"yoast-schema-graph\">{\"@context\":\"https:\/\/schema.org\",\"@graph\":[{\"@type\":\"Article\",\"@id\":\"https:\/\/permbledhja.com\/vdes-nje-grua-ne-nje-aksident-trafiku-ne-viti0\/#article\",\"isPartOf\":{\"@id\":\"https:\/\/permbledhja.com\/vdes-nje-grua-ne-nje-aksident-trafiku-ne-viti0\/\"},\"author\":{\"name\":\"M M\",\"@id\":\"https:\/\/permbledhja.com\/#\/schema\/person\/d23f13f59b5722643933d6780783acf3\"},\"headline\":\"Vdes nj\u00eb grua n\u00eb nj\u00eb aksident trafiku n\u00eb Viti\",\"datePublished\":\"2023-12-07T07:54:38+00:00\",\"dateModified\":\"2023-12-07T08:04:00+00:00\",\"mainEntityOfPage\":{\"@id\":\"https:\/\/permbledhja.com\/vdes-nje-grua-ne-nje-aksident-trafiku-ne-viti0\/\"},\"wordCount\":141,\"publisher\":{\"@id\":\"https:\/\/permbledhja.com\/#organization\"},\"keywords\":[\"Aksident\"],\"articleSection\":[\"Lajme\"],\"inLanguage\":\"sq\"},{\"@type\":\"WebPage\",\"@id\":\"https:\/\/permbledhja.com\/vdes-nje-grua-ne-nje-aksident-trafiku-ne-viti0\/\",\"url\":\"https:\/\/permbledhja.com\/vdes-nje-grua-ne-nje-aksident-trafiku-ne-viti0\/\",\"name\":\"Vdes nj\u00eb grua n\u00eb nj\u00eb aksident trafiku n\u00eb Viti\",\"isPartOf\":{\"@id\":\"https:\/\/permbledhja.com\/#website\"},\"datePublished\":\"2023-12-07T07:54:38+00:00\",\"dateModified\":\"2023-12-07T08:04:00+00:00\",\"breadcrumb\":{\"@id\":\"https:\/\/permbledhja.com\/vdes-nje-grua-ne-nje-aksident-trafiku-ne-viti0\/#breadcrumb\"},\"inLanguage\":\"sq\",\"potentialAction\":[{\"@type\":\"ReadAction\",\"target\":[\"https:\/\/permbledhja.com\/vdes-nje-grua-ne-nje-aksident-trafiku-ne-viti0\/\"]}]},{\"@type\":\"BreadcrumbList\",\"@id\":\"https:\/\/permbledhja.com\/vdes-nje-grua-ne-nje-aksident-trafiku-ne-viti0\/#breadcrumb\",\"itemListElement\":[{\"@type\":\"ListItem\",\"position\":1,\"name\":\"Ballina\",\"item\":\"https:\/\/permbledhja.com\/sq\/\"},{\"@type\":\"ListItem\",\"position\":2,\"name\":\"Vdes nj\u00eb grua n\u00eb nj\u00eb aksident trafiku n\u00eb Viti\"}]},{\"@type\":\"WebSite\",\"@id\":\"https:\/\/permbledhja.com\/#website\",\"url\":\"https:\/\/permbledhja.com\/\",\"name\":\"Ve\u00e7 artikuj p\u00ebrmbledh\u00ebs\",\"description\":\"\",\"publisher\":{\"@id\":\"https:\/\/permbledhja.com\/#organization\"},\"potentialAction\":[{\"@type\":\"SearchAction\",\"target\":{\"@type\":\"EntryPoint\",\"urlTemplate\":\"https:\/\/permbledhja.com\/?s={search_term_string}\"},\"query-input\":\"required name=search_term_string\"}],\"inLanguage\":\"sq\"},{\"@type\":\"Organization\",\"@id\":\"https:\/\/permbledhja.com\/#organization\",\"name\":\"MK Media & Pr\",\"url\":\"https:\/\/permbledhja.com\/\",\"logo\":{\"@type\":\"ImageObject\",\"inLanguage\":\"sq\",\"@id\":\"https:\/\/permbledhja.com\/#\/schema\/logo\/image\/\",\"url\":\"https:\/\/permbledhja.com\/wp-content\/uploads\/2021\/12\/07-Press-Logo.jpg\",\"contentUrl\":\"https:\/\/permbledhja.com\/wp-content\/uploads\/2021\/12\/07-Press-Logo.jpg\",\"width\":512,\"height\":512,\"caption\":\"MK Media & Pr\"},\"image\":{\"@id\":\"https:\/\/permbledhja.com\/#\/schema\/logo\/image\/\"},\"sameAs\":[\"https:\/\/www.facebook.com\/press07\/\"]},{\"@type\":\"Person\",\"@id\":\"https:\/\/permbledhja.com\/#\/schema\/person\/d23f13f59b5722643933d6780783acf3\",\"name\":\"M M\",\"image\":{\"@type\":\"ImageObject\",\"inLanguage\":\"sq\",\"@id\":\"https:\/\/permbledhja.com\/#\/schema\/person\/image\/\",\"url\":\"https:\/\/secure.gravatar.com\/avatar\/e2835a76ca7c31a2416b2d51c4ec9a8f?s=96&d=mm&r=g\",\"contentUrl\":\"https:\/\/secure.gravatar.com\/avatar\/e2835a76ca7c31a2416b2d51c4ec9a8f?s=96&d=mm&r=g\",\"caption\":\"M M\"},\"sameAs\":[\"http:\/\/MM\"],\"url\":\"https:\/\/permbledhja.com\/sq\/author\/muhamet\/\"}]}<\/script>\n<!-- \/ Yoast SEO plugin. -->","yoast_head_json":{"title":"Vdes nj\u00eb grua n\u00eb nj\u00eb aksident trafiku n\u00eb Viti","robots":{"index":"index","follow":"follow","max-snippet":"max-snippet:-1","max-image-preview":"max-image-preview:large","max-video-preview":"max-video-preview:-1"},"canonical":"https:\/\/permbledhja.com\/sq\/vdes-nje-grua-ne-nje-aksident-trafiku-ne-viti0\/","og_locale":"sq_AL","og_type":"article","og_title":"Vdes nj\u00eb grua n\u00eb nj\u00eb aksident trafiku n\u00eb Viti","og_description":"Ka vdekur mbr\u00ebm\u00eb nj\u00eb grua n\u00eb nj\u00eb aksident trafiku n\u00eb fshatin G\u00ebrmov\u00eb t\u00eb Vitis\u00eb. Deri tek aksidenti sipas policis\u00eb, ka ardhur si pasoj\u00eb e humbjes s\u00eb kontrollit mbi vetur\u00ebn q\u00eb ajo po drejtonte. Me vendim t\u00eb prokurorit trupi i pajet\u00eb \u00ebsht\u00eb d\u00ebrguar n\u00eb obduksion. \u201cFsh. G\u00ebrmov\u00eb, Viti \/ 06.12.2023 \u2013 21:28. Nj\u00eb fem\u00ebr kosovare ka [&hellip;]","og_url":"https:\/\/permbledhja.com\/sq\/vdes-nje-grua-ne-nje-aksident-trafiku-ne-viti0\/","og_site_name":"Ve\u00e7 artikuj p\u00ebrmbledh\u00ebs","article_publisher":"https:\/\/www.facebook.com\/press07\/","article_published_time":"2023-12-07T07:54:38+00:00","article_modified_time":"2023-12-07T08:04:00+00:00","og_image":[{"width":917,"height":616,"url":"https:\/\/permbledhja.com\/wp-content\/uploads\/2022\/10\/Aksident-trafiku.jpg","type":"image\/jpeg"}],"author":"M M","twitter_card":"summary_large_image","twitter_misc":{"Written by":"M M","Est. reading time":"1 minut\u00eb"},"schema":{"@context":"https:\/\/schema.org","@graph":[{"@type":"Article","@id":"https:\/\/permbledhja.com\/vdes-nje-grua-ne-nje-aksident-trafiku-ne-viti0\/#article","isPartOf":{"@id":"https:\/\/permbledhja.com\/vdes-nje-grua-ne-nje-aksident-trafiku-ne-viti0\/"},"author":{"name":"M M","@id":"https:\/\/permbledhja.com\/#\/schema\/person\/d23f13f59b5722643933d6780783acf3"},"headline":"Vdes nj\u00eb grua n\u00eb nj\u00eb aksident trafiku n\u00eb Viti","datePublished":"2023-12-07T07:54:38+00:00","dateModified":"2023-12-07T08:04:00+00:00","mainEntityOfPage":{"@id":"https:\/\/permbledhja.com\/vdes-nje-grua-ne-nje-aksident-trafiku-ne-viti0\/"},"wordCount":141,"publisher":{"@id":"https:\/\/permbledhja.com\/#organization"},"keywords":["Aksident"],"articleSection":["Lajme"],"inLanguage":"sq"},{"@type":"WebPage","@id":"https:\/\/permbledhja.com\/vdes-nje-grua-ne-nje-aksident-trafiku-ne-viti0\/","url":"https:\/\/permbledhja.com\/vdes-nje-grua-ne-nje-aksident-trafiku-ne-viti0\/","name":"Vdes nj\u00eb grua n\u00eb nj\u00eb aksident trafiku n\u00eb Viti","isPartOf":{"@id":"https:\/\/permbledhja.com\/#website"},"datePublished":"2023-12-07T07:54:38+00:00","dateModified":"2023-12-07T08:04:00+00:00","breadcrumb":{"@id":"https:\/\/permbledhja.com\/vdes-nje-grua-ne-nje-aksident-trafiku-ne-viti0\/#breadcrumb"},"inLanguage":"sq","potentialAction":[{"@type":"ReadAction","target":["https:\/\/permbledhja.com\/vdes-nje-grua-ne-nje-aksident-trafiku-ne-viti0\/"]}]},{"@type":"BreadcrumbList","@id":"https:\/\/permbledhja.com\/vdes-nje-grua-ne-nje-aksident-trafiku-ne-viti0\/#breadcrumb","itemListElement":[{"@type":"ListItem","position":1,"name":"Ballina","item":"https:\/\/permbledhja.com\/sq\/"},{"@type":"ListItem","position":2,"name":"Vdes nj\u00eb grua n\u00eb nj\u00eb aksident trafiku n\u00eb Viti"}]},{"@type":"WebSite","@id":"https:\/\/permbledhja.com\/#website","url":"https:\/\/permbledhja.com\/","name":"Ve\u00e7 artikuj p\u00ebrmbledh\u00ebs","description":"","publisher":{"@id":"https:\/\/permbledhja.com\/#organization"},"potentialAction":[{"@type":"SearchAction","target":{"@type":"EntryPoint","urlTemplate":"https:\/\/permbledhja.com\/?s={search_term_string}"},"query-input":"required name=search_term_string"}],"inLanguage":"sq"},{"@type":"Organization","@id":"https:\/\/permbledhja.com\/#organization","name":"MK Media & Pr","url":"https:\/\/permbledhja.com\/","logo":{"@type":"ImageObject","inLanguage":"sq","@id":"https:\/\/permbledhja.com\/#\/schema\/logo\/image\/","url":"https:\/\/permbledhja.com\/wp-content\/uploads\/2021\/12\/07-Press-Logo.jpg","contentUrl":"https:\/\/permbledhja.com\/wp-content\/uploads\/2021\/12\/07-Press-Logo.jpg","width":512,"height":512,"caption":"MK Media & Pr"},"image":{"@id":"https:\/\/permbledhja.com\/#\/schema\/logo\/image\/"},"sameAs":["https:\/\/www.facebook.com\/press07\/"]},{"@type":"Person","@id":"https:\/\/permbledhja.com\/#\/schema\/person\/d23f13f59b5722643933d6780783acf3","name":"M M","image":{"@type":"ImageObject","inLanguage":"sq","@id":"https:\/\/permbledhja.com\/#\/schema\/person\/image\/","url":"https:\/\/secure.gravatar.com\/avatar\/e2835a76ca7c31a2416b2d51c4ec9a8f?s=96&d=mm&r=g","contentUrl":"https:\/\/secure.gravatar.com\/avatar\/e2835a76ca7c31a2416b2d51c4ec9a8f?s=96&d=mm&r=g","caption":"M M"},"sameAs":["http:\/\/MM"],"url":"https:\/\/permbledhja.com\/sq\/author\/muhamet\/"}]}},"_links":{"self":[{"href":"https:\/\/permbledhja.com\/sq\/wp-json\/wp\/v2\/posts\/38885"}],"collection":[{"href":"https:\/\/permbledhja.com\/sq\/wp-json\/wp\/v2\/posts"}],"about":[{"href":"https:\/\/permbledhja.com\/sq\/wp-json\/wp\/v2\/types\/post"}],"author":[{"embeddable":true,"href":"https:\/\/permbledhja.com\/sq\/wp-json\/wp\/v2\/users\/2"}],"replies":[{"embeddable":true,"href":"https:\/\/permbledhja.com\/sq\/wp-json\/wp\/v2\/comments?post=38885"}],"version-history":[{"count":1,"href":"https:\/\/permbledhja.com\/sq\/wp-json\/wp\/v2\/posts\/38885\/revisions"}],"predecessor-version":[{"id":38886,"href":"https:\/\/permbledhja.com\/sq\/wp-json\/wp\/v2\/posts\/38885\/revisions\/38886"}],"wp:featuredmedia":[{"embeddable":true,"href":"https:\/\/permbledhja.com\/sq\/wp-json\/wp\/v2\/media\/7473"}],"wp:attachment":[{"href":"https:\/\/permbledhja.com\/sq\/wp-json\/wp\/v2\/media?parent=38885"}],"wp:term":[{"taxonomy":"category","embeddable":true,"href":"https:\/\/permbledhja.com\/sq\/wp-json\/wp\/v2\/categories?post=38885"},{"taxonomy":"post_tag","embeddable":true,"href":"https:\/\/permbledhja.com\/sq\/wp-json\/wp\/v2\/tags?post=38885"}],"curies":[{"name":"wp","href":"https:\/\/api.w.org\/{rel}","templated":true}]}}