{"id":38875,"date":"2023-12-07T07:30:10","date_gmt":"2023-12-07T07:30:10","guid":{"rendered":"https:\/\/permbledhja.com\/?p=38875"},"modified":"2023-12-07T07:49:45","modified_gmt":"2023-12-07T07:49:45","slug":"gazetarja-vrasja-e-liridones-duhet-kerkuar-ne-moralin-e-naim-murselit-nuk-eshte-bere-per-para","status":"publish","type":"post","link":"https:\/\/permbledhja.com\/sq\/gazetarja-vrasja-e-liridones-duhet-kerkuar-ne-moralin-e-naim-murselit-nuk-eshte-bere-per-para\/","title":{"rendered":"Gazetarja: Vrasja e Liridon\u00ebs duhet k\u00ebrkuar n\u00eb moralin e Naim Murselit, nuk \u00ebsht\u00eb b\u00ebr\u00eb p\u00ebr para"},"content":{"rendered":"<h3>Gazetarja Anduena Llabani \u00ebsht\u00eb shprehur se vrasja e Liridon\u00ebs me porosi t\u00eb bashk\u00ebshortit t\u00eb saj, Naim Murselit, nuk mund t\u00eb jet\u00eb b\u00ebr\u00eb p\u00ebr para.<\/h3>\n<p>Komentet Llabani i b\u00ebri n\u00eb Euronews Albania, ku tha se vrasja e Liridon\u00ebs duhet k\u00ebrkuar n\u00eb moralin e Naim Murselit.<\/p>\n<p>Ajo shtoi se Liridona mund t\u00eb ket\u00eb ditur di\u00e7ka shum\u00eb t\u00eb r\u00ebnd\u00ebsishme p\u00ebr Naimin, gj\u00eb q\u00eb e ka b\u00ebr\u00eb at\u00eb t\u00eb ndihet i k\u00ebrc\u00ebnuar dhe ta vras\u00eb.- Advertisement \u2013<ins><\/ins><\/p>\n<p>\u201cDyshimet p\u00ebr t\u00eb shoqin q\u00eb Naim Murseli porositi vrasjen e t\u00eb shoqit, e p\u00ebrcolli deri n\u00eb varreza, e varrosi me gjakftoht\u00ebsi patologjike, dometh\u00ebn\u00eb i friksh\u00ebm, pastaj t\u00eb pranoi faktin dhe t\u00eb mohoj\u00eb faktin, tregon se kjo gj\u00eb ka shum\u00eb m\u00eb tep\u00ebr se kaq. Un\u00eb mendoj se kjo do dali\u2026 Mendoj se kjo gj\u00eb ka lidhje me moralin e k\u00ebtij njeriu.<\/p>\n<p>Ka lidhje me m\u00ebnyr\u00ebn si ai jetonte, qoft\u00eb duke shfryt\u00ebzuar njer\u00ebzit me pushtet e para, qoft\u00eb me shfryt\u00ebsimin e k\u00ebsaj vajze\u2026 Pabesia q\u00eb u ka treguar k\u00ebtyre njer\u00ebzve q\u00eb i kan\u00eb dh\u00ebn\u00eb edhe buk\u00eb p\u00ebr t\u00eb ngr\u00ebn\u00eb, k\u00ebto besoj se do t\u00eb zbulojn\u00eb shkakun.<\/p>\n<p>Gjakftoht\u00ebsia e tij q\u00eb ka treguar n\u00eb varrim, fikja e telefonit, largimi nga autopsia dhe morgue i Prishtin\u00ebs, tregojn\u00eb shum\u00eb nga ky njeri. Ai njeri luksin e ka patur, nuk mendoj se \u00ebsht\u00eb paraja. Mendoj se ai e ka b\u00ebr\u00eb k\u00ebt\u00eb q\u00eb t\u2019i mbyll\u00eb gruas goj\u00ebn, pasi ajo ka ditur di\u00e7ka p\u00ebr t\u00eb dhe mund t\u00eb ket\u00eb qen\u00eb njeriu i par\u00eb q\u00eb mund ta ket\u00eb ditur\u201d, tha Llabani.<\/p>\n","protected":false},"excerpt":{"rendered":"<p>Gazetarja Anduena Llabani \u00ebsht\u00eb shprehur se vrasja e Liridon\u00ebs me porosi t\u00eb bashk\u00ebshortit t\u00eb saj, Naim Murselit, nuk mund t\u00eb jet\u00eb b\u00ebr\u00eb p\u00ebr para. Komentet Llabani i b\u00ebri n\u00eb Euronews Albania, ku tha se vrasja e Liridon\u00ebs duhet k\u00ebrkuar n\u00eb moralin e Naim Murselit. Ajo shtoi se Liridona mund t\u00eb ket\u00eb ditur di\u00e7ka shum\u00eb t\u00eb [&hellip;]<\/p>\n","protected":false},"author":2,"featured_media":38876,"comment_status":"closed","ping_status":"closed","sticky":false,"template":"","format":"standard","meta":{"_monsterinsights_skip_tracking":false,"_monsterinsights_sitenote_active":false,"_monsterinsights_sitenote_note":"","_monsterinsights_sitenote_category":0,"_uf_show_specific_survey":0,"_uf_disable_surveys":false,"footnotes":""},"categories":[15],"tags":[2737],"yoast_head":"<!-- This site is optimized with the Yoast SEO plugin v21.5 - https:\/\/yoast.com\/wordpress\/plugins\/seo\/ -->\n<title>Gazetarja: Vrasja e Liridon\u00ebs duhet k\u00ebrkuar n\u00eb moralin e Naim Murselit, nuk \u00ebsht\u00eb b\u00ebr\u00eb p\u00ebr para<\/title>\n<meta name=\"robots\" content=\"index, follow, max-snippet:-1, max-image-preview:large, max-video-preview:-1\" \/>\n<link rel=\"canonical\" href=\"https:\/\/permbledhja.com\/sq\/gazetarja-vrasja-e-liridones-duhet-kerkuar-ne-moralin-e-naim-murselit-nuk-eshte-bere-per-para\/\" \/>\n<meta property=\"og:locale\" content=\"sq_AL\" \/>\n<meta property=\"og:type\" content=\"article\" \/>\n<meta property=\"og:title\" content=\"Gazetarja: Vrasja e Liridon\u00ebs duhet k\u00ebrkuar n\u00eb moralin e Naim Murselit, nuk \u00ebsht\u00eb b\u00ebr\u00eb p\u00ebr para\" \/>\n<meta property=\"og:description\" content=\"Gazetarja Anduena Llabani \u00ebsht\u00eb shprehur se vrasja e Liridon\u00ebs me porosi t\u00eb bashk\u00ebshortit t\u00eb saj, Naim Murselit, nuk mund t\u00eb jet\u00eb b\u00ebr\u00eb p\u00ebr para. Komentet Llabani i b\u00ebri n\u00eb Euronews Albania, ku tha se vrasja e Liridon\u00ebs duhet k\u00ebrkuar n\u00eb moralin e Naim Murselit. Ajo shtoi se Liridona mund t\u00eb ket\u00eb ditur di\u00e7ka shum\u00eb t\u00eb [&hellip;]\" \/>\n<meta property=\"og:url\" content=\"https:\/\/permbledhja.com\/sq\/gazetarja-vrasja-e-liridones-duhet-kerkuar-ne-moralin-e-naim-murselit-nuk-eshte-bere-per-para\/\" \/>\n<meta property=\"og:site_name\" content=\"Ve\u00e7 artikuj p\u00ebrmbledh\u00ebs\" \/>\n<meta property=\"article:publisher\" content=\"https:\/\/www.facebook.com\/press07\/\" \/>\n<meta property=\"article:published_time\" content=\"2023-12-07T07:30:10+00:00\" \/>\n<meta property=\"article:modified_time\" content=\"2023-12-07T07:49:45+00:00\" \/>\n<meta property=\"og:image\" content=\"https:\/\/permbledhja.com\/wp-content\/uploads\/2023\/12\/auto_liridona-murseli-naim-murseli21701432919-600x360-1-1130x635-1-600x360-2.jpg\" \/>\n\t<meta property=\"og:image:width\" content=\"600\" \/>\n\t<meta property=\"og:image:height\" content=\"360\" \/>\n\t<meta property=\"og:image:type\" content=\"image\/jpeg\" \/>\n<meta name=\"author\" content=\"M M\" \/>\n<meta name=\"twitter:card\" content=\"summary_large_image\" \/>\n<meta name=\"twitter:label1\" content=\"Written by\" \/>\n\t<meta name=\"twitter:data1\" content=\"M M\" \/>\n\t<meta name=\"twitter:label2\" content=\"Est. reading time\" \/>\n\t<meta name=\"twitter:data2\" content=\"2 minuta\" \/>\n<script type=\"application\/ld+json\" class=\"yoast-schema-graph\">{\"@context\":\"https:\/\/schema.org\",\"@graph\":[{\"@type\":\"Article\",\"@id\":\"https:\/\/permbledhja.com\/sq\/gazetarja-vrasja-e-liridones-duhet-kerkuar-ne-moralin-e-naim-murselit-nuk-eshte-bere-per-para\/#article\",\"isPartOf\":{\"@id\":\"https:\/\/permbledhja.com\/sq\/gazetarja-vrasja-e-liridones-duhet-kerkuar-ne-moralin-e-naim-murselit-nuk-eshte-bere-per-para\/\"},\"author\":{\"name\":\"M M\",\"@id\":\"https:\/\/permbledhja.com\/#\/schema\/person\/d23f13f59b5722643933d6780783acf3\"},\"headline\":\"Gazetarja: Vrasja e Liridon\u00ebs duhet k\u00ebrkuar n\u00eb moralin e Naim Murselit, nuk \u00ebsht\u00eb b\u00ebr\u00eb p\u00ebr para\",\"datePublished\":\"2023-12-07T07:30:10+00:00\",\"dateModified\":\"2023-12-07T07:49:45+00:00\",\"mainEntityOfPage\":{\"@id\":\"https:\/\/permbledhja.com\/sq\/gazetarja-vrasja-e-liridones-duhet-kerkuar-ne-moralin-e-naim-murselit-nuk-eshte-bere-per-para\/\"},\"wordCount\":306,\"publisher\":{\"@id\":\"https:\/\/permbledhja.com\/#organization\"},\"keywords\":[\"Liridona Ademaj\"],\"articleSection\":[\"Lajme\"],\"inLanguage\":\"sq\"},{\"@type\":\"WebPage\",\"@id\":\"https:\/\/permbledhja.com\/sq\/gazetarja-vrasja-e-liridones-duhet-kerkuar-ne-moralin-e-naim-murselit-nuk-eshte-bere-per-para\/\",\"url\":\"https:\/\/permbledhja.com\/sq\/gazetarja-vrasja-e-liridones-duhet-kerkuar-ne-moralin-e-naim-murselit-nuk-eshte-bere-per-para\/\",\"name\":\"Gazetarja: Vrasja e Liridon\u00ebs duhet k\u00ebrkuar n\u00eb moralin e Naim Murselit, nuk \u00ebsht\u00eb b\u00ebr\u00eb p\u00ebr para\",\"isPartOf\":{\"@id\":\"https:\/\/permbledhja.com\/#website\"},\"datePublished\":\"2023-12-07T07:30:10+00:00\",\"dateModified\":\"2023-12-07T07:49:45+00:00\",\"breadcrumb\":{\"@id\":\"https:\/\/permbledhja.com\/sq\/gazetarja-vrasja-e-liridones-duhet-kerkuar-ne-moralin-e-naim-murselit-nuk-eshte-bere-per-para\/#breadcrumb\"},\"inLanguage\":\"sq\",\"potentialAction\":[{\"@type\":\"ReadAction\",\"target\":[\"https:\/\/permbledhja.com\/sq\/gazetarja-vrasja-e-liridones-duhet-kerkuar-ne-moralin-e-naim-murselit-nuk-eshte-bere-per-para\/\"]}]},{\"@type\":\"BreadcrumbList\",\"@id\":\"https:\/\/permbledhja.com\/sq\/gazetarja-vrasja-e-liridones-duhet-kerkuar-ne-moralin-e-naim-murselit-nuk-eshte-bere-per-para\/#breadcrumb\",\"itemListElement\":[{\"@type\":\"ListItem\",\"position\":1,\"name\":\"Ballina\",\"item\":\"https:\/\/permbledhja.com\/sq\/\"},{\"@type\":\"ListItem\",\"position\":2,\"name\":\"Gazetarja: Vrasja e Liridon\u00ebs duhet k\u00ebrkuar n\u00eb moralin e Naim Murselit, nuk \u00ebsht\u00eb b\u00ebr\u00eb p\u00ebr para\"}]},{\"@type\":\"WebSite\",\"@id\":\"https:\/\/permbledhja.com\/#website\",\"url\":\"https:\/\/permbledhja.com\/\",\"name\":\"Ve\u00e7 artikuj p\u00ebrmbledh\u00ebs\",\"description\":\"\",\"publisher\":{\"@id\":\"https:\/\/permbledhja.com\/#organization\"},\"potentialAction\":[{\"@type\":\"SearchAction\",\"target\":{\"@type\":\"EntryPoint\",\"urlTemplate\":\"https:\/\/permbledhja.com\/?s={search_term_string}\"},\"query-input\":\"required name=search_term_string\"}],\"inLanguage\":\"sq\"},{\"@type\":\"Organization\",\"@id\":\"https:\/\/permbledhja.com\/#organization\",\"name\":\"MK Media & Pr\",\"url\":\"https:\/\/permbledhja.com\/\",\"logo\":{\"@type\":\"ImageObject\",\"inLanguage\":\"sq\",\"@id\":\"https:\/\/permbledhja.com\/#\/schema\/logo\/image\/\",\"url\":\"https:\/\/permbledhja.com\/wp-content\/uploads\/2021\/12\/07-Press-Logo.jpg\",\"contentUrl\":\"https:\/\/permbledhja.com\/wp-content\/uploads\/2021\/12\/07-Press-Logo.jpg\",\"width\":512,\"height\":512,\"caption\":\"MK Media & Pr\"},\"image\":{\"@id\":\"https:\/\/permbledhja.com\/#\/schema\/logo\/image\/\"},\"sameAs\":[\"https:\/\/www.facebook.com\/press07\/\"]},{\"@type\":\"Person\",\"@id\":\"https:\/\/permbledhja.com\/#\/schema\/person\/d23f13f59b5722643933d6780783acf3\",\"name\":\"M M\",\"image\":{\"@type\":\"ImageObject\",\"inLanguage\":\"sq\",\"@id\":\"https:\/\/permbledhja.com\/#\/schema\/person\/image\/\",\"url\":\"https:\/\/secure.gravatar.com\/avatar\/e2835a76ca7c31a2416b2d51c4ec9a8f?s=96&d=mm&r=g\",\"contentUrl\":\"https:\/\/secure.gravatar.com\/avatar\/e2835a76ca7c31a2416b2d51c4ec9a8f?s=96&d=mm&r=g\",\"caption\":\"M M\"},\"sameAs\":[\"http:\/\/MM\"],\"url\":\"https:\/\/permbledhja.com\/sq\/author\/muhamet\/\"}]}<\/script>\n<!-- \/ Yoast SEO plugin. -->","yoast_head_json":{"title":"Gazetarja: Vrasja e Liridon\u00ebs duhet k\u00ebrkuar n\u00eb moralin e Naim Murselit, nuk \u00ebsht\u00eb b\u00ebr\u00eb p\u00ebr para","robots":{"index":"index","follow":"follow","max-snippet":"max-snippet:-1","max-image-preview":"max-image-preview:large","max-video-preview":"max-video-preview:-1"},"canonical":"https:\/\/permbledhja.com\/sq\/gazetarja-vrasja-e-liridones-duhet-kerkuar-ne-moralin-e-naim-murselit-nuk-eshte-bere-per-para\/","og_locale":"sq_AL","og_type":"article","og_title":"Gazetarja: Vrasja e Liridon\u00ebs duhet k\u00ebrkuar n\u00eb moralin e Naim Murselit, nuk \u00ebsht\u00eb b\u00ebr\u00eb p\u00ebr para","og_description":"Gazetarja Anduena Llabani \u00ebsht\u00eb shprehur se vrasja e Liridon\u00ebs me porosi t\u00eb bashk\u00ebshortit t\u00eb saj, Naim Murselit, nuk mund t\u00eb jet\u00eb b\u00ebr\u00eb p\u00ebr para. Komentet Llabani i b\u00ebri n\u00eb Euronews Albania, ku tha se vrasja e Liridon\u00ebs duhet k\u00ebrkuar n\u00eb moralin e Naim Murselit. Ajo shtoi se Liridona mund t\u00eb ket\u00eb ditur di\u00e7ka shum\u00eb t\u00eb [&hellip;]","og_url":"https:\/\/permbledhja.com\/sq\/gazetarja-vrasja-e-liridones-duhet-kerkuar-ne-moralin-e-naim-murselit-nuk-eshte-bere-per-para\/","og_site_name":"Ve\u00e7 artikuj p\u00ebrmbledh\u00ebs","article_publisher":"https:\/\/www.facebook.com\/press07\/","article_published_time":"2023-12-07T07:30:10+00:00","article_modified_time":"2023-12-07T07:49:45+00:00","og_image":[{"width":600,"height":360,"url":"https:\/\/permbledhja.com\/wp-content\/uploads\/2023\/12\/auto_liridona-murseli-naim-murseli21701432919-600x360-1-1130x635-1-600x360-2.jpg","type":"image\/jpeg"}],"author":"M M","twitter_card":"summary_large_image","twitter_misc":{"Written by":"M M","Est. reading time":"2 minuta"},"schema":{"@context":"https:\/\/schema.org","@graph":[{"@type":"Article","@id":"https:\/\/permbledhja.com\/sq\/gazetarja-vrasja-e-liridones-duhet-kerkuar-ne-moralin-e-naim-murselit-nuk-eshte-bere-per-para\/#article","isPartOf":{"@id":"https:\/\/permbledhja.com\/sq\/gazetarja-vrasja-e-liridones-duhet-kerkuar-ne-moralin-e-naim-murselit-nuk-eshte-bere-per-para\/"},"author":{"name":"M M","@id":"https:\/\/permbledhja.com\/#\/schema\/person\/d23f13f59b5722643933d6780783acf3"},"headline":"Gazetarja: Vrasja e Liridon\u00ebs duhet k\u00ebrkuar n\u00eb moralin e Naim Murselit, nuk \u00ebsht\u00eb b\u00ebr\u00eb p\u00ebr para","datePublished":"2023-12-07T07:30:10+00:00","dateModified":"2023-12-07T07:49:45+00:00","mainEntityOfPage":{"@id":"https:\/\/permbledhja.com\/sq\/gazetarja-vrasja-e-liridones-duhet-kerkuar-ne-moralin-e-naim-murselit-nuk-eshte-bere-per-para\/"},"wordCount":306,"publisher":{"@id":"https:\/\/permbledhja.com\/#organization"},"keywords":["Liridona Ademaj"],"articleSection":["Lajme"],"inLanguage":"sq"},{"@type":"WebPage","@id":"https:\/\/permbledhja.com\/sq\/gazetarja-vrasja-e-liridones-duhet-kerkuar-ne-moralin-e-naim-murselit-nuk-eshte-bere-per-para\/","url":"https:\/\/permbledhja.com\/sq\/gazetarja-vrasja-e-liridones-duhet-kerkuar-ne-moralin-e-naim-murselit-nuk-eshte-bere-per-para\/","name":"Gazetarja: Vrasja e Liridon\u00ebs duhet k\u00ebrkuar n\u00eb moralin e Naim Murselit, nuk \u00ebsht\u00eb b\u00ebr\u00eb p\u00ebr para","isPartOf":{"@id":"https:\/\/permbledhja.com\/#website"},"datePublished":"2023-12-07T07:30:10+00:00","dateModified":"2023-12-07T07:49:45+00:00","breadcrumb":{"@id":"https:\/\/permbledhja.com\/sq\/gazetarja-vrasja-e-liridones-duhet-kerkuar-ne-moralin-e-naim-murselit-nuk-eshte-bere-per-para\/#breadcrumb"},"inLanguage":"sq","potentialAction":[{"@type":"ReadAction","target":["https:\/\/permbledhja.com\/sq\/gazetarja-vrasja-e-liridones-duhet-kerkuar-ne-moralin-e-naim-murselit-nuk-eshte-bere-per-para\/"]}]},{"@type":"BreadcrumbList","@id":"https:\/\/permbledhja.com\/sq\/gazetarja-vrasja-e-liridones-duhet-kerkuar-ne-moralin-e-naim-murselit-nuk-eshte-bere-per-para\/#breadcrumb","itemListElement":[{"@type":"ListItem","position":1,"name":"Ballina","item":"https:\/\/permbledhja.com\/sq\/"},{"@type":"ListItem","position":2,"name":"Gazetarja: Vrasja e Liridon\u00ebs duhet k\u00ebrkuar n\u00eb moralin e Naim Murselit, nuk \u00ebsht\u00eb b\u00ebr\u00eb p\u00ebr para"}]},{"@type":"WebSite","@id":"https:\/\/permbledhja.com\/#website","url":"https:\/\/permbledhja.com\/","name":"Ve\u00e7 artikuj p\u00ebrmbledh\u00ebs","description":"","publisher":{"@id":"https:\/\/permbledhja.com\/#organization"},"potentialAction":[{"@type":"SearchAction","target":{"@type":"EntryPoint","urlTemplate":"https:\/\/permbledhja.com\/?s={search_term_string}"},"query-input":"required name=search_term_string"}],"inLanguage":"sq"},{"@type":"Organization","@id":"https:\/\/permbledhja.com\/#organization","name":"MK Media & Pr","url":"https:\/\/permbledhja.com\/","logo":{"@type":"ImageObject","inLanguage":"sq","@id":"https:\/\/permbledhja.com\/#\/schema\/logo\/image\/","url":"https:\/\/permbledhja.com\/wp-content\/uploads\/2021\/12\/07-Press-Logo.jpg","contentUrl":"https:\/\/permbledhja.com\/wp-content\/uploads\/2021\/12\/07-Press-Logo.jpg","width":512,"height":512,"caption":"MK Media & Pr"},"image":{"@id":"https:\/\/permbledhja.com\/#\/schema\/logo\/image\/"},"sameAs":["https:\/\/www.facebook.com\/press07\/"]},{"@type":"Person","@id":"https:\/\/permbledhja.com\/#\/schema\/person\/d23f13f59b5722643933d6780783acf3","name":"M M","image":{"@type":"ImageObject","inLanguage":"sq","@id":"https:\/\/permbledhja.com\/#\/schema\/person\/image\/","url":"https:\/\/secure.gravatar.com\/avatar\/e2835a76ca7c31a2416b2d51c4ec9a8f?s=96&d=mm&r=g","contentUrl":"https:\/\/secure.gravatar.com\/avatar\/e2835a76ca7c31a2416b2d51c4ec9a8f?s=96&d=mm&r=g","caption":"M M"},"sameAs":["http:\/\/MM"],"url":"https:\/\/permbledhja.com\/sq\/author\/muhamet\/"}]}},"_links":{"self":[{"href":"https:\/\/permbledhja.com\/sq\/wp-json\/wp\/v2\/posts\/38875"}],"collection":[{"href":"https:\/\/permbledhja.com\/sq\/wp-json\/wp\/v2\/posts"}],"about":[{"href":"https:\/\/permbledhja.com\/sq\/wp-json\/wp\/v2\/types\/post"}],"author":[{"embeddable":true,"href":"https:\/\/permbledhja.com\/sq\/wp-json\/wp\/v2\/users\/2"}],"replies":[{"embeddable":true,"href":"https:\/\/permbledhja.com\/sq\/wp-json\/wp\/v2\/comments?post=38875"}],"version-history":[{"count":1,"href":"https:\/\/permbledhja.com\/sq\/wp-json\/wp\/v2\/posts\/38875\/revisions"}],"predecessor-version":[{"id":38877,"href":"https:\/\/permbledhja.com\/sq\/wp-json\/wp\/v2\/posts\/38875\/revisions\/38877"}],"wp:featuredmedia":[{"embeddable":true,"href":"https:\/\/permbledhja.com\/sq\/wp-json\/wp\/v2\/media\/38876"}],"wp:attachment":[{"href":"https:\/\/permbledhja.com\/sq\/wp-json\/wp\/v2\/media?parent=38875"}],"wp:term":[{"taxonomy":"category","embeddable":true,"href":"https:\/\/permbledhja.com\/sq\/wp-json\/wp\/v2\/categories?post=38875"},{"taxonomy":"post_tag","embeddable":true,"href":"https:\/\/permbledhja.com\/sq\/wp-json\/wp\/v2\/tags?post=38875"}],"curies":[{"name":"wp","href":"https:\/\/api.w.org\/{rel}","templated":true}]}}