{"id":38870,"date":"2023-12-07T07:17:25","date_gmt":"2023-12-07T07:17:25","guid":{"rendered":"https:\/\/permbledhja.com\/?p=38870"},"modified":"2023-12-07T08:16:34","modified_gmt":"2023-12-07T08:16:34","slug":"rohde-nese-dialogu-ec-ne-drejtimin-e-duhur-peseshja-e-be-se-do-ta-njohe-kosoven","status":"publish","type":"post","link":"https:\/\/permbledhja.com\/sq\/rohde-nese-dialogu-ec-ne-drejtimin-e-duhur-peseshja-e-be-se-do-ta-njohe-kosoven\/","title":{"rendered":"Rohde: N\u00ebse dialogu ec n\u00eb drejtimin e duhur, pes\u00ebshja e BE-s\u00eb do ta njoh\u00eb Kosov\u00ebn"},"content":{"rendered":"<h3>Ambasadori i Gjermanis\u00eb n\u00eb Prishtin\u00eb, Joern Rohde, ka th\u00ebn\u00eb se p\u00ebrparimi n\u00eb procesin e dialogut me Serbin\u00eb, mund t\u00eb sjell\u00eb njohjen e pavar\u00ebsis\u00eb s\u00eb Kosov\u00ebs nga pes\u00ebshja mosnjoh\u00ebse e Bashkimit Evropian.<\/h3>\n<p>Rohde \u00ebsht\u00eb shprehur se m\u00ebnyra kryesore p\u00ebr t\u00eb bindur vendet e BE-s\u00eb, \u00ebsht\u00eb q\u00eb t\u00eb tregohet se Kosova po b\u00ebn gjith\u00e7ka p\u00ebr t\u00eb zgjidhur konfliktin.<\/p>\n<p>Sipas tij, k\u00ebta partner\u00eb kan\u00eb deklaruar se jan\u00eb t\u00eb gatsh\u00ebm t\u00eb vazhdojn\u00eb kur zgjidhje e konfliktit t\u00eb shkoj\u00eb n\u00eb kahje t\u00eb drejt\u00eb.<\/p>\n<p>\u201c<em>Dua t\u00eb them ju mund t\u00eb shihni deklaratat publike,\u00a0 prap\u00eb m\u00ebnyra kryesore p\u00ebr t\u00eb bindur k\u00ebto vende \u00ebsht\u00eb duke ju treguar q\u00eb po b\u00ebni gjith\u00e7ka p\u00ebr t\u00eb zgjidhur konfliktin dhe \u00ebsht\u00eb m\u00eb se e sigurt q\u00eb nuk luan ndonj\u00eb rol t\u00eb madh n\u00ebse nuk b\u00ebni nj\u00eb hap tutje n\u00eb \u00e7\u00ebshtjet n\u00eb t\u00eb cilat Kosova duhet t\u00eb l\u00ebviz\u00eb.\u00a0 Ajo q\u00eb dua t\u00eb them \u00ebsht\u00eb se k\u00ebta partner\u00eb, t\u00eb gjith\u00eb deklaruan se ata jan\u00eb t\u00eb gatsh\u00ebm t\u00eb vazhdojn\u00eb kur zgjidhja e konfliktit t\u00eb shkoj\u00eb n\u00eb kahje t\u00eb drejt\u00eb. Ata duan t\u00eb shohin Kosov\u00ebn dhe Serbin\u00eb t\u00eb p\u00ebrparoj\u00eb, por kjo \u00ebsht\u00eb sfida dhe \u00e7\u00ebshtja q\u00eb duhet adresuar Qeveris\u00eb s\u00eb Kosov\u00ebs, gj\u00eb q\u00eb po e b\u00ebjm\u00eb edhe ne. Gjithashtu p\u00ebr k\u00ebt\u00eb jemi duke diskutuar k\u00ebtu dhe jam 100 % i sigurt se njohja nga k\u00ebto 5 vende do t\u00eb arrihet, n\u00ebse dialogu ec\u00eb n\u00eb drejtimin e duhur<\/em>\u201d, tha ambasadori gjerman n\u00eb nj\u00eb intervist\u00eb p\u00ebr t\u00ebv\u00eb1.<\/p>\n<p>Ndryshe, pes\u00eb vendet e BE-s\u00eb, Spanja, Greqia, Qipro, Sllovakia dhe Rumania, nuk e njohin ende Kosov\u00ebn si shtet t\u00eb pavarur dhe sovran.<\/p>\n","protected":false},"excerpt":{"rendered":"<p>Ambasadori i Gjermanis\u00eb n\u00eb Prishtin\u00eb, Joern Rohde, ka th\u00ebn\u00eb se p\u00ebrparimi n\u00eb procesin e dialogut me Serbin\u00eb, mund t\u00eb sjell\u00eb njohjen e pavar\u00ebsis\u00eb s\u00eb Kosov\u00ebs nga pes\u00ebshja mosnjoh\u00ebse e Bashkimit Evropian. Rohde \u00ebsht\u00eb shprehur se m\u00ebnyra kryesore p\u00ebr t\u00eb bindur vendet e BE-s\u00eb, \u00ebsht\u00eb q\u00eb t\u00eb tregohet se Kosova po b\u00ebn gjith\u00e7ka p\u00ebr t\u00eb zgjidhur [&hellip;]<\/p>\n","protected":false},"author":2,"featured_media":36807,"comment_status":"closed","ping_status":"closed","sticky":false,"template":"","format":"standard","meta":{"_monsterinsights_skip_tracking":false,"_monsterinsights_sitenote_active":false,"_monsterinsights_sitenote_note":"","_monsterinsights_sitenote_category":0,"_uf_show_specific_survey":0,"_uf_disable_surveys":false,"footnotes":""},"categories":[2645],"tags":[955],"yoast_head":"<!-- This site is optimized with the Yoast SEO plugin v21.5 - https:\/\/yoast.com\/wordpress\/plugins\/seo\/ -->\n<title>Rohde: N\u00ebse dialogu ec n\u00eb drejtimin e duhur, pes\u00ebshja e BE-s\u00eb do ta njoh\u00eb Kosov\u00ebn<\/title>\n<meta name=\"robots\" content=\"index, follow, max-snippet:-1, max-image-preview:large, max-video-preview:-1\" \/>\n<link rel=\"canonical\" href=\"https:\/\/permbledhja.com\/sq\/rohde-nese-dialogu-ec-ne-drejtimin-e-duhur-peseshja-e-be-se-do-ta-njohe-kosoven\/\" \/>\n<meta property=\"og:locale\" content=\"sq_AL\" \/>\n<meta property=\"og:type\" content=\"article\" \/>\n<meta property=\"og:title\" content=\"Rohde: N\u00ebse dialogu ec n\u00eb drejtimin e duhur, pes\u00ebshja e BE-s\u00eb do ta njoh\u00eb Kosov\u00ebn\" \/>\n<meta property=\"og:description\" content=\"Ambasadori i Gjermanis\u00eb n\u00eb Prishtin\u00eb, Joern Rohde, ka th\u00ebn\u00eb se p\u00ebrparimi n\u00eb procesin e dialogut me Serbin\u00eb, mund t\u00eb sjell\u00eb njohjen e pavar\u00ebsis\u00eb s\u00eb Kosov\u00ebs nga pes\u00ebshja mosnjoh\u00ebse e Bashkimit Evropian. Rohde \u00ebsht\u00eb shprehur se m\u00ebnyra kryesore p\u00ebr t\u00eb bindur vendet e BE-s\u00eb, \u00ebsht\u00eb q\u00eb t\u00eb tregohet se Kosova po b\u00ebn gjith\u00e7ka p\u00ebr t\u00eb zgjidhur [&hellip;]\" \/>\n<meta property=\"og:url\" content=\"https:\/\/permbledhja.com\/sq\/rohde-nese-dialogu-ec-ne-drejtimin-e-duhur-peseshja-e-be-se-do-ta-njohe-kosoven\/\" \/>\n<meta property=\"og:site_name\" content=\"Ve\u00e7 artikuj p\u00ebrmbledh\u00ebs\" \/>\n<meta property=\"article:publisher\" content=\"https:\/\/www.facebook.com\/press07\/\" \/>\n<meta property=\"article:published_time\" content=\"2023-12-07T07:17:25+00:00\" \/>\n<meta property=\"article:modified_time\" content=\"2023-12-07T08:16:34+00:00\" \/>\n<meta property=\"og:image\" content=\"https:\/\/permbledhja.com\/wp-content\/uploads\/2023\/11\/auto_rohde-121683724260.jpg\" \/>\n\t<meta property=\"og:image:width\" content=\"850\" \/>\n\t<meta property=\"og:image:height\" content=\"470\" \/>\n\t<meta property=\"og:image:type\" content=\"image\/jpeg\" \/>\n<meta name=\"author\" content=\"M M\" \/>\n<meta name=\"twitter:card\" content=\"summary_large_image\" \/>\n<meta name=\"twitter:label1\" content=\"Written by\" \/>\n\t<meta name=\"twitter:data1\" content=\"M M\" \/>\n\t<meta name=\"twitter:label2\" content=\"Est. reading time\" \/>\n\t<meta name=\"twitter:data2\" content=\"2 minuta\" \/>\n<script type=\"application\/ld+json\" class=\"yoast-schema-graph\">{\"@context\":\"https:\/\/schema.org\",\"@graph\":[{\"@type\":\"Article\",\"@id\":\"https:\/\/permbledhja.com\/sq\/rohde-nese-dialogu-ec-ne-drejtimin-e-duhur-peseshja-e-be-se-do-ta-njohe-kosoven\/#article\",\"isPartOf\":{\"@id\":\"https:\/\/permbledhja.com\/sq\/rohde-nese-dialogu-ec-ne-drejtimin-e-duhur-peseshja-e-be-se-do-ta-njohe-kosoven\/\"},\"author\":{\"name\":\"M M\",\"@id\":\"https:\/\/permbledhja.com\/#\/schema\/person\/d23f13f59b5722643933d6780783acf3\"},\"headline\":\"Rohde: N\u00ebse dialogu ec n\u00eb drejtimin e duhur, pes\u00ebshja e BE-s\u00eb do ta njoh\u00eb Kosov\u00ebn\",\"datePublished\":\"2023-12-07T07:17:25+00:00\",\"dateModified\":\"2023-12-07T08:16:34+00:00\",\"mainEntityOfPage\":{\"@id\":\"https:\/\/permbledhja.com\/sq\/rohde-nese-dialogu-ec-ne-drejtimin-e-duhur-peseshja-e-be-se-do-ta-njohe-kosoven\/\"},\"wordCount\":302,\"publisher\":{\"@id\":\"https:\/\/permbledhja.com\/#organization\"},\"keywords\":[\"Rohde\"],\"articleSection\":[\"T\u00eb r\u00ebnd\u00ebsishme\"],\"inLanguage\":\"sq\"},{\"@type\":\"WebPage\",\"@id\":\"https:\/\/permbledhja.com\/sq\/rohde-nese-dialogu-ec-ne-drejtimin-e-duhur-peseshja-e-be-se-do-ta-njohe-kosoven\/\",\"url\":\"https:\/\/permbledhja.com\/sq\/rohde-nese-dialogu-ec-ne-drejtimin-e-duhur-peseshja-e-be-se-do-ta-njohe-kosoven\/\",\"name\":\"Rohde: N\u00ebse dialogu ec n\u00eb drejtimin e duhur, pes\u00ebshja e BE-s\u00eb do ta njoh\u00eb Kosov\u00ebn\",\"isPartOf\":{\"@id\":\"https:\/\/permbledhja.com\/#website\"},\"datePublished\":\"2023-12-07T07:17:25+00:00\",\"dateModified\":\"2023-12-07T08:16:34+00:00\",\"breadcrumb\":{\"@id\":\"https:\/\/permbledhja.com\/sq\/rohde-nese-dialogu-ec-ne-drejtimin-e-duhur-peseshja-e-be-se-do-ta-njohe-kosoven\/#breadcrumb\"},\"inLanguage\":\"sq\",\"potentialAction\":[{\"@type\":\"ReadAction\",\"target\":[\"https:\/\/permbledhja.com\/sq\/rohde-nese-dialogu-ec-ne-drejtimin-e-duhur-peseshja-e-be-se-do-ta-njohe-kosoven\/\"]}]},{\"@type\":\"BreadcrumbList\",\"@id\":\"https:\/\/permbledhja.com\/sq\/rohde-nese-dialogu-ec-ne-drejtimin-e-duhur-peseshja-e-be-se-do-ta-njohe-kosoven\/#breadcrumb\",\"itemListElement\":[{\"@type\":\"ListItem\",\"position\":1,\"name\":\"Ballina\",\"item\":\"https:\/\/permbledhja.com\/sq\/\"},{\"@type\":\"ListItem\",\"position\":2,\"name\":\"Rohde: N\u00ebse dialogu ec n\u00eb drejtimin e duhur, pes\u00ebshja e BE-s\u00eb do ta njoh\u00eb Kosov\u00ebn\"}]},{\"@type\":\"WebSite\",\"@id\":\"https:\/\/permbledhja.com\/#website\",\"url\":\"https:\/\/permbledhja.com\/\",\"name\":\"Ve\u00e7 artikuj p\u00ebrmbledh\u00ebs\",\"description\":\"\",\"publisher\":{\"@id\":\"https:\/\/permbledhja.com\/#organization\"},\"potentialAction\":[{\"@type\":\"SearchAction\",\"target\":{\"@type\":\"EntryPoint\",\"urlTemplate\":\"https:\/\/permbledhja.com\/?s={search_term_string}\"},\"query-input\":\"required name=search_term_string\"}],\"inLanguage\":\"sq\"},{\"@type\":\"Organization\",\"@id\":\"https:\/\/permbledhja.com\/#organization\",\"name\":\"MK Media & Pr\",\"url\":\"https:\/\/permbledhja.com\/\",\"logo\":{\"@type\":\"ImageObject\",\"inLanguage\":\"sq\",\"@id\":\"https:\/\/permbledhja.com\/#\/schema\/logo\/image\/\",\"url\":\"https:\/\/permbledhja.com\/wp-content\/uploads\/2021\/12\/07-Press-Logo.jpg\",\"contentUrl\":\"https:\/\/permbledhja.com\/wp-content\/uploads\/2021\/12\/07-Press-Logo.jpg\",\"width\":512,\"height\":512,\"caption\":\"MK Media & Pr\"},\"image\":{\"@id\":\"https:\/\/permbledhja.com\/#\/schema\/logo\/image\/\"},\"sameAs\":[\"https:\/\/www.facebook.com\/press07\/\"]},{\"@type\":\"Person\",\"@id\":\"https:\/\/permbledhja.com\/#\/schema\/person\/d23f13f59b5722643933d6780783acf3\",\"name\":\"M M\",\"image\":{\"@type\":\"ImageObject\",\"inLanguage\":\"sq\",\"@id\":\"https:\/\/permbledhja.com\/#\/schema\/person\/image\/\",\"url\":\"https:\/\/secure.gravatar.com\/avatar\/e2835a76ca7c31a2416b2d51c4ec9a8f?s=96&d=mm&r=g\",\"contentUrl\":\"https:\/\/secure.gravatar.com\/avatar\/e2835a76ca7c31a2416b2d51c4ec9a8f?s=96&d=mm&r=g\",\"caption\":\"M M\"},\"sameAs\":[\"http:\/\/MM\"],\"url\":\"https:\/\/permbledhja.com\/sq\/author\/muhamet\/\"}]}<\/script>\n<!-- \/ Yoast SEO plugin. -->","yoast_head_json":{"title":"Rohde: N\u00ebse dialogu ec n\u00eb drejtimin e duhur, pes\u00ebshja e BE-s\u00eb do ta njoh\u00eb Kosov\u00ebn","robots":{"index":"index","follow":"follow","max-snippet":"max-snippet:-1","max-image-preview":"max-image-preview:large","max-video-preview":"max-video-preview:-1"},"canonical":"https:\/\/permbledhja.com\/sq\/rohde-nese-dialogu-ec-ne-drejtimin-e-duhur-peseshja-e-be-se-do-ta-njohe-kosoven\/","og_locale":"sq_AL","og_type":"article","og_title":"Rohde: N\u00ebse dialogu ec n\u00eb drejtimin e duhur, pes\u00ebshja e BE-s\u00eb do ta njoh\u00eb Kosov\u00ebn","og_description":"Ambasadori i Gjermanis\u00eb n\u00eb Prishtin\u00eb, Joern Rohde, ka th\u00ebn\u00eb se p\u00ebrparimi n\u00eb procesin e dialogut me Serbin\u00eb, mund t\u00eb sjell\u00eb njohjen e pavar\u00ebsis\u00eb s\u00eb Kosov\u00ebs nga pes\u00ebshja mosnjoh\u00ebse e Bashkimit Evropian. Rohde \u00ebsht\u00eb shprehur se m\u00ebnyra kryesore p\u00ebr t\u00eb bindur vendet e BE-s\u00eb, \u00ebsht\u00eb q\u00eb t\u00eb tregohet se Kosova po b\u00ebn gjith\u00e7ka p\u00ebr t\u00eb zgjidhur [&hellip;]","og_url":"https:\/\/permbledhja.com\/sq\/rohde-nese-dialogu-ec-ne-drejtimin-e-duhur-peseshja-e-be-se-do-ta-njohe-kosoven\/","og_site_name":"Ve\u00e7 artikuj p\u00ebrmbledh\u00ebs","article_publisher":"https:\/\/www.facebook.com\/press07\/","article_published_time":"2023-12-07T07:17:25+00:00","article_modified_time":"2023-12-07T08:16:34+00:00","og_image":[{"width":850,"height":470,"url":"https:\/\/permbledhja.com\/wp-content\/uploads\/2023\/11\/auto_rohde-121683724260.jpg","type":"image\/jpeg"}],"author":"M M","twitter_card":"summary_large_image","twitter_misc":{"Written by":"M M","Est. reading time":"2 minuta"},"schema":{"@context":"https:\/\/schema.org","@graph":[{"@type":"Article","@id":"https:\/\/permbledhja.com\/sq\/rohde-nese-dialogu-ec-ne-drejtimin-e-duhur-peseshja-e-be-se-do-ta-njohe-kosoven\/#article","isPartOf":{"@id":"https:\/\/permbledhja.com\/sq\/rohde-nese-dialogu-ec-ne-drejtimin-e-duhur-peseshja-e-be-se-do-ta-njohe-kosoven\/"},"author":{"name":"M M","@id":"https:\/\/permbledhja.com\/#\/schema\/person\/d23f13f59b5722643933d6780783acf3"},"headline":"Rohde: N\u00ebse dialogu ec n\u00eb drejtimin e duhur, pes\u00ebshja e BE-s\u00eb do ta njoh\u00eb Kosov\u00ebn","datePublished":"2023-12-07T07:17:25+00:00","dateModified":"2023-12-07T08:16:34+00:00","mainEntityOfPage":{"@id":"https:\/\/permbledhja.com\/sq\/rohde-nese-dialogu-ec-ne-drejtimin-e-duhur-peseshja-e-be-se-do-ta-njohe-kosoven\/"},"wordCount":302,"publisher":{"@id":"https:\/\/permbledhja.com\/#organization"},"keywords":["Rohde"],"articleSection":["T\u00eb r\u00ebnd\u00ebsishme"],"inLanguage":"sq"},{"@type":"WebPage","@id":"https:\/\/permbledhja.com\/sq\/rohde-nese-dialogu-ec-ne-drejtimin-e-duhur-peseshja-e-be-se-do-ta-njohe-kosoven\/","url":"https:\/\/permbledhja.com\/sq\/rohde-nese-dialogu-ec-ne-drejtimin-e-duhur-peseshja-e-be-se-do-ta-njohe-kosoven\/","name":"Rohde: N\u00ebse dialogu ec n\u00eb drejtimin e duhur, pes\u00ebshja e BE-s\u00eb do ta njoh\u00eb Kosov\u00ebn","isPartOf":{"@id":"https:\/\/permbledhja.com\/#website"},"datePublished":"2023-12-07T07:17:25+00:00","dateModified":"2023-12-07T08:16:34+00:00","breadcrumb":{"@id":"https:\/\/permbledhja.com\/sq\/rohde-nese-dialogu-ec-ne-drejtimin-e-duhur-peseshja-e-be-se-do-ta-njohe-kosoven\/#breadcrumb"},"inLanguage":"sq","potentialAction":[{"@type":"ReadAction","target":["https:\/\/permbledhja.com\/sq\/rohde-nese-dialogu-ec-ne-drejtimin-e-duhur-peseshja-e-be-se-do-ta-njohe-kosoven\/"]}]},{"@type":"BreadcrumbList","@id":"https:\/\/permbledhja.com\/sq\/rohde-nese-dialogu-ec-ne-drejtimin-e-duhur-peseshja-e-be-se-do-ta-njohe-kosoven\/#breadcrumb","itemListElement":[{"@type":"ListItem","position":1,"name":"Ballina","item":"https:\/\/permbledhja.com\/sq\/"},{"@type":"ListItem","position":2,"name":"Rohde: N\u00ebse dialogu ec n\u00eb drejtimin e duhur, pes\u00ebshja e BE-s\u00eb do ta njoh\u00eb Kosov\u00ebn"}]},{"@type":"WebSite","@id":"https:\/\/permbledhja.com\/#website","url":"https:\/\/permbledhja.com\/","name":"Ve\u00e7 artikuj p\u00ebrmbledh\u00ebs","description":"","publisher":{"@id":"https:\/\/permbledhja.com\/#organization"},"potentialAction":[{"@type":"SearchAction","target":{"@type":"EntryPoint","urlTemplate":"https:\/\/permbledhja.com\/?s={search_term_string}"},"query-input":"required name=search_term_string"}],"inLanguage":"sq"},{"@type":"Organization","@id":"https:\/\/permbledhja.com\/#organization","name":"MK Media & Pr","url":"https:\/\/permbledhja.com\/","logo":{"@type":"ImageObject","inLanguage":"sq","@id":"https:\/\/permbledhja.com\/#\/schema\/logo\/image\/","url":"https:\/\/permbledhja.com\/wp-content\/uploads\/2021\/12\/07-Press-Logo.jpg","contentUrl":"https:\/\/permbledhja.com\/wp-content\/uploads\/2021\/12\/07-Press-Logo.jpg","width":512,"height":512,"caption":"MK Media & Pr"},"image":{"@id":"https:\/\/permbledhja.com\/#\/schema\/logo\/image\/"},"sameAs":["https:\/\/www.facebook.com\/press07\/"]},{"@type":"Person","@id":"https:\/\/permbledhja.com\/#\/schema\/person\/d23f13f59b5722643933d6780783acf3","name":"M M","image":{"@type":"ImageObject","inLanguage":"sq","@id":"https:\/\/permbledhja.com\/#\/schema\/person\/image\/","url":"https:\/\/secure.gravatar.com\/avatar\/e2835a76ca7c31a2416b2d51c4ec9a8f?s=96&d=mm&r=g","contentUrl":"https:\/\/secure.gravatar.com\/avatar\/e2835a76ca7c31a2416b2d51c4ec9a8f?s=96&d=mm&r=g","caption":"M M"},"sameAs":["http:\/\/MM"],"url":"https:\/\/permbledhja.com\/sq\/author\/muhamet\/"}]}},"_links":{"self":[{"href":"https:\/\/permbledhja.com\/sq\/wp-json\/wp\/v2\/posts\/38870"}],"collection":[{"href":"https:\/\/permbledhja.com\/sq\/wp-json\/wp\/v2\/posts"}],"about":[{"href":"https:\/\/permbledhja.com\/sq\/wp-json\/wp\/v2\/types\/post"}],"author":[{"embeddable":true,"href":"https:\/\/permbledhja.com\/sq\/wp-json\/wp\/v2\/users\/2"}],"replies":[{"embeddable":true,"href":"https:\/\/permbledhja.com\/sq\/wp-json\/wp\/v2\/comments?post=38870"}],"version-history":[{"count":2,"href":"https:\/\/permbledhja.com\/sq\/wp-json\/wp\/v2\/posts\/38870\/revisions"}],"predecessor-version":[{"id":38890,"href":"https:\/\/permbledhja.com\/sq\/wp-json\/wp\/v2\/posts\/38870\/revisions\/38890"}],"wp:featuredmedia":[{"embeddable":true,"href":"https:\/\/permbledhja.com\/sq\/wp-json\/wp\/v2\/media\/36807"}],"wp:attachment":[{"href":"https:\/\/permbledhja.com\/sq\/wp-json\/wp\/v2\/media?parent=38870"}],"wp:term":[{"taxonomy":"category","embeddable":true,"href":"https:\/\/permbledhja.com\/sq\/wp-json\/wp\/v2\/categories?post=38870"},{"taxonomy":"post_tag","embeddable":true,"href":"https:\/\/permbledhja.com\/sq\/wp-json\/wp\/v2\/tags?post=38870"}],"curies":[{"name":"wp","href":"https:\/\/api.w.org\/{rel}","templated":true}]}}