{"id":38762,"date":"2023-12-06T07:53:08","date_gmt":"2023-12-06T07:53:08","guid":{"rendered":"https:\/\/permbledhja.com\/?p=38762"},"modified":"2023-12-06T07:53:08","modified_gmt":"2023-12-06T07:53:08","slug":"per-kaq-euro-do-te-rriten-pagat-e-mesimdhenesve-nga-janari","status":"publish","type":"post","link":"https:\/\/permbledhja.com\/sq\/per-kaq-euro-do-te-rriten-pagat-e-mesimdhenesve-nga-janari\/","title":{"rendered":"P\u00ebr kaq euro do t\u00eb rriten pagat e m\u00ebsimdh\u00ebn\u00ebsve nga janari"},"content":{"rendered":"<h3>28 euro respektivisht 29 euro do t\u00eb ken\u00eb rritje n\u00eb paga m\u00ebsimdh\u00ebn\u00ebsit nga janari i vitit t\u00eb ardhsh\u00ebm.<\/h3>\n<p>Kjo, pasi q\u00eb vlera e koeficientit nga 105 euro sa \u00ebsht\u00eb k\u00ebt\u00eb vit, m\u00eb 2024 do t\u00eb jet\u00eb 110 euro.<\/p>\n<p>Kryetari i Sindikat\u00ebs s\u00eb Bashkuar t\u00eb Arsimit, Shkenc\u00ebs dhe Kultur\u00ebs, Rrahman Jasharaj, ka deklaruar se kjo \u00ebsht\u00eb nj\u00eb ngritje irrituese.<\/p>\n<p>\u201cNga analizat e para q\u00eb i kemi b\u00ebr\u00eb duke marr\u00eb p\u00ebr baz\u00eb vendimin e Qeveris\u00eb p\u00ebr ngritje nga 105 n\u00eb 110 euro t\u00eb koeficientit kemi ardh\u00eb n\u00eb p\u00ebrfundim se ngritja bie fjala nga paga e dhjetorit me at\u00eb t\u00eb janarit ngritja p\u00ebr arsimin parafillor, fillor, t\u00eb mes\u00ebm t\u00eb ul\u00ebt do t\u00eb jet\u00eb 28 euro, nd\u00ebrsa n\u00eb arsimin e mes\u00ebm t\u00eb lart\u00eb ngritja do t\u00eb jet\u00eb 29 euro. Pra, nj\u00eb ngritje ironike q\u00eb krijon dhe ka krijuar po them nj\u00eb revolt\u00eb nj\u00eb pak\u00ebnaq\u00ebsi shtes\u00eb\u201d,\u00a0ka treguar Jsharaj<\/p>\n<p>Sipas tij, pak\u00ebnaq\u00ebsit\u00eb nga pun\u00ebtor\u00ebt e arsimit jan\u00eb t\u00eb m\u00ebdha dhe do t\u00eb shtohen edhe m\u00eb shum\u00eb.<\/p>\n<p>\u201cPak\u00ebnaq\u00ebsit\u00eb jan\u00eb dhe do t\u00eb shtohen ngase n\u00eb vend q\u00eb t\u00eb mobilizohen, n\u00eb vend q\u00eb t\u00eb inkurajohen m\u00ebsimdh\u00ebn\u00ebsit p\u00ebr pun\u00eb m\u00eb t\u00eb madhe ata me k\u00ebt\u00eb ligj jan\u00eb t\u00eb zhg\u00ebnjyer dhe ky zhg\u00ebnjim nuk \u00ebsht\u00eb i mir\u00eb dhe nuk sjell\u00eb rezultatet e pritura n\u00eb arsim\u201d,\u00a0ka shtuar ai.<\/p>\n<p>Ai thot\u00eb se do t\u00eb k\u00ebrkojn\u00eb p\u00ebrs\u00ebri nga deputet\u00ebt q\u00eb t\u00eb ngrisin z\u00ebrin rreth k\u00ebsaj \u00e7\u00ebshtjeje, ani pse deklaron se nuk pret ndonj\u00eb rezultat.<ins><\/ins><\/p>\n<p>\u201cNe jemi angazhuar dhe do t\u00eb angazhohemi q\u00eb p\u00ebrmes letrave drejtuar deputet\u00ebve t\u00eb pozit\u00ebs dhe opozit\u00ebs q\u00eb ata ta ngrisin z\u00ebrin n\u00eb mos po ndodh\u00eb ndonj\u00eb ndryshim eventual gj\u00eb t\u00eb cil\u00ebn nuk e presim shum\u00eb ngase u pa edhe rezoluta, u pan\u00eb edhe debatet q\u00eb nuk dhan\u00eb fryt, sepse Qeveria k\u00ebmb\u00ebngul n\u00eb vendimet e veta dhe do t\u00eb kemi edhe nj\u00eb pak\u00ebnaq\u00ebsi n\u00eb sektorin e arsimit\u201d,\u00a0\u00ebsht\u00eb shprehur nd\u00ebr t\u00eb tjera Jasharaj p\u00ebr Front Online.<\/p>\n<p>Nuk din se \u00e7far\u00eb do t\u00eb ndodh\u00eb nga janari e tutje lidhur me at\u00eb se a mund t\u00eb ket\u00eb greva e protesta, pasi q\u00eb pak\u00ebnaq\u00ebsit\u00eb rreth k\u00ebaj vlere po del t\u00eb jen\u00eb t\u00eb m\u00ebdha.<\/p>\n<p>\u201cSe \u00e7far\u00eb do t\u00eb b\u00ebjm\u00eb nga janari e tutje nuk mund ta them tani. Nuk kemi k\u00ebrkesa momentale nga terreni p\u00ebr ndonj\u00eb veprim sindikal dhe k\u00ebshtu q\u00eb ne do t\u00eb b\u00ebjm\u00eb t\u00eb gjith\u00eb angazhimet e mundshme q\u00eb p\u00ebrmes dialogut, q\u00eb p\u00ebrmes shkresave mos po ndikojm\u00eb q\u00eb Qeveria, gjegj\u00ebsisht parlamenti ta ndryshoj\u00eb vendimin p\u00ebr vler\u00ebn e ngritjes s\u00eb koeficientit vet\u00ebm p\u00ebr 5 euro\u201d,\u00a0ka th\u00ebn\u00eb i pari i SBASHK-ut.<\/p>\n<p>Por, Jasharaj ka nj\u00eb shqet\u00ebsim.<\/p>\n<p>Ai frikohet se n\u00eb t\u00eb ardhmen Kosova do t\u00eb mbetet pa m\u00ebsimdh\u00ebn\u00ebs.<\/p>\n<p>E, krejt kjo p\u00ebr shkak q\u00eb k\u00ebta t\u00eb fundit jan\u00eb t\u00eb zhg\u00ebnjyer me ngritjen q\u00eb po iu b\u00ebhet n\u00eb pag\u00eb.<ins><\/ins><\/p>\n<p>\u201cKjo ngritje kaq e ul\u00ebt ka krijuar shqet\u00ebsime t\u00eb m\u00ebdha dhe shihet edhe t\u00eb zhg\u00ebnjimi i madh i pun\u00ebtor\u00ebve t\u00eb arsimit dhe kjo mbase ka ndikuar q\u00eb edhe t\u00eb shtohen k\u00ebrkesat p\u00ebr pushim pa pages\u00eb nj\u00eb vit edhe pse koleg\u00ebt q\u00eb k\u00ebrkojn\u00eb k\u00ebt\u00eb pushim paraqesin arsyetime t\u00eb ndryshme un\u00eb kam frik\u00ebn se ata me t\u00eb ardhur janari do t\u00eb provojn\u00eb q\u00eb t\u00eb shkojn\u00eb dikund tjet\u00ebr qoft\u00eb edhe jasht\u00eb apo edhe n\u00eb ndonj\u00eb sektor tjet\u00ebr, dhe n\u00ebse e gjejn\u00eb veten atje ata nuk do t\u2019i kthehen sektorit t\u00eb arsimit dhe n\u00eb k\u00ebt\u00eb m\u00ebnyr\u00eb do t\u00eb b\u00ebhet si shprehi dhe mund t\u00eb vihet n\u00eb rrezik edhe sistemi arsimor n\u00eb t\u00eb ardhmen n\u00eb munges\u00eb t\u00eb kuadrove\u201d,\u00a0\u00ebsht\u00eb shprehur Jasharaj.<\/p>\n<p>Rritjen m\u00eb t\u00eb madhe t\u00eb pagave, do ta ken\u00eb ata q\u00eb e kan\u00eb koeficient m\u00eb t\u00eb lart\u00eb.<\/p>\n<p>N\u00eb baz\u00eb t\u00eb ligjit n\u00eb Kosov\u00eb koeficientin m\u00eb t\u00eb madh e ka Presidentja e Kosov\u00ebs (18).<\/p>\n<p>Paga e Presidentes me rritjen e koeficientit t\u00eb pagave nga 1890 euro sa e ka aktualisht, shkon n\u00eb 1,980 (90 euro rritje).<\/p>\n<p>Paga e kryetarit t\u00eb Gjykat\u00ebs Kushtetuese nga 1837 euro, shkon n\u00eb 1925 euro (88 euro rritje).<\/p>\n<p>Paga e kryeministrit, kryetarit t\u00eb Kuvendit, kryetarit t\u00eb Gjykat\u00ebs Supreme, Kryeprokurorit t\u00eb Shtetit rritet p\u00ebr 85 euro (nga 1,785 euro shkon n\u00eb 1,870 euro).<\/p>\n<p>Paga e deputet\u00ebve dhe ministrave rritet p\u00ebr 82 euro (nga 1,722 euro shkon n\u00eb 1,804 euro).<\/p>\n<p>Paga e kryetarit t\u00eb Prishtin\u00ebs dhe komandantit t\u00eb FSK-s\u00eb rritet p\u00ebr 75 euro (nga 1,575 euro shkon n\u00eb 1,650 euro).<\/p>\n<p>Paga e ushtarit t\u00eb FSK-s\u00eb rritet p\u00ebr 28 euro (nga 588 euro shkon n\u00eb 616 euro).<\/p>\n<p>Paga e gardianit t\u00eb burgut rritet p\u00ebr 27.5 euro (nga 577.5 euro shkon n\u00eb 605 euro)<\/p>\n<p>Paga e policit dhe zjarrfik\u00ebsit rritet p\u00ebr 25 euro ( nga 525 euro shkon n\u00eb 550 euro).<\/p>\n<p>Paga e rektorit t\u00eb UP-s\u00eb rritet p\u00ebr 71 euro (nga 1491 shkon n\u00eb 1562 euro)<\/p>\n<p>Paga e profesorit universitar rritet p\u00ebr 62 euro (nga 1302 euro shkon n\u00eb 1364 euro)<\/p>\n<p>Paga e m\u00ebsimdh\u00ebn\u00ebsit t\u00eb shkoll\u00ebs s\u00eb mesme t\u00eb lart\u00eb rritet p\u00ebr 29 euro (nga 609 euro shkon n\u00eb 638 euro)<\/p>\n<p>Paga e m\u00ebsimdh\u00ebn\u00ebsit t\u00eb shkoll\u00ebs s\u00eb mesme t\u00eb ul\u00ebt rritet p\u00ebr 28 euro (nga 588 euro shkon n\u00eb 616 euro)<\/p>\n<p>Paga e edukatorit rritet p\u00ebr 26 euro (nga 546 euro shkon n\u00eb 572 euro)<\/p>\n<p>Paga e mjekut specialist rritet p\u00ebr 60 euro (nga 1,260 euro shkon n\u00eb 1,320 euro)<\/p>\n<p>Paga e infermierit rritet prej 25 deri 30 euro.<\/p>\n","protected":false},"excerpt":{"rendered":"<p>28 euro respektivisht 29 euro do t\u00eb ken\u00eb rritje n\u00eb paga m\u00ebsimdh\u00ebn\u00ebsit nga janari i vitit t\u00eb ardhsh\u00ebm. Kjo, pasi q\u00eb vlera e koeficientit nga 105 euro sa \u00ebsht\u00eb k\u00ebt\u00eb vit, m\u00eb 2024 do t\u00eb jet\u00eb 110 euro. Kryetari i Sindikat\u00ebs s\u00eb Bashkuar t\u00eb Arsimit, Shkenc\u00ebs dhe Kultur\u00ebs, Rrahman Jasharaj, ka deklaruar se kjo \u00ebsht\u00eb [&hellip;]<\/p>\n","protected":false},"author":2,"featured_media":38763,"comment_status":"closed","ping_status":"closed","sticky":false,"template":"","format":"standard","meta":{"_monsterinsights_skip_tracking":false,"_monsterinsights_sitenote_active":false,"_monsterinsights_sitenote_note":"","_monsterinsights_sitenote_category":0,"_uf_show_specific_survey":0,"_uf_disable_surveys":false,"footnotes":""},"categories":[15],"tags":[812],"yoast_head":"<!-- This site is optimized with the Yoast SEO plugin v21.5 - https:\/\/yoast.com\/wordpress\/plugins\/seo\/ -->\n<title>P\u00ebr kaq euro do t\u00eb rriten pagat e m\u00ebsimdh\u00ebn\u00ebsve nga janari<\/title>\n<meta name=\"robots\" content=\"index, follow, max-snippet:-1, max-image-preview:large, max-video-preview:-1\" \/>\n<link rel=\"canonical\" href=\"https:\/\/permbledhja.com\/sq\/per-kaq-euro-do-te-rriten-pagat-e-mesimdhenesve-nga-janari\/\" \/>\n<meta property=\"og:locale\" content=\"sq_AL\" \/>\n<meta property=\"og:type\" content=\"article\" \/>\n<meta property=\"og:title\" content=\"P\u00ebr kaq euro do t\u00eb rriten pagat e m\u00ebsimdh\u00ebn\u00ebsve nga janari\" \/>\n<meta property=\"og:description\" content=\"28 euro respektivisht 29 euro do t\u00eb ken\u00eb rritje n\u00eb paga m\u00ebsimdh\u00ebn\u00ebsit nga janari i vitit t\u00eb ardhsh\u00ebm. Kjo, pasi q\u00eb vlera e koeficientit nga 105 euro sa \u00ebsht\u00eb k\u00ebt\u00eb vit, m\u00eb 2024 do t\u00eb jet\u00eb 110 euro. Kryetari i Sindikat\u00ebs s\u00eb Bashkuar t\u00eb Arsimit, Shkenc\u00ebs dhe Kultur\u00ebs, Rrahman Jasharaj, ka deklaruar se kjo \u00ebsht\u00eb [&hellip;]\" \/>\n<meta property=\"og:url\" content=\"https:\/\/permbledhja.com\/sq\/per-kaq-euro-do-te-rriten-pagat-e-mesimdhenesve-nga-janari\/\" \/>\n<meta property=\"og:site_name\" content=\"Ve\u00e7 artikuj p\u00ebrmbledh\u00ebs\" \/>\n<meta property=\"article:publisher\" content=\"https:\/\/www.facebook.com\/press07\/\" \/>\n<meta property=\"article:published_time\" content=\"2023-12-06T07:53:08+00:00\" \/>\n<meta property=\"og:image\" content=\"https:\/\/permbledhja.com\/wp-content\/uploads\/2023\/12\/parjarroga1-2-600x360-1.jpg\" \/>\n\t<meta property=\"og:image:width\" content=\"600\" \/>\n\t<meta property=\"og:image:height\" content=\"360\" \/>\n\t<meta property=\"og:image:type\" content=\"image\/jpeg\" \/>\n<meta name=\"author\" content=\"M M\" \/>\n<meta name=\"twitter:card\" content=\"summary_large_image\" \/>\n<meta name=\"twitter:label1\" content=\"Written by\" \/>\n\t<meta name=\"twitter:data1\" content=\"M M\" \/>\n\t<meta name=\"twitter:label2\" content=\"Est. reading time\" \/>\n\t<meta name=\"twitter:data2\" content=\"5 minuta\" \/>\n<script type=\"application\/ld+json\" class=\"yoast-schema-graph\">{\"@context\":\"https:\/\/schema.org\",\"@graph\":[{\"@type\":\"Article\",\"@id\":\"https:\/\/permbledhja.com\/per-kaq-euro-do-te-rriten-pagat-e-mesimdhenesve-nga-janari\/#article\",\"isPartOf\":{\"@id\":\"https:\/\/permbledhja.com\/per-kaq-euro-do-te-rriten-pagat-e-mesimdhenesve-nga-janari\/\"},\"author\":{\"name\":\"M M\",\"@id\":\"https:\/\/permbledhja.com\/#\/schema\/person\/d23f13f59b5722643933d6780783acf3\"},\"headline\":\"P\u00ebr kaq euro do t\u00eb rriten pagat e m\u00ebsimdh\u00ebn\u00ebsve nga janari\",\"datePublished\":\"2023-12-06T07:53:08+00:00\",\"dateModified\":\"2023-12-06T07:53:08+00:00\",\"mainEntityOfPage\":{\"@id\":\"https:\/\/permbledhja.com\/per-kaq-euro-do-te-rriten-pagat-e-mesimdhenesve-nga-janari\/\"},\"wordCount\":932,\"publisher\":{\"@id\":\"https:\/\/permbledhja.com\/#organization\"},\"keywords\":[\"Pagat\"],\"articleSection\":[\"Lajme\"],\"inLanguage\":\"sq\"},{\"@type\":\"WebPage\",\"@id\":\"https:\/\/permbledhja.com\/per-kaq-euro-do-te-rriten-pagat-e-mesimdhenesve-nga-janari\/\",\"url\":\"https:\/\/permbledhja.com\/per-kaq-euro-do-te-rriten-pagat-e-mesimdhenesve-nga-janari\/\",\"name\":\"P\u00ebr kaq euro do t\u00eb rriten pagat e m\u00ebsimdh\u00ebn\u00ebsve nga janari\",\"isPartOf\":{\"@id\":\"https:\/\/permbledhja.com\/#website\"},\"datePublished\":\"2023-12-06T07:53:08+00:00\",\"dateModified\":\"2023-12-06T07:53:08+00:00\",\"breadcrumb\":{\"@id\":\"https:\/\/permbledhja.com\/per-kaq-euro-do-te-rriten-pagat-e-mesimdhenesve-nga-janari\/#breadcrumb\"},\"inLanguage\":\"sq\",\"potentialAction\":[{\"@type\":\"ReadAction\",\"target\":[\"https:\/\/permbledhja.com\/per-kaq-euro-do-te-rriten-pagat-e-mesimdhenesve-nga-janari\/\"]}]},{\"@type\":\"BreadcrumbList\",\"@id\":\"https:\/\/permbledhja.com\/per-kaq-euro-do-te-rriten-pagat-e-mesimdhenesve-nga-janari\/#breadcrumb\",\"itemListElement\":[{\"@type\":\"ListItem\",\"position\":1,\"name\":\"Ballina\",\"item\":\"https:\/\/permbledhja.com\/sq\/\"},{\"@type\":\"ListItem\",\"position\":2,\"name\":\"P\u00ebr kaq euro do t\u00eb rriten pagat e m\u00ebsimdh\u00ebn\u00ebsve nga janari\"}]},{\"@type\":\"WebSite\",\"@id\":\"https:\/\/permbledhja.com\/#website\",\"url\":\"https:\/\/permbledhja.com\/\",\"name\":\"Ve\u00e7 artikuj p\u00ebrmbledh\u00ebs\",\"description\":\"\",\"publisher\":{\"@id\":\"https:\/\/permbledhja.com\/#organization\"},\"potentialAction\":[{\"@type\":\"SearchAction\",\"target\":{\"@type\":\"EntryPoint\",\"urlTemplate\":\"https:\/\/permbledhja.com\/?s={search_term_string}\"},\"query-input\":\"required name=search_term_string\"}],\"inLanguage\":\"sq\"},{\"@type\":\"Organization\",\"@id\":\"https:\/\/permbledhja.com\/#organization\",\"name\":\"MK Media & Pr\",\"url\":\"https:\/\/permbledhja.com\/\",\"logo\":{\"@type\":\"ImageObject\",\"inLanguage\":\"sq\",\"@id\":\"https:\/\/permbledhja.com\/#\/schema\/logo\/image\/\",\"url\":\"https:\/\/permbledhja.com\/wp-content\/uploads\/2021\/12\/07-Press-Logo.jpg\",\"contentUrl\":\"https:\/\/permbledhja.com\/wp-content\/uploads\/2021\/12\/07-Press-Logo.jpg\",\"width\":512,\"height\":512,\"caption\":\"MK Media & Pr\"},\"image\":{\"@id\":\"https:\/\/permbledhja.com\/#\/schema\/logo\/image\/\"},\"sameAs\":[\"https:\/\/www.facebook.com\/press07\/\"]},{\"@type\":\"Person\",\"@id\":\"https:\/\/permbledhja.com\/#\/schema\/person\/d23f13f59b5722643933d6780783acf3\",\"name\":\"M M\",\"image\":{\"@type\":\"ImageObject\",\"inLanguage\":\"sq\",\"@id\":\"https:\/\/permbledhja.com\/#\/schema\/person\/image\/\",\"url\":\"https:\/\/secure.gravatar.com\/avatar\/e2835a76ca7c31a2416b2d51c4ec9a8f?s=96&d=mm&r=g\",\"contentUrl\":\"https:\/\/secure.gravatar.com\/avatar\/e2835a76ca7c31a2416b2d51c4ec9a8f?s=96&d=mm&r=g\",\"caption\":\"M M\"},\"sameAs\":[\"http:\/\/MM\"],\"url\":\"https:\/\/permbledhja.com\/sq\/author\/muhamet\/\"}]}<\/script>\n<!-- \/ Yoast SEO plugin. -->","yoast_head_json":{"title":"P\u00ebr kaq euro do t\u00eb rriten pagat e m\u00ebsimdh\u00ebn\u00ebsve nga janari","robots":{"index":"index","follow":"follow","max-snippet":"max-snippet:-1","max-image-preview":"max-image-preview:large","max-video-preview":"max-video-preview:-1"},"canonical":"https:\/\/permbledhja.com\/sq\/per-kaq-euro-do-te-rriten-pagat-e-mesimdhenesve-nga-janari\/","og_locale":"sq_AL","og_type":"article","og_title":"P\u00ebr kaq euro do t\u00eb rriten pagat e m\u00ebsimdh\u00ebn\u00ebsve nga janari","og_description":"28 euro respektivisht 29 euro do t\u00eb ken\u00eb rritje n\u00eb paga m\u00ebsimdh\u00ebn\u00ebsit nga janari i vitit t\u00eb ardhsh\u00ebm. Kjo, pasi q\u00eb vlera e koeficientit nga 105 euro sa \u00ebsht\u00eb k\u00ebt\u00eb vit, m\u00eb 2024 do t\u00eb jet\u00eb 110 euro. Kryetari i Sindikat\u00ebs s\u00eb Bashkuar t\u00eb Arsimit, Shkenc\u00ebs dhe Kultur\u00ebs, Rrahman Jasharaj, ka deklaruar se kjo \u00ebsht\u00eb [&hellip;]","og_url":"https:\/\/permbledhja.com\/sq\/per-kaq-euro-do-te-rriten-pagat-e-mesimdhenesve-nga-janari\/","og_site_name":"Ve\u00e7 artikuj p\u00ebrmbledh\u00ebs","article_publisher":"https:\/\/www.facebook.com\/press07\/","article_published_time":"2023-12-06T07:53:08+00:00","og_image":[{"width":600,"height":360,"url":"https:\/\/permbledhja.com\/wp-content\/uploads\/2023\/12\/parjarroga1-2-600x360-1.jpg","type":"image\/jpeg"}],"author":"M M","twitter_card":"summary_large_image","twitter_misc":{"Written by":"M M","Est. reading time":"5 minuta"},"schema":{"@context":"https:\/\/schema.org","@graph":[{"@type":"Article","@id":"https:\/\/permbledhja.com\/per-kaq-euro-do-te-rriten-pagat-e-mesimdhenesve-nga-janari\/#article","isPartOf":{"@id":"https:\/\/permbledhja.com\/per-kaq-euro-do-te-rriten-pagat-e-mesimdhenesve-nga-janari\/"},"author":{"name":"M M","@id":"https:\/\/permbledhja.com\/#\/schema\/person\/d23f13f59b5722643933d6780783acf3"},"headline":"P\u00ebr kaq euro do t\u00eb rriten pagat e m\u00ebsimdh\u00ebn\u00ebsve nga janari","datePublished":"2023-12-06T07:53:08+00:00","dateModified":"2023-12-06T07:53:08+00:00","mainEntityOfPage":{"@id":"https:\/\/permbledhja.com\/per-kaq-euro-do-te-rriten-pagat-e-mesimdhenesve-nga-janari\/"},"wordCount":932,"publisher":{"@id":"https:\/\/permbledhja.com\/#organization"},"keywords":["Pagat"],"articleSection":["Lajme"],"inLanguage":"sq"},{"@type":"WebPage","@id":"https:\/\/permbledhja.com\/per-kaq-euro-do-te-rriten-pagat-e-mesimdhenesve-nga-janari\/","url":"https:\/\/permbledhja.com\/per-kaq-euro-do-te-rriten-pagat-e-mesimdhenesve-nga-janari\/","name":"P\u00ebr kaq euro do t\u00eb rriten pagat e m\u00ebsimdh\u00ebn\u00ebsve nga janari","isPartOf":{"@id":"https:\/\/permbledhja.com\/#website"},"datePublished":"2023-12-06T07:53:08+00:00","dateModified":"2023-12-06T07:53:08+00:00","breadcrumb":{"@id":"https:\/\/permbledhja.com\/per-kaq-euro-do-te-rriten-pagat-e-mesimdhenesve-nga-janari\/#breadcrumb"},"inLanguage":"sq","potentialAction":[{"@type":"ReadAction","target":["https:\/\/permbledhja.com\/per-kaq-euro-do-te-rriten-pagat-e-mesimdhenesve-nga-janari\/"]}]},{"@type":"BreadcrumbList","@id":"https:\/\/permbledhja.com\/per-kaq-euro-do-te-rriten-pagat-e-mesimdhenesve-nga-janari\/#breadcrumb","itemListElement":[{"@type":"ListItem","position":1,"name":"Ballina","item":"https:\/\/permbledhja.com\/sq\/"},{"@type":"ListItem","position":2,"name":"P\u00ebr kaq euro do t\u00eb rriten pagat e m\u00ebsimdh\u00ebn\u00ebsve nga janari"}]},{"@type":"WebSite","@id":"https:\/\/permbledhja.com\/#website","url":"https:\/\/permbledhja.com\/","name":"Ve\u00e7 artikuj p\u00ebrmbledh\u00ebs","description":"","publisher":{"@id":"https:\/\/permbledhja.com\/#organization"},"potentialAction":[{"@type":"SearchAction","target":{"@type":"EntryPoint","urlTemplate":"https:\/\/permbledhja.com\/?s={search_term_string}"},"query-input":"required name=search_term_string"}],"inLanguage":"sq"},{"@type":"Organization","@id":"https:\/\/permbledhja.com\/#organization","name":"MK Media & Pr","url":"https:\/\/permbledhja.com\/","logo":{"@type":"ImageObject","inLanguage":"sq","@id":"https:\/\/permbledhja.com\/#\/schema\/logo\/image\/","url":"https:\/\/permbledhja.com\/wp-content\/uploads\/2021\/12\/07-Press-Logo.jpg","contentUrl":"https:\/\/permbledhja.com\/wp-content\/uploads\/2021\/12\/07-Press-Logo.jpg","width":512,"height":512,"caption":"MK Media & Pr"},"image":{"@id":"https:\/\/permbledhja.com\/#\/schema\/logo\/image\/"},"sameAs":["https:\/\/www.facebook.com\/press07\/"]},{"@type":"Person","@id":"https:\/\/permbledhja.com\/#\/schema\/person\/d23f13f59b5722643933d6780783acf3","name":"M M","image":{"@type":"ImageObject","inLanguage":"sq","@id":"https:\/\/permbledhja.com\/#\/schema\/person\/image\/","url":"https:\/\/secure.gravatar.com\/avatar\/e2835a76ca7c31a2416b2d51c4ec9a8f?s=96&d=mm&r=g","contentUrl":"https:\/\/secure.gravatar.com\/avatar\/e2835a76ca7c31a2416b2d51c4ec9a8f?s=96&d=mm&r=g","caption":"M M"},"sameAs":["http:\/\/MM"],"url":"https:\/\/permbledhja.com\/sq\/author\/muhamet\/"}]}},"_links":{"self":[{"href":"https:\/\/permbledhja.com\/sq\/wp-json\/wp\/v2\/posts\/38762"}],"collection":[{"href":"https:\/\/permbledhja.com\/sq\/wp-json\/wp\/v2\/posts"}],"about":[{"href":"https:\/\/permbledhja.com\/sq\/wp-json\/wp\/v2\/types\/post"}],"author":[{"embeddable":true,"href":"https:\/\/permbledhja.com\/sq\/wp-json\/wp\/v2\/users\/2"}],"replies":[{"embeddable":true,"href":"https:\/\/permbledhja.com\/sq\/wp-json\/wp\/v2\/comments?post=38762"}],"version-history":[{"count":1,"href":"https:\/\/permbledhja.com\/sq\/wp-json\/wp\/v2\/posts\/38762\/revisions"}],"predecessor-version":[{"id":38764,"href":"https:\/\/permbledhja.com\/sq\/wp-json\/wp\/v2\/posts\/38762\/revisions\/38764"}],"wp:featuredmedia":[{"embeddable":true,"href":"https:\/\/permbledhja.com\/sq\/wp-json\/wp\/v2\/media\/38763"}],"wp:attachment":[{"href":"https:\/\/permbledhja.com\/sq\/wp-json\/wp\/v2\/media?parent=38762"}],"wp:term":[{"taxonomy":"category","embeddable":true,"href":"https:\/\/permbledhja.com\/sq\/wp-json\/wp\/v2\/categories?post=38762"},{"taxonomy":"post_tag","embeddable":true,"href":"https:\/\/permbledhja.com\/sq\/wp-json\/wp\/v2\/tags?post=38762"}],"curies":[{"name":"wp","href":"https:\/\/api.w.org\/{rel}","templated":true}]}}