{"id":38576,"date":"2023-12-04T18:08:38","date_gmt":"2023-12-04T18:08:38","guid":{"rendered":"https:\/\/permbledhja.com\/?p=38576"},"modified":"2023-12-04T18:08:38","modified_gmt":"2023-12-04T18:08:38","slug":"neuropsikiatri-agani-per-naim-murselin-kemi-te-bejme-me-nje-disocim-nje-carje-nje-largim-te-mendimeve-dhe-emocioneve","status":"publish","type":"post","link":"https:\/\/permbledhja.com\/sq\/neuropsikiatri-agani-per-naim-murselin-kemi-te-bejme-me-nje-disocim-nje-carje-nje-largim-te-mendimeve-dhe-emocioneve\/","title":{"rendered":"Neuropsikiatri Agani p\u00ebr Naim Murselin: Kemi t\u00eb b\u00ebjm\u00eb me nj\u00eb disocim, nj\u00eb \u00e7arje, nj\u00eb largim t\u00eb mendimeve dhe emocioneve"},"content":{"rendered":"<h3>Neuropsikiatri Ferid Agani ka komentuar rastin e Liridona Ademajt, e vrar\u00eb para pak dit\u00ebsh nga bashk\u00ebshorti i saj q\u00eb dyshohet se pagoi vras\u00ebsit, ngjarje kjo q\u00eb ka tronditur vendin.<\/h3>\n<p>N\u00eb rastin e Naim Murselit, i cili pranoi se porositi vrasjen e gruas s\u00eb tij, Agani deklaroi se \u201ckemi t\u00eb b\u00ebjm\u00eb me nj\u00eb disocim, nj\u00eb \u00e7arje, nj\u00eb largim t\u00eb mendimeve dhe emocioneve\u201d.<\/p>\n<p>\u201c<em>T\u00eb ulesh n\u00eb tavolin\u00eb me gruan dhe f\u00ebmij\u00ebt dhe e di se pas gjysm\u00eb ore gruaja nuk do t\u00eb ekzistoj\u00eb\u2026 k\u00ebtu kemi t\u00eb b\u00ebjm\u00eb me nj\u00eb disocim, nj\u00eb \u00e7arje, nj\u00eb largim t\u00eb mendimeve dhe emocioneve, pra munges\u00eb t\u00eb empatis\u00eb, nj\u00eb ftoht\u00ebsi ekstreme. K\u00ebto jan\u00eb ve\u00e7ori t\u00eb vras\u00ebsve\u201d<\/em>, pohoi ai n\u00eb \u201cFrontal\u201d n\u00eb T7.<\/p>\n","protected":false},"excerpt":{"rendered":"<p>Neuropsikiatri Ferid Agani ka komentuar rastin e Liridona Ademajt, e vrar\u00eb para pak dit\u00ebsh nga bashk\u00ebshorti i saj q\u00eb dyshohet se pagoi vras\u00ebsit, ngjarje kjo q\u00eb ka tronditur vendin. N\u00eb rastin e Naim Murselit, i cili pranoi se porositi vrasjen e gruas s\u00eb tij, Agani deklaroi se \u201ckemi t\u00eb b\u00ebjm\u00eb me nj\u00eb disocim, nj\u00eb \u00e7arje, [&hellip;]<\/p>\n","protected":false},"author":1,"featured_media":38577,"comment_status":"closed","ping_status":"closed","sticky":false,"template":"","format":"standard","meta":{"_monsterinsights_skip_tracking":false,"_monsterinsights_sitenote_active":false,"_monsterinsights_sitenote_note":"","_monsterinsights_sitenote_category":0,"_uf_show_specific_survey":0,"_uf_disable_surveys":false,"footnotes":""},"categories":[2645],"tags":[2721],"yoast_head":"<!-- This site is optimized with the Yoast SEO plugin v21.5 - https:\/\/yoast.com\/wordpress\/plugins\/seo\/ -->\n<title>Neuropsikiatri Agani p\u00ebr Naim Murselin: Kemi t\u00eb b\u00ebjm\u00eb me nj\u00eb disocim, nj\u00eb \u00e7arje, nj\u00eb largim t\u00eb mendimeve dhe emocioneve<\/title>\n<meta name=\"robots\" content=\"index, follow, max-snippet:-1, max-image-preview:large, max-video-preview:-1\" \/>\n<link rel=\"canonical\" href=\"https:\/\/permbledhja.com\/sq\/neuropsikiatri-agani-per-naim-murselin-kemi-te-bejme-me-nje-disocim-nje-carje-nje-largim-te-mendimeve-dhe-emocioneve\/\" \/>\n<meta property=\"og:locale\" content=\"sq_AL\" \/>\n<meta property=\"og:type\" content=\"article\" \/>\n<meta property=\"og:title\" content=\"Neuropsikiatri Agani p\u00ebr Naim Murselin: Kemi t\u00eb b\u00ebjm\u00eb me nj\u00eb disocim, nj\u00eb \u00e7arje, nj\u00eb largim t\u00eb mendimeve dhe emocioneve\" \/>\n<meta property=\"og:description\" content=\"Neuropsikiatri Ferid Agani ka komentuar rastin e Liridona Ademajt, e vrar\u00eb para pak dit\u00ebsh nga bashk\u00ebshorti i saj q\u00eb dyshohet se pagoi vras\u00ebsit, ngjarje kjo q\u00eb ka tronditur vendin. N\u00eb rastin e Naim Murselit, i cili pranoi se porositi vrasjen e gruas s\u00eb tij, Agani deklaroi se \u201ckemi t\u00eb b\u00ebjm\u00eb me nj\u00eb disocim, nj\u00eb \u00e7arje, [&hellip;]\" \/>\n<meta property=\"og:url\" content=\"https:\/\/permbledhja.com\/sq\/neuropsikiatri-agani-per-naim-murselin-kemi-te-bejme-me-nje-disocim-nje-carje-nje-largim-te-mendimeve-dhe-emocioneve\/\" \/>\n<meta property=\"og:site_name\" content=\"Ve\u00e7 artikuj p\u00ebrmbledh\u00ebs\" \/>\n<meta property=\"article:publisher\" content=\"https:\/\/www.facebook.com\/press07\/\" \/>\n<meta property=\"article:author\" content=\"https:\/\/www.facebook.com\/kafexhiu.muharrem\/\" \/>\n<meta property=\"article:published_time\" content=\"2023-12-04T18:08:38+00:00\" \/>\n<meta property=\"og:image\" content=\"https:\/\/permbledhja.com\/wp-content\/uploads\/2023\/12\/5A2FDA81-3FB2-4049-B038-12EDEC13541C.jpeg\" \/>\n\t<meta property=\"og:image:width\" content=\"1284\" \/>\n\t<meta property=\"og:image:height\" content=\"870\" \/>\n\t<meta property=\"og:image:type\" content=\"image\/jpeg\" \/>\n<meta name=\"author\" content=\"P\u00ebrmbledhja\" \/>\n<meta name=\"twitter:card\" content=\"summary_large_image\" \/>\n<meta name=\"twitter:label1\" content=\"Written by\" \/>\n\t<meta name=\"twitter:data1\" content=\"P\u00ebrmbledhja\" \/>\n\t<meta name=\"twitter:label2\" content=\"Est. reading time\" \/>\n\t<meta name=\"twitter:data2\" content=\"1 minut\u00eb\" \/>\n<script type=\"application\/ld+json\" class=\"yoast-schema-graph\">{\"@context\":\"https:\/\/schema.org\",\"@graph\":[{\"@type\":\"Article\",\"@id\":\"https:\/\/permbledhja.com\/neuropsikiatri-agani-per-naim-murselin-kemi-te-bejme-me-nje-disocim-nje-carje-nje-largim-te-mendimeve-dhe-emocioneve\/#article\",\"isPartOf\":{\"@id\":\"https:\/\/permbledhja.com\/neuropsikiatri-agani-per-naim-murselin-kemi-te-bejme-me-nje-disocim-nje-carje-nje-largim-te-mendimeve-dhe-emocioneve\/\"},\"author\":{\"name\":\"P\u00ebrmbledhja\",\"@id\":\"https:\/\/permbledhja.com\/#\/schema\/person\/0d064377258d3221e50693947b9eb4fe\"},\"headline\":\"Neuropsikiatri Agani p\u00ebr Naim Murselin: Kemi t\u00eb b\u00ebjm\u00eb me nj\u00eb disocim, nj\u00eb \u00e7arje, nj\u00eb largim t\u00eb mendimeve dhe emocioneve\",\"datePublished\":\"2023-12-04T18:08:38+00:00\",\"dateModified\":\"2023-12-04T18:08:38+00:00\",\"mainEntityOfPage\":{\"@id\":\"https:\/\/permbledhja.com\/neuropsikiatri-agani-per-naim-murselin-kemi-te-bejme-me-nje-disocim-nje-carje-nje-largim-te-mendimeve-dhe-emocioneve\/\"},\"wordCount\":147,\"publisher\":{\"@id\":\"https:\/\/permbledhja.com\/#organization\"},\"keywords\":[\"Naim Murseli\"],\"articleSection\":[\"T\u00eb r\u00ebnd\u00ebsishme\"],\"inLanguage\":\"sq\"},{\"@type\":\"WebPage\",\"@id\":\"https:\/\/permbledhja.com\/neuropsikiatri-agani-per-naim-murselin-kemi-te-bejme-me-nje-disocim-nje-carje-nje-largim-te-mendimeve-dhe-emocioneve\/\",\"url\":\"https:\/\/permbledhja.com\/neuropsikiatri-agani-per-naim-murselin-kemi-te-bejme-me-nje-disocim-nje-carje-nje-largim-te-mendimeve-dhe-emocioneve\/\",\"name\":\"Neuropsikiatri Agani p\u00ebr Naim Murselin: Kemi t\u00eb b\u00ebjm\u00eb me nj\u00eb disocim, nj\u00eb \u00e7arje, nj\u00eb largim t\u00eb mendimeve dhe emocioneve\",\"isPartOf\":{\"@id\":\"https:\/\/permbledhja.com\/#website\"},\"datePublished\":\"2023-12-04T18:08:38+00:00\",\"dateModified\":\"2023-12-04T18:08:38+00:00\",\"breadcrumb\":{\"@id\":\"https:\/\/permbledhja.com\/neuropsikiatri-agani-per-naim-murselin-kemi-te-bejme-me-nje-disocim-nje-carje-nje-largim-te-mendimeve-dhe-emocioneve\/#breadcrumb\"},\"inLanguage\":\"sq\",\"potentialAction\":[{\"@type\":\"ReadAction\",\"target\":[\"https:\/\/permbledhja.com\/neuropsikiatri-agani-per-naim-murselin-kemi-te-bejme-me-nje-disocim-nje-carje-nje-largim-te-mendimeve-dhe-emocioneve\/\"]}]},{\"@type\":\"BreadcrumbList\",\"@id\":\"https:\/\/permbledhja.com\/neuropsikiatri-agani-per-naim-murselin-kemi-te-bejme-me-nje-disocim-nje-carje-nje-largim-te-mendimeve-dhe-emocioneve\/#breadcrumb\",\"itemListElement\":[{\"@type\":\"ListItem\",\"position\":1,\"name\":\"Ballina\",\"item\":\"https:\/\/permbledhja.com\/sq\/\"},{\"@type\":\"ListItem\",\"position\":2,\"name\":\"Neuropsikiatri Agani p\u00ebr Naim Murselin: Kemi t\u00eb b\u00ebjm\u00eb me nj\u00eb disocim, nj\u00eb \u00e7arje, nj\u00eb largim t\u00eb mendimeve dhe emocioneve\"}]},{\"@type\":\"WebSite\",\"@id\":\"https:\/\/permbledhja.com\/#website\",\"url\":\"https:\/\/permbledhja.com\/\",\"name\":\"Ve\u00e7 artikuj p\u00ebrmbledh\u00ebs\",\"description\":\"\",\"publisher\":{\"@id\":\"https:\/\/permbledhja.com\/#organization\"},\"potentialAction\":[{\"@type\":\"SearchAction\",\"target\":{\"@type\":\"EntryPoint\",\"urlTemplate\":\"https:\/\/permbledhja.com\/?s={search_term_string}\"},\"query-input\":\"required name=search_term_string\"}],\"inLanguage\":\"sq\"},{\"@type\":\"Organization\",\"@id\":\"https:\/\/permbledhja.com\/#organization\",\"name\":\"MK Media & Pr\",\"url\":\"https:\/\/permbledhja.com\/\",\"logo\":{\"@type\":\"ImageObject\",\"inLanguage\":\"sq\",\"@id\":\"https:\/\/permbledhja.com\/#\/schema\/logo\/image\/\",\"url\":\"https:\/\/permbledhja.com\/wp-content\/uploads\/2021\/12\/07-Press-Logo.jpg\",\"contentUrl\":\"https:\/\/permbledhja.com\/wp-content\/uploads\/2021\/12\/07-Press-Logo.jpg\",\"width\":512,\"height\":512,\"caption\":\"MK Media & Pr\"},\"image\":{\"@id\":\"https:\/\/permbledhja.com\/#\/schema\/logo\/image\/\"},\"sameAs\":[\"https:\/\/www.facebook.com\/press07\/\"]},{\"@type\":\"Person\",\"@id\":\"https:\/\/permbledhja.com\/#\/schema\/person\/0d064377258d3221e50693947b9eb4fe\",\"name\":\"P\u00ebrmbledhja\",\"image\":{\"@type\":\"ImageObject\",\"inLanguage\":\"sq\",\"@id\":\"https:\/\/permbledhja.com\/#\/schema\/person\/image\/\",\"url\":\"https:\/\/permbledhja.com\/wp-content\/uploads\/2026\/01\/452004717_1040944174702970_8932037511805513407_n-96x96.jpg\",\"contentUrl\":\"https:\/\/permbledhja.com\/wp-content\/uploads\/2026\/01\/452004717_1040944174702970_8932037511805513407_n-96x96.jpg\",\"caption\":\"P\u00ebrmbledhja\"},\"sameAs\":[\"https:\/\/www.facebook.com\/kafexhiu.muharrem\/\",\"https:\/\/www.instagram.com\/muharrem_kafexhiu\/\"],\"url\":\"https:\/\/permbledhja.com\/sq\/author\/admin\/\"}]}<\/script>\n<!-- \/ Yoast SEO plugin. -->","yoast_head_json":{"title":"Neuropsikiatri Agani p\u00ebr Naim Murselin: Kemi t\u00eb b\u00ebjm\u00eb me nj\u00eb disocim, nj\u00eb \u00e7arje, nj\u00eb largim t\u00eb mendimeve dhe emocioneve","robots":{"index":"index","follow":"follow","max-snippet":"max-snippet:-1","max-image-preview":"max-image-preview:large","max-video-preview":"max-video-preview:-1"},"canonical":"https:\/\/permbledhja.com\/sq\/neuropsikiatri-agani-per-naim-murselin-kemi-te-bejme-me-nje-disocim-nje-carje-nje-largim-te-mendimeve-dhe-emocioneve\/","og_locale":"sq_AL","og_type":"article","og_title":"Neuropsikiatri Agani p\u00ebr Naim Murselin: Kemi t\u00eb b\u00ebjm\u00eb me nj\u00eb disocim, nj\u00eb \u00e7arje, nj\u00eb largim t\u00eb mendimeve dhe emocioneve","og_description":"Neuropsikiatri Ferid Agani ka komentuar rastin e Liridona Ademajt, e vrar\u00eb para pak dit\u00ebsh nga bashk\u00ebshorti i saj q\u00eb dyshohet se pagoi vras\u00ebsit, ngjarje kjo q\u00eb ka tronditur vendin. N\u00eb rastin e Naim Murselit, i cili pranoi se porositi vrasjen e gruas s\u00eb tij, Agani deklaroi se \u201ckemi t\u00eb b\u00ebjm\u00eb me nj\u00eb disocim, nj\u00eb \u00e7arje, [&hellip;]","og_url":"https:\/\/permbledhja.com\/sq\/neuropsikiatri-agani-per-naim-murselin-kemi-te-bejme-me-nje-disocim-nje-carje-nje-largim-te-mendimeve-dhe-emocioneve\/","og_site_name":"Ve\u00e7 artikuj p\u00ebrmbledh\u00ebs","article_publisher":"https:\/\/www.facebook.com\/press07\/","article_author":"https:\/\/www.facebook.com\/kafexhiu.muharrem\/","article_published_time":"2023-12-04T18:08:38+00:00","og_image":[{"width":1284,"height":870,"url":"https:\/\/permbledhja.com\/wp-content\/uploads\/2023\/12\/5A2FDA81-3FB2-4049-B038-12EDEC13541C.jpeg","type":"image\/jpeg"}],"author":"P\u00ebrmbledhja","twitter_card":"summary_large_image","twitter_misc":{"Written by":"P\u00ebrmbledhja","Est. reading time":"1 minut\u00eb"},"schema":{"@context":"https:\/\/schema.org","@graph":[{"@type":"Article","@id":"https:\/\/permbledhja.com\/neuropsikiatri-agani-per-naim-murselin-kemi-te-bejme-me-nje-disocim-nje-carje-nje-largim-te-mendimeve-dhe-emocioneve\/#article","isPartOf":{"@id":"https:\/\/permbledhja.com\/neuropsikiatri-agani-per-naim-murselin-kemi-te-bejme-me-nje-disocim-nje-carje-nje-largim-te-mendimeve-dhe-emocioneve\/"},"author":{"name":"P\u00ebrmbledhja","@id":"https:\/\/permbledhja.com\/#\/schema\/person\/0d064377258d3221e50693947b9eb4fe"},"headline":"Neuropsikiatri Agani p\u00ebr Naim Murselin: Kemi t\u00eb b\u00ebjm\u00eb me nj\u00eb disocim, nj\u00eb \u00e7arje, nj\u00eb largim t\u00eb mendimeve dhe emocioneve","datePublished":"2023-12-04T18:08:38+00:00","dateModified":"2023-12-04T18:08:38+00:00","mainEntityOfPage":{"@id":"https:\/\/permbledhja.com\/neuropsikiatri-agani-per-naim-murselin-kemi-te-bejme-me-nje-disocim-nje-carje-nje-largim-te-mendimeve-dhe-emocioneve\/"},"wordCount":147,"publisher":{"@id":"https:\/\/permbledhja.com\/#organization"},"keywords":["Naim Murseli"],"articleSection":["T\u00eb r\u00ebnd\u00ebsishme"],"inLanguage":"sq"},{"@type":"WebPage","@id":"https:\/\/permbledhja.com\/neuropsikiatri-agani-per-naim-murselin-kemi-te-bejme-me-nje-disocim-nje-carje-nje-largim-te-mendimeve-dhe-emocioneve\/","url":"https:\/\/permbledhja.com\/neuropsikiatri-agani-per-naim-murselin-kemi-te-bejme-me-nje-disocim-nje-carje-nje-largim-te-mendimeve-dhe-emocioneve\/","name":"Neuropsikiatri Agani p\u00ebr Naim Murselin: Kemi t\u00eb b\u00ebjm\u00eb me nj\u00eb disocim, nj\u00eb \u00e7arje, nj\u00eb largim t\u00eb mendimeve dhe emocioneve","isPartOf":{"@id":"https:\/\/permbledhja.com\/#website"},"datePublished":"2023-12-04T18:08:38+00:00","dateModified":"2023-12-04T18:08:38+00:00","breadcrumb":{"@id":"https:\/\/permbledhja.com\/neuropsikiatri-agani-per-naim-murselin-kemi-te-bejme-me-nje-disocim-nje-carje-nje-largim-te-mendimeve-dhe-emocioneve\/#breadcrumb"},"inLanguage":"sq","potentialAction":[{"@type":"ReadAction","target":["https:\/\/permbledhja.com\/neuropsikiatri-agani-per-naim-murselin-kemi-te-bejme-me-nje-disocim-nje-carje-nje-largim-te-mendimeve-dhe-emocioneve\/"]}]},{"@type":"BreadcrumbList","@id":"https:\/\/permbledhja.com\/neuropsikiatri-agani-per-naim-murselin-kemi-te-bejme-me-nje-disocim-nje-carje-nje-largim-te-mendimeve-dhe-emocioneve\/#breadcrumb","itemListElement":[{"@type":"ListItem","position":1,"name":"Ballina","item":"https:\/\/permbledhja.com\/sq\/"},{"@type":"ListItem","position":2,"name":"Neuropsikiatri Agani p\u00ebr Naim Murselin: Kemi t\u00eb b\u00ebjm\u00eb me nj\u00eb disocim, nj\u00eb \u00e7arje, nj\u00eb largim t\u00eb mendimeve dhe emocioneve"}]},{"@type":"WebSite","@id":"https:\/\/permbledhja.com\/#website","url":"https:\/\/permbledhja.com\/","name":"Ve\u00e7 artikuj p\u00ebrmbledh\u00ebs","description":"","publisher":{"@id":"https:\/\/permbledhja.com\/#organization"},"potentialAction":[{"@type":"SearchAction","target":{"@type":"EntryPoint","urlTemplate":"https:\/\/permbledhja.com\/?s={search_term_string}"},"query-input":"required name=search_term_string"}],"inLanguage":"sq"},{"@type":"Organization","@id":"https:\/\/permbledhja.com\/#organization","name":"MK Media & Pr","url":"https:\/\/permbledhja.com\/","logo":{"@type":"ImageObject","inLanguage":"sq","@id":"https:\/\/permbledhja.com\/#\/schema\/logo\/image\/","url":"https:\/\/permbledhja.com\/wp-content\/uploads\/2021\/12\/07-Press-Logo.jpg","contentUrl":"https:\/\/permbledhja.com\/wp-content\/uploads\/2021\/12\/07-Press-Logo.jpg","width":512,"height":512,"caption":"MK Media & Pr"},"image":{"@id":"https:\/\/permbledhja.com\/#\/schema\/logo\/image\/"},"sameAs":["https:\/\/www.facebook.com\/press07\/"]},{"@type":"Person","@id":"https:\/\/permbledhja.com\/#\/schema\/person\/0d064377258d3221e50693947b9eb4fe","name":"P\u00ebrmbledhja","image":{"@type":"ImageObject","inLanguage":"sq","@id":"https:\/\/permbledhja.com\/#\/schema\/person\/image\/","url":"https:\/\/permbledhja.com\/wp-content\/uploads\/2026\/01\/452004717_1040944174702970_8932037511805513407_n-96x96.jpg","contentUrl":"https:\/\/permbledhja.com\/wp-content\/uploads\/2026\/01\/452004717_1040944174702970_8932037511805513407_n-96x96.jpg","caption":"P\u00ebrmbledhja"},"sameAs":["https:\/\/www.facebook.com\/kafexhiu.muharrem\/","https:\/\/www.instagram.com\/muharrem_kafexhiu\/"],"url":"https:\/\/permbledhja.com\/sq\/author\/admin\/"}]}},"_links":{"self":[{"href":"https:\/\/permbledhja.com\/sq\/wp-json\/wp\/v2\/posts\/38576"}],"collection":[{"href":"https:\/\/permbledhja.com\/sq\/wp-json\/wp\/v2\/posts"}],"about":[{"href":"https:\/\/permbledhja.com\/sq\/wp-json\/wp\/v2\/types\/post"}],"author":[{"embeddable":true,"href":"https:\/\/permbledhja.com\/sq\/wp-json\/wp\/v2\/users\/1"}],"replies":[{"embeddable":true,"href":"https:\/\/permbledhja.com\/sq\/wp-json\/wp\/v2\/comments?post=38576"}],"version-history":[{"count":1,"href":"https:\/\/permbledhja.com\/sq\/wp-json\/wp\/v2\/posts\/38576\/revisions"}],"predecessor-version":[{"id":38578,"href":"https:\/\/permbledhja.com\/sq\/wp-json\/wp\/v2\/posts\/38576\/revisions\/38578"}],"wp:featuredmedia":[{"embeddable":true,"href":"https:\/\/permbledhja.com\/sq\/wp-json\/wp\/v2\/media\/38577"}],"wp:attachment":[{"href":"https:\/\/permbledhja.com\/sq\/wp-json\/wp\/v2\/media?parent=38576"}],"wp:term":[{"taxonomy":"category","embeddable":true,"href":"https:\/\/permbledhja.com\/sq\/wp-json\/wp\/v2\/categories?post=38576"},{"taxonomy":"post_tag","embeddable":true,"href":"https:\/\/permbledhja.com\/sq\/wp-json\/wp\/v2\/tags?post=38576"}],"curies":[{"name":"wp","href":"https:\/\/api.w.org\/{rel}","templated":true}]}}