{"id":38574,"date":"2023-12-04T17:29:46","date_gmt":"2023-12-04T17:29:46","guid":{"rendered":"https:\/\/permbledhja.com\/?p=38574"},"modified":"2023-12-04T17:29:46","modified_gmt":"2023-12-04T17:29:46","slug":"asociacioni-nuk-behet-edhe-disa-vjet-beteja-te-behet-per-njohje-nga-peseshja-e-be-se","status":"publish","type":"post","link":"https:\/\/permbledhja.com\/sq\/asociacioni-nuk-behet-edhe-disa-vjet-beteja-te-behet-per-njohje-nga-peseshja-e-be-se\/","title":{"rendered":"\u201cAsociacioni nuk b\u00ebhet edhe disa vjet; beteja t\u00eb b\u00ebhet p\u00ebr njohje nga pes\u00ebshja e BE-s\u00eb\u201d"},"content":{"rendered":"<h3>Ndon\u00ebse \u00ebsht\u00eb ofruar n\u00eb draft-Statut i Asociacionit t\u00eb Komunave t\u00eb banuara me shumic\u00eb serbe n\u00eb fund t\u00eb tetorit, p\u00ebr t\u00eb cilin jan\u00eb pajtuar edhe pala kosovare edhe ajo serbe, ekspertja dhe studiuesja n\u00eb institutin gjerman <a href=\"https:\/\/www.swp-berlin.org\/en\/search?search%5Bq%5D=marina+vulovic\">\u201cStiftung Wissenschaft und Politik\u201d, Marina Vuloviq<\/a>, nuk beson q\u00eb ky institucion tejet kontraverz do t\u00eb jet\u00ebsohet; s\u00eb paku jo edhe p\u00ebr disa vite.<\/h3>\n<p>Kjo p\u00ebr shkak t\u00eb situat\u00ebs zgjedhore q\u00eb nis nga viti i ardhsh\u00ebm edhe n\u00eb Bashkimin Evropian edhe n\u00eb Shtetet e Bashkuara t\u00eb Amerik\u00ebs; e pa presionin e t\u00eb cil\u00ebve Qeveria e Kosov\u00ebs nuk do t\u00eb merrte as mundin p\u00ebr ta zbatuar.<\/p>\n<p>Vuloviq nga SWP \u2013 institut ky i cili k\u00ebshillon Bundestagun dhe Qeverin\u00eb Gjermane p\u00ebr politik\u00eb t\u00eb jasthme \u2013 n\u00eb nj\u00eb intervist\u00eb me Nacionalen nuk e p\u00ebrjashton se mund t\u00eb ket\u00eb \u201c<i>nj\u00eb shtys\u00eb t\u00eb fundit<\/i>\u201d nga euro-amerikan\u00ebt n\u00eb k\u00ebt\u00eb drejtim; por edhe kjo thot\u00eb se \u201c<i>\u00ebsht\u00eb e diskutueshme<\/i>\u201d.<\/p>\n<p>Sfida e p\u00ebrnj\u00ebmendt\u00eb e Kosov\u00ebs, na thot\u00eb Vuloviq, nuk \u00ebsht\u00eb mosnjohja nga Serbia: \u201c<i>por, nga pes\u00ebshja mosnjoh\u00ebse e BE-s\u00eb\u201d<\/i>. Sepse, njohja nga k\u00ebto pes\u00eb shtete \u201c<i>do t\u00eb jet\u00eb p\u00ebrcaktuesi<\/i>\u201d i integrimit t\u00eb Kosov\u00ebs n\u00eb strukturat e larta evropiane. Andaj, thot\u00eb ajo, p\u00ebrpjekjet duhet t\u00eb drejtohen sakt\u00ebsisht andej.<\/p>\n<p>Rreth p\u00ebrfshirjes s\u00eb Rezolut\u00ebs 12\/44 q\u00eb \u00ebsht\u00eb e p\u00ebrfshir\u00eb n\u00eb Preambul\u00eb t\u00eb draft-Statutit, Vuloviq e sheh krejt\u00ebsisht \u201c<i>n\u00eb linj\u00eb me gjuh\u00ebn juridike t\u00eb BE-s\u00eb ndaj Kosov\u00ebs<\/i>\u201d teksa rikujton q\u00eb Kosov\u00ebs i referohen me asterisk edhe n\u00eb raportimet vjetore.<\/p>\n<p>Nd\u00ebrkaq p\u00ebr ngulk\u00ebmbjen e kryeministrit kosovar p\u00ebr \u201c<i>n\u00ebnshkrim<\/i>\u201d t\u00eb Marr\u00ebveshjes Baz\u00eb; Marina Vuloviq e quan taktik\u00eb bllokimi t\u00eb m\u00ebtejm\u00eb t\u00eb zbatimit t\u00eb marr\u00ebveshjes; e q\u00eb sipas saj, d\u00ebshmon mosvullnetin edhe t\u00eb Kosov\u00ebs dhe t\u00eb Serbis\u00eb p\u00ebr t\u00eb zbatuar marr\u00ebveshjen.<\/p>\n<p><b>Intervista e plot\u00eb me Marina Vuloviq:<\/b><\/p>\n<p><b>Nacionale<\/b>: <i>Para m\u00ebse tre muaje, n\u00eb nj\u00eb intervist\u00eb q\u00eb b\u00ebm\u00eb, ju parapat\u00eb q\u00eb Asociacioni i Komunave t\u00eb banuara me shumic\u00eb serbe do t\u00eb jet\u00eb \u201caty diku n\u00eb mes\u201d k\u00ebrkesave maksimale t\u00eb Serbis\u00eb dhe ofert\u00ebs minimale t\u00eb Kosov\u00ebs. Simbas draft-Statutit q\u00eb \u00ebsht\u00eb dh\u00ebn\u00eb, k\u00ebshtu duket t\u00eb jet\u00eb edhe rasti. A besoni se ky \u201cmes aspak i art\u00eb\u201d mund t\u00eb themelohet?<\/i><\/p>\n<p><b>Vuloviq<\/b>: Mendoj se Asociacioni mund t\u00eb themelohet kur t\u00eb ket\u00eb vullnet t\u00eb mjaftuesh\u00ebm politik dhe n\u00ebse do t\u00eb ket\u00eb trysni t\u00eb mjaftueshme nga Brukseli dhe Uashingtoni p\u00ebr ta zbatuar at\u00eb. Sidoqoft\u00eb, marr\u00eb parasysh q\u00eb do t\u00eb ket\u00eb vitin tjet\u00ebr zgjedhje edhe n\u00eb BE dhe ShBA, dyshoj se do t\u00eb shohim ndofar\u00eb l\u00ebvizje dometh\u00ebn\u00ebse n\u00eb at\u00eb drejtim n\u00eb disa vite t\u00eb ardhshme. Mbase edhe mund t\u00eb ket\u00eb nj\u00eb shtytje t\u00eb fundit diplomatike vitin tjet\u00ebr para zgjedhjeve n\u00eb BE, por edhe kjo \u00ebsht\u00eb e diskutueshme.<\/p>\n<p><b>Nacionale<\/b>: <i>T\u00eb gjith\u00eb n\u00eb Kosov\u00eb e kan\u00eb t\u00eb qarzt\u00eb se s\u2019kemi t\u00eb b\u00ebjm\u00eb thjesht me nj\u00eb forum komunash q\u00eb nd\u00ebrveprojn\u00eb me nj\u00ebra tjetr\u00ebn, por nj\u00eb autonomi territoriale me kufi t\u00eb qart\u00eb administrativ\u00eb. \u00c7far\u00eb e b\u00ebn edhe m\u00eb t\u00eb padurueshme k\u00ebt\u00eb Asociacion \u2013 q\u00eb kosovar\u00ebt e kuptojn\u00eb se \u00ebsht\u00eb e pashmangshme \u2013 \u00ebsht\u00eb se \u00e7far\u00eb marrin si k\u00ebmbim t\u00eb saj: fare pak p\u00ebr t\u00eb mos th\u00ebn\u00eb asgj\u00eb. Sepse \u00e7far\u00eb tjet\u00ebr do t\u00eb ket\u00eb Kosova p\u00ebr t\u00eb ofruar p\u00ebr njohjen juridike nga Serbia, n\u00ebse ky Asociacion shpenzohet pa njohje?<\/i><\/p>\n<p><b>Vuloviq<\/b>: Mendoj se edhe Serbia edhe Kosova e gjejn\u00eb veten n\u00eb ng\u00ebr\u00e7. Asnj\u00ebra pal\u00eb s\u2019d\u00ebshiron t\u00eb b\u00ebj\u00eb l\u00ebvizje sepse thell\u00ebsisht jan\u00eb mosbesuese ndaj nj\u00ebra-tjetr\u00ebs. P\u00ebr Kosov\u00ebn \u00e7\u00ebshtje nuk \u00ebsht\u00eb ve\u00e7 mosnjohja e Serbis\u00eb, por pes\u00eb shtetet mosnjoh\u00ebse t\u00eb BE-s\u00eb. Mendoj se kjo do t\u00eb jet\u00eb beteja m\u00eb dometh\u00ebn\u00ebse p\u00ebr Kosov\u00ebn se sa t\u00eb fitoj\u00eb njohjen nga Serbia.<\/p>\n<p>Nj\u00ebashtu dyshoj q\u00eb qeveria aktuale n\u00eb Beograd d\u00ebshiron t\u00eb jet\u00eb aktor konstruktiv n\u00eb marr\u00ebdh\u00ebnie me Kosov\u00ebn, por ende vazhdoj t\u00eb mendoj se njohja de facto e Kosov\u00ebs do t\u00eb ishte tejet fitimprur\u00ebse n\u00eb p\u00ebrmir\u00ebsimin e jet\u00ebs s\u00eb njer\u00ebzve n\u00eb terren. Udh\u00ebtimi i papenguar, njohja e simboleve shtet\u00ebrore, madje edhe p\u00ebrfaq\u00ebsit\u00eb e p\u00ebrhershme (ambasada p\u00ebrve\u00e7 n\u00eb em\u00ebr) do t\u00eb vendoseshin. N\u00ebse ka nj\u00eb ndryshim t\u00eb p\u00ebrnj\u00ebmendt\u00eb t\u00eb qeveris\u00eb n\u00eb Serbi, mendoj se mund t\u00eb ket\u00eb nj\u00eb themel solid n\u00eb p\u00ebrmir\u00ebsimin e marr\u00ebdh\u00ebnieve Kosov\u00eb-Serbi n\u00eb t\u00eb ardhmen.<\/p>\n<p><b>Nacionale<\/b>: <i>Draft-Statuti p\u00ebr referenc\u00eb e p\u00ebrmban Rezolut\u00ebn 12\/44 t\u00eb K\u00ebshillit t\u00eb Sigurimit q\u00eb p\u00ebr shum\u00eb k\u00ebnd erdhi si tronditje; pasi q\u00eb kjo Rezolut\u00eb nuk p\u00ebrfshihej as n\u00eb Marr\u00ebveshjen e Brukselit (2013) e as n\u00eb at\u00eb t\u00eb Parimeve (2015); dhe ky dokument nuk e njeh pavar\u00ebsin\u00eb e shtetit. \u00c7far\u00eb besoni ju q\u00eb ndodhi p\u00ebrgjat\u00eb rrug\u00ebs q\u00eb u desht t\u00eb p\u00ebrfshihej ky dokument i vjet\u00ebruar e i tejkaluar?<\/i><\/p>\n<p><b>Vuloviq<\/b>: Kjo \u00ebsht\u00eb n\u00eb linj\u00eb me gjuh\u00ebn juridike t\u00eb BE-s\u00eb ndaj Kosov\u00ebs dhe pasqyron ndarjen e brendshme brenda BE-s\u00eb mbi shtet\u00ebsin\u00eb e Kosov\u00ebs (pasi q\u00eb jan\u00eb pes\u00eb shtete mosnjoh\u00ebse). Madje edhe n\u00eb raportimet vjetore, Kosova sh\u00ebnohet me asterisk n\u00eb titull, duke iu referuar Rezolut\u00ebs 12\/44. Prandaj edhe thash se beteja m\u00eb e madhe p\u00ebr Kosov\u00ebn \u00ebsht\u00eb arritja e njohjes nga pes\u00ebshja e BE-s, sepse kjo do t\u00eb jet\u00eb edhe p\u00ebrcaktuesi i p\u00ebrparimit t\u00eb ardhsh\u00ebm t\u00eb Kosov\u00ebs n\u00eb integrimin e saj n\u00eb BE.<\/p>\n<p><b>Nacionale<\/b>: <i>Kryeministri i Kosov\u00ebs, Albin Kurtin, ngul k\u00ebmb\u00eb q\u00eb Marr\u00ebveshja Baz\u00eb \u201ct\u00eb n\u00ebnshkruhet\u201d dhe se \u201cvet\u00ebm n\u00ebnshkrimi n\u00ebnkupton pranim dhe garanton zbatim\u201d. Sidoqoft\u00eb, mbar\u00eb bashk\u00ebsia per\u00ebndimore nd\u00ebrkomb\u00ebtare e merr ashtu si\u00e7 \u00ebsht\u00eb marr\u00ebveshjen si ligj\u00ebrisht dhe nd\u00ebrkomb\u00ebtarisht t\u00eb detyrueshme. Si e shihnu ju k\u00ebmb\u00ebngul\u00ebsin\u00eb e zotit Kurti; a justifikohet ai n\u00eb k\u00ebt\u00eb apo thjesht po blen koh\u00eb sa p\u00ebr t\u00eb shmangur themelimin?<\/i><\/p>\n<p><b>Vuloviq<\/b>: Mendoj se n\u00ebnshkrimi ose s\u00eb paku incializimi i marr\u00ebveshjes do t\u00eb kishte qen\u00eb gj\u00eb e dobishme. Marr\u00ebveshja e Brukselit u inicializua, gj\u00eb q\u00eb i dha ca pesh\u00eb politike. Sidoqoft\u00eb, p\u00ebr sa koh\u00eb marr\u00ebveshja e re b\u00ebhet pjes\u00eb e korniz\u00ebs s\u00eb negociatave me BE-n\u00eb, do t\u00eb jet\u00eb e detyrueshme n\u00eb at\u00eb kuptim. Nuk do t\u00eb ket\u00eb p\u00ebrparim n\u00eb rrug\u00ebn drejt BE-s\u00eb pa e zbatuar marr\u00ebveshjen. T\u00eb ngul\u00ebsh k\u00ebmb\u00eb n\u00eb n\u00ebnshkrim mund t\u00eb jet\u00eb nj\u00eb taktik\u00eb ng\u00ebr\u00e7i, por, si\u00e7 thash, nuk mendoj se ka vullnet t\u00eb mjaftuesh\u00ebm politik aktualisht p\u00ebr t\u00eb zbatuar marr\u00ebveshjen te asnj\u00ebra pal\u00eb.<\/p>\n<p><b>Nacionale<\/b>: <i>Si e shihni raportin e Kosov\u00ebs me sponsor\u00ebt dhe mbrojt\u00ebsit e saj shtet\u00ebror\u00eb n\u00ebse nuk e themelon k\u00ebt\u00eb Asociacion?<\/i><\/p>\n<p><b>Vuloviq<\/b>: Kosova do t\u00eb jet\u00eb n\u00eb nj\u00eb pozit\u00eb t\u00eb pasigurt. P\u00ebrderisa mendoj se \u00ebsht\u00eb e padrejt\u00eb t\u00eb b\u00ebhet presion vet\u00ebm ndaj Kosov\u00ebs, nd\u00ebrkoh\u00eb q\u00eb nuk ushtrohet presion i mjaftuesh\u00ebm ndaj Serbis\u00eb, kjo gjithashtu kthehet n\u00eb faktin se Kosova i ka t\u00eb gjitha vez\u00ebt n\u00eb shport\u00ebn e BE-s\u00eb, q\u00eb do t\u00eb thot\u00eb se nuk ka alternativ\u00eb p\u00ebr BE-n\u00eb, dhe BE-ja mendon se mund t\u00eb b\u00ebj\u00eb presion mbi Kosov\u00ebn m\u00eb leht\u00eb.<\/p>\n<p>Me Serbin\u00eb, tregimi \u00ebsht\u00eb pak m\u00eb ndryshe, pasi qeveria aktuale zhvilloi politik\u00eb balancimi midis fuqive t\u00eb m\u00ebdha. N\u00eb mjedisin aktual gjeopolitik pas pushtimit rus t\u00eb Ukrain\u00ebs, BE-ja mendon se mund t\u00eb jet\u00eb e rrezikshme t&#8217;i b\u00ebj\u00eb presion Serbis\u00eb shum\u00eb. Nga ana tjet\u00ebr, un\u00eb gjithashtu mendoj se Banjska ndryshoi shum\u00eb gj\u00ebra dhe shum\u00eb aktor\u00eb per\u00ebndimor\u00eb e kuptojn\u00eb se Serbia n\u00ebn udh\u00ebheqjen aktuale ka t\u00eb ngjar\u00eb t\u00eb mos veproj\u00eb si nj\u00eb ndikim stabilizues n\u00eb rajon. N\u00eb p\u00ebrgjith\u00ebsi, mendoj se rezultati i zgjedhjeve t\u00eb BE-s\u00eb vitin e ardhsh\u00ebm do t\u00eb na tregoj\u00eb se me \u00e7far\u00eb pasojash p\u00ebrballen Kosova dhe Serbia p\u00ebr moszbatimin e marr\u00ebveshjes s\u00eb Ohrit.\/Nacionale<\/p>\n","protected":false},"excerpt":{"rendered":"<p>Ndon\u00ebse \u00ebsht\u00eb ofruar n\u00eb draft-Statut i Asociacionit t\u00eb Komunave t\u00eb banuara me shumic\u00eb serbe n\u00eb fund t\u00eb tetorit, p\u00ebr t\u00eb cilin jan\u00eb pajtuar edhe pala kosovare edhe ajo serbe, ekspertja dhe studiuesja n\u00eb institutin gjerman \u201cStiftung Wissenschaft und Politik\u201d, Marina Vuloviq, nuk beson q\u00eb ky institucion tejet kontraverz do t\u00eb jet\u00ebsohet; s\u00eb paku jo edhe [&hellip;]<\/p>\n","protected":false},"author":1,"featured_media":36402,"comment_status":"closed","ping_status":"closed","sticky":false,"template":"","format":"standard","meta":{"_monsterinsights_skip_tracking":false,"_monsterinsights_sitenote_active":false,"_monsterinsights_sitenote_note":"","_monsterinsights_sitenote_category":0,"_uf_show_specific_survey":0,"_uf_disable_surveys":false,"footnotes":""},"categories":[1146],"tags":[86],"yoast_head":"<!-- This site is optimized with the Yoast SEO plugin v21.5 - https:\/\/yoast.com\/wordpress\/plugins\/seo\/ -->\n<title>\u201cAsociacioni nuk b\u00ebhet edhe disa vjet; beteja t\u00eb b\u00ebhet p\u00ebr njohje nga pes\u00ebshja e BE-s\u00eb\u201d<\/title>\n<meta name=\"robots\" content=\"index, follow, max-snippet:-1, max-image-preview:large, max-video-preview:-1\" \/>\n<link rel=\"canonical\" href=\"https:\/\/permbledhja.com\/sq\/asociacioni-nuk-behet-edhe-disa-vjet-beteja-te-behet-per-njohje-nga-peseshja-e-be-se\/\" \/>\n<meta property=\"og:locale\" content=\"sq_AL\" \/>\n<meta property=\"og:type\" content=\"article\" \/>\n<meta property=\"og:title\" content=\"\u201cAsociacioni nuk b\u00ebhet edhe disa vjet; beteja t\u00eb b\u00ebhet p\u00ebr njohje nga pes\u00ebshja e BE-s\u00eb\u201d\" \/>\n<meta property=\"og:description\" content=\"Ndon\u00ebse \u00ebsht\u00eb ofruar n\u00eb draft-Statut i Asociacionit t\u00eb Komunave t\u00eb banuara me shumic\u00eb serbe n\u00eb fund t\u00eb tetorit, p\u00ebr t\u00eb cilin jan\u00eb pajtuar edhe pala kosovare edhe ajo serbe, ekspertja dhe studiuesja n\u00eb institutin gjerman \u201cStiftung Wissenschaft und Politik\u201d, Marina Vuloviq, nuk beson q\u00eb ky institucion tejet kontraverz do t\u00eb jet\u00ebsohet; s\u00eb paku jo edhe [&hellip;]\" \/>\n<meta property=\"og:url\" content=\"https:\/\/permbledhja.com\/sq\/asociacioni-nuk-behet-edhe-disa-vjet-beteja-te-behet-per-njohje-nga-peseshja-e-be-se\/\" \/>\n<meta property=\"og:site_name\" content=\"Ve\u00e7 artikuj p\u00ebrmbledh\u00ebs\" \/>\n<meta property=\"article:publisher\" content=\"https:\/\/www.facebook.com\/press07\/\" \/>\n<meta property=\"article:author\" content=\"https:\/\/www.facebook.com\/kafexhiu.muharrem\/\" \/>\n<meta property=\"article:published_time\" content=\"2023-12-04T17:29:46+00:00\" \/>\n<meta property=\"og:image\" content=\"https:\/\/permbledhja.com\/wp-content\/uploads\/2023\/11\/kurti-2.jpg\" \/>\n\t<meta property=\"og:image:width\" content=\"2048\" \/>\n\t<meta property=\"og:image:height\" content=\"1365\" \/>\n\t<meta property=\"og:image:type\" content=\"image\/jpeg\" \/>\n<meta name=\"author\" content=\"P\u00ebrmbledhja\" \/>\n<meta name=\"twitter:card\" content=\"summary_large_image\" \/>\n<meta name=\"twitter:label1\" content=\"Written by\" \/>\n\t<meta name=\"twitter:data1\" content=\"P\u00ebrmbledhja\" \/>\n\t<meta name=\"twitter:label2\" content=\"Est. reading time\" \/>\n\t<meta name=\"twitter:data2\" content=\"7 minuta\" \/>\n<script type=\"application\/ld+json\" class=\"yoast-schema-graph\">{\"@context\":\"https:\/\/schema.org\",\"@graph\":[{\"@type\":\"Article\",\"@id\":\"https:\/\/permbledhja.com\/sq\/asociacioni-nuk-behet-edhe-disa-vjet-beteja-te-behet-per-njohje-nga-peseshja-e-be-se\/#article\",\"isPartOf\":{\"@id\":\"https:\/\/permbledhja.com\/sq\/asociacioni-nuk-behet-edhe-disa-vjet-beteja-te-behet-per-njohje-nga-peseshja-e-be-se\/\"},\"author\":{\"name\":\"P\u00ebrmbledhja\",\"@id\":\"https:\/\/permbledhja.com\/#\/schema\/person\/0d064377258d3221e50693947b9eb4fe\"},\"headline\":\"\u201cAsociacioni nuk b\u00ebhet edhe disa vjet; beteja t\u00eb b\u00ebhet p\u00ebr njohje nga pes\u00ebshja e BE-s\u00eb\u201d\",\"datePublished\":\"2023-12-04T17:29:46+00:00\",\"dateModified\":\"2023-12-04T17:29:46+00:00\",\"mainEntityOfPage\":{\"@id\":\"https:\/\/permbledhja.com\/sq\/asociacioni-nuk-behet-edhe-disa-vjet-beteja-te-behet-per-njohje-nga-peseshja-e-be-se\/\"},\"wordCount\":1369,\"publisher\":{\"@id\":\"https:\/\/permbledhja.com\/#organization\"},\"keywords\":[\"Albin Kurti\"],\"articleSection\":[\"Kryesoret\"],\"inLanguage\":\"sq\"},{\"@type\":\"WebPage\",\"@id\":\"https:\/\/permbledhja.com\/sq\/asociacioni-nuk-behet-edhe-disa-vjet-beteja-te-behet-per-njohje-nga-peseshja-e-be-se\/\",\"url\":\"https:\/\/permbledhja.com\/sq\/asociacioni-nuk-behet-edhe-disa-vjet-beteja-te-behet-per-njohje-nga-peseshja-e-be-se\/\",\"name\":\"\u201cAsociacioni nuk b\u00ebhet edhe disa vjet; beteja t\u00eb b\u00ebhet p\u00ebr njohje nga pes\u00ebshja e BE-s\u00eb\u201d\",\"isPartOf\":{\"@id\":\"https:\/\/permbledhja.com\/#website\"},\"datePublished\":\"2023-12-04T17:29:46+00:00\",\"dateModified\":\"2023-12-04T17:29:46+00:00\",\"breadcrumb\":{\"@id\":\"https:\/\/permbledhja.com\/sq\/asociacioni-nuk-behet-edhe-disa-vjet-beteja-te-behet-per-njohje-nga-peseshja-e-be-se\/#breadcrumb\"},\"inLanguage\":\"sq\",\"potentialAction\":[{\"@type\":\"ReadAction\",\"target\":[\"https:\/\/permbledhja.com\/sq\/asociacioni-nuk-behet-edhe-disa-vjet-beteja-te-behet-per-njohje-nga-peseshja-e-be-se\/\"]}]},{\"@type\":\"BreadcrumbList\",\"@id\":\"https:\/\/permbledhja.com\/sq\/asociacioni-nuk-behet-edhe-disa-vjet-beteja-te-behet-per-njohje-nga-peseshja-e-be-se\/#breadcrumb\",\"itemListElement\":[{\"@type\":\"ListItem\",\"position\":1,\"name\":\"Ballina\",\"item\":\"https:\/\/permbledhja.com\/sq\/\"},{\"@type\":\"ListItem\",\"position\":2,\"name\":\"\u201cAsociacioni nuk b\u00ebhet edhe disa vjet; beteja t\u00eb b\u00ebhet p\u00ebr njohje nga pes\u00ebshja e BE-s\u00eb\u201d\"}]},{\"@type\":\"WebSite\",\"@id\":\"https:\/\/permbledhja.com\/#website\",\"url\":\"https:\/\/permbledhja.com\/\",\"name\":\"Ve\u00e7 artikuj p\u00ebrmbledh\u00ebs\",\"description\":\"\",\"publisher\":{\"@id\":\"https:\/\/permbledhja.com\/#organization\"},\"potentialAction\":[{\"@type\":\"SearchAction\",\"target\":{\"@type\":\"EntryPoint\",\"urlTemplate\":\"https:\/\/permbledhja.com\/?s={search_term_string}\"},\"query-input\":\"required name=search_term_string\"}],\"inLanguage\":\"sq\"},{\"@type\":\"Organization\",\"@id\":\"https:\/\/permbledhja.com\/#organization\",\"name\":\"MK Media & Pr\",\"url\":\"https:\/\/permbledhja.com\/\",\"logo\":{\"@type\":\"ImageObject\",\"inLanguage\":\"sq\",\"@id\":\"https:\/\/permbledhja.com\/#\/schema\/logo\/image\/\",\"url\":\"https:\/\/permbledhja.com\/wp-content\/uploads\/2021\/12\/07-Press-Logo.jpg\",\"contentUrl\":\"https:\/\/permbledhja.com\/wp-content\/uploads\/2021\/12\/07-Press-Logo.jpg\",\"width\":512,\"height\":512,\"caption\":\"MK Media & Pr\"},\"image\":{\"@id\":\"https:\/\/permbledhja.com\/#\/schema\/logo\/image\/\"},\"sameAs\":[\"https:\/\/www.facebook.com\/press07\/\"]},{\"@type\":\"Person\",\"@id\":\"https:\/\/permbledhja.com\/#\/schema\/person\/0d064377258d3221e50693947b9eb4fe\",\"name\":\"P\u00ebrmbledhja\",\"image\":{\"@type\":\"ImageObject\",\"inLanguage\":\"sq\",\"@id\":\"https:\/\/permbledhja.com\/#\/schema\/person\/image\/\",\"url\":\"https:\/\/permbledhja.com\/wp-content\/uploads\/2026\/01\/452004717_1040944174702970_8932037511805513407_n-96x96.jpg\",\"contentUrl\":\"https:\/\/permbledhja.com\/wp-content\/uploads\/2026\/01\/452004717_1040944174702970_8932037511805513407_n-96x96.jpg\",\"caption\":\"P\u00ebrmbledhja\"},\"sameAs\":[\"https:\/\/www.facebook.com\/kafexhiu.muharrem\/\",\"https:\/\/www.instagram.com\/muharrem_kafexhiu\/\"],\"url\":\"https:\/\/permbledhja.com\/sq\/author\/admin\/\"}]}<\/script>\n<!-- \/ Yoast SEO plugin. -->","yoast_head_json":{"title":"\u201cAsociacioni nuk b\u00ebhet edhe disa vjet; beteja t\u00eb b\u00ebhet p\u00ebr njohje nga pes\u00ebshja e BE-s\u00eb\u201d","robots":{"index":"index","follow":"follow","max-snippet":"max-snippet:-1","max-image-preview":"max-image-preview:large","max-video-preview":"max-video-preview:-1"},"canonical":"https:\/\/permbledhja.com\/sq\/asociacioni-nuk-behet-edhe-disa-vjet-beteja-te-behet-per-njohje-nga-peseshja-e-be-se\/","og_locale":"sq_AL","og_type":"article","og_title":"\u201cAsociacioni nuk b\u00ebhet edhe disa vjet; beteja t\u00eb b\u00ebhet p\u00ebr njohje nga pes\u00ebshja e BE-s\u00eb\u201d","og_description":"Ndon\u00ebse \u00ebsht\u00eb ofruar n\u00eb draft-Statut i Asociacionit t\u00eb Komunave t\u00eb banuara me shumic\u00eb serbe n\u00eb fund t\u00eb tetorit, p\u00ebr t\u00eb cilin jan\u00eb pajtuar edhe pala kosovare edhe ajo serbe, ekspertja dhe studiuesja n\u00eb institutin gjerman \u201cStiftung Wissenschaft und Politik\u201d, Marina Vuloviq, nuk beson q\u00eb ky institucion tejet kontraverz do t\u00eb jet\u00ebsohet; s\u00eb paku jo edhe [&hellip;]","og_url":"https:\/\/permbledhja.com\/sq\/asociacioni-nuk-behet-edhe-disa-vjet-beteja-te-behet-per-njohje-nga-peseshja-e-be-se\/","og_site_name":"Ve\u00e7 artikuj p\u00ebrmbledh\u00ebs","article_publisher":"https:\/\/www.facebook.com\/press07\/","article_author":"https:\/\/www.facebook.com\/kafexhiu.muharrem\/","article_published_time":"2023-12-04T17:29:46+00:00","og_image":[{"width":2048,"height":1365,"url":"https:\/\/permbledhja.com\/wp-content\/uploads\/2023\/11\/kurti-2.jpg","type":"image\/jpeg"}],"author":"P\u00ebrmbledhja","twitter_card":"summary_large_image","twitter_misc":{"Written by":"P\u00ebrmbledhja","Est. reading time":"7 minuta"},"schema":{"@context":"https:\/\/schema.org","@graph":[{"@type":"Article","@id":"https:\/\/permbledhja.com\/sq\/asociacioni-nuk-behet-edhe-disa-vjet-beteja-te-behet-per-njohje-nga-peseshja-e-be-se\/#article","isPartOf":{"@id":"https:\/\/permbledhja.com\/sq\/asociacioni-nuk-behet-edhe-disa-vjet-beteja-te-behet-per-njohje-nga-peseshja-e-be-se\/"},"author":{"name":"P\u00ebrmbledhja","@id":"https:\/\/permbledhja.com\/#\/schema\/person\/0d064377258d3221e50693947b9eb4fe"},"headline":"\u201cAsociacioni nuk b\u00ebhet edhe disa vjet; beteja t\u00eb b\u00ebhet p\u00ebr njohje nga pes\u00ebshja e BE-s\u00eb\u201d","datePublished":"2023-12-04T17:29:46+00:00","dateModified":"2023-12-04T17:29:46+00:00","mainEntityOfPage":{"@id":"https:\/\/permbledhja.com\/sq\/asociacioni-nuk-behet-edhe-disa-vjet-beteja-te-behet-per-njohje-nga-peseshja-e-be-se\/"},"wordCount":1369,"publisher":{"@id":"https:\/\/permbledhja.com\/#organization"},"keywords":["Albin Kurti"],"articleSection":["Kryesoret"],"inLanguage":"sq"},{"@type":"WebPage","@id":"https:\/\/permbledhja.com\/sq\/asociacioni-nuk-behet-edhe-disa-vjet-beteja-te-behet-per-njohje-nga-peseshja-e-be-se\/","url":"https:\/\/permbledhja.com\/sq\/asociacioni-nuk-behet-edhe-disa-vjet-beteja-te-behet-per-njohje-nga-peseshja-e-be-se\/","name":"\u201cAsociacioni nuk b\u00ebhet edhe disa vjet; beteja t\u00eb b\u00ebhet p\u00ebr njohje nga pes\u00ebshja e BE-s\u00eb\u201d","isPartOf":{"@id":"https:\/\/permbledhja.com\/#website"},"datePublished":"2023-12-04T17:29:46+00:00","dateModified":"2023-12-04T17:29:46+00:00","breadcrumb":{"@id":"https:\/\/permbledhja.com\/sq\/asociacioni-nuk-behet-edhe-disa-vjet-beteja-te-behet-per-njohje-nga-peseshja-e-be-se\/#breadcrumb"},"inLanguage":"sq","potentialAction":[{"@type":"ReadAction","target":["https:\/\/permbledhja.com\/sq\/asociacioni-nuk-behet-edhe-disa-vjet-beteja-te-behet-per-njohje-nga-peseshja-e-be-se\/"]}]},{"@type":"BreadcrumbList","@id":"https:\/\/permbledhja.com\/sq\/asociacioni-nuk-behet-edhe-disa-vjet-beteja-te-behet-per-njohje-nga-peseshja-e-be-se\/#breadcrumb","itemListElement":[{"@type":"ListItem","position":1,"name":"Ballina","item":"https:\/\/permbledhja.com\/sq\/"},{"@type":"ListItem","position":2,"name":"\u201cAsociacioni nuk b\u00ebhet edhe disa vjet; beteja t\u00eb b\u00ebhet p\u00ebr njohje nga pes\u00ebshja e BE-s\u00eb\u201d"}]},{"@type":"WebSite","@id":"https:\/\/permbledhja.com\/#website","url":"https:\/\/permbledhja.com\/","name":"Ve\u00e7 artikuj p\u00ebrmbledh\u00ebs","description":"","publisher":{"@id":"https:\/\/permbledhja.com\/#organization"},"potentialAction":[{"@type":"SearchAction","target":{"@type":"EntryPoint","urlTemplate":"https:\/\/permbledhja.com\/?s={search_term_string}"},"query-input":"required name=search_term_string"}],"inLanguage":"sq"},{"@type":"Organization","@id":"https:\/\/permbledhja.com\/#organization","name":"MK Media & Pr","url":"https:\/\/permbledhja.com\/","logo":{"@type":"ImageObject","inLanguage":"sq","@id":"https:\/\/permbledhja.com\/#\/schema\/logo\/image\/","url":"https:\/\/permbledhja.com\/wp-content\/uploads\/2021\/12\/07-Press-Logo.jpg","contentUrl":"https:\/\/permbledhja.com\/wp-content\/uploads\/2021\/12\/07-Press-Logo.jpg","width":512,"height":512,"caption":"MK Media & Pr"},"image":{"@id":"https:\/\/permbledhja.com\/#\/schema\/logo\/image\/"},"sameAs":["https:\/\/www.facebook.com\/press07\/"]},{"@type":"Person","@id":"https:\/\/permbledhja.com\/#\/schema\/person\/0d064377258d3221e50693947b9eb4fe","name":"P\u00ebrmbledhja","image":{"@type":"ImageObject","inLanguage":"sq","@id":"https:\/\/permbledhja.com\/#\/schema\/person\/image\/","url":"https:\/\/permbledhja.com\/wp-content\/uploads\/2026\/01\/452004717_1040944174702970_8932037511805513407_n-96x96.jpg","contentUrl":"https:\/\/permbledhja.com\/wp-content\/uploads\/2026\/01\/452004717_1040944174702970_8932037511805513407_n-96x96.jpg","caption":"P\u00ebrmbledhja"},"sameAs":["https:\/\/www.facebook.com\/kafexhiu.muharrem\/","https:\/\/www.instagram.com\/muharrem_kafexhiu\/"],"url":"https:\/\/permbledhja.com\/sq\/author\/admin\/"}]}},"_links":{"self":[{"href":"https:\/\/permbledhja.com\/sq\/wp-json\/wp\/v2\/posts\/38574"}],"collection":[{"href":"https:\/\/permbledhja.com\/sq\/wp-json\/wp\/v2\/posts"}],"about":[{"href":"https:\/\/permbledhja.com\/sq\/wp-json\/wp\/v2\/types\/post"}],"author":[{"embeddable":true,"href":"https:\/\/permbledhja.com\/sq\/wp-json\/wp\/v2\/users\/1"}],"replies":[{"embeddable":true,"href":"https:\/\/permbledhja.com\/sq\/wp-json\/wp\/v2\/comments?post=38574"}],"version-history":[{"count":1,"href":"https:\/\/permbledhja.com\/sq\/wp-json\/wp\/v2\/posts\/38574\/revisions"}],"predecessor-version":[{"id":38575,"href":"https:\/\/permbledhja.com\/sq\/wp-json\/wp\/v2\/posts\/38574\/revisions\/38575"}],"wp:featuredmedia":[{"embeddable":true,"href":"https:\/\/permbledhja.com\/sq\/wp-json\/wp\/v2\/media\/36402"}],"wp:attachment":[{"href":"https:\/\/permbledhja.com\/sq\/wp-json\/wp\/v2\/media?parent=38574"}],"wp:term":[{"taxonomy":"category","embeddable":true,"href":"https:\/\/permbledhja.com\/sq\/wp-json\/wp\/v2\/categories?post=38574"},{"taxonomy":"post_tag","embeddable":true,"href":"https:\/\/permbledhja.com\/sq\/wp-json\/wp\/v2\/tags?post=38574"}],"curies":[{"name":"wp","href":"https:\/\/api.w.org\/{rel}","templated":true}]}}