{"id":38451,"date":"2023-12-04T07:38:30","date_gmt":"2023-12-04T07:38:30","guid":{"rendered":"https:\/\/permbledhja.com\/?p=38451"},"modified":"2023-12-04T07:38:30","modified_gmt":"2023-12-04T07:38:30","slug":"ambasadori-suedez-viziton-familjen-e-liridones-lavderon-policine-e-kosoves-per-reagimin-e-shpejte","status":"publish","type":"post","link":"https:\/\/permbledhja.com\/sq\/ambasadori-suedez-viziton-familjen-e-liridones-lavderon-policine-e-kosoves-per-reagimin-e-shpejte\/","title":{"rendered":"Ambasadori suedez viziton familjen e Liridon\u00ebs, lavd\u00ebron policin\u00eb e Kosov\u00ebs p\u00ebr reagimin e shpejt\u00eb"},"content":{"rendered":"<h3>Ambasadori i Suedis\u00eb n\u00eb Kosov\u00eb, Jonas Westerlund, ka vizituar familjen e Liridona Ademajt, e cila u vra t\u00eb m\u00ebrkur\u00ebn e 29 n\u00ebntorit.<\/h3>\n<p>Westerlund me an\u00eb t\u00eb nj\u00eb postimi n\u00eb llogarin\u00eb e tij n\u00eb platform\u00ebn X, ka p\u00ebrsh\u00ebndetur reagimin e shpejt t\u00eb Policis\u00eb dhe Prokuroris\u00eb s\u00eb Kosov\u00ebs p\u00ebr sjelljen e t\u00eb dyshuarve para drejt\u00ebsis\u00eb.<\/p>\n<p>\u201cSot n\u00eb m\u00ebngjes vizitova familjen Ademaj n\u00eb Rracaj p\u00ebr t\u00eb p\u00ebrcjell\u00eb ngush\u00ebllimet e mia t\u00eb p\u00ebrzem\u00ebrta p\u00ebr vrasjen e tmerrshme t\u00eb an\u00ebtarit t\u00eb familjes s\u00eb tyre Liridona, bashk\u00ebqytetare suedeze. P\u00ebrsh\u00ebndes reagimin e shpejt\u00eb t\u00eb Policis\u00eb dhe Prokuroris\u00eb s\u00eb Kosov\u00ebs p\u00ebr sjelljen e t\u00eb dyshuarve para drejt\u00ebsis\u00eb\u201d, shkroi Westerlund.<\/p>\n<p>Kujtojm\u00eb se sot do t\u00eb behet rivarrimi i Liridona Ademajt n\u00eb fshatin e saj Rracaj, kjo pas k\u00ebrkes\u00ebs s\u00eb familjes Ademaj tek organet e rendit q\u00eb e aprovuan k\u00ebrkes\u00ebn e tyre.<\/p>\n<p>Rivarrimi i t\u00eb ndjer\u00ebs b\u00ebhet sot nga ora 14:00.<\/p>\n","protected":false},"excerpt":{"rendered":"<p>Ambasadori i Suedis\u00eb n\u00eb Kosov\u00eb, Jonas Westerlund, ka vizituar familjen e Liridona Ademajt, e cila u vra t\u00eb m\u00ebrkur\u00ebn e 29 n\u00ebntorit. Westerlund me an\u00eb t\u00eb nj\u00eb postimi n\u00eb llogarin\u00eb e tij n\u00eb platform\u00ebn X, ka p\u00ebrsh\u00ebndetur reagimin e shpejt t\u00eb Policis\u00eb dhe Prokuroris\u00eb s\u00eb Kosov\u00ebs p\u00ebr sjelljen e t\u00eb dyshuarve para drejt\u00ebsis\u00eb. \u201cSot n\u00eb [&hellip;]<\/p>\n","protected":false},"author":2,"featured_media":38452,"comment_status":"closed","ping_status":"closed","sticky":false,"template":"","format":"standard","meta":{"_monsterinsights_skip_tracking":false,"_monsterinsights_sitenote_active":false,"_monsterinsights_sitenote_note":"","_monsterinsights_sitenote_category":0,"_uf_show_specific_survey":0,"_uf_disable_surveys":false,"footnotes":""},"categories":[15],"tags":[2740],"yoast_head":"<!-- This site is optimized with the Yoast SEO plugin v21.5 - https:\/\/yoast.com\/wordpress\/plugins\/seo\/ -->\n<title>Ambasadori suedez viziton familjen e Liridon\u00ebs, lavd\u00ebron policin\u00eb e Kosov\u00ebs p\u00ebr reagimin e shpejt\u00eb<\/title>\n<meta name=\"robots\" content=\"index, follow, max-snippet:-1, max-image-preview:large, max-video-preview:-1\" \/>\n<link rel=\"canonical\" href=\"https:\/\/permbledhja.com\/sq\/ambasadori-suedez-viziton-familjen-e-liridones-lavderon-policine-e-kosoves-per-reagimin-e-shpejte\/\" \/>\n<meta property=\"og:locale\" content=\"sq_AL\" \/>\n<meta property=\"og:type\" content=\"article\" \/>\n<meta property=\"og:title\" content=\"Ambasadori suedez viziton familjen e Liridon\u00ebs, lavd\u00ebron policin\u00eb e Kosov\u00ebs p\u00ebr reagimin e shpejt\u00eb\" \/>\n<meta property=\"og:description\" content=\"Ambasadori i Suedis\u00eb n\u00eb Kosov\u00eb, Jonas Westerlund, ka vizituar familjen e Liridona Ademajt, e cila u vra t\u00eb m\u00ebrkur\u00ebn e 29 n\u00ebntorit. Westerlund me an\u00eb t\u00eb nj\u00eb postimi n\u00eb llogarin\u00eb e tij n\u00eb platform\u00ebn X, ka p\u00ebrsh\u00ebndetur reagimin e shpejt t\u00eb Policis\u00eb dhe Prokuroris\u00eb s\u00eb Kosov\u00ebs p\u00ebr sjelljen e t\u00eb dyshuarve para drejt\u00ebsis\u00eb. \u201cSot n\u00eb [&hellip;]\" \/>\n<meta property=\"og:url\" content=\"https:\/\/permbledhja.com\/sq\/ambasadori-suedez-viziton-familjen-e-liridones-lavderon-policine-e-kosoves-per-reagimin-e-shpejte\/\" \/>\n<meta property=\"og:site_name\" content=\"Ve\u00e7 artikuj p\u00ebrmbledh\u00ebs\" \/>\n<meta property=\"article:publisher\" content=\"https:\/\/www.facebook.com\/press07\/\" \/>\n<meta property=\"article:published_time\" content=\"2023-12-04T07:38:30+00:00\" \/>\n<meta property=\"og:image\" content=\"https:\/\/permbledhja.com\/wp-content\/uploads\/2023\/12\/322403347_3356652491268205_7944400219061021050_n.jpg\" \/>\n\t<meta property=\"og:image:width\" content=\"2048\" \/>\n\t<meta property=\"og:image:height\" content=\"1366\" \/>\n\t<meta property=\"og:image:type\" content=\"image\/jpeg\" \/>\n<meta name=\"author\" content=\"M M\" \/>\n<meta name=\"twitter:card\" content=\"summary_large_image\" \/>\n<meta name=\"twitter:label1\" content=\"Written by\" \/>\n\t<meta name=\"twitter:data1\" content=\"M M\" \/>\n\t<meta name=\"twitter:label2\" content=\"Est. reading time\" \/>\n\t<meta name=\"twitter:data2\" content=\"1 minut\u00eb\" \/>\n<script type=\"application\/ld+json\" class=\"yoast-schema-graph\">{\"@context\":\"https:\/\/schema.org\",\"@graph\":[{\"@type\":\"Article\",\"@id\":\"https:\/\/permbledhja.com\/ambasadori-suedez-viziton-familjen-e-liridones-lavderon-policine-e-kosoves-per-reagimin-e-shpejte\/#article\",\"isPartOf\":{\"@id\":\"https:\/\/permbledhja.com\/ambasadori-suedez-viziton-familjen-e-liridones-lavderon-policine-e-kosoves-per-reagimin-e-shpejte\/\"},\"author\":{\"name\":\"M M\",\"@id\":\"https:\/\/permbledhja.com\/#\/schema\/person\/d23f13f59b5722643933d6780783acf3\"},\"headline\":\"Ambasadori suedez viziton familjen e Liridon\u00ebs, lavd\u00ebron policin\u00eb e Kosov\u00ebs p\u00ebr reagimin e shpejt\u00eb\",\"datePublished\":\"2023-12-04T07:38:30+00:00\",\"dateModified\":\"2023-12-04T07:38:30+00:00\",\"mainEntityOfPage\":{\"@id\":\"https:\/\/permbledhja.com\/ambasadori-suedez-viziton-familjen-e-liridones-lavderon-policine-e-kosoves-per-reagimin-e-shpejte\/\"},\"wordCount\":186,\"publisher\":{\"@id\":\"https:\/\/permbledhja.com\/#organization\"},\"keywords\":[\"Jonas Westerlund\"],\"articleSection\":[\"Lajme\"],\"inLanguage\":\"sq\"},{\"@type\":\"WebPage\",\"@id\":\"https:\/\/permbledhja.com\/ambasadori-suedez-viziton-familjen-e-liridones-lavderon-policine-e-kosoves-per-reagimin-e-shpejte\/\",\"url\":\"https:\/\/permbledhja.com\/ambasadori-suedez-viziton-familjen-e-liridones-lavderon-policine-e-kosoves-per-reagimin-e-shpejte\/\",\"name\":\"Ambasadori suedez viziton familjen e Liridon\u00ebs, lavd\u00ebron policin\u00eb e Kosov\u00ebs p\u00ebr reagimin e shpejt\u00eb\",\"isPartOf\":{\"@id\":\"https:\/\/permbledhja.com\/#website\"},\"datePublished\":\"2023-12-04T07:38:30+00:00\",\"dateModified\":\"2023-12-04T07:38:30+00:00\",\"breadcrumb\":{\"@id\":\"https:\/\/permbledhja.com\/ambasadori-suedez-viziton-familjen-e-liridones-lavderon-policine-e-kosoves-per-reagimin-e-shpejte\/#breadcrumb\"},\"inLanguage\":\"sq\",\"potentialAction\":[{\"@type\":\"ReadAction\",\"target\":[\"https:\/\/permbledhja.com\/ambasadori-suedez-viziton-familjen-e-liridones-lavderon-policine-e-kosoves-per-reagimin-e-shpejte\/\"]}]},{\"@type\":\"BreadcrumbList\",\"@id\":\"https:\/\/permbledhja.com\/ambasadori-suedez-viziton-familjen-e-liridones-lavderon-policine-e-kosoves-per-reagimin-e-shpejte\/#breadcrumb\",\"itemListElement\":[{\"@type\":\"ListItem\",\"position\":1,\"name\":\"Ballina\",\"item\":\"https:\/\/permbledhja.com\/sq\/\"},{\"@type\":\"ListItem\",\"position\":2,\"name\":\"Ambasadori suedez viziton familjen e Liridon\u00ebs, lavd\u00ebron policin\u00eb e Kosov\u00ebs p\u00ebr reagimin e shpejt\u00eb\"}]},{\"@type\":\"WebSite\",\"@id\":\"https:\/\/permbledhja.com\/#website\",\"url\":\"https:\/\/permbledhja.com\/\",\"name\":\"Ve\u00e7 artikuj p\u00ebrmbledh\u00ebs\",\"description\":\"\",\"publisher\":{\"@id\":\"https:\/\/permbledhja.com\/#organization\"},\"potentialAction\":[{\"@type\":\"SearchAction\",\"target\":{\"@type\":\"EntryPoint\",\"urlTemplate\":\"https:\/\/permbledhja.com\/?s={search_term_string}\"},\"query-input\":\"required name=search_term_string\"}],\"inLanguage\":\"sq\"},{\"@type\":\"Organization\",\"@id\":\"https:\/\/permbledhja.com\/#organization\",\"name\":\"MK Media & Pr\",\"url\":\"https:\/\/permbledhja.com\/\",\"logo\":{\"@type\":\"ImageObject\",\"inLanguage\":\"sq\",\"@id\":\"https:\/\/permbledhja.com\/#\/schema\/logo\/image\/\",\"url\":\"https:\/\/permbledhja.com\/wp-content\/uploads\/2021\/12\/07-Press-Logo.jpg\",\"contentUrl\":\"https:\/\/permbledhja.com\/wp-content\/uploads\/2021\/12\/07-Press-Logo.jpg\",\"width\":512,\"height\":512,\"caption\":\"MK Media & Pr\"},\"image\":{\"@id\":\"https:\/\/permbledhja.com\/#\/schema\/logo\/image\/\"},\"sameAs\":[\"https:\/\/www.facebook.com\/press07\/\"]},{\"@type\":\"Person\",\"@id\":\"https:\/\/permbledhja.com\/#\/schema\/person\/d23f13f59b5722643933d6780783acf3\",\"name\":\"M M\",\"image\":{\"@type\":\"ImageObject\",\"inLanguage\":\"sq\",\"@id\":\"https:\/\/permbledhja.com\/#\/schema\/person\/image\/\",\"url\":\"https:\/\/secure.gravatar.com\/avatar\/e2835a76ca7c31a2416b2d51c4ec9a8f?s=96&d=mm&r=g\",\"contentUrl\":\"https:\/\/secure.gravatar.com\/avatar\/e2835a76ca7c31a2416b2d51c4ec9a8f?s=96&d=mm&r=g\",\"caption\":\"M M\"},\"sameAs\":[\"http:\/\/MM\"],\"url\":\"https:\/\/permbledhja.com\/sq\/author\/muhamet\/\"}]}<\/script>\n<!-- \/ Yoast SEO plugin. -->","yoast_head_json":{"title":"Ambasadori suedez viziton familjen e Liridon\u00ebs, lavd\u00ebron policin\u00eb e Kosov\u00ebs p\u00ebr reagimin e shpejt\u00eb","robots":{"index":"index","follow":"follow","max-snippet":"max-snippet:-1","max-image-preview":"max-image-preview:large","max-video-preview":"max-video-preview:-1"},"canonical":"https:\/\/permbledhja.com\/sq\/ambasadori-suedez-viziton-familjen-e-liridones-lavderon-policine-e-kosoves-per-reagimin-e-shpejte\/","og_locale":"sq_AL","og_type":"article","og_title":"Ambasadori suedez viziton familjen e Liridon\u00ebs, lavd\u00ebron policin\u00eb e Kosov\u00ebs p\u00ebr reagimin e shpejt\u00eb","og_description":"Ambasadori i Suedis\u00eb n\u00eb Kosov\u00eb, Jonas Westerlund, ka vizituar familjen e Liridona Ademajt, e cila u vra t\u00eb m\u00ebrkur\u00ebn e 29 n\u00ebntorit. Westerlund me an\u00eb t\u00eb nj\u00eb postimi n\u00eb llogarin\u00eb e tij n\u00eb platform\u00ebn X, ka p\u00ebrsh\u00ebndetur reagimin e shpejt t\u00eb Policis\u00eb dhe Prokuroris\u00eb s\u00eb Kosov\u00ebs p\u00ebr sjelljen e t\u00eb dyshuarve para drejt\u00ebsis\u00eb. \u201cSot n\u00eb [&hellip;]","og_url":"https:\/\/permbledhja.com\/sq\/ambasadori-suedez-viziton-familjen-e-liridones-lavderon-policine-e-kosoves-per-reagimin-e-shpejte\/","og_site_name":"Ve\u00e7 artikuj p\u00ebrmbledh\u00ebs","article_publisher":"https:\/\/www.facebook.com\/press07\/","article_published_time":"2023-12-04T07:38:30+00:00","og_image":[{"width":2048,"height":1366,"url":"https:\/\/permbledhja.com\/wp-content\/uploads\/2023\/12\/322403347_3356652491268205_7944400219061021050_n.jpg","type":"image\/jpeg"}],"author":"M M","twitter_card":"summary_large_image","twitter_misc":{"Written by":"M M","Est. reading time":"1 minut\u00eb"},"schema":{"@context":"https:\/\/schema.org","@graph":[{"@type":"Article","@id":"https:\/\/permbledhja.com\/ambasadori-suedez-viziton-familjen-e-liridones-lavderon-policine-e-kosoves-per-reagimin-e-shpejte\/#article","isPartOf":{"@id":"https:\/\/permbledhja.com\/ambasadori-suedez-viziton-familjen-e-liridones-lavderon-policine-e-kosoves-per-reagimin-e-shpejte\/"},"author":{"name":"M M","@id":"https:\/\/permbledhja.com\/#\/schema\/person\/d23f13f59b5722643933d6780783acf3"},"headline":"Ambasadori suedez viziton familjen e Liridon\u00ebs, lavd\u00ebron policin\u00eb e Kosov\u00ebs p\u00ebr reagimin e shpejt\u00eb","datePublished":"2023-12-04T07:38:30+00:00","dateModified":"2023-12-04T07:38:30+00:00","mainEntityOfPage":{"@id":"https:\/\/permbledhja.com\/ambasadori-suedez-viziton-familjen-e-liridones-lavderon-policine-e-kosoves-per-reagimin-e-shpejte\/"},"wordCount":186,"publisher":{"@id":"https:\/\/permbledhja.com\/#organization"},"keywords":["Jonas Westerlund"],"articleSection":["Lajme"],"inLanguage":"sq"},{"@type":"WebPage","@id":"https:\/\/permbledhja.com\/ambasadori-suedez-viziton-familjen-e-liridones-lavderon-policine-e-kosoves-per-reagimin-e-shpejte\/","url":"https:\/\/permbledhja.com\/ambasadori-suedez-viziton-familjen-e-liridones-lavderon-policine-e-kosoves-per-reagimin-e-shpejte\/","name":"Ambasadori suedez viziton familjen e Liridon\u00ebs, lavd\u00ebron policin\u00eb e Kosov\u00ebs p\u00ebr reagimin e shpejt\u00eb","isPartOf":{"@id":"https:\/\/permbledhja.com\/#website"},"datePublished":"2023-12-04T07:38:30+00:00","dateModified":"2023-12-04T07:38:30+00:00","breadcrumb":{"@id":"https:\/\/permbledhja.com\/ambasadori-suedez-viziton-familjen-e-liridones-lavderon-policine-e-kosoves-per-reagimin-e-shpejte\/#breadcrumb"},"inLanguage":"sq","potentialAction":[{"@type":"ReadAction","target":["https:\/\/permbledhja.com\/ambasadori-suedez-viziton-familjen-e-liridones-lavderon-policine-e-kosoves-per-reagimin-e-shpejte\/"]}]},{"@type":"BreadcrumbList","@id":"https:\/\/permbledhja.com\/ambasadori-suedez-viziton-familjen-e-liridones-lavderon-policine-e-kosoves-per-reagimin-e-shpejte\/#breadcrumb","itemListElement":[{"@type":"ListItem","position":1,"name":"Ballina","item":"https:\/\/permbledhja.com\/sq\/"},{"@type":"ListItem","position":2,"name":"Ambasadori suedez viziton familjen e Liridon\u00ebs, lavd\u00ebron policin\u00eb e Kosov\u00ebs p\u00ebr reagimin e shpejt\u00eb"}]},{"@type":"WebSite","@id":"https:\/\/permbledhja.com\/#website","url":"https:\/\/permbledhja.com\/","name":"Ve\u00e7 artikuj p\u00ebrmbledh\u00ebs","description":"","publisher":{"@id":"https:\/\/permbledhja.com\/#organization"},"potentialAction":[{"@type":"SearchAction","target":{"@type":"EntryPoint","urlTemplate":"https:\/\/permbledhja.com\/?s={search_term_string}"},"query-input":"required name=search_term_string"}],"inLanguage":"sq"},{"@type":"Organization","@id":"https:\/\/permbledhja.com\/#organization","name":"MK Media & Pr","url":"https:\/\/permbledhja.com\/","logo":{"@type":"ImageObject","inLanguage":"sq","@id":"https:\/\/permbledhja.com\/#\/schema\/logo\/image\/","url":"https:\/\/permbledhja.com\/wp-content\/uploads\/2021\/12\/07-Press-Logo.jpg","contentUrl":"https:\/\/permbledhja.com\/wp-content\/uploads\/2021\/12\/07-Press-Logo.jpg","width":512,"height":512,"caption":"MK Media & Pr"},"image":{"@id":"https:\/\/permbledhja.com\/#\/schema\/logo\/image\/"},"sameAs":["https:\/\/www.facebook.com\/press07\/"]},{"@type":"Person","@id":"https:\/\/permbledhja.com\/#\/schema\/person\/d23f13f59b5722643933d6780783acf3","name":"M M","image":{"@type":"ImageObject","inLanguage":"sq","@id":"https:\/\/permbledhja.com\/#\/schema\/person\/image\/","url":"https:\/\/secure.gravatar.com\/avatar\/e2835a76ca7c31a2416b2d51c4ec9a8f?s=96&d=mm&r=g","contentUrl":"https:\/\/secure.gravatar.com\/avatar\/e2835a76ca7c31a2416b2d51c4ec9a8f?s=96&d=mm&r=g","caption":"M M"},"sameAs":["http:\/\/MM"],"url":"https:\/\/permbledhja.com\/sq\/author\/muhamet\/"}]}},"_links":{"self":[{"href":"https:\/\/permbledhja.com\/sq\/wp-json\/wp\/v2\/posts\/38451"}],"collection":[{"href":"https:\/\/permbledhja.com\/sq\/wp-json\/wp\/v2\/posts"}],"about":[{"href":"https:\/\/permbledhja.com\/sq\/wp-json\/wp\/v2\/types\/post"}],"author":[{"embeddable":true,"href":"https:\/\/permbledhja.com\/sq\/wp-json\/wp\/v2\/users\/2"}],"replies":[{"embeddable":true,"href":"https:\/\/permbledhja.com\/sq\/wp-json\/wp\/v2\/comments?post=38451"}],"version-history":[{"count":1,"href":"https:\/\/permbledhja.com\/sq\/wp-json\/wp\/v2\/posts\/38451\/revisions"}],"predecessor-version":[{"id":38453,"href":"https:\/\/permbledhja.com\/sq\/wp-json\/wp\/v2\/posts\/38451\/revisions\/38453"}],"wp:featuredmedia":[{"embeddable":true,"href":"https:\/\/permbledhja.com\/sq\/wp-json\/wp\/v2\/media\/38452"}],"wp:attachment":[{"href":"https:\/\/permbledhja.com\/sq\/wp-json\/wp\/v2\/media?parent=38451"}],"wp:term":[{"taxonomy":"category","embeddable":true,"href":"https:\/\/permbledhja.com\/sq\/wp-json\/wp\/v2\/categories?post=38451"},{"taxonomy":"post_tag","embeddable":true,"href":"https:\/\/permbledhja.com\/sq\/wp-json\/wp\/v2\/tags?post=38451"}],"curies":[{"name":"wp","href":"https:\/\/api.w.org\/{rel}","templated":true}]}}