{"id":38438,"date":"2023-12-03T22:38:29","date_gmt":"2023-12-03T22:38:29","guid":{"rendered":"https:\/\/permbledhja.com\/?p=38438"},"modified":"2023-12-04T07:14:16","modified_gmt":"2023-12-04T07:14:16","slug":"shifra-alarmante-88-te-vdekur-nga-aksidentet-per-10-muaj-ne-kosove","status":"publish","type":"post","link":"https:\/\/permbledhja.com\/sq\/shifra-alarmante-88-te-vdekur-nga-aksidentet-per-10-muaj-ne-kosove\/","title":{"rendered":"Shifra alarmante, 88 t\u00eb vdekur nga aksidentet p\u00ebr 10 muaj n\u00eb Kosov\u00eb"},"content":{"rendered":"<h3>Or\u00ebt e fundit t\u00eb dit\u00ebs s\u00eb mart\u00eb, ishin fatale p\u00ebr nj\u00eb grua n\u00eb rrug\u00ebn \u201cC\u201d n\u00eb kryeqytet.<\/h3>\n<p>Goditja nga nj\u00eb vetur\u00eb mbr\u00ebmjen e 28 n\u00ebntorit, ishte fatale p\u00ebr jet\u00ebn e saj.<\/p>\n<div class=\"gtUuXADB\">\n<p>E ngjash\u00ebm si tashm\u00eb ndjera, aksidentet n\u00eb komunikacion ua kan\u00eb marr\u00eb jet\u00ebn edhe 88 personave t\u00eb tjer\u00eb gjat\u00eb 10 muajve t\u00eb k\u00ebtij viti.<\/p>\n<p>Kjo shif\u00ebr e frikshme tashm\u00eb \u00ebsht\u00eb kthyer n\u00eb normalitet, thot\u00eb eksperti i komunikacionit Bekim Ahmeti.<\/p>\n<p>Sipas tij, sa \u00ebsht\u00eb faji i ngas\u00ebsve, po aq edhe institucioneve q\u00eb ky num\u00ebr nga viti n\u00eb vit po rritet.<\/p>\n<p>\u201cNa duhet ta kemi nj\u00eb vet\u00ebdije kolektive, por edhe individuale. Vet\u00ebdija kolektive \u00ebsht\u00eb ajo t\u00eb cil\u00ebn e b\u00ebjn\u00eb institucionet. Institucionet tona t\u00eb jen\u00eb m\u00eb p\u00ebrgjegj\u00ebse. Ato duhet t\u00eb vendosin kamera, radar statik edhe ta krijojm\u00eb nj\u00eb polici brenda komunave apo qyteteve\u201d, ka deklaruar p\u00ebr RTV Dukagjinin, Ahmeti.<\/p>\n<p>E nj\u00ebjt\u00eb si Ahmeti, po mendon edhe eksperti tjet\u00ebr, profesori Nol Dedaj.<\/p>\n<p>\u201cAjo q\u00eb \u00ebsht\u00eb m\u00eb shqet\u00ebsuese sot \u00ebsht\u00eb se p\u00ebr shkak se institucionet tona publike nuk kan\u00eb marr\u00eb asnj\u00eb mas\u00eb preventive parandaluese, q\u00eb do t\u00eb thot\u00eb nj\u00eb muaj dit\u00eb p\u00ebrpara p\u00ebr me vendos ndonj\u00eb reklam\u00eb sa i p\u00ebrket siguris\u00eb rrugore\u201d, ka deklaruar Dedaj.<\/p>\n<p>Sipas t\u00eb dh\u00ebnave nga q\u00eb policia i ka d\u00ebrguar nga janari deri n\u00eb tetor, jan\u00eb regjistruar gjithsej 81 aksidente me 88 viktima, nd\u00ebrsa jan\u00eb regjistruar poashtu 7,288 aksidente me l\u00ebndime, ku kan\u00eb p\u00ebsuar 4110<\/p>\n<p>Megjith\u00ebse kat\u00ebrmb\u00ebdhjet\u00eb mij\u00eb e nj\u00ebqind e dhjet\u00eb persona t\u00eb l\u00ebnduar.<\/p>\n<p>Numri total i aksidenteve p\u00ebr k\u00ebta dhjet\u00eb muaj, sipas policis\u00eb \u00ebsht\u00eb rreth 20 mij\u00eb aksidente.<\/p>\n<\/div>\n","protected":false},"excerpt":{"rendered":"<p>Or\u00ebt e fundit t\u00eb dit\u00ebs s\u00eb mart\u00eb, ishin fatale p\u00ebr nj\u00eb grua n\u00eb rrug\u00ebn \u201cC\u201d n\u00eb kryeqytet. Goditja nga nj\u00eb vetur\u00eb mbr\u00ebmjen e 28 n\u00ebntorit, ishte fatale p\u00ebr jet\u00ebn e saj. E ngjash\u00ebm si tashm\u00eb ndjera, aksidentet n\u00eb komunikacion ua kan\u00eb marr\u00eb jet\u00ebn edhe 88 personave t\u00eb tjer\u00eb gjat\u00eb 10 muajve t\u00eb k\u00ebtij viti. Kjo [&hellip;]<\/p>\n","protected":false},"author":1,"featured_media":36486,"comment_status":"closed","ping_status":"closed","sticky":false,"template":"","format":"standard","meta":{"_monsterinsights_skip_tracking":false,"_monsterinsights_sitenote_active":false,"_monsterinsights_sitenote_note":"","_monsterinsights_sitenote_category":0,"_uf_show_specific_survey":0,"_uf_disable_surveys":false,"footnotes":""},"categories":[1],"tags":[1787],"yoast_head":"<!-- This site is optimized with the Yoast SEO plugin v21.5 - https:\/\/yoast.com\/wordpress\/plugins\/seo\/ -->\n<title>Shifra alarmante, 88 t\u00eb vdekur nga aksidentet p\u00ebr 10 muaj n\u00eb Kosov\u00eb<\/title>\n<meta name=\"robots\" content=\"index, follow, max-snippet:-1, max-image-preview:large, max-video-preview:-1\" \/>\n<link rel=\"canonical\" href=\"https:\/\/permbledhja.com\/sq\/shifra-alarmante-88-te-vdekur-nga-aksidentet-per-10-muaj-ne-kosove\/\" \/>\n<meta property=\"og:locale\" content=\"sq_AL\" \/>\n<meta property=\"og:type\" content=\"article\" \/>\n<meta property=\"og:title\" content=\"Shifra alarmante, 88 t\u00eb vdekur nga aksidentet p\u00ebr 10 muaj n\u00eb Kosov\u00eb\" \/>\n<meta property=\"og:description\" content=\"Or\u00ebt e fundit t\u00eb dit\u00ebs s\u00eb mart\u00eb, ishin fatale p\u00ebr nj\u00eb grua n\u00eb rrug\u00ebn \u201cC\u201d n\u00eb kryeqytet. Goditja nga nj\u00eb vetur\u00eb mbr\u00ebmjen e 28 n\u00ebntorit, ishte fatale p\u00ebr jet\u00ebn e saj. E ngjash\u00ebm si tashm\u00eb ndjera, aksidentet n\u00eb komunikacion ua kan\u00eb marr\u00eb jet\u00ebn edhe 88 personave t\u00eb tjer\u00eb gjat\u00eb 10 muajve t\u00eb k\u00ebtij viti. Kjo [&hellip;]\" \/>\n<meta property=\"og:url\" content=\"https:\/\/permbledhja.com\/sq\/shifra-alarmante-88-te-vdekur-nga-aksidentet-per-10-muaj-ne-kosove\/\" \/>\n<meta property=\"og:site_name\" content=\"Ve\u00e7 artikuj p\u00ebrmbledh\u00ebs\" \/>\n<meta property=\"article:publisher\" content=\"https:\/\/www.facebook.com\/press07\/\" \/>\n<meta property=\"article:author\" content=\"https:\/\/www.facebook.com\/kafexhiu.muharrem\/\" \/>\n<meta property=\"article:published_time\" content=\"2023-12-03T22:38:29+00:00\" \/>\n<meta property=\"article:modified_time\" content=\"2023-12-04T07:14:16+00:00\" \/>\n<meta property=\"og:image\" content=\"https:\/\/permbledhja.com\/wp-content\/uploads\/2023\/11\/aksident.jpg\" \/>\n\t<meta property=\"og:image:width\" content=\"818\" \/>\n\t<meta property=\"og:image:height\" content=\"488\" \/>\n\t<meta property=\"og:image:type\" content=\"image\/jpeg\" \/>\n<meta name=\"author\" content=\"P\u00ebrmbledhja\" \/>\n<meta name=\"twitter:card\" content=\"summary_large_image\" \/>\n<meta name=\"twitter:label1\" content=\"Written by\" \/>\n\t<meta name=\"twitter:data1\" content=\"P\u00ebrmbledhja\" \/>\n\t<meta name=\"twitter:label2\" content=\"Est. reading time\" \/>\n\t<meta name=\"twitter:data2\" content=\"2 minuta\" \/>\n<script type=\"application\/ld+json\" class=\"yoast-schema-graph\">{\"@context\":\"https:\/\/schema.org\",\"@graph\":[{\"@type\":\"Article\",\"@id\":\"https:\/\/permbledhja.com\/shifra-alarmante-88-te-vdekur-nga-aksidentet-per-10-muaj-ne-kosove\/#article\",\"isPartOf\":{\"@id\":\"https:\/\/permbledhja.com\/shifra-alarmante-88-te-vdekur-nga-aksidentet-per-10-muaj-ne-kosove\/\"},\"author\":{\"name\":\"P\u00ebrmbledhja\",\"@id\":\"https:\/\/permbledhja.com\/#\/schema\/person\/0d064377258d3221e50693947b9eb4fe\"},\"headline\":\"Shifra alarmante, 88 t\u00eb vdekur nga aksidentet p\u00ebr 10 muaj n\u00eb Kosov\u00eb\",\"datePublished\":\"2023-12-03T22:38:29+00:00\",\"dateModified\":\"2023-12-04T07:14:16+00:00\",\"mainEntityOfPage\":{\"@id\":\"https:\/\/permbledhja.com\/shifra-alarmante-88-te-vdekur-nga-aksidentet-per-10-muaj-ne-kosove\/\"},\"wordCount\":292,\"publisher\":{\"@id\":\"https:\/\/permbledhja.com\/#organization\"},\"keywords\":[\"Aksidentet\"],\"articleSection\":[\"Breaking News\"],\"inLanguage\":\"sq\"},{\"@type\":\"WebPage\",\"@id\":\"https:\/\/permbledhja.com\/shifra-alarmante-88-te-vdekur-nga-aksidentet-per-10-muaj-ne-kosove\/\",\"url\":\"https:\/\/permbledhja.com\/shifra-alarmante-88-te-vdekur-nga-aksidentet-per-10-muaj-ne-kosove\/\",\"name\":\"Shifra alarmante, 88 t\u00eb vdekur nga aksidentet p\u00ebr 10 muaj n\u00eb Kosov\u00eb\",\"isPartOf\":{\"@id\":\"https:\/\/permbledhja.com\/#website\"},\"datePublished\":\"2023-12-03T22:38:29+00:00\",\"dateModified\":\"2023-12-04T07:14:16+00:00\",\"breadcrumb\":{\"@id\":\"https:\/\/permbledhja.com\/shifra-alarmante-88-te-vdekur-nga-aksidentet-per-10-muaj-ne-kosove\/#breadcrumb\"},\"inLanguage\":\"sq\",\"potentialAction\":[{\"@type\":\"ReadAction\",\"target\":[\"https:\/\/permbledhja.com\/shifra-alarmante-88-te-vdekur-nga-aksidentet-per-10-muaj-ne-kosove\/\"]}]},{\"@type\":\"BreadcrumbList\",\"@id\":\"https:\/\/permbledhja.com\/shifra-alarmante-88-te-vdekur-nga-aksidentet-per-10-muaj-ne-kosove\/#breadcrumb\",\"itemListElement\":[{\"@type\":\"ListItem\",\"position\":1,\"name\":\"Ballina\",\"item\":\"https:\/\/permbledhja.com\/sq\/\"},{\"@type\":\"ListItem\",\"position\":2,\"name\":\"Shifra alarmante, 88 t\u00eb vdekur nga aksidentet p\u00ebr 10 muaj n\u00eb Kosov\u00eb\"}]},{\"@type\":\"WebSite\",\"@id\":\"https:\/\/permbledhja.com\/#website\",\"url\":\"https:\/\/permbledhja.com\/\",\"name\":\"Ve\u00e7 artikuj p\u00ebrmbledh\u00ebs\",\"description\":\"\",\"publisher\":{\"@id\":\"https:\/\/permbledhja.com\/#organization\"},\"potentialAction\":[{\"@type\":\"SearchAction\",\"target\":{\"@type\":\"EntryPoint\",\"urlTemplate\":\"https:\/\/permbledhja.com\/?s={search_term_string}\"},\"query-input\":\"required name=search_term_string\"}],\"inLanguage\":\"sq\"},{\"@type\":\"Organization\",\"@id\":\"https:\/\/permbledhja.com\/#organization\",\"name\":\"MK Media & Pr\",\"url\":\"https:\/\/permbledhja.com\/\",\"logo\":{\"@type\":\"ImageObject\",\"inLanguage\":\"sq\",\"@id\":\"https:\/\/permbledhja.com\/#\/schema\/logo\/image\/\",\"url\":\"https:\/\/permbledhja.com\/wp-content\/uploads\/2021\/12\/07-Press-Logo.jpg\",\"contentUrl\":\"https:\/\/permbledhja.com\/wp-content\/uploads\/2021\/12\/07-Press-Logo.jpg\",\"width\":512,\"height\":512,\"caption\":\"MK Media & Pr\"},\"image\":{\"@id\":\"https:\/\/permbledhja.com\/#\/schema\/logo\/image\/\"},\"sameAs\":[\"https:\/\/www.facebook.com\/press07\/\"]},{\"@type\":\"Person\",\"@id\":\"https:\/\/permbledhja.com\/#\/schema\/person\/0d064377258d3221e50693947b9eb4fe\",\"name\":\"P\u00ebrmbledhja\",\"image\":{\"@type\":\"ImageObject\",\"inLanguage\":\"sq\",\"@id\":\"https:\/\/permbledhja.com\/#\/schema\/person\/image\/\",\"url\":\"https:\/\/permbledhja.com\/wp-content\/uploads\/2026\/01\/452004717_1040944174702970_8932037511805513407_n-96x96.jpg\",\"contentUrl\":\"https:\/\/permbledhja.com\/wp-content\/uploads\/2026\/01\/452004717_1040944174702970_8932037511805513407_n-96x96.jpg\",\"caption\":\"P\u00ebrmbledhja\"},\"sameAs\":[\"https:\/\/www.facebook.com\/kafexhiu.muharrem\/\",\"https:\/\/www.instagram.com\/muharrem_kafexhiu\/\"],\"url\":\"https:\/\/permbledhja.com\/sq\/author\/admin\/\"}]}<\/script>\n<!-- \/ Yoast SEO plugin. -->","yoast_head_json":{"title":"Shifra alarmante, 88 t\u00eb vdekur nga aksidentet p\u00ebr 10 muaj n\u00eb Kosov\u00eb","robots":{"index":"index","follow":"follow","max-snippet":"max-snippet:-1","max-image-preview":"max-image-preview:large","max-video-preview":"max-video-preview:-1"},"canonical":"https:\/\/permbledhja.com\/sq\/shifra-alarmante-88-te-vdekur-nga-aksidentet-per-10-muaj-ne-kosove\/","og_locale":"sq_AL","og_type":"article","og_title":"Shifra alarmante, 88 t\u00eb vdekur nga aksidentet p\u00ebr 10 muaj n\u00eb Kosov\u00eb","og_description":"Or\u00ebt e fundit t\u00eb dit\u00ebs s\u00eb mart\u00eb, ishin fatale p\u00ebr nj\u00eb grua n\u00eb rrug\u00ebn \u201cC\u201d n\u00eb kryeqytet. Goditja nga nj\u00eb vetur\u00eb mbr\u00ebmjen e 28 n\u00ebntorit, ishte fatale p\u00ebr jet\u00ebn e saj. E ngjash\u00ebm si tashm\u00eb ndjera, aksidentet n\u00eb komunikacion ua kan\u00eb marr\u00eb jet\u00ebn edhe 88 personave t\u00eb tjer\u00eb gjat\u00eb 10 muajve t\u00eb k\u00ebtij viti. Kjo [&hellip;]","og_url":"https:\/\/permbledhja.com\/sq\/shifra-alarmante-88-te-vdekur-nga-aksidentet-per-10-muaj-ne-kosove\/","og_site_name":"Ve\u00e7 artikuj p\u00ebrmbledh\u00ebs","article_publisher":"https:\/\/www.facebook.com\/press07\/","article_author":"https:\/\/www.facebook.com\/kafexhiu.muharrem\/","article_published_time":"2023-12-03T22:38:29+00:00","article_modified_time":"2023-12-04T07:14:16+00:00","og_image":[{"width":818,"height":488,"url":"https:\/\/permbledhja.com\/wp-content\/uploads\/2023\/11\/aksident.jpg","type":"image\/jpeg"}],"author":"P\u00ebrmbledhja","twitter_card":"summary_large_image","twitter_misc":{"Written by":"P\u00ebrmbledhja","Est. reading time":"2 minuta"},"schema":{"@context":"https:\/\/schema.org","@graph":[{"@type":"Article","@id":"https:\/\/permbledhja.com\/shifra-alarmante-88-te-vdekur-nga-aksidentet-per-10-muaj-ne-kosove\/#article","isPartOf":{"@id":"https:\/\/permbledhja.com\/shifra-alarmante-88-te-vdekur-nga-aksidentet-per-10-muaj-ne-kosove\/"},"author":{"name":"P\u00ebrmbledhja","@id":"https:\/\/permbledhja.com\/#\/schema\/person\/0d064377258d3221e50693947b9eb4fe"},"headline":"Shifra alarmante, 88 t\u00eb vdekur nga aksidentet p\u00ebr 10 muaj n\u00eb Kosov\u00eb","datePublished":"2023-12-03T22:38:29+00:00","dateModified":"2023-12-04T07:14:16+00:00","mainEntityOfPage":{"@id":"https:\/\/permbledhja.com\/shifra-alarmante-88-te-vdekur-nga-aksidentet-per-10-muaj-ne-kosove\/"},"wordCount":292,"publisher":{"@id":"https:\/\/permbledhja.com\/#organization"},"keywords":["Aksidentet"],"articleSection":["Breaking News"],"inLanguage":"sq"},{"@type":"WebPage","@id":"https:\/\/permbledhja.com\/shifra-alarmante-88-te-vdekur-nga-aksidentet-per-10-muaj-ne-kosove\/","url":"https:\/\/permbledhja.com\/shifra-alarmante-88-te-vdekur-nga-aksidentet-per-10-muaj-ne-kosove\/","name":"Shifra alarmante, 88 t\u00eb vdekur nga aksidentet p\u00ebr 10 muaj n\u00eb Kosov\u00eb","isPartOf":{"@id":"https:\/\/permbledhja.com\/#website"},"datePublished":"2023-12-03T22:38:29+00:00","dateModified":"2023-12-04T07:14:16+00:00","breadcrumb":{"@id":"https:\/\/permbledhja.com\/shifra-alarmante-88-te-vdekur-nga-aksidentet-per-10-muaj-ne-kosove\/#breadcrumb"},"inLanguage":"sq","potentialAction":[{"@type":"ReadAction","target":["https:\/\/permbledhja.com\/shifra-alarmante-88-te-vdekur-nga-aksidentet-per-10-muaj-ne-kosove\/"]}]},{"@type":"BreadcrumbList","@id":"https:\/\/permbledhja.com\/shifra-alarmante-88-te-vdekur-nga-aksidentet-per-10-muaj-ne-kosove\/#breadcrumb","itemListElement":[{"@type":"ListItem","position":1,"name":"Ballina","item":"https:\/\/permbledhja.com\/sq\/"},{"@type":"ListItem","position":2,"name":"Shifra alarmante, 88 t\u00eb vdekur nga aksidentet p\u00ebr 10 muaj n\u00eb Kosov\u00eb"}]},{"@type":"WebSite","@id":"https:\/\/permbledhja.com\/#website","url":"https:\/\/permbledhja.com\/","name":"Ve\u00e7 artikuj p\u00ebrmbledh\u00ebs","description":"","publisher":{"@id":"https:\/\/permbledhja.com\/#organization"},"potentialAction":[{"@type":"SearchAction","target":{"@type":"EntryPoint","urlTemplate":"https:\/\/permbledhja.com\/?s={search_term_string}"},"query-input":"required name=search_term_string"}],"inLanguage":"sq"},{"@type":"Organization","@id":"https:\/\/permbledhja.com\/#organization","name":"MK Media & Pr","url":"https:\/\/permbledhja.com\/","logo":{"@type":"ImageObject","inLanguage":"sq","@id":"https:\/\/permbledhja.com\/#\/schema\/logo\/image\/","url":"https:\/\/permbledhja.com\/wp-content\/uploads\/2021\/12\/07-Press-Logo.jpg","contentUrl":"https:\/\/permbledhja.com\/wp-content\/uploads\/2021\/12\/07-Press-Logo.jpg","width":512,"height":512,"caption":"MK Media & Pr"},"image":{"@id":"https:\/\/permbledhja.com\/#\/schema\/logo\/image\/"},"sameAs":["https:\/\/www.facebook.com\/press07\/"]},{"@type":"Person","@id":"https:\/\/permbledhja.com\/#\/schema\/person\/0d064377258d3221e50693947b9eb4fe","name":"P\u00ebrmbledhja","image":{"@type":"ImageObject","inLanguage":"sq","@id":"https:\/\/permbledhja.com\/#\/schema\/person\/image\/","url":"https:\/\/permbledhja.com\/wp-content\/uploads\/2026\/01\/452004717_1040944174702970_8932037511805513407_n-96x96.jpg","contentUrl":"https:\/\/permbledhja.com\/wp-content\/uploads\/2026\/01\/452004717_1040944174702970_8932037511805513407_n-96x96.jpg","caption":"P\u00ebrmbledhja"},"sameAs":["https:\/\/www.facebook.com\/kafexhiu.muharrem\/","https:\/\/www.instagram.com\/muharrem_kafexhiu\/"],"url":"https:\/\/permbledhja.com\/sq\/author\/admin\/"}]}},"_links":{"self":[{"href":"https:\/\/permbledhja.com\/sq\/wp-json\/wp\/v2\/posts\/38438"}],"collection":[{"href":"https:\/\/permbledhja.com\/sq\/wp-json\/wp\/v2\/posts"}],"about":[{"href":"https:\/\/permbledhja.com\/sq\/wp-json\/wp\/v2\/types\/post"}],"author":[{"embeddable":true,"href":"https:\/\/permbledhja.com\/sq\/wp-json\/wp\/v2\/users\/1"}],"replies":[{"embeddable":true,"href":"https:\/\/permbledhja.com\/sq\/wp-json\/wp\/v2\/comments?post=38438"}],"version-history":[{"count":1,"href":"https:\/\/permbledhja.com\/sq\/wp-json\/wp\/v2\/posts\/38438\/revisions"}],"predecessor-version":[{"id":38439,"href":"https:\/\/permbledhja.com\/sq\/wp-json\/wp\/v2\/posts\/38438\/revisions\/38439"}],"wp:featuredmedia":[{"embeddable":true,"href":"https:\/\/permbledhja.com\/sq\/wp-json\/wp\/v2\/media\/36486"}],"wp:attachment":[{"href":"https:\/\/permbledhja.com\/sq\/wp-json\/wp\/v2\/media?parent=38438"}],"wp:term":[{"taxonomy":"category","embeddable":true,"href":"https:\/\/permbledhja.com\/sq\/wp-json\/wp\/v2\/categories?post=38438"},{"taxonomy":"post_tag","embeddable":true,"href":"https:\/\/permbledhja.com\/sq\/wp-json\/wp\/v2\/tags?post=38438"}],"curies":[{"name":"wp","href":"https:\/\/api.w.org\/{rel}","templated":true}]}}