{"id":38370,"date":"2023-12-03T14:00:54","date_gmt":"2023-12-03T14:00:54","guid":{"rendered":"https:\/\/permbledhja.com\/?p=38370"},"modified":"2023-12-03T15:03:50","modified_gmt":"2023-12-03T15:03:50","slug":"obiliqi-fale-tatimin-ne-prone-gashi-kerkon-qe-qytetaret-ta-gezojne-te-drejten-per-punesim-ne-kek","status":"publish","type":"post","link":"https:\/\/permbledhja.com\/sq\/obiliqi-fale-tatimin-ne-prone-gashi-kerkon-qe-qytetaret-ta-gezojne-te-drejten-per-punesim-ne-kek\/","title":{"rendered":"\u200bObiliqi fal\u00eb tatimin n\u00eb pron\u00eb, Gashi k\u00ebrkon q\u00eb qytetar\u00ebt ta g\u00ebzojn\u00eb t\u00eb drejt\u00ebn p\u00ebr pun\u00ebsim n\u00eb KEK"},"content":{"rendered":"<h3>Komuna e Obiliqit ka votuar pro faljes s\u00eb tatimit n\u00eb pron\u00eb n\u00eb vler\u00eb prej 100 eurosh p\u00ebr qytetar\u00ebt, derisa \u00ebsht\u00eb parapar\u00eb q\u00eb vlera e d\u00ebmit nga ky vendim t\u00eb jet\u00eb rreth 250 mij\u00eb euro.<\/h3>\n<p>K\u00ebshtu tha kryetari i Komun\u00ebs s\u00eb Obiliqit, Xhafer Gashi, derisa flet edhe p\u00ebr k\u00ebrkesat q\u00eb ka pranuar nga qytetar\u00ebt p\u00ebr t\u2019u pun\u00ebsuar n\u00eb Korporat\u00ebn Energjetike t\u00eb Kosov\u00ebs (KEK), bazuar n\u00eb ligjin p\u00ebr Obiliqin.<\/p>\n<p>Nd\u00ebrkaq, p\u00ebr qytetar\u00ebt t\u00eb cil\u00ebt zhvendosen nga fshatrat e Obiliqit p\u00ebr q\u00ebllime t\u00eb KEK-ut, Gashi k\u00ebrkoi q\u00eb t\u2019u njihen t\u00eb drejtat ligjore p\u00ebr pun\u00ebsim n\u00eb KEK, teksa shtoi se zhvendosja e banor\u00ebve n\u00eb ato fshatra p\u00ebr interes t\u00eb KEK-ut nuk jan\u00eb n\u00eb vullnetin e qytetar\u00ebve.<\/p>\n<p>\u201cSipas t\u00eb gjitha gjasave, zhvillime ka n\u00eb k\u00ebt\u00eb drejtim dhe ne shpresojm\u00eb q\u00eb ata t\u00eb bazohen edhe n\u00eb Ligjin p\u00ebr Obiliqin, i cili e obligon KEK-un q\u00eb n\u00eb kushte t\u00eb barabarta, qytetar\u00ebt t\u00eb cil\u00ebt jan\u00eb rezident n\u00eb komun\u00ebn ton\u00eb m\u00eb shum\u00eb se pes\u00eb vite, n\u00eb kushte t\u00eb barabarta ta g\u00ebzojn\u00eb t\u00eb drejt\u00ebn e pun\u00ebsimit\u2026 01:29 Adresimi dhe pak\u00ebnaq\u00ebsit\u00eb i drejtojn\u00eb n\u00eb nivel qendror. Kemi pasur takime me qytetar\u00ebt e zhvendosur. Nj\u00ebra nga k\u00ebrkesat q\u00eb ata e kan\u00eb konsideroj se \u00ebsht\u00eb shum\u00eb e drejt\u00eb dhe ajo \u00ebsht\u00eb \u00e7\u00ebshtja e pun\u00ebsimit, pasi nuk po k\u00ebrkojn\u00eb m\u00eb shum\u00eb se sa nj\u00eb vend pune. Mendoj q\u00eb ata duhet t\u00eb trajtohen seriozisht, sepse jan\u00eb troje shekullore dhe \u00e7do zhvendosje q\u00eb ndodh atje nuk \u00ebsht\u00eb e vullnetshme p\u00ebr ata. Kjo i jep kuptim q\u00eb me t\u00eb v\u00ebrtet\u00eb nuk \u00ebsht\u00eb shum\u00eb n\u00ebse krijohet nj\u00eb mund\u00ebsi pun\u00ebsimi p\u00ebr ata njer\u00ebz\u201d, tha Gashi.<\/p>\n<p>Sa i p\u00ebrket Ligjit p\u00ebr Obiliqin, Gashi potencoi se ka filluar t\u00eb implementohet vet\u00ebm pjesa financiare, p\u00ebr \u00e7ka shpreson t\u00eb zbatohen edhe \u00e7\u00ebshtje t\u00eb tjera t\u00eb cekura jan\u00eb k\u00ebt\u00eb ligj.<\/p>\n<p>\u201cLigji, ka nisur vet\u00ebm pjesa financiare t\u00eb implementohet. Ne shpresojm\u00eb q\u00eb edhe pjes\u00ebt e tjera t\u00eb ligjit t\u00eb implementohen. \u00cbsht\u00eb \u00e7\u00ebshtja e KEK-ut q\u00eb ka obligim p\u00ebr trajtimin e rripit t\u00eb siguris\u00eb, q\u00eb n\u00ebnkupton nj\u00eb brez me bankin\u00eb dhe me shkurre dhe gjelb\u00ebrim, i cilido t\u00eb ndal\u00eb sadopak ndotjen n\u00eb drejtim t\u00eb qytetar\u00ebve dhe n\u00eb k\u00ebt\u00eb drejtim kemi informacione q\u00eb edhe ata kan\u00eb filluar. Pastaj, q\u00eb bashk\u00ebrisht t\u00eb trajtojm\u00eb \u00e7\u00ebshtje sh\u00ebndet\u00ebsore dhe \u00e7\u00ebshtjen e pun\u00ebsimit\u201d, thekson Gashi.<\/p>\n<p>Kryetari i Obiliqit tregon se \u00ebsht\u00eb marr\u00eb vendimi q\u00eb qytetar\u00ebve t\u2019u falet tatimi n\u00eb pron\u00eb n\u00eb vler\u00eb prej 100 eurove. Nd\u00ebrsa, lidhur me ndarjen e buxhetit 2024 p\u00ebr k\u00ebt\u00eb komun\u00eb, Gashi potencoi se ka ngritje buxhetore, por k\u00ebrkon nga niveli qendror mb\u00ebshtetje t\u00eb m\u00ebtutjeshme, p\u00ebr t\u2019u implementuar projektet.<\/p>\n<p>\u201cKomuna jon\u00eb dje ka pasur seanc\u00ebn e radh\u00ebs, me nj\u00eb z\u00eb t\u00eb votave \u00ebsht\u00eb aprovuar. N\u00ebse nuk gaboj 20 apo 21 sa ishin t\u00eb gjith\u00eb delegat\u00ebt n\u00eb sall\u00eb, dhe normal q\u00eb ne e respektojm\u00eb vendimin e Kuvendit. Do t\u00eb falet borxhi p\u00ebr 100 euro p\u00ebr qytetar\u00ebt e komun\u00ebs son\u00eb\u2026 Obiliqi ka ngritje buxhetore n\u00eb k\u00ebt\u00eb aspekt, sepse ka edhe nj\u00eb pjes\u00eb p\u00ebrb\u00ebr\u00ebse n\u00eb buxhet t\u00eb ligjit p\u00ebr Obiliqin q\u00eb \u00ebsht\u00eb nj\u00eb shtytje e madhe p\u00ebr zhvillimin e Obiliqit. Por duke pasur parasysh q\u00eb Obiliqi ka shum\u00eb zhvillime t\u00eb reja dhe projekte madhore si\u00e7 \u00ebsht\u00eb ngrohja qendrore. Kemi k\u00ebrkuar edhe nga institucionet e nivelit qendror nga qeveria t\u00eb na mb\u00ebshtes\u00eb m\u00eb n\u00eb shum\u00eb shtes\u00eb me q\u00ebllim q\u00eb t\u00eb implementohet sa m\u00eb shpejt ky projekt, pasi ka impakt n\u00eb sh\u00ebndetin e njer\u00ebzve\u201d, tha Gashi.<\/p>\n<p>Nd\u00ebr projektet e shumta q\u00eb do t\u00eb realizohen gjat\u00eb vitit t\u00eb ardhsh\u00ebm, kryetari Gashi si m\u00eb madhorin e konsideron at\u00eb p\u00ebr ngrohjen qendrore, p\u00ebr \u00e7ka tha se planifikohet q\u00eb n\u00eb vitin 2024 t\u00eb p\u00ebrmbyllet faza e par\u00eb, e cila pritet t\u2019i kushtoj\u00eb komun\u00ebs 13 milion\u00eb euro, por q\u00eb pritet t\u00eb ket\u00eb l\u00ebvizje t\u00eb k\u00ebsaj shume p\u00ebr shkak t\u00eb rritjes s\u00eb \u00e7mimeve n\u00eb burs\u00eb.<\/p>\n<p>Komuna e Obiliqit \u00ebsht\u00eb p\u00ebrfituese n\u00eb projektin e Bashkimit Evropian p\u00ebr asistenc\u00eb teknike n\u00eb vler\u00eb prej 2 milion\u00eb eurosh, i cili filloi n\u00eb tetor 2021 p\u00ebr t\u00eb mb\u00ebshtetur p\u00ebrgatitjen e Studimit t\u00eb Fizibilitetit p\u00ebr Ngrohjen Qendrore, bazuar n\u00eb energjin\u00eb e rinovueshme n\u00eb tet\u00eb komuna t\u00eb Kosov\u00ebs: Gjilan, Ferizaj, Prizren, Pej\u00eb, Drenas, Obiliq, Mitrovic\u00eb dhe Zve\u00e7an, duke p\u00ebrfshir\u00eb analizat e p\u00ebrfitimit t\u00eb kostos dhe nj\u00eb raport t\u00eb vler\u00ebsimit t\u00eb ndikimit mjedisor dhe social.\/kp\/<\/p>\n","protected":false},"excerpt":{"rendered":"<p>Komuna e Obiliqit ka votuar pro faljes s\u00eb tatimit n\u00eb pron\u00eb n\u00eb vler\u00eb prej 100 eurosh p\u00ebr qytetar\u00ebt, derisa \u00ebsht\u00eb parapar\u00eb q\u00eb vlera e d\u00ebmit nga ky vendim t\u00eb jet\u00eb rreth 250 mij\u00eb euro. K\u00ebshtu tha kryetari i Komun\u00ebs s\u00eb Obiliqit, Xhafer Gashi, derisa flet edhe p\u00ebr k\u00ebrkesat q\u00eb ka pranuar nga qytetar\u00ebt p\u00ebr t\u2019u [&hellip;]<\/p>\n","protected":false},"author":2,"featured_media":38371,"comment_status":"closed","ping_status":"closed","sticky":false,"template":"","format":"standard","meta":{"_monsterinsights_skip_tracking":false,"_monsterinsights_sitenote_active":false,"_monsterinsights_sitenote_note":"","_monsterinsights_sitenote_category":0,"_uf_show_specific_survey":0,"_uf_disable_surveys":false,"footnotes":""},"categories":[199],"tags":[2525],"yoast_head":"<!-- This site is optimized with the Yoast SEO plugin v21.5 - https:\/\/yoast.com\/wordpress\/plugins\/seo\/ -->\n<title>\u200bObiliqi fal\u00eb tatimin n\u00eb pron\u00eb, Gashi k\u00ebrkon q\u00eb qytetar\u00ebt ta g\u00ebzojn\u00eb t\u00eb drejt\u00ebn p\u00ebr pun\u00ebsim n\u00eb KEK<\/title>\n<meta name=\"robots\" content=\"index, follow, max-snippet:-1, max-image-preview:large, max-video-preview:-1\" \/>\n<link rel=\"canonical\" href=\"https:\/\/permbledhja.com\/sq\/obiliqi-fale-tatimin-ne-prone-gashi-kerkon-qe-qytetaret-ta-gezojne-te-drejten-per-punesim-ne-kek\/\" \/>\n<meta property=\"og:locale\" content=\"sq_AL\" \/>\n<meta property=\"og:type\" content=\"article\" \/>\n<meta property=\"og:title\" content=\"\u200bObiliqi fal\u00eb tatimin n\u00eb pron\u00eb, Gashi k\u00ebrkon q\u00eb qytetar\u00ebt ta g\u00ebzojn\u00eb t\u00eb drejt\u00ebn p\u00ebr pun\u00ebsim n\u00eb KEK\" \/>\n<meta property=\"og:description\" content=\"Komuna e Obiliqit ka votuar pro faljes s\u00eb tatimit n\u00eb pron\u00eb n\u00eb vler\u00eb prej 100 eurosh p\u00ebr qytetar\u00ebt, derisa \u00ebsht\u00eb parapar\u00eb q\u00eb vlera e d\u00ebmit nga ky vendim t\u00eb jet\u00eb rreth 250 mij\u00eb euro. K\u00ebshtu tha kryetari i Komun\u00ebs s\u00eb Obiliqit, Xhafer Gashi, derisa flet edhe p\u00ebr k\u00ebrkesat q\u00eb ka pranuar nga qytetar\u00ebt p\u00ebr t\u2019u [&hellip;]\" \/>\n<meta property=\"og:url\" content=\"https:\/\/permbledhja.com\/sq\/obiliqi-fale-tatimin-ne-prone-gashi-kerkon-qe-qytetaret-ta-gezojne-te-drejten-per-punesim-ne-kek\/\" \/>\n<meta property=\"og:site_name\" content=\"Ve\u00e7 artikuj p\u00ebrmbledh\u00ebs\" \/>\n<meta property=\"article:publisher\" content=\"https:\/\/www.facebook.com\/press07\/\" \/>\n<meta property=\"article:published_time\" content=\"2023-12-03T14:00:54+00:00\" \/>\n<meta property=\"article:modified_time\" content=\"2023-12-03T15:03:50+00:00\" \/>\n<meta property=\"og:image\" content=\"https:\/\/permbledhja.com\/wp-content\/uploads\/2023\/12\/komuna-e-obliqit.jpg\" \/>\n\t<meta property=\"og:image:width\" content=\"602\" \/>\n\t<meta property=\"og:image:height\" content=\"397\" \/>\n\t<meta property=\"og:image:type\" content=\"image\/jpeg\" \/>\n<meta name=\"author\" content=\"M M\" \/>\n<meta name=\"twitter:card\" content=\"summary_large_image\" \/>\n<meta name=\"twitter:label1\" content=\"Written by\" \/>\n\t<meta name=\"twitter:data1\" content=\"M M\" \/>\n\t<meta name=\"twitter:label2\" content=\"Est. reading time\" \/>\n\t<meta name=\"twitter:data2\" content=\"4 minuta\" \/>\n<script type=\"application\/ld+json\" class=\"yoast-schema-graph\">{\"@context\":\"https:\/\/schema.org\",\"@graph\":[{\"@type\":\"Article\",\"@id\":\"https:\/\/permbledhja.com\/obiliqi-fale-tatimin-ne-prone-gashi-kerkon-qe-qytetaret-ta-gezojne-te-drejten-per-punesim-ne-kek\/#article\",\"isPartOf\":{\"@id\":\"https:\/\/permbledhja.com\/obiliqi-fale-tatimin-ne-prone-gashi-kerkon-qe-qytetaret-ta-gezojne-te-drejten-per-punesim-ne-kek\/\"},\"author\":{\"name\":\"M M\",\"@id\":\"https:\/\/permbledhja.com\/#\/schema\/person\/d23f13f59b5722643933d6780783acf3\"},\"headline\":\"\u200bObiliqi fal\u00eb tatimin n\u00eb pron\u00eb, Gashi k\u00ebrkon q\u00eb qytetar\u00ebt ta g\u00ebzojn\u00eb t\u00eb drejt\u00ebn p\u00ebr pun\u00ebsim n\u00eb KEK\",\"datePublished\":\"2023-12-03T14:00:54+00:00\",\"dateModified\":\"2023-12-03T15:03:50+00:00\",\"mainEntityOfPage\":{\"@id\":\"https:\/\/permbledhja.com\/obiliqi-fale-tatimin-ne-prone-gashi-kerkon-qe-qytetaret-ta-gezojne-te-drejten-per-punesim-ne-kek\/\"},\"wordCount\":805,\"publisher\":{\"@id\":\"https:\/\/permbledhja.com\/#organization\"},\"keywords\":[\"Obiliqi\"],\"articleSection\":[\"Ekonomi\"],\"inLanguage\":\"sq\"},{\"@type\":\"WebPage\",\"@id\":\"https:\/\/permbledhja.com\/obiliqi-fale-tatimin-ne-prone-gashi-kerkon-qe-qytetaret-ta-gezojne-te-drejten-per-punesim-ne-kek\/\",\"url\":\"https:\/\/permbledhja.com\/obiliqi-fale-tatimin-ne-prone-gashi-kerkon-qe-qytetaret-ta-gezojne-te-drejten-per-punesim-ne-kek\/\",\"name\":\"\u200bObiliqi fal\u00eb tatimin n\u00eb pron\u00eb, Gashi k\u00ebrkon q\u00eb qytetar\u00ebt ta g\u00ebzojn\u00eb t\u00eb drejt\u00ebn p\u00ebr pun\u00ebsim n\u00eb KEK\",\"isPartOf\":{\"@id\":\"https:\/\/permbledhja.com\/#website\"},\"datePublished\":\"2023-12-03T14:00:54+00:00\",\"dateModified\":\"2023-12-03T15:03:50+00:00\",\"breadcrumb\":{\"@id\":\"https:\/\/permbledhja.com\/obiliqi-fale-tatimin-ne-prone-gashi-kerkon-qe-qytetaret-ta-gezojne-te-drejten-per-punesim-ne-kek\/#breadcrumb\"},\"inLanguage\":\"sq\",\"potentialAction\":[{\"@type\":\"ReadAction\",\"target\":[\"https:\/\/permbledhja.com\/obiliqi-fale-tatimin-ne-prone-gashi-kerkon-qe-qytetaret-ta-gezojne-te-drejten-per-punesim-ne-kek\/\"]}]},{\"@type\":\"BreadcrumbList\",\"@id\":\"https:\/\/permbledhja.com\/obiliqi-fale-tatimin-ne-prone-gashi-kerkon-qe-qytetaret-ta-gezojne-te-drejten-per-punesim-ne-kek\/#breadcrumb\",\"itemListElement\":[{\"@type\":\"ListItem\",\"position\":1,\"name\":\"Ballina\",\"item\":\"https:\/\/permbledhja.com\/sq\/\"},{\"@type\":\"ListItem\",\"position\":2,\"name\":\"\u200bObiliqi fal\u00eb tatimin n\u00eb pron\u00eb, Gashi k\u00ebrkon q\u00eb qytetar\u00ebt ta g\u00ebzojn\u00eb t\u00eb drejt\u00ebn p\u00ebr pun\u00ebsim n\u00eb KEK\"}]},{\"@type\":\"WebSite\",\"@id\":\"https:\/\/permbledhja.com\/#website\",\"url\":\"https:\/\/permbledhja.com\/\",\"name\":\"Ve\u00e7 artikuj p\u00ebrmbledh\u00ebs\",\"description\":\"\",\"publisher\":{\"@id\":\"https:\/\/permbledhja.com\/#organization\"},\"potentialAction\":[{\"@type\":\"SearchAction\",\"target\":{\"@type\":\"EntryPoint\",\"urlTemplate\":\"https:\/\/permbledhja.com\/?s={search_term_string}\"},\"query-input\":\"required name=search_term_string\"}],\"inLanguage\":\"sq\"},{\"@type\":\"Organization\",\"@id\":\"https:\/\/permbledhja.com\/#organization\",\"name\":\"MK Media & Pr\",\"url\":\"https:\/\/permbledhja.com\/\",\"logo\":{\"@type\":\"ImageObject\",\"inLanguage\":\"sq\",\"@id\":\"https:\/\/permbledhja.com\/#\/schema\/logo\/image\/\",\"url\":\"https:\/\/permbledhja.com\/wp-content\/uploads\/2021\/12\/07-Press-Logo.jpg\",\"contentUrl\":\"https:\/\/permbledhja.com\/wp-content\/uploads\/2021\/12\/07-Press-Logo.jpg\",\"width\":512,\"height\":512,\"caption\":\"MK Media & Pr\"},\"image\":{\"@id\":\"https:\/\/permbledhja.com\/#\/schema\/logo\/image\/\"},\"sameAs\":[\"https:\/\/www.facebook.com\/press07\/\"]},{\"@type\":\"Person\",\"@id\":\"https:\/\/permbledhja.com\/#\/schema\/person\/d23f13f59b5722643933d6780783acf3\",\"name\":\"M M\",\"image\":{\"@type\":\"ImageObject\",\"inLanguage\":\"sq\",\"@id\":\"https:\/\/permbledhja.com\/#\/schema\/person\/image\/\",\"url\":\"https:\/\/secure.gravatar.com\/avatar\/e2835a76ca7c31a2416b2d51c4ec9a8f?s=96&d=mm&r=g\",\"contentUrl\":\"https:\/\/secure.gravatar.com\/avatar\/e2835a76ca7c31a2416b2d51c4ec9a8f?s=96&d=mm&r=g\",\"caption\":\"M M\"},\"sameAs\":[\"http:\/\/MM\"],\"url\":\"https:\/\/permbledhja.com\/sq\/author\/muhamet\/\"}]}<\/script>\n<!-- \/ Yoast SEO plugin. -->","yoast_head_json":{"title":"\u200bObiliqi fal\u00eb tatimin n\u00eb pron\u00eb, Gashi k\u00ebrkon q\u00eb qytetar\u00ebt ta g\u00ebzojn\u00eb t\u00eb drejt\u00ebn p\u00ebr pun\u00ebsim n\u00eb KEK","robots":{"index":"index","follow":"follow","max-snippet":"max-snippet:-1","max-image-preview":"max-image-preview:large","max-video-preview":"max-video-preview:-1"},"canonical":"https:\/\/permbledhja.com\/sq\/obiliqi-fale-tatimin-ne-prone-gashi-kerkon-qe-qytetaret-ta-gezojne-te-drejten-per-punesim-ne-kek\/","og_locale":"sq_AL","og_type":"article","og_title":"\u200bObiliqi fal\u00eb tatimin n\u00eb pron\u00eb, Gashi k\u00ebrkon q\u00eb qytetar\u00ebt ta g\u00ebzojn\u00eb t\u00eb drejt\u00ebn p\u00ebr pun\u00ebsim n\u00eb KEK","og_description":"Komuna e Obiliqit ka votuar pro faljes s\u00eb tatimit n\u00eb pron\u00eb n\u00eb vler\u00eb prej 100 eurosh p\u00ebr qytetar\u00ebt, derisa \u00ebsht\u00eb parapar\u00eb q\u00eb vlera e d\u00ebmit nga ky vendim t\u00eb jet\u00eb rreth 250 mij\u00eb euro. K\u00ebshtu tha kryetari i Komun\u00ebs s\u00eb Obiliqit, Xhafer Gashi, derisa flet edhe p\u00ebr k\u00ebrkesat q\u00eb ka pranuar nga qytetar\u00ebt p\u00ebr t\u2019u [&hellip;]","og_url":"https:\/\/permbledhja.com\/sq\/obiliqi-fale-tatimin-ne-prone-gashi-kerkon-qe-qytetaret-ta-gezojne-te-drejten-per-punesim-ne-kek\/","og_site_name":"Ve\u00e7 artikuj p\u00ebrmbledh\u00ebs","article_publisher":"https:\/\/www.facebook.com\/press07\/","article_published_time":"2023-12-03T14:00:54+00:00","article_modified_time":"2023-12-03T15:03:50+00:00","og_image":[{"width":602,"height":397,"url":"https:\/\/permbledhja.com\/wp-content\/uploads\/2023\/12\/komuna-e-obliqit.jpg","type":"image\/jpeg"}],"author":"M M","twitter_card":"summary_large_image","twitter_misc":{"Written by":"M M","Est. reading time":"4 minuta"},"schema":{"@context":"https:\/\/schema.org","@graph":[{"@type":"Article","@id":"https:\/\/permbledhja.com\/obiliqi-fale-tatimin-ne-prone-gashi-kerkon-qe-qytetaret-ta-gezojne-te-drejten-per-punesim-ne-kek\/#article","isPartOf":{"@id":"https:\/\/permbledhja.com\/obiliqi-fale-tatimin-ne-prone-gashi-kerkon-qe-qytetaret-ta-gezojne-te-drejten-per-punesim-ne-kek\/"},"author":{"name":"M M","@id":"https:\/\/permbledhja.com\/#\/schema\/person\/d23f13f59b5722643933d6780783acf3"},"headline":"\u200bObiliqi fal\u00eb tatimin n\u00eb pron\u00eb, Gashi k\u00ebrkon q\u00eb qytetar\u00ebt ta g\u00ebzojn\u00eb t\u00eb drejt\u00ebn p\u00ebr pun\u00ebsim n\u00eb KEK","datePublished":"2023-12-03T14:00:54+00:00","dateModified":"2023-12-03T15:03:50+00:00","mainEntityOfPage":{"@id":"https:\/\/permbledhja.com\/obiliqi-fale-tatimin-ne-prone-gashi-kerkon-qe-qytetaret-ta-gezojne-te-drejten-per-punesim-ne-kek\/"},"wordCount":805,"publisher":{"@id":"https:\/\/permbledhja.com\/#organization"},"keywords":["Obiliqi"],"articleSection":["Ekonomi"],"inLanguage":"sq"},{"@type":"WebPage","@id":"https:\/\/permbledhja.com\/obiliqi-fale-tatimin-ne-prone-gashi-kerkon-qe-qytetaret-ta-gezojne-te-drejten-per-punesim-ne-kek\/","url":"https:\/\/permbledhja.com\/obiliqi-fale-tatimin-ne-prone-gashi-kerkon-qe-qytetaret-ta-gezojne-te-drejten-per-punesim-ne-kek\/","name":"\u200bObiliqi fal\u00eb tatimin n\u00eb pron\u00eb, Gashi k\u00ebrkon q\u00eb qytetar\u00ebt ta g\u00ebzojn\u00eb t\u00eb drejt\u00ebn p\u00ebr pun\u00ebsim n\u00eb KEK","isPartOf":{"@id":"https:\/\/permbledhja.com\/#website"},"datePublished":"2023-12-03T14:00:54+00:00","dateModified":"2023-12-03T15:03:50+00:00","breadcrumb":{"@id":"https:\/\/permbledhja.com\/obiliqi-fale-tatimin-ne-prone-gashi-kerkon-qe-qytetaret-ta-gezojne-te-drejten-per-punesim-ne-kek\/#breadcrumb"},"inLanguage":"sq","potentialAction":[{"@type":"ReadAction","target":["https:\/\/permbledhja.com\/obiliqi-fale-tatimin-ne-prone-gashi-kerkon-qe-qytetaret-ta-gezojne-te-drejten-per-punesim-ne-kek\/"]}]},{"@type":"BreadcrumbList","@id":"https:\/\/permbledhja.com\/obiliqi-fale-tatimin-ne-prone-gashi-kerkon-qe-qytetaret-ta-gezojne-te-drejten-per-punesim-ne-kek\/#breadcrumb","itemListElement":[{"@type":"ListItem","position":1,"name":"Ballina","item":"https:\/\/permbledhja.com\/sq\/"},{"@type":"ListItem","position":2,"name":"\u200bObiliqi fal\u00eb tatimin n\u00eb pron\u00eb, Gashi k\u00ebrkon q\u00eb qytetar\u00ebt ta g\u00ebzojn\u00eb t\u00eb drejt\u00ebn p\u00ebr pun\u00ebsim n\u00eb KEK"}]},{"@type":"WebSite","@id":"https:\/\/permbledhja.com\/#website","url":"https:\/\/permbledhja.com\/","name":"Ve\u00e7 artikuj p\u00ebrmbledh\u00ebs","description":"","publisher":{"@id":"https:\/\/permbledhja.com\/#organization"},"potentialAction":[{"@type":"SearchAction","target":{"@type":"EntryPoint","urlTemplate":"https:\/\/permbledhja.com\/?s={search_term_string}"},"query-input":"required name=search_term_string"}],"inLanguage":"sq"},{"@type":"Organization","@id":"https:\/\/permbledhja.com\/#organization","name":"MK Media & Pr","url":"https:\/\/permbledhja.com\/","logo":{"@type":"ImageObject","inLanguage":"sq","@id":"https:\/\/permbledhja.com\/#\/schema\/logo\/image\/","url":"https:\/\/permbledhja.com\/wp-content\/uploads\/2021\/12\/07-Press-Logo.jpg","contentUrl":"https:\/\/permbledhja.com\/wp-content\/uploads\/2021\/12\/07-Press-Logo.jpg","width":512,"height":512,"caption":"MK Media & Pr"},"image":{"@id":"https:\/\/permbledhja.com\/#\/schema\/logo\/image\/"},"sameAs":["https:\/\/www.facebook.com\/press07\/"]},{"@type":"Person","@id":"https:\/\/permbledhja.com\/#\/schema\/person\/d23f13f59b5722643933d6780783acf3","name":"M M","image":{"@type":"ImageObject","inLanguage":"sq","@id":"https:\/\/permbledhja.com\/#\/schema\/person\/image\/","url":"https:\/\/secure.gravatar.com\/avatar\/e2835a76ca7c31a2416b2d51c4ec9a8f?s=96&d=mm&r=g","contentUrl":"https:\/\/secure.gravatar.com\/avatar\/e2835a76ca7c31a2416b2d51c4ec9a8f?s=96&d=mm&r=g","caption":"M M"},"sameAs":["http:\/\/MM"],"url":"https:\/\/permbledhja.com\/sq\/author\/muhamet\/"}]}},"_links":{"self":[{"href":"https:\/\/permbledhja.com\/sq\/wp-json\/wp\/v2\/posts\/38370"}],"collection":[{"href":"https:\/\/permbledhja.com\/sq\/wp-json\/wp\/v2\/posts"}],"about":[{"href":"https:\/\/permbledhja.com\/sq\/wp-json\/wp\/v2\/types\/post"}],"author":[{"embeddable":true,"href":"https:\/\/permbledhja.com\/sq\/wp-json\/wp\/v2\/users\/2"}],"replies":[{"embeddable":true,"href":"https:\/\/permbledhja.com\/sq\/wp-json\/wp\/v2\/comments?post=38370"}],"version-history":[{"count":1,"href":"https:\/\/permbledhja.com\/sq\/wp-json\/wp\/v2\/posts\/38370\/revisions"}],"predecessor-version":[{"id":38372,"href":"https:\/\/permbledhja.com\/sq\/wp-json\/wp\/v2\/posts\/38370\/revisions\/38372"}],"wp:featuredmedia":[{"embeddable":true,"href":"https:\/\/permbledhja.com\/sq\/wp-json\/wp\/v2\/media\/38371"}],"wp:attachment":[{"href":"https:\/\/permbledhja.com\/sq\/wp-json\/wp\/v2\/media?parent=38370"}],"wp:term":[{"taxonomy":"category","embeddable":true,"href":"https:\/\/permbledhja.com\/sq\/wp-json\/wp\/v2\/categories?post=38370"},{"taxonomy":"post_tag","embeddable":true,"href":"https:\/\/permbledhja.com\/sq\/wp-json\/wp\/v2\/tags?post=38370"}],"curies":[{"name":"wp","href":"https:\/\/api.w.org\/{rel}","templated":true}]}}