{"id":38363,"date":"2023-12-03T13:42:32","date_gmt":"2023-12-03T13:42:32","guid":{"rendered":"https:\/\/permbledhja.com\/?p=38363"},"modified":"2023-12-03T13:42:32","modified_gmt":"2023-12-03T13:42:32","slug":"osmani-ne-dubai-takohet-me-presidentin-e-kenias-diskutohet-thellimi-i-raporteve-te-te-dyja-shteteve","status":"publish","type":"post","link":"https:\/\/permbledhja.com\/sq\/osmani-ne-dubai-takohet-me-presidentin-e-kenias-diskutohet-thellimi-i-raporteve-te-te-dyja-shteteve\/","title":{"rendered":"Osmani n\u00eb Dubai takohet me presidentin e Kenias, diskutohet thellimi i raporteve t\u00eb t\u00eb dyja shteteve"},"content":{"rendered":"<h3>Presidentja e Kosov\u00ebs, Vjosa Osmani, e cila po q\u00ebndron n\u00eb Dubai, ku po mbahet COP28, konferenca kryesore globale p\u00ebr ndryshime klimatike, ka zhvilluar nj\u00eb takim me presidentin e Kenias, William Ruto.<\/h3>\n<p>N\u00eb takim u diskutua p\u00ebr raportet dypal\u00ebshe Kosov\u00eb-Kenia si dhe zhvillimin e m\u00ebtejm\u00eb t\u00eb tyre.<\/p>\n<p>Osmani ka theksuar se thellimi i raporteve n\u00eb mes t\u00eb dy shteteve \u00ebsht\u00eb n\u00eb t\u00eb mir\u00eb t\u00eb qytetar\u00ebve tan\u00eb dhe do ta nxis\u00eb shk\u00ebmbimin ekonomik e tregtar n\u00eb mes t\u00eb vendeve tona.<\/p>\n<p>Ajo e njoftoi presidentin e Kenias p\u00ebr sfidat n\u00eb t\u00eb cilat ka kaluar Kosova si dhe p\u00ebr t\u00eb arriturat e shtetit ton\u00eb.<\/p>\n<p>Osmani dhe Ruto rikonfirmuan p\u00ebrkushtimin e p\u00ebrbashk\u00ebt p\u00ebr t\u00eb punuar drejt thellimit raporteve n\u00eb mes t\u00eb Kosov\u00ebs dhe Kenias.<\/p>\n","protected":false},"excerpt":{"rendered":"<p>Presidentja e Kosov\u00ebs, Vjosa Osmani, e cila po q\u00ebndron n\u00eb Dubai, ku po mbahet COP28, konferenca kryesore globale p\u00ebr ndryshime klimatike, ka zhvilluar nj\u00eb takim me presidentin e Kenias, William Ruto. N\u00eb takim u diskutua p\u00ebr raportet dypal\u00ebshe Kosov\u00eb-Kenia si dhe zhvillimin e m\u00ebtejm\u00eb t\u00eb tyre. Osmani ka theksuar se thellimi i raporteve n\u00eb mes [&hellip;]<\/p>\n","protected":false},"author":2,"featured_media":38364,"comment_status":"closed","ping_status":"closed","sticky":false,"template":"","format":"standard","meta":{"_monsterinsights_skip_tracking":false,"_monsterinsights_sitenote_active":false,"_monsterinsights_sitenote_note":"","_monsterinsights_sitenote_category":0,"_uf_show_specific_survey":0,"_uf_disable_surveys":false,"footnotes":""},"categories":[2645],"tags":[163],"yoast_head":"<!-- This site is optimized with the Yoast SEO plugin v21.5 - https:\/\/yoast.com\/wordpress\/plugins\/seo\/ -->\n<title>Osmani n\u00eb Dubai takohet me presidentin e Kenias, diskutohet thellimi i raporteve t\u00eb t\u00eb dyja shteteve<\/title>\n<meta name=\"robots\" content=\"index, follow, max-snippet:-1, max-image-preview:large, max-video-preview:-1\" \/>\n<link rel=\"canonical\" href=\"https:\/\/permbledhja.com\/sq\/osmani-ne-dubai-takohet-me-presidentin-e-kenias-diskutohet-thellimi-i-raporteve-te-te-dyja-shteteve\/\" \/>\n<meta property=\"og:locale\" content=\"sq_AL\" \/>\n<meta property=\"og:type\" content=\"article\" \/>\n<meta property=\"og:title\" content=\"Osmani n\u00eb Dubai takohet me presidentin e Kenias, diskutohet thellimi i raporteve t\u00eb t\u00eb dyja shteteve\" \/>\n<meta property=\"og:description\" content=\"Presidentja e Kosov\u00ebs, Vjosa Osmani, e cila po q\u00ebndron n\u00eb Dubai, ku po mbahet COP28, konferenca kryesore globale p\u00ebr ndryshime klimatike, ka zhvilluar nj\u00eb takim me presidentin e Kenias, William Ruto. N\u00eb takim u diskutua p\u00ebr raportet dypal\u00ebshe Kosov\u00eb-Kenia si dhe zhvillimin e m\u00ebtejm\u00eb t\u00eb tyre. Osmani ka theksuar se thellimi i raporteve n\u00eb mes [&hellip;]\" \/>\n<meta property=\"og:url\" content=\"https:\/\/permbledhja.com\/sq\/osmani-ne-dubai-takohet-me-presidentin-e-kenias-diskutohet-thellimi-i-raporteve-te-te-dyja-shteteve\/\" \/>\n<meta property=\"og:site_name\" content=\"Ve\u00e7 artikuj p\u00ebrmbledh\u00ebs\" \/>\n<meta property=\"article:publisher\" content=\"https:\/\/www.facebook.com\/press07\/\" \/>\n<meta property=\"article:published_time\" content=\"2023-12-03T13:42:32+00:00\" \/>\n<meta property=\"og:image\" content=\"https:\/\/permbledhja.com\/wp-content\/uploads\/2023\/12\/vjosa.jpg\" \/>\n\t<meta property=\"og:image:width\" content=\"1080\" \/>\n\t<meta property=\"og:image:height\" content=\"684\" \/>\n\t<meta property=\"og:image:type\" content=\"image\/jpeg\" \/>\n<meta name=\"author\" content=\"M M\" \/>\n<meta name=\"twitter:card\" content=\"summary_large_image\" \/>\n<meta name=\"twitter:label1\" content=\"Written by\" \/>\n\t<meta name=\"twitter:data1\" content=\"M M\" \/>\n\t<meta name=\"twitter:label2\" content=\"Est. reading time\" \/>\n\t<meta name=\"twitter:data2\" content=\"1 minut\u00eb\" \/>\n<script type=\"application\/ld+json\" class=\"yoast-schema-graph\">{\"@context\":\"https:\/\/schema.org\",\"@graph\":[{\"@type\":\"Article\",\"@id\":\"https:\/\/permbledhja.com\/osmani-ne-dubai-takohet-me-presidentin-e-kenias-diskutohet-thellimi-i-raporteve-te-te-dyja-shteteve\/#article\",\"isPartOf\":{\"@id\":\"https:\/\/permbledhja.com\/osmani-ne-dubai-takohet-me-presidentin-e-kenias-diskutohet-thellimi-i-raporteve-te-te-dyja-shteteve\/\"},\"author\":{\"name\":\"M M\",\"@id\":\"https:\/\/permbledhja.com\/#\/schema\/person\/d23f13f59b5722643933d6780783acf3\"},\"headline\":\"Osmani n\u00eb Dubai takohet me presidentin e Kenias, diskutohet thellimi i raporteve t\u00eb t\u00eb dyja shteteve\",\"datePublished\":\"2023-12-03T13:42:32+00:00\",\"dateModified\":\"2023-12-03T13:42:32+00:00\",\"mainEntityOfPage\":{\"@id\":\"https:\/\/permbledhja.com\/osmani-ne-dubai-takohet-me-presidentin-e-kenias-diskutohet-thellimi-i-raporteve-te-te-dyja-shteteve\/\"},\"wordCount\":151,\"publisher\":{\"@id\":\"https:\/\/permbledhja.com\/#organization\"},\"keywords\":[\"Vjosa Osmani\"],\"articleSection\":[\"T\u00eb r\u00ebnd\u00ebsishme\"],\"inLanguage\":\"sq\"},{\"@type\":\"WebPage\",\"@id\":\"https:\/\/permbledhja.com\/osmani-ne-dubai-takohet-me-presidentin-e-kenias-diskutohet-thellimi-i-raporteve-te-te-dyja-shteteve\/\",\"url\":\"https:\/\/permbledhja.com\/osmani-ne-dubai-takohet-me-presidentin-e-kenias-diskutohet-thellimi-i-raporteve-te-te-dyja-shteteve\/\",\"name\":\"Osmani n\u00eb Dubai takohet me presidentin e Kenias, diskutohet thellimi i raporteve t\u00eb t\u00eb dyja shteteve\",\"isPartOf\":{\"@id\":\"https:\/\/permbledhja.com\/#website\"},\"datePublished\":\"2023-12-03T13:42:32+00:00\",\"dateModified\":\"2023-12-03T13:42:32+00:00\",\"breadcrumb\":{\"@id\":\"https:\/\/permbledhja.com\/osmani-ne-dubai-takohet-me-presidentin-e-kenias-diskutohet-thellimi-i-raporteve-te-te-dyja-shteteve\/#breadcrumb\"},\"inLanguage\":\"sq\",\"potentialAction\":[{\"@type\":\"ReadAction\",\"target\":[\"https:\/\/permbledhja.com\/osmani-ne-dubai-takohet-me-presidentin-e-kenias-diskutohet-thellimi-i-raporteve-te-te-dyja-shteteve\/\"]}]},{\"@type\":\"BreadcrumbList\",\"@id\":\"https:\/\/permbledhja.com\/osmani-ne-dubai-takohet-me-presidentin-e-kenias-diskutohet-thellimi-i-raporteve-te-te-dyja-shteteve\/#breadcrumb\",\"itemListElement\":[{\"@type\":\"ListItem\",\"position\":1,\"name\":\"Ballina\",\"item\":\"https:\/\/permbledhja.com\/sq\/\"},{\"@type\":\"ListItem\",\"position\":2,\"name\":\"Osmani n\u00eb Dubai takohet me presidentin e Kenias, diskutohet thellimi i raporteve t\u00eb t\u00eb dyja shteteve\"}]},{\"@type\":\"WebSite\",\"@id\":\"https:\/\/permbledhja.com\/#website\",\"url\":\"https:\/\/permbledhja.com\/\",\"name\":\"Ve\u00e7 artikuj p\u00ebrmbledh\u00ebs\",\"description\":\"\",\"publisher\":{\"@id\":\"https:\/\/permbledhja.com\/#organization\"},\"potentialAction\":[{\"@type\":\"SearchAction\",\"target\":{\"@type\":\"EntryPoint\",\"urlTemplate\":\"https:\/\/permbledhja.com\/?s={search_term_string}\"},\"query-input\":\"required name=search_term_string\"}],\"inLanguage\":\"sq\"},{\"@type\":\"Organization\",\"@id\":\"https:\/\/permbledhja.com\/#organization\",\"name\":\"MK Media & Pr\",\"url\":\"https:\/\/permbledhja.com\/\",\"logo\":{\"@type\":\"ImageObject\",\"inLanguage\":\"sq\",\"@id\":\"https:\/\/permbledhja.com\/#\/schema\/logo\/image\/\",\"url\":\"https:\/\/permbledhja.com\/wp-content\/uploads\/2021\/12\/07-Press-Logo.jpg\",\"contentUrl\":\"https:\/\/permbledhja.com\/wp-content\/uploads\/2021\/12\/07-Press-Logo.jpg\",\"width\":512,\"height\":512,\"caption\":\"MK Media & Pr\"},\"image\":{\"@id\":\"https:\/\/permbledhja.com\/#\/schema\/logo\/image\/\"},\"sameAs\":[\"https:\/\/www.facebook.com\/press07\/\"]},{\"@type\":\"Person\",\"@id\":\"https:\/\/permbledhja.com\/#\/schema\/person\/d23f13f59b5722643933d6780783acf3\",\"name\":\"M M\",\"image\":{\"@type\":\"ImageObject\",\"inLanguage\":\"sq\",\"@id\":\"https:\/\/permbledhja.com\/#\/schema\/person\/image\/\",\"url\":\"https:\/\/secure.gravatar.com\/avatar\/e2835a76ca7c31a2416b2d51c4ec9a8f?s=96&d=mm&r=g\",\"contentUrl\":\"https:\/\/secure.gravatar.com\/avatar\/e2835a76ca7c31a2416b2d51c4ec9a8f?s=96&d=mm&r=g\",\"caption\":\"M M\"},\"sameAs\":[\"http:\/\/MM\"],\"url\":\"https:\/\/permbledhja.com\/sq\/author\/muhamet\/\"}]}<\/script>\n<!-- \/ Yoast SEO plugin. -->","yoast_head_json":{"title":"Osmani n\u00eb Dubai takohet me presidentin e Kenias, diskutohet thellimi i raporteve t\u00eb t\u00eb dyja shteteve","robots":{"index":"index","follow":"follow","max-snippet":"max-snippet:-1","max-image-preview":"max-image-preview:large","max-video-preview":"max-video-preview:-1"},"canonical":"https:\/\/permbledhja.com\/sq\/osmani-ne-dubai-takohet-me-presidentin-e-kenias-diskutohet-thellimi-i-raporteve-te-te-dyja-shteteve\/","og_locale":"sq_AL","og_type":"article","og_title":"Osmani n\u00eb Dubai takohet me presidentin e Kenias, diskutohet thellimi i raporteve t\u00eb t\u00eb dyja shteteve","og_description":"Presidentja e Kosov\u00ebs, Vjosa Osmani, e cila po q\u00ebndron n\u00eb Dubai, ku po mbahet COP28, konferenca kryesore globale p\u00ebr ndryshime klimatike, ka zhvilluar nj\u00eb takim me presidentin e Kenias, William Ruto. N\u00eb takim u diskutua p\u00ebr raportet dypal\u00ebshe Kosov\u00eb-Kenia si dhe zhvillimin e m\u00ebtejm\u00eb t\u00eb tyre. Osmani ka theksuar se thellimi i raporteve n\u00eb mes [&hellip;]","og_url":"https:\/\/permbledhja.com\/sq\/osmani-ne-dubai-takohet-me-presidentin-e-kenias-diskutohet-thellimi-i-raporteve-te-te-dyja-shteteve\/","og_site_name":"Ve\u00e7 artikuj p\u00ebrmbledh\u00ebs","article_publisher":"https:\/\/www.facebook.com\/press07\/","article_published_time":"2023-12-03T13:42:32+00:00","og_image":[{"width":1080,"height":684,"url":"https:\/\/permbledhja.com\/wp-content\/uploads\/2023\/12\/vjosa.jpg","type":"image\/jpeg"}],"author":"M M","twitter_card":"summary_large_image","twitter_misc":{"Written by":"M M","Est. reading time":"1 minut\u00eb"},"schema":{"@context":"https:\/\/schema.org","@graph":[{"@type":"Article","@id":"https:\/\/permbledhja.com\/osmani-ne-dubai-takohet-me-presidentin-e-kenias-diskutohet-thellimi-i-raporteve-te-te-dyja-shteteve\/#article","isPartOf":{"@id":"https:\/\/permbledhja.com\/osmani-ne-dubai-takohet-me-presidentin-e-kenias-diskutohet-thellimi-i-raporteve-te-te-dyja-shteteve\/"},"author":{"name":"M M","@id":"https:\/\/permbledhja.com\/#\/schema\/person\/d23f13f59b5722643933d6780783acf3"},"headline":"Osmani n\u00eb Dubai takohet me presidentin e Kenias, diskutohet thellimi i raporteve t\u00eb t\u00eb dyja shteteve","datePublished":"2023-12-03T13:42:32+00:00","dateModified":"2023-12-03T13:42:32+00:00","mainEntityOfPage":{"@id":"https:\/\/permbledhja.com\/osmani-ne-dubai-takohet-me-presidentin-e-kenias-diskutohet-thellimi-i-raporteve-te-te-dyja-shteteve\/"},"wordCount":151,"publisher":{"@id":"https:\/\/permbledhja.com\/#organization"},"keywords":["Vjosa Osmani"],"articleSection":["T\u00eb r\u00ebnd\u00ebsishme"],"inLanguage":"sq"},{"@type":"WebPage","@id":"https:\/\/permbledhja.com\/osmani-ne-dubai-takohet-me-presidentin-e-kenias-diskutohet-thellimi-i-raporteve-te-te-dyja-shteteve\/","url":"https:\/\/permbledhja.com\/osmani-ne-dubai-takohet-me-presidentin-e-kenias-diskutohet-thellimi-i-raporteve-te-te-dyja-shteteve\/","name":"Osmani n\u00eb Dubai takohet me presidentin e Kenias, diskutohet thellimi i raporteve t\u00eb t\u00eb dyja shteteve","isPartOf":{"@id":"https:\/\/permbledhja.com\/#website"},"datePublished":"2023-12-03T13:42:32+00:00","dateModified":"2023-12-03T13:42:32+00:00","breadcrumb":{"@id":"https:\/\/permbledhja.com\/osmani-ne-dubai-takohet-me-presidentin-e-kenias-diskutohet-thellimi-i-raporteve-te-te-dyja-shteteve\/#breadcrumb"},"inLanguage":"sq","potentialAction":[{"@type":"ReadAction","target":["https:\/\/permbledhja.com\/osmani-ne-dubai-takohet-me-presidentin-e-kenias-diskutohet-thellimi-i-raporteve-te-te-dyja-shteteve\/"]}]},{"@type":"BreadcrumbList","@id":"https:\/\/permbledhja.com\/osmani-ne-dubai-takohet-me-presidentin-e-kenias-diskutohet-thellimi-i-raporteve-te-te-dyja-shteteve\/#breadcrumb","itemListElement":[{"@type":"ListItem","position":1,"name":"Ballina","item":"https:\/\/permbledhja.com\/sq\/"},{"@type":"ListItem","position":2,"name":"Osmani n\u00eb Dubai takohet me presidentin e Kenias, diskutohet thellimi i raporteve t\u00eb t\u00eb dyja shteteve"}]},{"@type":"WebSite","@id":"https:\/\/permbledhja.com\/#website","url":"https:\/\/permbledhja.com\/","name":"Ve\u00e7 artikuj p\u00ebrmbledh\u00ebs","description":"","publisher":{"@id":"https:\/\/permbledhja.com\/#organization"},"potentialAction":[{"@type":"SearchAction","target":{"@type":"EntryPoint","urlTemplate":"https:\/\/permbledhja.com\/?s={search_term_string}"},"query-input":"required name=search_term_string"}],"inLanguage":"sq"},{"@type":"Organization","@id":"https:\/\/permbledhja.com\/#organization","name":"MK Media & Pr","url":"https:\/\/permbledhja.com\/","logo":{"@type":"ImageObject","inLanguage":"sq","@id":"https:\/\/permbledhja.com\/#\/schema\/logo\/image\/","url":"https:\/\/permbledhja.com\/wp-content\/uploads\/2021\/12\/07-Press-Logo.jpg","contentUrl":"https:\/\/permbledhja.com\/wp-content\/uploads\/2021\/12\/07-Press-Logo.jpg","width":512,"height":512,"caption":"MK Media & Pr"},"image":{"@id":"https:\/\/permbledhja.com\/#\/schema\/logo\/image\/"},"sameAs":["https:\/\/www.facebook.com\/press07\/"]},{"@type":"Person","@id":"https:\/\/permbledhja.com\/#\/schema\/person\/d23f13f59b5722643933d6780783acf3","name":"M M","image":{"@type":"ImageObject","inLanguage":"sq","@id":"https:\/\/permbledhja.com\/#\/schema\/person\/image\/","url":"https:\/\/secure.gravatar.com\/avatar\/e2835a76ca7c31a2416b2d51c4ec9a8f?s=96&d=mm&r=g","contentUrl":"https:\/\/secure.gravatar.com\/avatar\/e2835a76ca7c31a2416b2d51c4ec9a8f?s=96&d=mm&r=g","caption":"M M"},"sameAs":["http:\/\/MM"],"url":"https:\/\/permbledhja.com\/sq\/author\/muhamet\/"}]}},"_links":{"self":[{"href":"https:\/\/permbledhja.com\/sq\/wp-json\/wp\/v2\/posts\/38363"}],"collection":[{"href":"https:\/\/permbledhja.com\/sq\/wp-json\/wp\/v2\/posts"}],"about":[{"href":"https:\/\/permbledhja.com\/sq\/wp-json\/wp\/v2\/types\/post"}],"author":[{"embeddable":true,"href":"https:\/\/permbledhja.com\/sq\/wp-json\/wp\/v2\/users\/2"}],"replies":[{"embeddable":true,"href":"https:\/\/permbledhja.com\/sq\/wp-json\/wp\/v2\/comments?post=38363"}],"version-history":[{"count":1,"href":"https:\/\/permbledhja.com\/sq\/wp-json\/wp\/v2\/posts\/38363\/revisions"}],"predecessor-version":[{"id":38365,"href":"https:\/\/permbledhja.com\/sq\/wp-json\/wp\/v2\/posts\/38363\/revisions\/38365"}],"wp:featuredmedia":[{"embeddable":true,"href":"https:\/\/permbledhja.com\/sq\/wp-json\/wp\/v2\/media\/38364"}],"wp:attachment":[{"href":"https:\/\/permbledhja.com\/sq\/wp-json\/wp\/v2\/media?parent=38363"}],"wp:term":[{"taxonomy":"category","embeddable":true,"href":"https:\/\/permbledhja.com\/sq\/wp-json\/wp\/v2\/categories?post=38363"},{"taxonomy":"post_tag","embeddable":true,"href":"https:\/\/permbledhja.com\/sq\/wp-json\/wp\/v2\/tags?post=38363"}],"curies":[{"name":"wp","href":"https:\/\/api.w.org\/{rel}","templated":true}]}}