{"id":38340,"date":"2023-12-03T12:07:03","date_gmt":"2023-12-03T12:07:03","guid":{"rendered":"https:\/\/permbledhja.com\/?p=38340"},"modified":"2023-12-03T12:07:03","modified_gmt":"2023-12-03T12:07:03","slug":"detaje-te-reja-nga-plani-i-naim-murselit-ia-dha-armen-dorasit-qe-ta-vras-bashkeshorten-e-tij","status":"publish","type":"post","link":"https:\/\/permbledhja.com\/sq\/detaje-te-reja-nga-plani-i-naim-murselit-ia-dha-armen-dorasit-qe-ta-vras-bashkeshorten-e-tij\/","title":{"rendered":"Detaje t\u00eb reja nga plani i Naim Murselit: Ia dha arm\u00ebn dorasit q\u00eb ta vras bashk\u00ebshorten e tij"},"content":{"rendered":"<h3>Gjykata Themelore n\u00eb Prishtin\u00eb, Departamenti p\u00ebr Krime t\u00eb R\u00ebnda ka caktuar mas\u00ebn e paraburgimit prej nj\u00eb muaji ndaj Naim Murselit dhe dy t\u00eb dyshuarve t\u00eb tjer\u00eb p\u00ebr vrasjen e Liridona Ademajt.<\/h3>\n<p>Sipas njoftimit t\u00eb Gjykat\u00ebs, dyshohet se Naim Murseli ia kishte dh\u00ebn\u00eb arm\u00ebn Granti Pllav\u00ebs dhe e kishte inskenuar grabitjen.<\/p>\n<p>N\u00eb arsyetimin e vendimit t\u00eb Gjykat\u00ebs, thuhet se Naim Murseli me marr\u00ebveshje ishte larguar nga vetura \u201ckinse p\u00ebr t\u00eb ikur\u201d nd\u00ebrsa n\u00eb vetur\u00eb kishte mbetur Liridona Ademaj.<\/p>\n<p>\u201c<em>Ekziston dyshimi i bazuar se i pandehuri N.M me dashje q\u00eb ta privoj\u00eb nga jeta n\u00eb m\u00ebnyr\u00eb dinake bashk\u00ebshorten e tij, ishte marr\u00eb vesh me t\u00eb pandehurin G.P p\u00ebr ta vrar\u00eb tani t\u00eb ndjer\u00ebn L.M, ku paraprakisht i pandehuri N.M e kishte pajisur me arm\u00eb t\u00eb pandehurin G.P dhe kishin inskenuar vepr\u00ebn penale t\u00eb Grabitjes, e cila \u00ebsht\u00eb realizuar me dat\u00eb 29.11.2023 rreth or\u00ebs 20:25 minuta , n\u00eb fshatin Bernic\u00eb, Komuna e Prishtin\u00ebs, n\u00eb at\u00eb m\u00ebnyr\u00eb q\u00eb derisa i pandehuri N.M ishte duke l\u00ebvizur me vetur\u00ebn e tij, n\u00eb t\u00eb cil\u00ebn kan\u00eb qen\u00eb e ndjera L.M dhe dy f\u00ebmij\u00ebt e tyre, papritmas ka dal\u00eb para vetur\u00ebs i pandehuri G.P me mask\u00eb n\u00eb kok\u00eb dhe revole n\u00eb dor\u00eb, ku sipas marr\u00ebveshjes paraprake i pandehuri N.M me f\u00ebmij\u00ebt kishin dal\u00eb nga vetura dhe ishte larguar nga vendi i ngjarjes kinse p\u00ebr t\u00eb ikur, nd\u00ebrsa n\u00eb vetur\u00eb kishte mbetur tani e ndjera, t\u00eb cil\u00ebn i pandehuri G.P e kishte q\u00eblluar nga af\u00ebrsia me nj\u00eb plumb n\u00eb qaf\u00eb dhe si pasoj\u00eb e plag\u00ebs vdekjeprur\u00ebse, e ndjera L.M kishte nd\u00ebrruar jet\u00eb n\u00eb vendin e ngjarjes, nd\u00ebrsa p\u00ebr k\u00ebto veprime i pandehuri N.M, paraprakisht i kishte premtuar t\u00eb pandehurit G.P shum\u00ebn e t\u00eb hollave prej 30,000.00 \u20ac<\/em>\u201c, thuhet n\u00eb njoftimin e Gjykat\u00ebs.<\/p>\n<p>&nbsp;<\/p>\n","protected":false},"excerpt":{"rendered":"<p>Gjykata Themelore n\u00eb Prishtin\u00eb, Departamenti p\u00ebr Krime t\u00eb R\u00ebnda ka caktuar mas\u00ebn e paraburgimit prej nj\u00eb muaji ndaj Naim Murselit dhe dy t\u00eb dyshuarve t\u00eb tjer\u00eb p\u00ebr vrasjen e Liridona Ademajt. Sipas njoftimit t\u00eb Gjykat\u00ebs, dyshohet se Naim Murseli ia kishte dh\u00ebn\u00eb arm\u00ebn Granti Pllav\u00ebs dhe e kishte inskenuar grabitjen. N\u00eb arsyetimin e vendimit t\u00eb [&hellip;]<\/p>\n","protected":false},"author":2,"featured_media":38341,"comment_status":"closed","ping_status":"closed","sticky":false,"template":"","format":"standard","meta":{"_monsterinsights_skip_tracking":false,"_monsterinsights_sitenote_active":false,"_monsterinsights_sitenote_note":"","_monsterinsights_sitenote_category":0,"_uf_show_specific_survey":0,"_uf_disable_surveys":false,"footnotes":""},"categories":[2645],"tags":[2721],"yoast_head":"<!-- This site is optimized with the Yoast SEO plugin v21.5 - https:\/\/yoast.com\/wordpress\/plugins\/seo\/ -->\n<title>Detaje t\u00eb reja nga plani i Naim Murselit: Ia dha arm\u00ebn dorasit q\u00eb ta vras bashk\u00ebshorten e tij<\/title>\n<meta name=\"robots\" content=\"index, follow, max-snippet:-1, max-image-preview:large, max-video-preview:-1\" \/>\n<link rel=\"canonical\" href=\"https:\/\/permbledhja.com\/sq\/detaje-te-reja-nga-plani-i-naim-murselit-ia-dha-armen-dorasit-qe-ta-vras-bashkeshorten-e-tij\/\" \/>\n<meta property=\"og:locale\" content=\"sq_AL\" \/>\n<meta property=\"og:type\" content=\"article\" \/>\n<meta property=\"og:title\" content=\"Detaje t\u00eb reja nga plani i Naim Murselit: Ia dha arm\u00ebn dorasit q\u00eb ta vras bashk\u00ebshorten e tij\" \/>\n<meta property=\"og:description\" content=\"Gjykata Themelore n\u00eb Prishtin\u00eb, Departamenti p\u00ebr Krime t\u00eb R\u00ebnda ka caktuar mas\u00ebn e paraburgimit prej nj\u00eb muaji ndaj Naim Murselit dhe dy t\u00eb dyshuarve t\u00eb tjer\u00eb p\u00ebr vrasjen e Liridona Ademajt. Sipas njoftimit t\u00eb Gjykat\u00ebs, dyshohet se Naim Murseli ia kishte dh\u00ebn\u00eb arm\u00ebn Granti Pllav\u00ebs dhe e kishte inskenuar grabitjen. N\u00eb arsyetimin e vendimit t\u00eb [&hellip;]\" \/>\n<meta property=\"og:url\" content=\"https:\/\/permbledhja.com\/sq\/detaje-te-reja-nga-plani-i-naim-murselit-ia-dha-armen-dorasit-qe-ta-vras-bashkeshorten-e-tij\/\" \/>\n<meta property=\"og:site_name\" content=\"Ve\u00e7 artikuj p\u00ebrmbledh\u00ebs\" \/>\n<meta property=\"article:publisher\" content=\"https:\/\/www.facebook.com\/press07\/\" \/>\n<meta property=\"article:published_time\" content=\"2023-12-03T12:07:03+00:00\" \/>\n<meta property=\"og:image\" content=\"https:\/\/permbledhja.com\/wp-content\/uploads\/2023\/12\/liridona-800x450-1.webp\" \/>\n\t<meta property=\"og:image:width\" content=\"800\" \/>\n\t<meta property=\"og:image:height\" content=\"450\" \/>\n\t<meta property=\"og:image:type\" content=\"image\/webp\" \/>\n<meta name=\"author\" content=\"M M\" \/>\n<meta name=\"twitter:card\" content=\"summary_large_image\" \/>\n<meta name=\"twitter:label1\" content=\"Written by\" \/>\n\t<meta name=\"twitter:data1\" content=\"M M\" \/>\n\t<meta name=\"twitter:label2\" content=\"Est. reading time\" \/>\n\t<meta name=\"twitter:data2\" content=\"2 minuta\" \/>\n<script type=\"application\/ld+json\" class=\"yoast-schema-graph\">{\"@context\":\"https:\/\/schema.org\",\"@graph\":[{\"@type\":\"Article\",\"@id\":\"https:\/\/permbledhja.com\/detaje-te-reja-nga-plani-i-naim-murselit-ia-dha-armen-dorasit-qe-ta-vras-bashkeshorten-e-tij\/#article\",\"isPartOf\":{\"@id\":\"https:\/\/permbledhja.com\/detaje-te-reja-nga-plani-i-naim-murselit-ia-dha-armen-dorasit-qe-ta-vras-bashkeshorten-e-tij\/\"},\"author\":{\"name\":\"M M\",\"@id\":\"https:\/\/permbledhja.com\/#\/schema\/person\/d23f13f59b5722643933d6780783acf3\"},\"headline\":\"Detaje t\u00eb reja nga plani i Naim Murselit: Ia dha arm\u00ebn dorasit q\u00eb ta vras bashk\u00ebshorten e tij\",\"datePublished\":\"2023-12-03T12:07:03+00:00\",\"dateModified\":\"2023-12-03T12:07:03+00:00\",\"mainEntityOfPage\":{\"@id\":\"https:\/\/permbledhja.com\/detaje-te-reja-nga-plani-i-naim-murselit-ia-dha-armen-dorasit-qe-ta-vras-bashkeshorten-e-tij\/\"},\"wordCount\":354,\"publisher\":{\"@id\":\"https:\/\/permbledhja.com\/#organization\"},\"keywords\":[\"Naim Murseli\"],\"articleSection\":[\"T\u00eb r\u00ebnd\u00ebsishme\"],\"inLanguage\":\"sq\"},{\"@type\":\"WebPage\",\"@id\":\"https:\/\/permbledhja.com\/detaje-te-reja-nga-plani-i-naim-murselit-ia-dha-armen-dorasit-qe-ta-vras-bashkeshorten-e-tij\/\",\"url\":\"https:\/\/permbledhja.com\/detaje-te-reja-nga-plani-i-naim-murselit-ia-dha-armen-dorasit-qe-ta-vras-bashkeshorten-e-tij\/\",\"name\":\"Detaje t\u00eb reja nga plani i Naim Murselit: Ia dha arm\u00ebn dorasit q\u00eb ta vras bashk\u00ebshorten e tij\",\"isPartOf\":{\"@id\":\"https:\/\/permbledhja.com\/#website\"},\"datePublished\":\"2023-12-03T12:07:03+00:00\",\"dateModified\":\"2023-12-03T12:07:03+00:00\",\"breadcrumb\":{\"@id\":\"https:\/\/permbledhja.com\/detaje-te-reja-nga-plani-i-naim-murselit-ia-dha-armen-dorasit-qe-ta-vras-bashkeshorten-e-tij\/#breadcrumb\"},\"inLanguage\":\"sq\",\"potentialAction\":[{\"@type\":\"ReadAction\",\"target\":[\"https:\/\/permbledhja.com\/detaje-te-reja-nga-plani-i-naim-murselit-ia-dha-armen-dorasit-qe-ta-vras-bashkeshorten-e-tij\/\"]}]},{\"@type\":\"BreadcrumbList\",\"@id\":\"https:\/\/permbledhja.com\/detaje-te-reja-nga-plani-i-naim-murselit-ia-dha-armen-dorasit-qe-ta-vras-bashkeshorten-e-tij\/#breadcrumb\",\"itemListElement\":[{\"@type\":\"ListItem\",\"position\":1,\"name\":\"Ballina\",\"item\":\"https:\/\/permbledhja.com\/sq\/\"},{\"@type\":\"ListItem\",\"position\":2,\"name\":\"Detaje t\u00eb reja nga plani i Naim Murselit: Ia dha arm\u00ebn dorasit q\u00eb ta vras bashk\u00ebshorten e tij\"}]},{\"@type\":\"WebSite\",\"@id\":\"https:\/\/permbledhja.com\/#website\",\"url\":\"https:\/\/permbledhja.com\/\",\"name\":\"Ve\u00e7 artikuj p\u00ebrmbledh\u00ebs\",\"description\":\"\",\"publisher\":{\"@id\":\"https:\/\/permbledhja.com\/#organization\"},\"potentialAction\":[{\"@type\":\"SearchAction\",\"target\":{\"@type\":\"EntryPoint\",\"urlTemplate\":\"https:\/\/permbledhja.com\/?s={search_term_string}\"},\"query-input\":\"required name=search_term_string\"}],\"inLanguage\":\"sq\"},{\"@type\":\"Organization\",\"@id\":\"https:\/\/permbledhja.com\/#organization\",\"name\":\"MK Media & Pr\",\"url\":\"https:\/\/permbledhja.com\/\",\"logo\":{\"@type\":\"ImageObject\",\"inLanguage\":\"sq\",\"@id\":\"https:\/\/permbledhja.com\/#\/schema\/logo\/image\/\",\"url\":\"https:\/\/permbledhja.com\/wp-content\/uploads\/2021\/12\/07-Press-Logo.jpg\",\"contentUrl\":\"https:\/\/permbledhja.com\/wp-content\/uploads\/2021\/12\/07-Press-Logo.jpg\",\"width\":512,\"height\":512,\"caption\":\"MK Media & Pr\"},\"image\":{\"@id\":\"https:\/\/permbledhja.com\/#\/schema\/logo\/image\/\"},\"sameAs\":[\"https:\/\/www.facebook.com\/press07\/\"]},{\"@type\":\"Person\",\"@id\":\"https:\/\/permbledhja.com\/#\/schema\/person\/d23f13f59b5722643933d6780783acf3\",\"name\":\"M M\",\"image\":{\"@type\":\"ImageObject\",\"inLanguage\":\"sq\",\"@id\":\"https:\/\/permbledhja.com\/#\/schema\/person\/image\/\",\"url\":\"https:\/\/secure.gravatar.com\/avatar\/e2835a76ca7c31a2416b2d51c4ec9a8f?s=96&d=mm&r=g\",\"contentUrl\":\"https:\/\/secure.gravatar.com\/avatar\/e2835a76ca7c31a2416b2d51c4ec9a8f?s=96&d=mm&r=g\",\"caption\":\"M M\"},\"sameAs\":[\"http:\/\/MM\"],\"url\":\"https:\/\/permbledhja.com\/sq\/author\/muhamet\/\"}]}<\/script>\n<!-- \/ Yoast SEO plugin. -->","yoast_head_json":{"title":"Detaje t\u00eb reja nga plani i Naim Murselit: Ia dha arm\u00ebn dorasit q\u00eb ta vras bashk\u00ebshorten e tij","robots":{"index":"index","follow":"follow","max-snippet":"max-snippet:-1","max-image-preview":"max-image-preview:large","max-video-preview":"max-video-preview:-1"},"canonical":"https:\/\/permbledhja.com\/sq\/detaje-te-reja-nga-plani-i-naim-murselit-ia-dha-armen-dorasit-qe-ta-vras-bashkeshorten-e-tij\/","og_locale":"sq_AL","og_type":"article","og_title":"Detaje t\u00eb reja nga plani i Naim Murselit: Ia dha arm\u00ebn dorasit q\u00eb ta vras bashk\u00ebshorten e tij","og_description":"Gjykata Themelore n\u00eb Prishtin\u00eb, Departamenti p\u00ebr Krime t\u00eb R\u00ebnda ka caktuar mas\u00ebn e paraburgimit prej nj\u00eb muaji ndaj Naim Murselit dhe dy t\u00eb dyshuarve t\u00eb tjer\u00eb p\u00ebr vrasjen e Liridona Ademajt. Sipas njoftimit t\u00eb Gjykat\u00ebs, dyshohet se Naim Murseli ia kishte dh\u00ebn\u00eb arm\u00ebn Granti Pllav\u00ebs dhe e kishte inskenuar grabitjen. N\u00eb arsyetimin e vendimit t\u00eb [&hellip;]","og_url":"https:\/\/permbledhja.com\/sq\/detaje-te-reja-nga-plani-i-naim-murselit-ia-dha-armen-dorasit-qe-ta-vras-bashkeshorten-e-tij\/","og_site_name":"Ve\u00e7 artikuj p\u00ebrmbledh\u00ebs","article_publisher":"https:\/\/www.facebook.com\/press07\/","article_published_time":"2023-12-03T12:07:03+00:00","og_image":[{"width":800,"height":450,"url":"https:\/\/permbledhja.com\/wp-content\/uploads\/2023\/12\/liridona-800x450-1.webp","type":"image\/webp"}],"author":"M M","twitter_card":"summary_large_image","twitter_misc":{"Written by":"M M","Est. reading time":"2 minuta"},"schema":{"@context":"https:\/\/schema.org","@graph":[{"@type":"Article","@id":"https:\/\/permbledhja.com\/detaje-te-reja-nga-plani-i-naim-murselit-ia-dha-armen-dorasit-qe-ta-vras-bashkeshorten-e-tij\/#article","isPartOf":{"@id":"https:\/\/permbledhja.com\/detaje-te-reja-nga-plani-i-naim-murselit-ia-dha-armen-dorasit-qe-ta-vras-bashkeshorten-e-tij\/"},"author":{"name":"M M","@id":"https:\/\/permbledhja.com\/#\/schema\/person\/d23f13f59b5722643933d6780783acf3"},"headline":"Detaje t\u00eb reja nga plani i Naim Murselit: Ia dha arm\u00ebn dorasit q\u00eb ta vras bashk\u00ebshorten e tij","datePublished":"2023-12-03T12:07:03+00:00","dateModified":"2023-12-03T12:07:03+00:00","mainEntityOfPage":{"@id":"https:\/\/permbledhja.com\/detaje-te-reja-nga-plani-i-naim-murselit-ia-dha-armen-dorasit-qe-ta-vras-bashkeshorten-e-tij\/"},"wordCount":354,"publisher":{"@id":"https:\/\/permbledhja.com\/#organization"},"keywords":["Naim Murseli"],"articleSection":["T\u00eb r\u00ebnd\u00ebsishme"],"inLanguage":"sq"},{"@type":"WebPage","@id":"https:\/\/permbledhja.com\/detaje-te-reja-nga-plani-i-naim-murselit-ia-dha-armen-dorasit-qe-ta-vras-bashkeshorten-e-tij\/","url":"https:\/\/permbledhja.com\/detaje-te-reja-nga-plani-i-naim-murselit-ia-dha-armen-dorasit-qe-ta-vras-bashkeshorten-e-tij\/","name":"Detaje t\u00eb reja nga plani i Naim Murselit: Ia dha arm\u00ebn dorasit q\u00eb ta vras bashk\u00ebshorten e tij","isPartOf":{"@id":"https:\/\/permbledhja.com\/#website"},"datePublished":"2023-12-03T12:07:03+00:00","dateModified":"2023-12-03T12:07:03+00:00","breadcrumb":{"@id":"https:\/\/permbledhja.com\/detaje-te-reja-nga-plani-i-naim-murselit-ia-dha-armen-dorasit-qe-ta-vras-bashkeshorten-e-tij\/#breadcrumb"},"inLanguage":"sq","potentialAction":[{"@type":"ReadAction","target":["https:\/\/permbledhja.com\/detaje-te-reja-nga-plani-i-naim-murselit-ia-dha-armen-dorasit-qe-ta-vras-bashkeshorten-e-tij\/"]}]},{"@type":"BreadcrumbList","@id":"https:\/\/permbledhja.com\/detaje-te-reja-nga-plani-i-naim-murselit-ia-dha-armen-dorasit-qe-ta-vras-bashkeshorten-e-tij\/#breadcrumb","itemListElement":[{"@type":"ListItem","position":1,"name":"Ballina","item":"https:\/\/permbledhja.com\/sq\/"},{"@type":"ListItem","position":2,"name":"Detaje t\u00eb reja nga plani i Naim Murselit: Ia dha arm\u00ebn dorasit q\u00eb ta vras bashk\u00ebshorten e tij"}]},{"@type":"WebSite","@id":"https:\/\/permbledhja.com\/#website","url":"https:\/\/permbledhja.com\/","name":"Ve\u00e7 artikuj p\u00ebrmbledh\u00ebs","description":"","publisher":{"@id":"https:\/\/permbledhja.com\/#organization"},"potentialAction":[{"@type":"SearchAction","target":{"@type":"EntryPoint","urlTemplate":"https:\/\/permbledhja.com\/?s={search_term_string}"},"query-input":"required name=search_term_string"}],"inLanguage":"sq"},{"@type":"Organization","@id":"https:\/\/permbledhja.com\/#organization","name":"MK Media & Pr","url":"https:\/\/permbledhja.com\/","logo":{"@type":"ImageObject","inLanguage":"sq","@id":"https:\/\/permbledhja.com\/#\/schema\/logo\/image\/","url":"https:\/\/permbledhja.com\/wp-content\/uploads\/2021\/12\/07-Press-Logo.jpg","contentUrl":"https:\/\/permbledhja.com\/wp-content\/uploads\/2021\/12\/07-Press-Logo.jpg","width":512,"height":512,"caption":"MK Media & Pr"},"image":{"@id":"https:\/\/permbledhja.com\/#\/schema\/logo\/image\/"},"sameAs":["https:\/\/www.facebook.com\/press07\/"]},{"@type":"Person","@id":"https:\/\/permbledhja.com\/#\/schema\/person\/d23f13f59b5722643933d6780783acf3","name":"M M","image":{"@type":"ImageObject","inLanguage":"sq","@id":"https:\/\/permbledhja.com\/#\/schema\/person\/image\/","url":"https:\/\/secure.gravatar.com\/avatar\/e2835a76ca7c31a2416b2d51c4ec9a8f?s=96&d=mm&r=g","contentUrl":"https:\/\/secure.gravatar.com\/avatar\/e2835a76ca7c31a2416b2d51c4ec9a8f?s=96&d=mm&r=g","caption":"M M"},"sameAs":["http:\/\/MM"],"url":"https:\/\/permbledhja.com\/sq\/author\/muhamet\/"}]}},"_links":{"self":[{"href":"https:\/\/permbledhja.com\/sq\/wp-json\/wp\/v2\/posts\/38340"}],"collection":[{"href":"https:\/\/permbledhja.com\/sq\/wp-json\/wp\/v2\/posts"}],"about":[{"href":"https:\/\/permbledhja.com\/sq\/wp-json\/wp\/v2\/types\/post"}],"author":[{"embeddable":true,"href":"https:\/\/permbledhja.com\/sq\/wp-json\/wp\/v2\/users\/2"}],"replies":[{"embeddable":true,"href":"https:\/\/permbledhja.com\/sq\/wp-json\/wp\/v2\/comments?post=38340"}],"version-history":[{"count":1,"href":"https:\/\/permbledhja.com\/sq\/wp-json\/wp\/v2\/posts\/38340\/revisions"}],"predecessor-version":[{"id":38342,"href":"https:\/\/permbledhja.com\/sq\/wp-json\/wp\/v2\/posts\/38340\/revisions\/38342"}],"wp:featuredmedia":[{"embeddable":true,"href":"https:\/\/permbledhja.com\/sq\/wp-json\/wp\/v2\/media\/38341"}],"wp:attachment":[{"href":"https:\/\/permbledhja.com\/sq\/wp-json\/wp\/v2\/media?parent=38340"}],"wp:term":[{"taxonomy":"category","embeddable":true,"href":"https:\/\/permbledhja.com\/sq\/wp-json\/wp\/v2\/categories?post=38340"},{"taxonomy":"post_tag","embeddable":true,"href":"https:\/\/permbledhja.com\/sq\/wp-json\/wp\/v2\/tags?post=38340"}],"curies":[{"name":"wp","href":"https:\/\/api.w.org\/{rel}","templated":true}]}}