{"id":38331,"date":"2023-12-03T11:31:59","date_gmt":"2023-12-03T11:31:59","guid":{"rendered":"https:\/\/permbledhja.com\/?p=38331"},"modified":"2023-12-03T11:31:59","modified_gmt":"2023-12-03T11:31:59","slug":"vogel-veshtire-te-mendohet-per-ndonje-marreveshje-mes-kosoves-dhe-serbise-deri-para-vitit-2025","status":"publish","type":"post","link":"https:\/\/permbledhja.com\/sq\/vogel-veshtire-te-mendohet-per-ndonje-marreveshje-mes-kosoves-dhe-serbise-deri-para-vitit-2025\/","title":{"rendered":"Vogel: V\u00ebshtir\u00eb t\u00eb mendohet p\u00ebr ndonj\u00eb marr\u00ebveshje mes Kosov\u00ebs dhe Serbis\u00eb deri para vitit 2025"},"content":{"rendered":"<h3>Toby Vogel, ekspert n\u00eb K\u00ebshillin e Politikave t\u00eb Demokratizimit, vler\u00ebsoi se ekziston nj\u00eb probabilitet minimal p\u00ebr p\u00ebrparim t\u00eb duksh\u00ebm n\u00eb procesin e dialogut nd\u00ebrmjet Kosov\u00ebs dhe Serbis\u00eb dhe se ai nuk pret normalizimi i marr\u00ebdh\u00ebnieve nd\u00ebrmjet Kosov\u00ebs dhe Serbis\u00eb deri n\u00eb mesin e vitit 2025.<\/h3>\n<p>Vogel shtoi se dialogu mes Kosov\u00ebs dhe Serbis\u00eb ka 10 vjet q\u00eb po vazhdon, prandaj \u00ebsht\u00eb e qart\u00eb se di\u00e7ka nuk \u00ebsht\u00eb n\u00eb rregull.<\/p>\n<p>\u201cTani, n\u00ebse b\u00ebhet fjal\u00eb p\u00ebr vendosjen e nj\u00eb dialogu, formatin, apo n\u00ebse k\u00ebto jan\u00eb thjesht pyetje q\u00eb mund t\u00eb mos jen\u00eb t\u00eb duhura p\u00ebr nj\u00eb zgjidhje t\u00eb negociuar, do t\u00eb ishte shum\u00eb e v\u00ebshtir\u00eb t\u00eb thuhet. \u00cbsht\u00eb e v\u00ebshtir\u00eb p\u00ebr mua t\u00eb imagjinoj ndonj\u00eb zgjidhje, ndonj\u00eb marr\u00ebveshje, diku deri n\u00eb mesin e vitit 2025. Por kjo \u00ebsht\u00eb gjithashtu duke supozuar se Vu\u00e7iq n\u00eb t\u00eb v\u00ebrtet\u00eb d\u00ebshiron nj\u00eb marr\u00ebveshje. Un\u00eb mendoj se ai do t\u00eb pajtohej me nj\u00eb marr\u00ebveshje n\u00ebse merr veriun e Kosov\u00ebs n\u00eb k\u00ebmbim, dhe nuk mendoj se kjo ide ka vdekur, thjesht \u00ebsht\u00eb varrosur n\u00eb vitin 2019. Por as nuk ka vdekur, mund t\u00eb ringjallet n\u00eb \u00e7do koh\u00eb. Ose n\u00ebse e lejon at\u00eb t\u00eb avancoj\u00eb n\u00eb Bashkimin Evropian, por duke supozuar se ai v\u00ebrtet d\u00ebshiron t\u00eb an\u00ebtar\u00ebsohet n\u00eb BE. Nuk jam i sigurt se Aleksandar Vu\u00e7i\u00e7 d\u00ebshiron q\u00eb Serbia t\u00eb bashkohet me Bashkimin Evropian. Un\u00eb nuk e shoh se \u00e7far\u00eb do t\u00eb fitoj\u00eb ai n\u00eb k\u00ebt\u00eb pik\u00eb,\u201d tha Vogel n\u00eb nj\u00eb intervist\u00eb p\u00ebr Pobjeda nga Podgorica.<\/p>\n<p>Eksperti i marr\u00ebdh\u00ebnieve nd\u00ebrkomb\u00ebtare iu referua edhe incidentit n\u00eb manastirin e Banjsk\u00ebs.<\/p>\n<p>\u201cShikoni se \u00e7far\u00eb ndodhi n\u00eb Banjsk\u00eb. Un\u00eb nuk mund ta kuptoj se \u00e7do v\u00ebzhgues i arsyesh\u00ebm, i cili pa se \u00e7far\u00eb ndodhi atje, mund t\u00eb mendoj\u00eb se k\u00ebto ishin grupe t\u00eb lira, p\u00ebr t\u00eb cilat Vu\u00e7iq nuk e dinte se \u00e7far\u00eb po b\u00ebnin. Tani d\u00ebgjojm\u00eb \u2013 ne do t\u00eb presim derisa hetimi t\u00eb tregoj\u00eb rezultatet pas zgjedhjeve presidenciale. Po, por ju tashm\u00eb i keni rezultatet. Pse jan\u00eb zgjedhjet presidenciale n\u00eb Serbi nj\u00eb tem\u00eb n\u00eb k\u00ebt\u00eb kontekst? Ne nuk duhet t\u00eb merremi me ndihm\u00ebn e Vu\u00e7iqit p\u00ebr t\u00eb fituar zgjedhjet\u201d, tha Vogel.<\/p>\n","protected":false},"excerpt":{"rendered":"<p>Toby Vogel, ekspert n\u00eb K\u00ebshillin e Politikave t\u00eb Demokratizimit, vler\u00ebsoi se ekziston nj\u00eb probabilitet minimal p\u00ebr p\u00ebrparim t\u00eb duksh\u00ebm n\u00eb procesin e dialogut nd\u00ebrmjet Kosov\u00ebs dhe Serbis\u00eb dhe se ai nuk pret normalizimi i marr\u00ebdh\u00ebnieve nd\u00ebrmjet Kosov\u00ebs dhe Serbis\u00eb deri n\u00eb mesin e vitit 2025. Vogel shtoi se dialogu mes Kosov\u00ebs dhe Serbis\u00eb ka 10 [&hellip;]<\/p>\n","protected":false},"author":2,"featured_media":38332,"comment_status":"closed","ping_status":"closed","sticky":false,"template":"","format":"standard","meta":{"_monsterinsights_skip_tracking":false,"_monsterinsights_sitenote_active":false,"_monsterinsights_sitenote_note":"","_monsterinsights_sitenote_category":0,"_uf_show_specific_survey":0,"_uf_disable_surveys":false,"footnotes":""},"categories":[2645],"tags":[2735],"yoast_head":"<!-- This site is optimized with the Yoast SEO plugin v21.5 - https:\/\/yoast.com\/wordpress\/plugins\/seo\/ -->\n<title>Vogel: V\u00ebshtir\u00eb t\u00eb mendohet p\u00ebr ndonj\u00eb marr\u00ebveshje mes Kosov\u00ebs dhe Serbis\u00eb deri para vitit 2025<\/title>\n<meta name=\"robots\" content=\"index, follow, max-snippet:-1, max-image-preview:large, max-video-preview:-1\" \/>\n<link rel=\"canonical\" href=\"https:\/\/permbledhja.com\/sq\/vogel-veshtire-te-mendohet-per-ndonje-marreveshje-mes-kosoves-dhe-serbise-deri-para-vitit-2025\/\" \/>\n<meta property=\"og:locale\" content=\"sq_AL\" \/>\n<meta property=\"og:type\" content=\"article\" \/>\n<meta property=\"og:title\" content=\"Vogel: V\u00ebshtir\u00eb t\u00eb mendohet p\u00ebr ndonj\u00eb marr\u00ebveshje mes Kosov\u00ebs dhe Serbis\u00eb deri para vitit 2025\" \/>\n<meta property=\"og:description\" content=\"Toby Vogel, ekspert n\u00eb K\u00ebshillin e Politikave t\u00eb Demokratizimit, vler\u00ebsoi se ekziston nj\u00eb probabilitet minimal p\u00ebr p\u00ebrparim t\u00eb duksh\u00ebm n\u00eb procesin e dialogut nd\u00ebrmjet Kosov\u00ebs dhe Serbis\u00eb dhe se ai nuk pret normalizimi i marr\u00ebdh\u00ebnieve nd\u00ebrmjet Kosov\u00ebs dhe Serbis\u00eb deri n\u00eb mesin e vitit 2025. Vogel shtoi se dialogu mes Kosov\u00ebs dhe Serbis\u00eb ka 10 [&hellip;]\" \/>\n<meta property=\"og:url\" content=\"https:\/\/permbledhja.com\/sq\/vogel-veshtire-te-mendohet-per-ndonje-marreveshje-mes-kosoves-dhe-serbise-deri-para-vitit-2025\/\" \/>\n<meta property=\"og:site_name\" content=\"Ve\u00e7 artikuj p\u00ebrmbledh\u00ebs\" \/>\n<meta property=\"article:publisher\" content=\"https:\/\/www.facebook.com\/press07\/\" \/>\n<meta property=\"article:published_time\" content=\"2023-12-03T11:31:59+00:00\" \/>\n<meta property=\"og:image\" content=\"https:\/\/permbledhja.com\/wp-content\/uploads\/2023\/12\/vogel.webp\" \/>\n\t<meta property=\"og:image:width\" content=\"925\" \/>\n\t<meta property=\"og:image:height\" content=\"513\" \/>\n\t<meta property=\"og:image:type\" content=\"image\/webp\" \/>\n<meta name=\"author\" content=\"M M\" \/>\n<meta name=\"twitter:card\" content=\"summary_large_image\" \/>\n<meta name=\"twitter:label1\" content=\"Written by\" \/>\n\t<meta name=\"twitter:data1\" content=\"M M\" \/>\n\t<meta name=\"twitter:label2\" content=\"Est. reading time\" \/>\n\t<meta name=\"twitter:data2\" content=\"2 minuta\" \/>\n<script type=\"application\/ld+json\" class=\"yoast-schema-graph\">{\"@context\":\"https:\/\/schema.org\",\"@graph\":[{\"@type\":\"Article\",\"@id\":\"https:\/\/permbledhja.com\/vogel-veshtire-te-mendohet-per-ndonje-marreveshje-mes-kosoves-dhe-serbise-deri-para-vitit-2025\/#article\",\"isPartOf\":{\"@id\":\"https:\/\/permbledhja.com\/vogel-veshtire-te-mendohet-per-ndonje-marreveshje-mes-kosoves-dhe-serbise-deri-para-vitit-2025\/\"},\"author\":{\"name\":\"M M\",\"@id\":\"https:\/\/permbledhja.com\/#\/schema\/person\/d23f13f59b5722643933d6780783acf3\"},\"headline\":\"Vogel: V\u00ebshtir\u00eb t\u00eb mendohet p\u00ebr ndonj\u00eb marr\u00ebveshje mes Kosov\u00ebs dhe Serbis\u00eb deri para vitit 2025\",\"datePublished\":\"2023-12-03T11:31:59+00:00\",\"dateModified\":\"2023-12-03T11:31:59+00:00\",\"mainEntityOfPage\":{\"@id\":\"https:\/\/permbledhja.com\/vogel-veshtire-te-mendohet-per-ndonje-marreveshje-mes-kosoves-dhe-serbise-deri-para-vitit-2025\/\"},\"wordCount\":409,\"publisher\":{\"@id\":\"https:\/\/permbledhja.com\/#organization\"},\"keywords\":[\"Vogel\"],\"articleSection\":[\"T\u00eb r\u00ebnd\u00ebsishme\"],\"inLanguage\":\"sq\"},{\"@type\":\"WebPage\",\"@id\":\"https:\/\/permbledhja.com\/vogel-veshtire-te-mendohet-per-ndonje-marreveshje-mes-kosoves-dhe-serbise-deri-para-vitit-2025\/\",\"url\":\"https:\/\/permbledhja.com\/vogel-veshtire-te-mendohet-per-ndonje-marreveshje-mes-kosoves-dhe-serbise-deri-para-vitit-2025\/\",\"name\":\"Vogel: V\u00ebshtir\u00eb t\u00eb mendohet p\u00ebr ndonj\u00eb marr\u00ebveshje mes Kosov\u00ebs dhe Serbis\u00eb deri para vitit 2025\",\"isPartOf\":{\"@id\":\"https:\/\/permbledhja.com\/#website\"},\"datePublished\":\"2023-12-03T11:31:59+00:00\",\"dateModified\":\"2023-12-03T11:31:59+00:00\",\"breadcrumb\":{\"@id\":\"https:\/\/permbledhja.com\/vogel-veshtire-te-mendohet-per-ndonje-marreveshje-mes-kosoves-dhe-serbise-deri-para-vitit-2025\/#breadcrumb\"},\"inLanguage\":\"sq\",\"potentialAction\":[{\"@type\":\"ReadAction\",\"target\":[\"https:\/\/permbledhja.com\/vogel-veshtire-te-mendohet-per-ndonje-marreveshje-mes-kosoves-dhe-serbise-deri-para-vitit-2025\/\"]}]},{\"@type\":\"BreadcrumbList\",\"@id\":\"https:\/\/permbledhja.com\/vogel-veshtire-te-mendohet-per-ndonje-marreveshje-mes-kosoves-dhe-serbise-deri-para-vitit-2025\/#breadcrumb\",\"itemListElement\":[{\"@type\":\"ListItem\",\"position\":1,\"name\":\"Ballina\",\"item\":\"https:\/\/permbledhja.com\/sq\/\"},{\"@type\":\"ListItem\",\"position\":2,\"name\":\"Vogel: V\u00ebshtir\u00eb t\u00eb mendohet p\u00ebr ndonj\u00eb marr\u00ebveshje mes Kosov\u00ebs dhe Serbis\u00eb deri para vitit 2025\"}]},{\"@type\":\"WebSite\",\"@id\":\"https:\/\/permbledhja.com\/#website\",\"url\":\"https:\/\/permbledhja.com\/\",\"name\":\"Ve\u00e7 artikuj p\u00ebrmbledh\u00ebs\",\"description\":\"\",\"publisher\":{\"@id\":\"https:\/\/permbledhja.com\/#organization\"},\"potentialAction\":[{\"@type\":\"SearchAction\",\"target\":{\"@type\":\"EntryPoint\",\"urlTemplate\":\"https:\/\/permbledhja.com\/?s={search_term_string}\"},\"query-input\":\"required name=search_term_string\"}],\"inLanguage\":\"sq\"},{\"@type\":\"Organization\",\"@id\":\"https:\/\/permbledhja.com\/#organization\",\"name\":\"MK Media & Pr\",\"url\":\"https:\/\/permbledhja.com\/\",\"logo\":{\"@type\":\"ImageObject\",\"inLanguage\":\"sq\",\"@id\":\"https:\/\/permbledhja.com\/#\/schema\/logo\/image\/\",\"url\":\"https:\/\/permbledhja.com\/wp-content\/uploads\/2021\/12\/07-Press-Logo.jpg\",\"contentUrl\":\"https:\/\/permbledhja.com\/wp-content\/uploads\/2021\/12\/07-Press-Logo.jpg\",\"width\":512,\"height\":512,\"caption\":\"MK Media & Pr\"},\"image\":{\"@id\":\"https:\/\/permbledhja.com\/#\/schema\/logo\/image\/\"},\"sameAs\":[\"https:\/\/www.facebook.com\/press07\/\"]},{\"@type\":\"Person\",\"@id\":\"https:\/\/permbledhja.com\/#\/schema\/person\/d23f13f59b5722643933d6780783acf3\",\"name\":\"M M\",\"image\":{\"@type\":\"ImageObject\",\"inLanguage\":\"sq\",\"@id\":\"https:\/\/permbledhja.com\/#\/schema\/person\/image\/\",\"url\":\"https:\/\/secure.gravatar.com\/avatar\/e2835a76ca7c31a2416b2d51c4ec9a8f?s=96&d=mm&r=g\",\"contentUrl\":\"https:\/\/secure.gravatar.com\/avatar\/e2835a76ca7c31a2416b2d51c4ec9a8f?s=96&d=mm&r=g\",\"caption\":\"M M\"},\"sameAs\":[\"http:\/\/MM\"],\"url\":\"https:\/\/permbledhja.com\/sq\/author\/muhamet\/\"}]}<\/script>\n<!-- \/ Yoast SEO plugin. -->","yoast_head_json":{"title":"Vogel: V\u00ebshtir\u00eb t\u00eb mendohet p\u00ebr ndonj\u00eb marr\u00ebveshje mes Kosov\u00ebs dhe Serbis\u00eb deri para vitit 2025","robots":{"index":"index","follow":"follow","max-snippet":"max-snippet:-1","max-image-preview":"max-image-preview:large","max-video-preview":"max-video-preview:-1"},"canonical":"https:\/\/permbledhja.com\/sq\/vogel-veshtire-te-mendohet-per-ndonje-marreveshje-mes-kosoves-dhe-serbise-deri-para-vitit-2025\/","og_locale":"sq_AL","og_type":"article","og_title":"Vogel: V\u00ebshtir\u00eb t\u00eb mendohet p\u00ebr ndonj\u00eb marr\u00ebveshje mes Kosov\u00ebs dhe Serbis\u00eb deri para vitit 2025","og_description":"Toby Vogel, ekspert n\u00eb K\u00ebshillin e Politikave t\u00eb Demokratizimit, vler\u00ebsoi se ekziston nj\u00eb probabilitet minimal p\u00ebr p\u00ebrparim t\u00eb duksh\u00ebm n\u00eb procesin e dialogut nd\u00ebrmjet Kosov\u00ebs dhe Serbis\u00eb dhe se ai nuk pret normalizimi i marr\u00ebdh\u00ebnieve nd\u00ebrmjet Kosov\u00ebs dhe Serbis\u00eb deri n\u00eb mesin e vitit 2025. Vogel shtoi se dialogu mes Kosov\u00ebs dhe Serbis\u00eb ka 10 [&hellip;]","og_url":"https:\/\/permbledhja.com\/sq\/vogel-veshtire-te-mendohet-per-ndonje-marreveshje-mes-kosoves-dhe-serbise-deri-para-vitit-2025\/","og_site_name":"Ve\u00e7 artikuj p\u00ebrmbledh\u00ebs","article_publisher":"https:\/\/www.facebook.com\/press07\/","article_published_time":"2023-12-03T11:31:59+00:00","og_image":[{"width":925,"height":513,"url":"https:\/\/permbledhja.com\/wp-content\/uploads\/2023\/12\/vogel.webp","type":"image\/webp"}],"author":"M M","twitter_card":"summary_large_image","twitter_misc":{"Written by":"M M","Est. reading time":"2 minuta"},"schema":{"@context":"https:\/\/schema.org","@graph":[{"@type":"Article","@id":"https:\/\/permbledhja.com\/vogel-veshtire-te-mendohet-per-ndonje-marreveshje-mes-kosoves-dhe-serbise-deri-para-vitit-2025\/#article","isPartOf":{"@id":"https:\/\/permbledhja.com\/vogel-veshtire-te-mendohet-per-ndonje-marreveshje-mes-kosoves-dhe-serbise-deri-para-vitit-2025\/"},"author":{"name":"M M","@id":"https:\/\/permbledhja.com\/#\/schema\/person\/d23f13f59b5722643933d6780783acf3"},"headline":"Vogel: V\u00ebshtir\u00eb t\u00eb mendohet p\u00ebr ndonj\u00eb marr\u00ebveshje mes Kosov\u00ebs dhe Serbis\u00eb deri para vitit 2025","datePublished":"2023-12-03T11:31:59+00:00","dateModified":"2023-12-03T11:31:59+00:00","mainEntityOfPage":{"@id":"https:\/\/permbledhja.com\/vogel-veshtire-te-mendohet-per-ndonje-marreveshje-mes-kosoves-dhe-serbise-deri-para-vitit-2025\/"},"wordCount":409,"publisher":{"@id":"https:\/\/permbledhja.com\/#organization"},"keywords":["Vogel"],"articleSection":["T\u00eb r\u00ebnd\u00ebsishme"],"inLanguage":"sq"},{"@type":"WebPage","@id":"https:\/\/permbledhja.com\/vogel-veshtire-te-mendohet-per-ndonje-marreveshje-mes-kosoves-dhe-serbise-deri-para-vitit-2025\/","url":"https:\/\/permbledhja.com\/vogel-veshtire-te-mendohet-per-ndonje-marreveshje-mes-kosoves-dhe-serbise-deri-para-vitit-2025\/","name":"Vogel: V\u00ebshtir\u00eb t\u00eb mendohet p\u00ebr ndonj\u00eb marr\u00ebveshje mes Kosov\u00ebs dhe Serbis\u00eb deri para vitit 2025","isPartOf":{"@id":"https:\/\/permbledhja.com\/#website"},"datePublished":"2023-12-03T11:31:59+00:00","dateModified":"2023-12-03T11:31:59+00:00","breadcrumb":{"@id":"https:\/\/permbledhja.com\/vogel-veshtire-te-mendohet-per-ndonje-marreveshje-mes-kosoves-dhe-serbise-deri-para-vitit-2025\/#breadcrumb"},"inLanguage":"sq","potentialAction":[{"@type":"ReadAction","target":["https:\/\/permbledhja.com\/vogel-veshtire-te-mendohet-per-ndonje-marreveshje-mes-kosoves-dhe-serbise-deri-para-vitit-2025\/"]}]},{"@type":"BreadcrumbList","@id":"https:\/\/permbledhja.com\/vogel-veshtire-te-mendohet-per-ndonje-marreveshje-mes-kosoves-dhe-serbise-deri-para-vitit-2025\/#breadcrumb","itemListElement":[{"@type":"ListItem","position":1,"name":"Ballina","item":"https:\/\/permbledhja.com\/sq\/"},{"@type":"ListItem","position":2,"name":"Vogel: V\u00ebshtir\u00eb t\u00eb mendohet p\u00ebr ndonj\u00eb marr\u00ebveshje mes Kosov\u00ebs dhe Serbis\u00eb deri para vitit 2025"}]},{"@type":"WebSite","@id":"https:\/\/permbledhja.com\/#website","url":"https:\/\/permbledhja.com\/","name":"Ve\u00e7 artikuj p\u00ebrmbledh\u00ebs","description":"","publisher":{"@id":"https:\/\/permbledhja.com\/#organization"},"potentialAction":[{"@type":"SearchAction","target":{"@type":"EntryPoint","urlTemplate":"https:\/\/permbledhja.com\/?s={search_term_string}"},"query-input":"required name=search_term_string"}],"inLanguage":"sq"},{"@type":"Organization","@id":"https:\/\/permbledhja.com\/#organization","name":"MK Media & Pr","url":"https:\/\/permbledhja.com\/","logo":{"@type":"ImageObject","inLanguage":"sq","@id":"https:\/\/permbledhja.com\/#\/schema\/logo\/image\/","url":"https:\/\/permbledhja.com\/wp-content\/uploads\/2021\/12\/07-Press-Logo.jpg","contentUrl":"https:\/\/permbledhja.com\/wp-content\/uploads\/2021\/12\/07-Press-Logo.jpg","width":512,"height":512,"caption":"MK Media & Pr"},"image":{"@id":"https:\/\/permbledhja.com\/#\/schema\/logo\/image\/"},"sameAs":["https:\/\/www.facebook.com\/press07\/"]},{"@type":"Person","@id":"https:\/\/permbledhja.com\/#\/schema\/person\/d23f13f59b5722643933d6780783acf3","name":"M M","image":{"@type":"ImageObject","inLanguage":"sq","@id":"https:\/\/permbledhja.com\/#\/schema\/person\/image\/","url":"https:\/\/secure.gravatar.com\/avatar\/e2835a76ca7c31a2416b2d51c4ec9a8f?s=96&d=mm&r=g","contentUrl":"https:\/\/secure.gravatar.com\/avatar\/e2835a76ca7c31a2416b2d51c4ec9a8f?s=96&d=mm&r=g","caption":"M M"},"sameAs":["http:\/\/MM"],"url":"https:\/\/permbledhja.com\/sq\/author\/muhamet\/"}]}},"_links":{"self":[{"href":"https:\/\/permbledhja.com\/sq\/wp-json\/wp\/v2\/posts\/38331"}],"collection":[{"href":"https:\/\/permbledhja.com\/sq\/wp-json\/wp\/v2\/posts"}],"about":[{"href":"https:\/\/permbledhja.com\/sq\/wp-json\/wp\/v2\/types\/post"}],"author":[{"embeddable":true,"href":"https:\/\/permbledhja.com\/sq\/wp-json\/wp\/v2\/users\/2"}],"replies":[{"embeddable":true,"href":"https:\/\/permbledhja.com\/sq\/wp-json\/wp\/v2\/comments?post=38331"}],"version-history":[{"count":1,"href":"https:\/\/permbledhja.com\/sq\/wp-json\/wp\/v2\/posts\/38331\/revisions"}],"predecessor-version":[{"id":38333,"href":"https:\/\/permbledhja.com\/sq\/wp-json\/wp\/v2\/posts\/38331\/revisions\/38333"}],"wp:featuredmedia":[{"embeddable":true,"href":"https:\/\/permbledhja.com\/sq\/wp-json\/wp\/v2\/media\/38332"}],"wp:attachment":[{"href":"https:\/\/permbledhja.com\/sq\/wp-json\/wp\/v2\/media?parent=38331"}],"wp:term":[{"taxonomy":"category","embeddable":true,"href":"https:\/\/permbledhja.com\/sq\/wp-json\/wp\/v2\/categories?post=38331"},{"taxonomy":"post_tag","embeddable":true,"href":"https:\/\/permbledhja.com\/sq\/wp-json\/wp\/v2\/tags?post=38331"}],"curies":[{"name":"wp","href":"https:\/\/api.w.org\/{rel}","templated":true}]}}