{"id":38310,"date":"2023-12-03T10:08:44","date_gmt":"2023-12-03T10:08:44","guid":{"rendered":"https:\/\/permbledhja.com\/?p=38310"},"modified":"2023-12-03T10:08:44","modified_gmt":"2023-12-03T10:08:44","slug":"vellai-i-liridones-femijet-jane-me-gjysherit-dhe-hala-se-dine-qe-iu-ka-vdekur-nana-me-ardhe-te-na-e-kuptojne","status":"publish","type":"post","link":"https:\/\/permbledhja.com\/sq\/vellai-i-liridones-femijet-jane-me-gjysherit-dhe-hala-se-dine-qe-iu-ka-vdekur-nana-me-ardhe-te-na-e-kuptojne\/","title":{"rendered":"V\u00ebllai i Liridon\u00ebs: F\u00ebmij\u00ebt jan\u00eb me gjysh\u00ebrit dhe hala s\u2019e din\u00eb q\u00eb iu ka vdekur nana, me ardh\u00eb te na e kuptojn\u00eb"},"content":{"rendered":"<h3>Leonard Ademaj, v\u00ebllai i t\u00eb ndjer\u00ebs Liridona, ka th\u00ebn\u00eb se aktualisht f\u00ebmij\u00ebt i kan\u00eb n\u00eb kujdes dy gjysh\u00ebrit, prind\u00ebrit e Naim Murselit, dhe se ata s\u2019kan\u00eb insistuar q\u00eb t\u2019i marrin meq\u00eb gjendja emocionale e familjarave \u00ebsht\u00eb e r\u00ebnd\u00eb.<\/h3>\n<p>\u201cMe f\u00ebmij\u00ebt kemi pas\u00eb kontakt. Shoqata sociale ka ardhur dhe ka qen\u00eb edhe te ata, q\u00eb f\u00ebmij\u00ebt jan\u00eb mir\u00eb dhe mos keni merak p\u00ebr ta. Ata nuk kan\u00eb telefona q\u00eb ne me komuniku me ta sepse jan\u00eb t\u00eb vegj\u00ebl. Kujdesin e tyre e kan\u00eb gjyshja dhe gjyshi i tyre (prind\u00ebrit e Naimit). Kan\u00eb ardhur e na kan\u00eb pyet. Te ne \u00ebsht\u00eb gjendja shum\u00eb katastrofale dhe f\u00ebmij\u00ebt s\u2019e kan\u00eb kuptu hala q\u00eb nana ka vdek\u00eb dhe me ardh\u00eb te ne e kan\u00eb m\u00eb t\u00eb leht\u00eb me e kuptu se \u00e7ka \u00ebsht\u00eb duke ndodhur. I kemi l\u00ebn\u00eb te ata sepse jan\u00eb edhe f\u00ebmij\u00ebt e v\u00ebllait t\u00eb Naimit dhe po e kalojn\u00eb koh\u00ebn me ta pa e kuptu\u201d, tha ai.<\/p>\n<p>Leonard Ademaj s\u2019ka marr\u00eb pjes\u00eb n\u00eb seanc\u00eb n\u00eb seanc\u00ebn d\u00ebgjimore ku kan\u00eb dal\u00eb tre t\u00eb dyshuarit, p\u00ebrfshir\u00eb edhe Naim Murselin.<\/p>\n<div>\n<div id=\"div-gpt-ad-1634289484286-0\" data-google-query-id=\"COWr-MqC84IDFctOwgodCcUPEw\"><\/div>\n<\/div>\n","protected":false},"excerpt":{"rendered":"<p>Leonard Ademaj, v\u00ebllai i t\u00eb ndjer\u00ebs Liridona, ka th\u00ebn\u00eb se aktualisht f\u00ebmij\u00ebt i kan\u00eb n\u00eb kujdes dy gjysh\u00ebrit, prind\u00ebrit e Naim Murselit, dhe se ata s\u2019kan\u00eb insistuar q\u00eb t\u2019i marrin meq\u00eb gjendja emocionale e familjarave \u00ebsht\u00eb e r\u00ebnd\u00eb. \u201cMe f\u00ebmij\u00ebt kemi pas\u00eb kontakt. Shoqata sociale ka ardhur dhe ka qen\u00eb edhe te ata, q\u00eb f\u00ebmij\u00ebt [&hellip;]<\/p>\n","protected":false},"author":2,"featured_media":38311,"comment_status":"closed","ping_status":"closed","sticky":false,"template":"","format":"standard","meta":{"_monsterinsights_skip_tracking":false,"_monsterinsights_sitenote_active":false,"_monsterinsights_sitenote_note":"","_monsterinsights_sitenote_category":0,"_uf_show_specific_survey":0,"_uf_disable_surveys":false,"footnotes":""},"categories":[15],"tags":[2734],"yoast_head":"<!-- This site is optimized with the Yoast SEO plugin v21.5 - https:\/\/yoast.com\/wordpress\/plugins\/seo\/ -->\n<title>V\u00ebllai i Liridon\u00ebs: F\u00ebmij\u00ebt jan\u00eb me gjysh\u00ebrit dhe hala s\u2019e din\u00eb q\u00eb iu ka vdekur nana, me ardh\u00eb te na e kuptojn\u00eb<\/title>\n<meta name=\"robots\" content=\"index, follow, max-snippet:-1, max-image-preview:large, max-video-preview:-1\" \/>\n<link rel=\"canonical\" href=\"https:\/\/permbledhja.com\/sq\/vellai-i-liridones-femijet-jane-me-gjysherit-dhe-hala-se-dine-qe-iu-ka-vdekur-nana-me-ardhe-te-na-e-kuptojne\/\" \/>\n<meta property=\"og:locale\" content=\"sq_AL\" \/>\n<meta property=\"og:type\" content=\"article\" \/>\n<meta property=\"og:title\" content=\"V\u00ebllai i Liridon\u00ebs: F\u00ebmij\u00ebt jan\u00eb me gjysh\u00ebrit dhe hala s\u2019e din\u00eb q\u00eb iu ka vdekur nana, me ardh\u00eb te na e kuptojn\u00eb\" \/>\n<meta property=\"og:description\" content=\"Leonard Ademaj, v\u00ebllai i t\u00eb ndjer\u00ebs Liridona, ka th\u00ebn\u00eb se aktualisht f\u00ebmij\u00ebt i kan\u00eb n\u00eb kujdes dy gjysh\u00ebrit, prind\u00ebrit e Naim Murselit, dhe se ata s\u2019kan\u00eb insistuar q\u00eb t\u2019i marrin meq\u00eb gjendja emocionale e familjarave \u00ebsht\u00eb e r\u00ebnd\u00eb. \u201cMe f\u00ebmij\u00ebt kemi pas\u00eb kontakt. Shoqata sociale ka ardhur dhe ka qen\u00eb edhe te ata, q\u00eb f\u00ebmij\u00ebt [&hellip;]\" \/>\n<meta property=\"og:url\" content=\"https:\/\/permbledhja.com\/sq\/vellai-i-liridones-femijet-jane-me-gjysherit-dhe-hala-se-dine-qe-iu-ka-vdekur-nana-me-ardhe-te-na-e-kuptojne\/\" \/>\n<meta property=\"og:site_name\" content=\"Ve\u00e7 artikuj p\u00ebrmbledh\u00ebs\" \/>\n<meta property=\"article:publisher\" content=\"https:\/\/www.facebook.com\/press07\/\" \/>\n<meta property=\"article:published_time\" content=\"2023-12-03T10:08:44+00:00\" \/>\n<meta property=\"og:image\" content=\"https:\/\/permbledhja.com\/wp-content\/uploads\/2023\/12\/386833731_860413699200158_1786709585889292475_n-600x360-1.jpg\" \/>\n\t<meta property=\"og:image:width\" content=\"600\" \/>\n\t<meta property=\"og:image:height\" content=\"360\" \/>\n\t<meta property=\"og:image:type\" content=\"image\/jpeg\" \/>\n<meta name=\"author\" content=\"M M\" \/>\n<meta name=\"twitter:card\" content=\"summary_large_image\" \/>\n<meta name=\"twitter:label1\" content=\"Written by\" \/>\n\t<meta name=\"twitter:data1\" content=\"M M\" \/>\n\t<meta name=\"twitter:label2\" content=\"Est. reading time\" \/>\n\t<meta name=\"twitter:data2\" content=\"1 minut\u00eb\" \/>\n<script type=\"application\/ld+json\" class=\"yoast-schema-graph\">{\"@context\":\"https:\/\/schema.org\",\"@graph\":[{\"@type\":\"Article\",\"@id\":\"https:\/\/permbledhja.com\/vellai-i-liridones-femijet-jane-me-gjysherit-dhe-hala-se-dine-qe-iu-ka-vdekur-nana-me-ardhe-te-na-e-kuptojne\/#article\",\"isPartOf\":{\"@id\":\"https:\/\/permbledhja.com\/vellai-i-liridones-femijet-jane-me-gjysherit-dhe-hala-se-dine-qe-iu-ka-vdekur-nana-me-ardhe-te-na-e-kuptojne\/\"},\"author\":{\"name\":\"M M\",\"@id\":\"https:\/\/permbledhja.com\/#\/schema\/person\/d23f13f59b5722643933d6780783acf3\"},\"headline\":\"V\u00ebllai i Liridon\u00ebs: F\u00ebmij\u00ebt jan\u00eb me gjysh\u00ebrit dhe hala s\u2019e din\u00eb q\u00eb iu ka vdekur nana, me ardh\u00eb te na e kuptojn\u00eb\",\"datePublished\":\"2023-12-03T10:08:44+00:00\",\"dateModified\":\"2023-12-03T10:08:44+00:00\",\"mainEntityOfPage\":{\"@id\":\"https:\/\/permbledhja.com\/vellai-i-liridones-femijet-jane-me-gjysherit-dhe-hala-se-dine-qe-iu-ka-vdekur-nana-me-ardhe-te-na-e-kuptojne\/\"},\"wordCount\":232,\"publisher\":{\"@id\":\"https:\/\/permbledhja.com\/#organization\"},\"keywords\":[\"Leonard Ademaj\"],\"articleSection\":[\"Lajme\"],\"inLanguage\":\"sq\"},{\"@type\":\"WebPage\",\"@id\":\"https:\/\/permbledhja.com\/vellai-i-liridones-femijet-jane-me-gjysherit-dhe-hala-se-dine-qe-iu-ka-vdekur-nana-me-ardhe-te-na-e-kuptojne\/\",\"url\":\"https:\/\/permbledhja.com\/vellai-i-liridones-femijet-jane-me-gjysherit-dhe-hala-se-dine-qe-iu-ka-vdekur-nana-me-ardhe-te-na-e-kuptojne\/\",\"name\":\"V\u00ebllai i Liridon\u00ebs: F\u00ebmij\u00ebt jan\u00eb me gjysh\u00ebrit dhe hala s\u2019e din\u00eb q\u00eb iu ka vdekur nana, me ardh\u00eb te na e kuptojn\u00eb\",\"isPartOf\":{\"@id\":\"https:\/\/permbledhja.com\/#website\"},\"datePublished\":\"2023-12-03T10:08:44+00:00\",\"dateModified\":\"2023-12-03T10:08:44+00:00\",\"breadcrumb\":{\"@id\":\"https:\/\/permbledhja.com\/vellai-i-liridones-femijet-jane-me-gjysherit-dhe-hala-se-dine-qe-iu-ka-vdekur-nana-me-ardhe-te-na-e-kuptojne\/#breadcrumb\"},\"inLanguage\":\"sq\",\"potentialAction\":[{\"@type\":\"ReadAction\",\"target\":[\"https:\/\/permbledhja.com\/vellai-i-liridones-femijet-jane-me-gjysherit-dhe-hala-se-dine-qe-iu-ka-vdekur-nana-me-ardhe-te-na-e-kuptojne\/\"]}]},{\"@type\":\"BreadcrumbList\",\"@id\":\"https:\/\/permbledhja.com\/vellai-i-liridones-femijet-jane-me-gjysherit-dhe-hala-se-dine-qe-iu-ka-vdekur-nana-me-ardhe-te-na-e-kuptojne\/#breadcrumb\",\"itemListElement\":[{\"@type\":\"ListItem\",\"position\":1,\"name\":\"Ballina\",\"item\":\"https:\/\/permbledhja.com\/sq\/\"},{\"@type\":\"ListItem\",\"position\":2,\"name\":\"V\u00ebllai i Liridon\u00ebs: F\u00ebmij\u00ebt jan\u00eb me gjysh\u00ebrit dhe hala s\u2019e din\u00eb q\u00eb iu ka vdekur nana, me ardh\u00eb te na e kuptojn\u00eb\"}]},{\"@type\":\"WebSite\",\"@id\":\"https:\/\/permbledhja.com\/#website\",\"url\":\"https:\/\/permbledhja.com\/\",\"name\":\"Ve\u00e7 artikuj p\u00ebrmbledh\u00ebs\",\"description\":\"\",\"publisher\":{\"@id\":\"https:\/\/permbledhja.com\/#organization\"},\"potentialAction\":[{\"@type\":\"SearchAction\",\"target\":{\"@type\":\"EntryPoint\",\"urlTemplate\":\"https:\/\/permbledhja.com\/?s={search_term_string}\"},\"query-input\":\"required name=search_term_string\"}],\"inLanguage\":\"sq\"},{\"@type\":\"Organization\",\"@id\":\"https:\/\/permbledhja.com\/#organization\",\"name\":\"MK Media & Pr\",\"url\":\"https:\/\/permbledhja.com\/\",\"logo\":{\"@type\":\"ImageObject\",\"inLanguage\":\"sq\",\"@id\":\"https:\/\/permbledhja.com\/#\/schema\/logo\/image\/\",\"url\":\"https:\/\/permbledhja.com\/wp-content\/uploads\/2021\/12\/07-Press-Logo.jpg\",\"contentUrl\":\"https:\/\/permbledhja.com\/wp-content\/uploads\/2021\/12\/07-Press-Logo.jpg\",\"width\":512,\"height\":512,\"caption\":\"MK Media & Pr\"},\"image\":{\"@id\":\"https:\/\/permbledhja.com\/#\/schema\/logo\/image\/\"},\"sameAs\":[\"https:\/\/www.facebook.com\/press07\/\"]},{\"@type\":\"Person\",\"@id\":\"https:\/\/permbledhja.com\/#\/schema\/person\/d23f13f59b5722643933d6780783acf3\",\"name\":\"M M\",\"image\":{\"@type\":\"ImageObject\",\"inLanguage\":\"sq\",\"@id\":\"https:\/\/permbledhja.com\/#\/schema\/person\/image\/\",\"url\":\"https:\/\/secure.gravatar.com\/avatar\/e2835a76ca7c31a2416b2d51c4ec9a8f?s=96&d=mm&r=g\",\"contentUrl\":\"https:\/\/secure.gravatar.com\/avatar\/e2835a76ca7c31a2416b2d51c4ec9a8f?s=96&d=mm&r=g\",\"caption\":\"M M\"},\"sameAs\":[\"http:\/\/MM\"],\"url\":\"https:\/\/permbledhja.com\/sq\/author\/muhamet\/\"}]}<\/script>\n<!-- \/ Yoast SEO plugin. -->","yoast_head_json":{"title":"V\u00ebllai i Liridon\u00ebs: F\u00ebmij\u00ebt jan\u00eb me gjysh\u00ebrit dhe hala s\u2019e din\u00eb q\u00eb iu ka vdekur nana, me ardh\u00eb te na e kuptojn\u00eb","robots":{"index":"index","follow":"follow","max-snippet":"max-snippet:-1","max-image-preview":"max-image-preview:large","max-video-preview":"max-video-preview:-1"},"canonical":"https:\/\/permbledhja.com\/sq\/vellai-i-liridones-femijet-jane-me-gjysherit-dhe-hala-se-dine-qe-iu-ka-vdekur-nana-me-ardhe-te-na-e-kuptojne\/","og_locale":"sq_AL","og_type":"article","og_title":"V\u00ebllai i Liridon\u00ebs: F\u00ebmij\u00ebt jan\u00eb me gjysh\u00ebrit dhe hala s\u2019e din\u00eb q\u00eb iu ka vdekur nana, me ardh\u00eb te na e kuptojn\u00eb","og_description":"Leonard Ademaj, v\u00ebllai i t\u00eb ndjer\u00ebs Liridona, ka th\u00ebn\u00eb se aktualisht f\u00ebmij\u00ebt i kan\u00eb n\u00eb kujdes dy gjysh\u00ebrit, prind\u00ebrit e Naim Murselit, dhe se ata s\u2019kan\u00eb insistuar q\u00eb t\u2019i marrin meq\u00eb gjendja emocionale e familjarave \u00ebsht\u00eb e r\u00ebnd\u00eb. \u201cMe f\u00ebmij\u00ebt kemi pas\u00eb kontakt. Shoqata sociale ka ardhur dhe ka qen\u00eb edhe te ata, q\u00eb f\u00ebmij\u00ebt [&hellip;]","og_url":"https:\/\/permbledhja.com\/sq\/vellai-i-liridones-femijet-jane-me-gjysherit-dhe-hala-se-dine-qe-iu-ka-vdekur-nana-me-ardhe-te-na-e-kuptojne\/","og_site_name":"Ve\u00e7 artikuj p\u00ebrmbledh\u00ebs","article_publisher":"https:\/\/www.facebook.com\/press07\/","article_published_time":"2023-12-03T10:08:44+00:00","og_image":[{"width":600,"height":360,"url":"https:\/\/permbledhja.com\/wp-content\/uploads\/2023\/12\/386833731_860413699200158_1786709585889292475_n-600x360-1.jpg","type":"image\/jpeg"}],"author":"M M","twitter_card":"summary_large_image","twitter_misc":{"Written by":"M M","Est. reading time":"1 minut\u00eb"},"schema":{"@context":"https:\/\/schema.org","@graph":[{"@type":"Article","@id":"https:\/\/permbledhja.com\/vellai-i-liridones-femijet-jane-me-gjysherit-dhe-hala-se-dine-qe-iu-ka-vdekur-nana-me-ardhe-te-na-e-kuptojne\/#article","isPartOf":{"@id":"https:\/\/permbledhja.com\/vellai-i-liridones-femijet-jane-me-gjysherit-dhe-hala-se-dine-qe-iu-ka-vdekur-nana-me-ardhe-te-na-e-kuptojne\/"},"author":{"name":"M M","@id":"https:\/\/permbledhja.com\/#\/schema\/person\/d23f13f59b5722643933d6780783acf3"},"headline":"V\u00ebllai i Liridon\u00ebs: F\u00ebmij\u00ebt jan\u00eb me gjysh\u00ebrit dhe hala s\u2019e din\u00eb q\u00eb iu ka vdekur nana, me ardh\u00eb te na e kuptojn\u00eb","datePublished":"2023-12-03T10:08:44+00:00","dateModified":"2023-12-03T10:08:44+00:00","mainEntityOfPage":{"@id":"https:\/\/permbledhja.com\/vellai-i-liridones-femijet-jane-me-gjysherit-dhe-hala-se-dine-qe-iu-ka-vdekur-nana-me-ardhe-te-na-e-kuptojne\/"},"wordCount":232,"publisher":{"@id":"https:\/\/permbledhja.com\/#organization"},"keywords":["Leonard Ademaj"],"articleSection":["Lajme"],"inLanguage":"sq"},{"@type":"WebPage","@id":"https:\/\/permbledhja.com\/vellai-i-liridones-femijet-jane-me-gjysherit-dhe-hala-se-dine-qe-iu-ka-vdekur-nana-me-ardhe-te-na-e-kuptojne\/","url":"https:\/\/permbledhja.com\/vellai-i-liridones-femijet-jane-me-gjysherit-dhe-hala-se-dine-qe-iu-ka-vdekur-nana-me-ardhe-te-na-e-kuptojne\/","name":"V\u00ebllai i Liridon\u00ebs: F\u00ebmij\u00ebt jan\u00eb me gjysh\u00ebrit dhe hala s\u2019e din\u00eb q\u00eb iu ka vdekur nana, me ardh\u00eb te na e kuptojn\u00eb","isPartOf":{"@id":"https:\/\/permbledhja.com\/#website"},"datePublished":"2023-12-03T10:08:44+00:00","dateModified":"2023-12-03T10:08:44+00:00","breadcrumb":{"@id":"https:\/\/permbledhja.com\/vellai-i-liridones-femijet-jane-me-gjysherit-dhe-hala-se-dine-qe-iu-ka-vdekur-nana-me-ardhe-te-na-e-kuptojne\/#breadcrumb"},"inLanguage":"sq","potentialAction":[{"@type":"ReadAction","target":["https:\/\/permbledhja.com\/vellai-i-liridones-femijet-jane-me-gjysherit-dhe-hala-se-dine-qe-iu-ka-vdekur-nana-me-ardhe-te-na-e-kuptojne\/"]}]},{"@type":"BreadcrumbList","@id":"https:\/\/permbledhja.com\/vellai-i-liridones-femijet-jane-me-gjysherit-dhe-hala-se-dine-qe-iu-ka-vdekur-nana-me-ardhe-te-na-e-kuptojne\/#breadcrumb","itemListElement":[{"@type":"ListItem","position":1,"name":"Ballina","item":"https:\/\/permbledhja.com\/sq\/"},{"@type":"ListItem","position":2,"name":"V\u00ebllai i Liridon\u00ebs: F\u00ebmij\u00ebt jan\u00eb me gjysh\u00ebrit dhe hala s\u2019e din\u00eb q\u00eb iu ka vdekur nana, me ardh\u00eb te na e kuptojn\u00eb"}]},{"@type":"WebSite","@id":"https:\/\/permbledhja.com\/#website","url":"https:\/\/permbledhja.com\/","name":"Ve\u00e7 artikuj p\u00ebrmbledh\u00ebs","description":"","publisher":{"@id":"https:\/\/permbledhja.com\/#organization"},"potentialAction":[{"@type":"SearchAction","target":{"@type":"EntryPoint","urlTemplate":"https:\/\/permbledhja.com\/?s={search_term_string}"},"query-input":"required name=search_term_string"}],"inLanguage":"sq"},{"@type":"Organization","@id":"https:\/\/permbledhja.com\/#organization","name":"MK Media & Pr","url":"https:\/\/permbledhja.com\/","logo":{"@type":"ImageObject","inLanguage":"sq","@id":"https:\/\/permbledhja.com\/#\/schema\/logo\/image\/","url":"https:\/\/permbledhja.com\/wp-content\/uploads\/2021\/12\/07-Press-Logo.jpg","contentUrl":"https:\/\/permbledhja.com\/wp-content\/uploads\/2021\/12\/07-Press-Logo.jpg","width":512,"height":512,"caption":"MK Media & Pr"},"image":{"@id":"https:\/\/permbledhja.com\/#\/schema\/logo\/image\/"},"sameAs":["https:\/\/www.facebook.com\/press07\/"]},{"@type":"Person","@id":"https:\/\/permbledhja.com\/#\/schema\/person\/d23f13f59b5722643933d6780783acf3","name":"M M","image":{"@type":"ImageObject","inLanguage":"sq","@id":"https:\/\/permbledhja.com\/#\/schema\/person\/image\/","url":"https:\/\/secure.gravatar.com\/avatar\/e2835a76ca7c31a2416b2d51c4ec9a8f?s=96&d=mm&r=g","contentUrl":"https:\/\/secure.gravatar.com\/avatar\/e2835a76ca7c31a2416b2d51c4ec9a8f?s=96&d=mm&r=g","caption":"M M"},"sameAs":["http:\/\/MM"],"url":"https:\/\/permbledhja.com\/sq\/author\/muhamet\/"}]}},"_links":{"self":[{"href":"https:\/\/permbledhja.com\/sq\/wp-json\/wp\/v2\/posts\/38310"}],"collection":[{"href":"https:\/\/permbledhja.com\/sq\/wp-json\/wp\/v2\/posts"}],"about":[{"href":"https:\/\/permbledhja.com\/sq\/wp-json\/wp\/v2\/types\/post"}],"author":[{"embeddable":true,"href":"https:\/\/permbledhja.com\/sq\/wp-json\/wp\/v2\/users\/2"}],"replies":[{"embeddable":true,"href":"https:\/\/permbledhja.com\/sq\/wp-json\/wp\/v2\/comments?post=38310"}],"version-history":[{"count":1,"href":"https:\/\/permbledhja.com\/sq\/wp-json\/wp\/v2\/posts\/38310\/revisions"}],"predecessor-version":[{"id":38312,"href":"https:\/\/permbledhja.com\/sq\/wp-json\/wp\/v2\/posts\/38310\/revisions\/38312"}],"wp:featuredmedia":[{"embeddable":true,"href":"https:\/\/permbledhja.com\/sq\/wp-json\/wp\/v2\/media\/38311"}],"wp:attachment":[{"href":"https:\/\/permbledhja.com\/sq\/wp-json\/wp\/v2\/media?parent=38310"}],"wp:term":[{"taxonomy":"category","embeddable":true,"href":"https:\/\/permbledhja.com\/sq\/wp-json\/wp\/v2\/categories?post=38310"},{"taxonomy":"post_tag","embeddable":true,"href":"https:\/\/permbledhja.com\/sq\/wp-json\/wp\/v2\/tags?post=38310"}],"curies":[{"name":"wp","href":"https:\/\/api.w.org\/{rel}","templated":true}]}}