{"id":38283,"date":"2023-12-03T09:43:08","date_gmt":"2023-12-03T09:43:08","guid":{"rendered":"https:\/\/permbledhja.com\/?p=38283"},"modified":"2023-12-03T09:43:08","modified_gmt":"2023-12-03T09:43:08","slug":"osmani-ne-emiratet-arabe-flet-per-forcimin-e-pozites-nderkombetare-te-kosoves","status":"publish","type":"post","link":"https:\/\/permbledhja.com\/sq\/osmani-ne-emiratet-arabe-flet-per-forcimin-e-pozites-nderkombetare-te-kosoves\/","title":{"rendered":"Osmani n\u00eb Emiratet Arabe, flet p\u00ebr forcimin e pozit\u00ebs nd\u00ebrkomb\u00ebtare t\u00eb Kosov\u00ebs"},"content":{"rendered":"<h3>Presidentja e Kosov\u00ebs, Vjosa Osmani, \u00ebsht\u00eb pritur n\u00eb takim nga presidenti i Emirateve t\u00eb Bashkuara Arabe, Sheikh Mohamed bin Zayed Al Nahyan n\u00eb Dubai, ku po zhvillon punimet e COP28, konferenca kryesore globale.<\/h3>\n<p>N\u00eb takim, Osmani ka vler\u00ebsuar lart\u00eb mb\u00ebshtetjen e Emirateve t\u00eb Bashkuara Arabe n\u00eb koh\u00ebn m\u00eb t\u00eb v\u00ebshtir\u00eb p\u00ebr Kosov\u00ebn.<\/p>\n<p>Ajo n\u00eb ve\u00e7anti vler\u00ebsoi mb\u00ebshtetjen n\u00eb sektorin e sh\u00ebndet\u00ebsis\u00eb, p\u00ebrmes nd\u00ebrtimit t\u00eb spitaleve, t\u00eb cilat kontribuojn\u00eb duksh\u00ebm n\u00eb p\u00ebrmir\u00ebsimin e cil\u00ebsis\u00eb s\u00eb sh\u00ebrbimeve t\u00eb ofruara, n\u00eb ve\u00e7anti p\u00ebr n\u00ebna dhe f\u00ebmij\u00eb.<\/p>\n<p>N\u00eb k\u00ebt\u00eb drejtim, Presidentja theksoi se kjo mb\u00ebshtetje \u00ebsht\u00eb d\u00ebshmi e lidhjes s\u00eb fort\u00eb n\u00eb mes t\u00eb dy shteteve tona.<\/p>\n<p>Nd\u00ebr t\u00eb tjera, n\u00eb takim u diskutua edhe p\u00ebr zgjerimin dhe thellimin e bashk\u00ebpunimit t\u00eb nd\u00ebrsjell\u00eb, rritjes s\u00eb investimeve n\u00eb energji, sh\u00ebndet\u00ebsi, turiz\u00ebm dhe sektor\u00eb t\u00eb tjer\u00eb strategjik, si dhe p\u00ebr forcimin e pozit\u00ebs nd\u00ebrkomb\u00ebtare t\u00eb Kosov\u00ebs.<\/p>\n","protected":false},"excerpt":{"rendered":"<p>Presidentja e Kosov\u00ebs, Vjosa Osmani, \u00ebsht\u00eb pritur n\u00eb takim nga presidenti i Emirateve t\u00eb Bashkuara Arabe, Sheikh Mohamed bin Zayed Al Nahyan n\u00eb Dubai, ku po zhvillon punimet e COP28, konferenca kryesore globale. N\u00eb takim, Osmani ka vler\u00ebsuar lart\u00eb mb\u00ebshtetjen e Emirateve t\u00eb Bashkuara Arabe n\u00eb koh\u00ebn m\u00eb t\u00eb v\u00ebshtir\u00eb p\u00ebr Kosov\u00ebn. Ajo n\u00eb ve\u00e7anti [&hellip;]<\/p>\n","protected":false},"author":2,"featured_media":38284,"comment_status":"closed","ping_status":"closed","sticky":false,"template":"","format":"standard","meta":{"_monsterinsights_skip_tracking":false,"_monsterinsights_sitenote_active":false,"_monsterinsights_sitenote_note":"","_monsterinsights_sitenote_category":0,"_uf_show_specific_survey":0,"_uf_disable_surveys":false,"footnotes":""},"categories":[15],"tags":[163],"yoast_head":"<!-- This site is optimized with the Yoast SEO plugin v21.5 - https:\/\/yoast.com\/wordpress\/plugins\/seo\/ -->\n<title>Osmani n\u00eb Emiratet Arabe, flet p\u00ebr forcimin e pozit\u00ebs nd\u00ebrkomb\u00ebtare t\u00eb Kosov\u00ebs<\/title>\n<meta name=\"robots\" content=\"index, follow, max-snippet:-1, max-image-preview:large, max-video-preview:-1\" \/>\n<link rel=\"canonical\" href=\"https:\/\/permbledhja.com\/sq\/osmani-ne-emiratet-arabe-flet-per-forcimin-e-pozites-nderkombetare-te-kosoves\/\" \/>\n<meta property=\"og:locale\" content=\"sq_AL\" \/>\n<meta property=\"og:type\" content=\"article\" \/>\n<meta property=\"og:title\" content=\"Osmani n\u00eb Emiratet Arabe, flet p\u00ebr forcimin e pozit\u00ebs nd\u00ebrkomb\u00ebtare t\u00eb Kosov\u00ebs\" \/>\n<meta property=\"og:description\" content=\"Presidentja e Kosov\u00ebs, Vjosa Osmani, \u00ebsht\u00eb pritur n\u00eb takim nga presidenti i Emirateve t\u00eb Bashkuara Arabe, Sheikh Mohamed bin Zayed Al Nahyan n\u00eb Dubai, ku po zhvillon punimet e COP28, konferenca kryesore globale. N\u00eb takim, Osmani ka vler\u00ebsuar lart\u00eb mb\u00ebshtetjen e Emirateve t\u00eb Bashkuara Arabe n\u00eb koh\u00ebn m\u00eb t\u00eb v\u00ebshtir\u00eb p\u00ebr Kosov\u00ebn. Ajo n\u00eb ve\u00e7anti [&hellip;]\" \/>\n<meta property=\"og:url\" content=\"https:\/\/permbledhja.com\/sq\/osmani-ne-emiratet-arabe-flet-per-forcimin-e-pozites-nderkombetare-te-kosoves\/\" \/>\n<meta property=\"og:site_name\" content=\"Ve\u00e7 artikuj p\u00ebrmbledh\u00ebs\" \/>\n<meta property=\"article:publisher\" content=\"https:\/\/www.facebook.com\/press07\/\" \/>\n<meta property=\"article:published_time\" content=\"2023-12-03T09:43:08+00:00\" \/>\n<meta property=\"og:image\" content=\"https:\/\/permbledhja.com\/wp-content\/uploads\/2023\/12\/Vjosa-Osmani-1.jpg\" \/>\n\t<meta property=\"og:image:width\" content=\"1237\" \/>\n\t<meta property=\"og:image:height\" content=\"657\" \/>\n\t<meta property=\"og:image:type\" content=\"image\/jpeg\" \/>\n<meta name=\"author\" content=\"M M\" \/>\n<meta name=\"twitter:card\" content=\"summary_large_image\" \/>\n<meta name=\"twitter:label1\" content=\"Written by\" \/>\n\t<meta name=\"twitter:data1\" content=\"M M\" \/>\n\t<meta name=\"twitter:label2\" content=\"Est. reading time\" \/>\n\t<meta name=\"twitter:data2\" content=\"1 minut\u00eb\" \/>\n<script type=\"application\/ld+json\" class=\"yoast-schema-graph\">{\"@context\":\"https:\/\/schema.org\",\"@graph\":[{\"@type\":\"Article\",\"@id\":\"https:\/\/permbledhja.com\/osmani-ne-emiratet-arabe-flet-per-forcimin-e-pozites-nderkombetare-te-kosoves\/#article\",\"isPartOf\":{\"@id\":\"https:\/\/permbledhja.com\/osmani-ne-emiratet-arabe-flet-per-forcimin-e-pozites-nderkombetare-te-kosoves\/\"},\"author\":{\"name\":\"M M\",\"@id\":\"https:\/\/permbledhja.com\/#\/schema\/person\/d23f13f59b5722643933d6780783acf3\"},\"headline\":\"Osmani n\u00eb Emiratet Arabe, flet p\u00ebr forcimin e pozit\u00ebs nd\u00ebrkomb\u00ebtare t\u00eb Kosov\u00ebs\",\"datePublished\":\"2023-12-03T09:43:08+00:00\",\"dateModified\":\"2023-12-03T09:43:08+00:00\",\"mainEntityOfPage\":{\"@id\":\"https:\/\/permbledhja.com\/osmani-ne-emiratet-arabe-flet-per-forcimin-e-pozites-nderkombetare-te-kosoves\/\"},\"wordCount\":195,\"publisher\":{\"@id\":\"https:\/\/permbledhja.com\/#organization\"},\"keywords\":[\"Vjosa Osmani\"],\"articleSection\":[\"Lajme\"],\"inLanguage\":\"sq\"},{\"@type\":\"WebPage\",\"@id\":\"https:\/\/permbledhja.com\/osmani-ne-emiratet-arabe-flet-per-forcimin-e-pozites-nderkombetare-te-kosoves\/\",\"url\":\"https:\/\/permbledhja.com\/osmani-ne-emiratet-arabe-flet-per-forcimin-e-pozites-nderkombetare-te-kosoves\/\",\"name\":\"Osmani n\u00eb Emiratet Arabe, flet p\u00ebr forcimin e pozit\u00ebs nd\u00ebrkomb\u00ebtare t\u00eb Kosov\u00ebs\",\"isPartOf\":{\"@id\":\"https:\/\/permbledhja.com\/#website\"},\"datePublished\":\"2023-12-03T09:43:08+00:00\",\"dateModified\":\"2023-12-03T09:43:08+00:00\",\"breadcrumb\":{\"@id\":\"https:\/\/permbledhja.com\/osmani-ne-emiratet-arabe-flet-per-forcimin-e-pozites-nderkombetare-te-kosoves\/#breadcrumb\"},\"inLanguage\":\"sq\",\"potentialAction\":[{\"@type\":\"ReadAction\",\"target\":[\"https:\/\/permbledhja.com\/osmani-ne-emiratet-arabe-flet-per-forcimin-e-pozites-nderkombetare-te-kosoves\/\"]}]},{\"@type\":\"BreadcrumbList\",\"@id\":\"https:\/\/permbledhja.com\/osmani-ne-emiratet-arabe-flet-per-forcimin-e-pozites-nderkombetare-te-kosoves\/#breadcrumb\",\"itemListElement\":[{\"@type\":\"ListItem\",\"position\":1,\"name\":\"Ballina\",\"item\":\"https:\/\/permbledhja.com\/sq\/\"},{\"@type\":\"ListItem\",\"position\":2,\"name\":\"Osmani n\u00eb Emiratet Arabe, flet p\u00ebr forcimin e pozit\u00ebs nd\u00ebrkomb\u00ebtare t\u00eb Kosov\u00ebs\"}]},{\"@type\":\"WebSite\",\"@id\":\"https:\/\/permbledhja.com\/#website\",\"url\":\"https:\/\/permbledhja.com\/\",\"name\":\"Ve\u00e7 artikuj p\u00ebrmbledh\u00ebs\",\"description\":\"\",\"publisher\":{\"@id\":\"https:\/\/permbledhja.com\/#organization\"},\"potentialAction\":[{\"@type\":\"SearchAction\",\"target\":{\"@type\":\"EntryPoint\",\"urlTemplate\":\"https:\/\/permbledhja.com\/?s={search_term_string}\"},\"query-input\":\"required name=search_term_string\"}],\"inLanguage\":\"sq\"},{\"@type\":\"Organization\",\"@id\":\"https:\/\/permbledhja.com\/#organization\",\"name\":\"MK Media & Pr\",\"url\":\"https:\/\/permbledhja.com\/\",\"logo\":{\"@type\":\"ImageObject\",\"inLanguage\":\"sq\",\"@id\":\"https:\/\/permbledhja.com\/#\/schema\/logo\/image\/\",\"url\":\"https:\/\/permbledhja.com\/wp-content\/uploads\/2021\/12\/07-Press-Logo.jpg\",\"contentUrl\":\"https:\/\/permbledhja.com\/wp-content\/uploads\/2021\/12\/07-Press-Logo.jpg\",\"width\":512,\"height\":512,\"caption\":\"MK Media & Pr\"},\"image\":{\"@id\":\"https:\/\/permbledhja.com\/#\/schema\/logo\/image\/\"},\"sameAs\":[\"https:\/\/www.facebook.com\/press07\/\"]},{\"@type\":\"Person\",\"@id\":\"https:\/\/permbledhja.com\/#\/schema\/person\/d23f13f59b5722643933d6780783acf3\",\"name\":\"M M\",\"image\":{\"@type\":\"ImageObject\",\"inLanguage\":\"sq\",\"@id\":\"https:\/\/permbledhja.com\/#\/schema\/person\/image\/\",\"url\":\"https:\/\/secure.gravatar.com\/avatar\/e2835a76ca7c31a2416b2d51c4ec9a8f?s=96&d=mm&r=g\",\"contentUrl\":\"https:\/\/secure.gravatar.com\/avatar\/e2835a76ca7c31a2416b2d51c4ec9a8f?s=96&d=mm&r=g\",\"caption\":\"M M\"},\"sameAs\":[\"http:\/\/MM\"],\"url\":\"https:\/\/permbledhja.com\/sq\/author\/muhamet\/\"}]}<\/script>\n<!-- \/ Yoast SEO plugin. -->","yoast_head_json":{"title":"Osmani n\u00eb Emiratet Arabe, flet p\u00ebr forcimin e pozit\u00ebs nd\u00ebrkomb\u00ebtare t\u00eb Kosov\u00ebs","robots":{"index":"index","follow":"follow","max-snippet":"max-snippet:-1","max-image-preview":"max-image-preview:large","max-video-preview":"max-video-preview:-1"},"canonical":"https:\/\/permbledhja.com\/sq\/osmani-ne-emiratet-arabe-flet-per-forcimin-e-pozites-nderkombetare-te-kosoves\/","og_locale":"sq_AL","og_type":"article","og_title":"Osmani n\u00eb Emiratet Arabe, flet p\u00ebr forcimin e pozit\u00ebs nd\u00ebrkomb\u00ebtare t\u00eb Kosov\u00ebs","og_description":"Presidentja e Kosov\u00ebs, Vjosa Osmani, \u00ebsht\u00eb pritur n\u00eb takim nga presidenti i Emirateve t\u00eb Bashkuara Arabe, Sheikh Mohamed bin Zayed Al Nahyan n\u00eb Dubai, ku po zhvillon punimet e COP28, konferenca kryesore globale. N\u00eb takim, Osmani ka vler\u00ebsuar lart\u00eb mb\u00ebshtetjen e Emirateve t\u00eb Bashkuara Arabe n\u00eb koh\u00ebn m\u00eb t\u00eb v\u00ebshtir\u00eb p\u00ebr Kosov\u00ebn. Ajo n\u00eb ve\u00e7anti [&hellip;]","og_url":"https:\/\/permbledhja.com\/sq\/osmani-ne-emiratet-arabe-flet-per-forcimin-e-pozites-nderkombetare-te-kosoves\/","og_site_name":"Ve\u00e7 artikuj p\u00ebrmbledh\u00ebs","article_publisher":"https:\/\/www.facebook.com\/press07\/","article_published_time":"2023-12-03T09:43:08+00:00","og_image":[{"width":1237,"height":657,"url":"https:\/\/permbledhja.com\/wp-content\/uploads\/2023\/12\/Vjosa-Osmani-1.jpg","type":"image\/jpeg"}],"author":"M M","twitter_card":"summary_large_image","twitter_misc":{"Written by":"M M","Est. reading time":"1 minut\u00eb"},"schema":{"@context":"https:\/\/schema.org","@graph":[{"@type":"Article","@id":"https:\/\/permbledhja.com\/osmani-ne-emiratet-arabe-flet-per-forcimin-e-pozites-nderkombetare-te-kosoves\/#article","isPartOf":{"@id":"https:\/\/permbledhja.com\/osmani-ne-emiratet-arabe-flet-per-forcimin-e-pozites-nderkombetare-te-kosoves\/"},"author":{"name":"M M","@id":"https:\/\/permbledhja.com\/#\/schema\/person\/d23f13f59b5722643933d6780783acf3"},"headline":"Osmani n\u00eb Emiratet Arabe, flet p\u00ebr forcimin e pozit\u00ebs nd\u00ebrkomb\u00ebtare t\u00eb Kosov\u00ebs","datePublished":"2023-12-03T09:43:08+00:00","dateModified":"2023-12-03T09:43:08+00:00","mainEntityOfPage":{"@id":"https:\/\/permbledhja.com\/osmani-ne-emiratet-arabe-flet-per-forcimin-e-pozites-nderkombetare-te-kosoves\/"},"wordCount":195,"publisher":{"@id":"https:\/\/permbledhja.com\/#organization"},"keywords":["Vjosa Osmani"],"articleSection":["Lajme"],"inLanguage":"sq"},{"@type":"WebPage","@id":"https:\/\/permbledhja.com\/osmani-ne-emiratet-arabe-flet-per-forcimin-e-pozites-nderkombetare-te-kosoves\/","url":"https:\/\/permbledhja.com\/osmani-ne-emiratet-arabe-flet-per-forcimin-e-pozites-nderkombetare-te-kosoves\/","name":"Osmani n\u00eb Emiratet Arabe, flet p\u00ebr forcimin e pozit\u00ebs nd\u00ebrkomb\u00ebtare t\u00eb Kosov\u00ebs","isPartOf":{"@id":"https:\/\/permbledhja.com\/#website"},"datePublished":"2023-12-03T09:43:08+00:00","dateModified":"2023-12-03T09:43:08+00:00","breadcrumb":{"@id":"https:\/\/permbledhja.com\/osmani-ne-emiratet-arabe-flet-per-forcimin-e-pozites-nderkombetare-te-kosoves\/#breadcrumb"},"inLanguage":"sq","potentialAction":[{"@type":"ReadAction","target":["https:\/\/permbledhja.com\/osmani-ne-emiratet-arabe-flet-per-forcimin-e-pozites-nderkombetare-te-kosoves\/"]}]},{"@type":"BreadcrumbList","@id":"https:\/\/permbledhja.com\/osmani-ne-emiratet-arabe-flet-per-forcimin-e-pozites-nderkombetare-te-kosoves\/#breadcrumb","itemListElement":[{"@type":"ListItem","position":1,"name":"Ballina","item":"https:\/\/permbledhja.com\/sq\/"},{"@type":"ListItem","position":2,"name":"Osmani n\u00eb Emiratet Arabe, flet p\u00ebr forcimin e pozit\u00ebs nd\u00ebrkomb\u00ebtare t\u00eb Kosov\u00ebs"}]},{"@type":"WebSite","@id":"https:\/\/permbledhja.com\/#website","url":"https:\/\/permbledhja.com\/","name":"Ve\u00e7 artikuj p\u00ebrmbledh\u00ebs","description":"","publisher":{"@id":"https:\/\/permbledhja.com\/#organization"},"potentialAction":[{"@type":"SearchAction","target":{"@type":"EntryPoint","urlTemplate":"https:\/\/permbledhja.com\/?s={search_term_string}"},"query-input":"required name=search_term_string"}],"inLanguage":"sq"},{"@type":"Organization","@id":"https:\/\/permbledhja.com\/#organization","name":"MK Media & Pr","url":"https:\/\/permbledhja.com\/","logo":{"@type":"ImageObject","inLanguage":"sq","@id":"https:\/\/permbledhja.com\/#\/schema\/logo\/image\/","url":"https:\/\/permbledhja.com\/wp-content\/uploads\/2021\/12\/07-Press-Logo.jpg","contentUrl":"https:\/\/permbledhja.com\/wp-content\/uploads\/2021\/12\/07-Press-Logo.jpg","width":512,"height":512,"caption":"MK Media & Pr"},"image":{"@id":"https:\/\/permbledhja.com\/#\/schema\/logo\/image\/"},"sameAs":["https:\/\/www.facebook.com\/press07\/"]},{"@type":"Person","@id":"https:\/\/permbledhja.com\/#\/schema\/person\/d23f13f59b5722643933d6780783acf3","name":"M M","image":{"@type":"ImageObject","inLanguage":"sq","@id":"https:\/\/permbledhja.com\/#\/schema\/person\/image\/","url":"https:\/\/secure.gravatar.com\/avatar\/e2835a76ca7c31a2416b2d51c4ec9a8f?s=96&d=mm&r=g","contentUrl":"https:\/\/secure.gravatar.com\/avatar\/e2835a76ca7c31a2416b2d51c4ec9a8f?s=96&d=mm&r=g","caption":"M M"},"sameAs":["http:\/\/MM"],"url":"https:\/\/permbledhja.com\/sq\/author\/muhamet\/"}]}},"_links":{"self":[{"href":"https:\/\/permbledhja.com\/sq\/wp-json\/wp\/v2\/posts\/38283"}],"collection":[{"href":"https:\/\/permbledhja.com\/sq\/wp-json\/wp\/v2\/posts"}],"about":[{"href":"https:\/\/permbledhja.com\/sq\/wp-json\/wp\/v2\/types\/post"}],"author":[{"embeddable":true,"href":"https:\/\/permbledhja.com\/sq\/wp-json\/wp\/v2\/users\/2"}],"replies":[{"embeddable":true,"href":"https:\/\/permbledhja.com\/sq\/wp-json\/wp\/v2\/comments?post=38283"}],"version-history":[{"count":1,"href":"https:\/\/permbledhja.com\/sq\/wp-json\/wp\/v2\/posts\/38283\/revisions"}],"predecessor-version":[{"id":38285,"href":"https:\/\/permbledhja.com\/sq\/wp-json\/wp\/v2\/posts\/38283\/revisions\/38285"}],"wp:featuredmedia":[{"embeddable":true,"href":"https:\/\/permbledhja.com\/sq\/wp-json\/wp\/v2\/media\/38284"}],"wp:attachment":[{"href":"https:\/\/permbledhja.com\/sq\/wp-json\/wp\/v2\/media?parent=38283"}],"wp:term":[{"taxonomy":"category","embeddable":true,"href":"https:\/\/permbledhja.com\/sq\/wp-json\/wp\/v2\/categories?post=38283"},{"taxonomy":"post_tag","embeddable":true,"href":"https:\/\/permbledhja.com\/sq\/wp-json\/wp\/v2\/tags?post=38283"}],"curies":[{"name":"wp","href":"https:\/\/api.w.org\/{rel}","templated":true}]}}