{"id":38254,"date":"2023-12-03T08:26:43","date_gmt":"2023-12-03T08:26:43","guid":{"rendered":"https:\/\/permbledhja.com\/?p=38254"},"modified":"2023-12-03T08:26:43","modified_gmt":"2023-12-03T08:26:43","slug":"nuk-ka-paqe-pa-sigurine-e-grave-aksion-simbolik-para-gjykates-ku-pritet-te-dalin-naim-murseli-dhe-dy-te-tjeret","status":"publish","type":"post","link":"https:\/\/permbledhja.com\/sq\/nuk-ka-paqe-pa-sigurine-e-grave-aksion-simbolik-para-gjykates-ku-pritet-te-dalin-naim-murseli-dhe-dy-te-tjeret\/","title":{"rendered":"\u201cNuk ka paqe pa sigurin\u00eb e grave\u201d, aksion simbolik para gjykat\u00ebs ku pritet t\u00eb dalin Naim Murseli dhe dy t\u00eb tjer\u00ebt"},"content":{"rendered":"<h3>\u201cNuk ka paqe pa sigurin\u00eb e grave\u201d.<\/h3>\n<p>Kjo pankart\u00eb \u00ebsht\u00eb shpalosur para Gjykat\u00ebs Themelore n\u00eb Prishtin\u00eb ku p\u00ebr pak pritet t\u00eb nis\u00eb seanca d\u00ebgjimore p\u00ebr rastin e vrasjes s\u00eb Liridona Ademajt.<\/p>\n<p>Ky aksion simbolik \u00ebsht\u00eb organizuar nga Kolektivi Feminist.<\/p>\n","protected":false},"excerpt":{"rendered":"<p>\u201cNuk ka paqe pa sigurin\u00eb e grave\u201d. Kjo pankart\u00eb \u00ebsht\u00eb shpalosur para Gjykat\u00ebs Themelore n\u00eb Prishtin\u00eb ku p\u00ebr pak pritet t\u00eb nis\u00eb seanca d\u00ebgjimore p\u00ebr rastin e vrasjes s\u00eb Liridona Ademajt. Ky aksion simbolik \u00ebsht\u00eb organizuar nga Kolektivi Feminist.<\/p>\n","protected":false},"author":2,"featured_media":38255,"comment_status":"closed","ping_status":"closed","sticky":false,"template":"","format":"standard","meta":{"_monsterinsights_skip_tracking":false,"_monsterinsights_sitenote_active":false,"_monsterinsights_sitenote_note":"","_monsterinsights_sitenote_category":0,"_uf_show_specific_survey":0,"_uf_disable_surveys":false,"footnotes":""},"categories":[15],"tags":[433],"yoast_head":"<!-- This site is optimized with the Yoast SEO plugin v21.5 - https:\/\/yoast.com\/wordpress\/plugins\/seo\/ -->\n<title>\u201cNuk ka paqe pa sigurin\u00eb e grave\u201d, aksion simbolik para gjykat\u00ebs ku pritet t\u00eb dalin Naim Murseli dhe dy t\u00eb tjer\u00ebt<\/title>\n<meta name=\"robots\" content=\"index, follow, max-snippet:-1, max-image-preview:large, max-video-preview:-1\" \/>\n<link rel=\"canonical\" href=\"https:\/\/permbledhja.com\/sq\/nuk-ka-paqe-pa-sigurine-e-grave-aksion-simbolik-para-gjykates-ku-pritet-te-dalin-naim-murseli-dhe-dy-te-tjeret\/\" \/>\n<meta property=\"og:locale\" content=\"sq_AL\" \/>\n<meta property=\"og:type\" content=\"article\" \/>\n<meta property=\"og:title\" content=\"\u201cNuk ka paqe pa sigurin\u00eb e grave\u201d, aksion simbolik para gjykat\u00ebs ku pritet t\u00eb dalin Naim Murseli dhe dy t\u00eb tjer\u00ebt\" \/>\n<meta property=\"og:description\" content=\"\u201cNuk ka paqe pa sigurin\u00eb e grave\u201d. Kjo pankart\u00eb \u00ebsht\u00eb shpalosur para Gjykat\u00ebs Themelore n\u00eb Prishtin\u00eb ku p\u00ebr pak pritet t\u00eb nis\u00eb seanca d\u00ebgjimore p\u00ebr rastin e vrasjes s\u00eb Liridona Ademajt. Ky aksion simbolik \u00ebsht\u00eb organizuar nga Kolektivi Feminist.\" \/>\n<meta property=\"og:url\" content=\"https:\/\/permbledhja.com\/sq\/nuk-ka-paqe-pa-sigurine-e-grave-aksion-simbolik-para-gjykates-ku-pritet-te-dalin-naim-murseli-dhe-dy-te-tjeret\/\" \/>\n<meta property=\"og:site_name\" content=\"Ve\u00e7 artikuj p\u00ebrmbledh\u00ebs\" \/>\n<meta property=\"article:publisher\" content=\"https:\/\/www.facebook.com\/press07\/\" \/>\n<meta property=\"article:published_time\" content=\"2023-12-03T08:26:43+00:00\" \/>\n<meta property=\"og:image\" content=\"https:\/\/permbledhja.com\/wp-content\/uploads\/2023\/12\/385522740_1047869379869886_668820650301727630_n-600x360-1.jpg\" \/>\n\t<meta property=\"og:image:width\" content=\"600\" \/>\n\t<meta property=\"og:image:height\" content=\"360\" \/>\n\t<meta property=\"og:image:type\" content=\"image\/jpeg\" \/>\n<meta name=\"author\" content=\"M M\" \/>\n<meta name=\"twitter:card\" content=\"summary_large_image\" \/>\n<meta name=\"twitter:label1\" content=\"Written by\" \/>\n\t<meta name=\"twitter:data1\" content=\"M M\" \/>\n\t<meta name=\"twitter:label2\" content=\"Est. reading time\" \/>\n\t<meta name=\"twitter:data2\" content=\"1 minut\u00eb\" \/>\n<script type=\"application\/ld+json\" class=\"yoast-schema-graph\">{\"@context\":\"https:\/\/schema.org\",\"@graph\":[{\"@type\":\"Article\",\"@id\":\"https:\/\/permbledhja.com\/sq\/nuk-ka-paqe-pa-sigurine-e-grave-aksion-simbolik-para-gjykates-ku-pritet-te-dalin-naim-murseli-dhe-dy-te-tjeret\/#article\",\"isPartOf\":{\"@id\":\"https:\/\/permbledhja.com\/sq\/nuk-ka-paqe-pa-sigurine-e-grave-aksion-simbolik-para-gjykates-ku-pritet-te-dalin-naim-murseli-dhe-dy-te-tjeret\/\"},\"author\":{\"name\":\"M M\",\"@id\":\"https:\/\/permbledhja.com\/#\/schema\/person\/d23f13f59b5722643933d6780783acf3\"},\"headline\":\"\u201cNuk ka paqe pa sigurin\u00eb e grave\u201d, aksion simbolik para gjykat\u00ebs ku pritet t\u00eb dalin Naim Murseli dhe dy t\u00eb tjer\u00ebt\",\"datePublished\":\"2023-12-03T08:26:43+00:00\",\"dateModified\":\"2023-12-03T08:26:43+00:00\",\"mainEntityOfPage\":{\"@id\":\"https:\/\/permbledhja.com\/sq\/nuk-ka-paqe-pa-sigurine-e-grave-aksion-simbolik-para-gjykates-ku-pritet-te-dalin-naim-murseli-dhe-dy-te-tjeret\/\"},\"wordCount\":66,\"publisher\":{\"@id\":\"https:\/\/permbledhja.com\/#organization\"},\"keywords\":[\"Gjykata\"],\"articleSection\":[\"Lajme\"],\"inLanguage\":\"sq\"},{\"@type\":\"WebPage\",\"@id\":\"https:\/\/permbledhja.com\/sq\/nuk-ka-paqe-pa-sigurine-e-grave-aksion-simbolik-para-gjykates-ku-pritet-te-dalin-naim-murseli-dhe-dy-te-tjeret\/\",\"url\":\"https:\/\/permbledhja.com\/sq\/nuk-ka-paqe-pa-sigurine-e-grave-aksion-simbolik-para-gjykates-ku-pritet-te-dalin-naim-murseli-dhe-dy-te-tjeret\/\",\"name\":\"\u201cNuk ka paqe pa sigurin\u00eb e grave\u201d, aksion simbolik para gjykat\u00ebs ku pritet t\u00eb dalin Naim Murseli dhe dy t\u00eb tjer\u00ebt\",\"isPartOf\":{\"@id\":\"https:\/\/permbledhja.com\/#website\"},\"datePublished\":\"2023-12-03T08:26:43+00:00\",\"dateModified\":\"2023-12-03T08:26:43+00:00\",\"breadcrumb\":{\"@id\":\"https:\/\/permbledhja.com\/sq\/nuk-ka-paqe-pa-sigurine-e-grave-aksion-simbolik-para-gjykates-ku-pritet-te-dalin-naim-murseli-dhe-dy-te-tjeret\/#breadcrumb\"},\"inLanguage\":\"sq\",\"potentialAction\":[{\"@type\":\"ReadAction\",\"target\":[\"https:\/\/permbledhja.com\/sq\/nuk-ka-paqe-pa-sigurine-e-grave-aksion-simbolik-para-gjykates-ku-pritet-te-dalin-naim-murseli-dhe-dy-te-tjeret\/\"]}]},{\"@type\":\"BreadcrumbList\",\"@id\":\"https:\/\/permbledhja.com\/sq\/nuk-ka-paqe-pa-sigurine-e-grave-aksion-simbolik-para-gjykates-ku-pritet-te-dalin-naim-murseli-dhe-dy-te-tjeret\/#breadcrumb\",\"itemListElement\":[{\"@type\":\"ListItem\",\"position\":1,\"name\":\"Ballina\",\"item\":\"https:\/\/permbledhja.com\/sq\/\"},{\"@type\":\"ListItem\",\"position\":2,\"name\":\"\u201cNuk ka paqe pa sigurin\u00eb e grave\u201d, aksion simbolik para gjykat\u00ebs ku pritet t\u00eb dalin Naim Murseli dhe dy t\u00eb tjer\u00ebt\"}]},{\"@type\":\"WebSite\",\"@id\":\"https:\/\/permbledhja.com\/#website\",\"url\":\"https:\/\/permbledhja.com\/\",\"name\":\"Ve\u00e7 artikuj p\u00ebrmbledh\u00ebs\",\"description\":\"\",\"publisher\":{\"@id\":\"https:\/\/permbledhja.com\/#organization\"},\"potentialAction\":[{\"@type\":\"SearchAction\",\"target\":{\"@type\":\"EntryPoint\",\"urlTemplate\":\"https:\/\/permbledhja.com\/?s={search_term_string}\"},\"query-input\":\"required name=search_term_string\"}],\"inLanguage\":\"sq\"},{\"@type\":\"Organization\",\"@id\":\"https:\/\/permbledhja.com\/#organization\",\"name\":\"MK Media & Pr\",\"url\":\"https:\/\/permbledhja.com\/\",\"logo\":{\"@type\":\"ImageObject\",\"inLanguage\":\"sq\",\"@id\":\"https:\/\/permbledhja.com\/#\/schema\/logo\/image\/\",\"url\":\"https:\/\/permbledhja.com\/wp-content\/uploads\/2021\/12\/07-Press-Logo.jpg\",\"contentUrl\":\"https:\/\/permbledhja.com\/wp-content\/uploads\/2021\/12\/07-Press-Logo.jpg\",\"width\":512,\"height\":512,\"caption\":\"MK Media & Pr\"},\"image\":{\"@id\":\"https:\/\/permbledhja.com\/#\/schema\/logo\/image\/\"},\"sameAs\":[\"https:\/\/www.facebook.com\/press07\/\"]},{\"@type\":\"Person\",\"@id\":\"https:\/\/permbledhja.com\/#\/schema\/person\/d23f13f59b5722643933d6780783acf3\",\"name\":\"M M\",\"image\":{\"@type\":\"ImageObject\",\"inLanguage\":\"sq\",\"@id\":\"https:\/\/permbledhja.com\/#\/schema\/person\/image\/\",\"url\":\"https:\/\/secure.gravatar.com\/avatar\/e2835a76ca7c31a2416b2d51c4ec9a8f?s=96&d=mm&r=g\",\"contentUrl\":\"https:\/\/secure.gravatar.com\/avatar\/e2835a76ca7c31a2416b2d51c4ec9a8f?s=96&d=mm&r=g\",\"caption\":\"M M\"},\"sameAs\":[\"http:\/\/MM\"],\"url\":\"https:\/\/permbledhja.com\/sq\/author\/muhamet\/\"}]}<\/script>\n<!-- \/ Yoast SEO plugin. -->","yoast_head_json":{"title":"\u201cNuk ka paqe pa sigurin\u00eb e grave\u201d, aksion simbolik para gjykat\u00ebs ku pritet t\u00eb dalin Naim Murseli dhe dy t\u00eb tjer\u00ebt","robots":{"index":"index","follow":"follow","max-snippet":"max-snippet:-1","max-image-preview":"max-image-preview:large","max-video-preview":"max-video-preview:-1"},"canonical":"https:\/\/permbledhja.com\/sq\/nuk-ka-paqe-pa-sigurine-e-grave-aksion-simbolik-para-gjykates-ku-pritet-te-dalin-naim-murseli-dhe-dy-te-tjeret\/","og_locale":"sq_AL","og_type":"article","og_title":"\u201cNuk ka paqe pa sigurin\u00eb e grave\u201d, aksion simbolik para gjykat\u00ebs ku pritet t\u00eb dalin Naim Murseli dhe dy t\u00eb tjer\u00ebt","og_description":"\u201cNuk ka paqe pa sigurin\u00eb e grave\u201d. Kjo pankart\u00eb \u00ebsht\u00eb shpalosur para Gjykat\u00ebs Themelore n\u00eb Prishtin\u00eb ku p\u00ebr pak pritet t\u00eb nis\u00eb seanca d\u00ebgjimore p\u00ebr rastin e vrasjes s\u00eb Liridona Ademajt. Ky aksion simbolik \u00ebsht\u00eb organizuar nga Kolektivi Feminist.","og_url":"https:\/\/permbledhja.com\/sq\/nuk-ka-paqe-pa-sigurine-e-grave-aksion-simbolik-para-gjykates-ku-pritet-te-dalin-naim-murseli-dhe-dy-te-tjeret\/","og_site_name":"Ve\u00e7 artikuj p\u00ebrmbledh\u00ebs","article_publisher":"https:\/\/www.facebook.com\/press07\/","article_published_time":"2023-12-03T08:26:43+00:00","og_image":[{"width":600,"height":360,"url":"https:\/\/permbledhja.com\/wp-content\/uploads\/2023\/12\/385522740_1047869379869886_668820650301727630_n-600x360-1.jpg","type":"image\/jpeg"}],"author":"M M","twitter_card":"summary_large_image","twitter_misc":{"Written by":"M M","Est. reading time":"1 minut\u00eb"},"schema":{"@context":"https:\/\/schema.org","@graph":[{"@type":"Article","@id":"https:\/\/permbledhja.com\/sq\/nuk-ka-paqe-pa-sigurine-e-grave-aksion-simbolik-para-gjykates-ku-pritet-te-dalin-naim-murseli-dhe-dy-te-tjeret\/#article","isPartOf":{"@id":"https:\/\/permbledhja.com\/sq\/nuk-ka-paqe-pa-sigurine-e-grave-aksion-simbolik-para-gjykates-ku-pritet-te-dalin-naim-murseli-dhe-dy-te-tjeret\/"},"author":{"name":"M M","@id":"https:\/\/permbledhja.com\/#\/schema\/person\/d23f13f59b5722643933d6780783acf3"},"headline":"\u201cNuk ka paqe pa sigurin\u00eb e grave\u201d, aksion simbolik para gjykat\u00ebs ku pritet t\u00eb dalin Naim Murseli dhe dy t\u00eb tjer\u00ebt","datePublished":"2023-12-03T08:26:43+00:00","dateModified":"2023-12-03T08:26:43+00:00","mainEntityOfPage":{"@id":"https:\/\/permbledhja.com\/sq\/nuk-ka-paqe-pa-sigurine-e-grave-aksion-simbolik-para-gjykates-ku-pritet-te-dalin-naim-murseli-dhe-dy-te-tjeret\/"},"wordCount":66,"publisher":{"@id":"https:\/\/permbledhja.com\/#organization"},"keywords":["Gjykata"],"articleSection":["Lajme"],"inLanguage":"sq"},{"@type":"WebPage","@id":"https:\/\/permbledhja.com\/sq\/nuk-ka-paqe-pa-sigurine-e-grave-aksion-simbolik-para-gjykates-ku-pritet-te-dalin-naim-murseli-dhe-dy-te-tjeret\/","url":"https:\/\/permbledhja.com\/sq\/nuk-ka-paqe-pa-sigurine-e-grave-aksion-simbolik-para-gjykates-ku-pritet-te-dalin-naim-murseli-dhe-dy-te-tjeret\/","name":"\u201cNuk ka paqe pa sigurin\u00eb e grave\u201d, aksion simbolik para gjykat\u00ebs ku pritet t\u00eb dalin Naim Murseli dhe dy t\u00eb tjer\u00ebt","isPartOf":{"@id":"https:\/\/permbledhja.com\/#website"},"datePublished":"2023-12-03T08:26:43+00:00","dateModified":"2023-12-03T08:26:43+00:00","breadcrumb":{"@id":"https:\/\/permbledhja.com\/sq\/nuk-ka-paqe-pa-sigurine-e-grave-aksion-simbolik-para-gjykates-ku-pritet-te-dalin-naim-murseli-dhe-dy-te-tjeret\/#breadcrumb"},"inLanguage":"sq","potentialAction":[{"@type":"ReadAction","target":["https:\/\/permbledhja.com\/sq\/nuk-ka-paqe-pa-sigurine-e-grave-aksion-simbolik-para-gjykates-ku-pritet-te-dalin-naim-murseli-dhe-dy-te-tjeret\/"]}]},{"@type":"BreadcrumbList","@id":"https:\/\/permbledhja.com\/sq\/nuk-ka-paqe-pa-sigurine-e-grave-aksion-simbolik-para-gjykates-ku-pritet-te-dalin-naim-murseli-dhe-dy-te-tjeret\/#breadcrumb","itemListElement":[{"@type":"ListItem","position":1,"name":"Ballina","item":"https:\/\/permbledhja.com\/sq\/"},{"@type":"ListItem","position":2,"name":"\u201cNuk ka paqe pa sigurin\u00eb e grave\u201d, aksion simbolik para gjykat\u00ebs ku pritet t\u00eb dalin Naim Murseli dhe dy t\u00eb tjer\u00ebt"}]},{"@type":"WebSite","@id":"https:\/\/permbledhja.com\/#website","url":"https:\/\/permbledhja.com\/","name":"Ve\u00e7 artikuj p\u00ebrmbledh\u00ebs","description":"","publisher":{"@id":"https:\/\/permbledhja.com\/#organization"},"potentialAction":[{"@type":"SearchAction","target":{"@type":"EntryPoint","urlTemplate":"https:\/\/permbledhja.com\/?s={search_term_string}"},"query-input":"required name=search_term_string"}],"inLanguage":"sq"},{"@type":"Organization","@id":"https:\/\/permbledhja.com\/#organization","name":"MK Media & Pr","url":"https:\/\/permbledhja.com\/","logo":{"@type":"ImageObject","inLanguage":"sq","@id":"https:\/\/permbledhja.com\/#\/schema\/logo\/image\/","url":"https:\/\/permbledhja.com\/wp-content\/uploads\/2021\/12\/07-Press-Logo.jpg","contentUrl":"https:\/\/permbledhja.com\/wp-content\/uploads\/2021\/12\/07-Press-Logo.jpg","width":512,"height":512,"caption":"MK Media & Pr"},"image":{"@id":"https:\/\/permbledhja.com\/#\/schema\/logo\/image\/"},"sameAs":["https:\/\/www.facebook.com\/press07\/"]},{"@type":"Person","@id":"https:\/\/permbledhja.com\/#\/schema\/person\/d23f13f59b5722643933d6780783acf3","name":"M M","image":{"@type":"ImageObject","inLanguage":"sq","@id":"https:\/\/permbledhja.com\/#\/schema\/person\/image\/","url":"https:\/\/secure.gravatar.com\/avatar\/e2835a76ca7c31a2416b2d51c4ec9a8f?s=96&d=mm&r=g","contentUrl":"https:\/\/secure.gravatar.com\/avatar\/e2835a76ca7c31a2416b2d51c4ec9a8f?s=96&d=mm&r=g","caption":"M M"},"sameAs":["http:\/\/MM"],"url":"https:\/\/permbledhja.com\/sq\/author\/muhamet\/"}]}},"_links":{"self":[{"href":"https:\/\/permbledhja.com\/sq\/wp-json\/wp\/v2\/posts\/38254"}],"collection":[{"href":"https:\/\/permbledhja.com\/sq\/wp-json\/wp\/v2\/posts"}],"about":[{"href":"https:\/\/permbledhja.com\/sq\/wp-json\/wp\/v2\/types\/post"}],"author":[{"embeddable":true,"href":"https:\/\/permbledhja.com\/sq\/wp-json\/wp\/v2\/users\/2"}],"replies":[{"embeddable":true,"href":"https:\/\/permbledhja.com\/sq\/wp-json\/wp\/v2\/comments?post=38254"}],"version-history":[{"count":1,"href":"https:\/\/permbledhja.com\/sq\/wp-json\/wp\/v2\/posts\/38254\/revisions"}],"predecessor-version":[{"id":38256,"href":"https:\/\/permbledhja.com\/sq\/wp-json\/wp\/v2\/posts\/38254\/revisions\/38256"}],"wp:featuredmedia":[{"embeddable":true,"href":"https:\/\/permbledhja.com\/sq\/wp-json\/wp\/v2\/media\/38255"}],"wp:attachment":[{"href":"https:\/\/permbledhja.com\/sq\/wp-json\/wp\/v2\/media?parent=38254"}],"wp:term":[{"taxonomy":"category","embeddable":true,"href":"https:\/\/permbledhja.com\/sq\/wp-json\/wp\/v2\/categories?post=38254"},{"taxonomy":"post_tag","embeddable":true,"href":"https:\/\/permbledhja.com\/sq\/wp-json\/wp\/v2\/tags?post=38254"}],"curies":[{"name":"wp","href":"https:\/\/api.w.org\/{rel}","templated":true}]}}