{"id":38222,"date":"2023-12-03T07:37:20","date_gmt":"2023-12-03T07:37:20","guid":{"rendered":"https:\/\/permbledhja.com\/?p=38222"},"modified":"2023-12-03T07:37:20","modified_gmt":"2023-12-03T07:37:20","slug":"bie-numri-i-nxenesve-tete-shkolla-ne-ferizaj-rrezikojne-te-mbyllen","status":"publish","type":"post","link":"https:\/\/permbledhja.com\/sq\/bie-numri-i-nxenesve-tete-shkolla-ne-ferizaj-rrezikojne-te-mbyllen\/","title":{"rendered":"Bie numri i nx\u00ebn\u00ebsve, tet\u00eb shkolla n\u00eb Ferizaj rrezikojn\u00eb t\u00eb mbyllen"},"content":{"rendered":"<h3>Tet\u00eb shkolla n\u00eb Ferizaj, n\u00eb munges\u00eb t\u00eb nx\u00ebn\u00ebsve, pritet t\u00eb mbyllen. N\u00eb G\u00ebrlic\u00eb, po p\u00ebr t\u00eb nj\u00ebjtat arsye, \u00ebsht\u00eb mbyllur shkolla e cila kishte punuar p\u00ebr 40 vjet. M\u00ebsimdh\u00ebn\u00ebsit druajn\u00eb se mund t\u00eb mbesin pa pun\u00eb.<\/h3>\n<p>Shkoll\u00eb me 2 paralele n\u00eb fshatin G\u00ebrlic\u00eb t\u00eb Ferizajt, n\u00eb munges\u00eb t\u00eb nx\u00ebn\u00ebsve, \u00ebsht\u00eb mbyllur pas 40 vitesh t\u00eb funksionimit. Ata m\u00ebsimin po e zhvillojn\u00eb n\u00eb shkoll\u00ebn \u201cBesim Rexhepi\u2019 n\u00eb Komogllav\u00eb.<\/p>\n<p>M\u00ebsuesja Arta Gashi thot\u00eb se asaj dhe koleges tjet\u00ebr pas mbylljes s\u00eb paraleleve u rrezikohet vendi i pun\u00ebs.<\/p>\n<p>\u201c\u00cbsht\u00eb shum\u00eb e v\u00ebshtir p\u00ebr neve si m\u00ebsimdh\u00ebn\u00ebs pasi q\u00eb kemi p\u00ebrvoj\u00eb 7 vje\u00e7are n\u00eb shkoll\u00ebn Gurr\u00ebz n\u00eb G\u00ebrlic\u00eb dhe si z\u00ebvend\u00ebsim \u00ebsht\u00eb pak e v\u00ebshtir\u00eb dhe problematike\u201d, tha ajo.<\/p>\n<p>E nx\u00ebn\u00ebsit thon\u00eb se m\u00eb mir\u00eb e kishin n\u00eb shkoll\u00ebn e fshatit t\u00eb tyre n\u00eb G\u00ebrlic\u00eb.<\/p>\n<p>\u201cMir\u00ebpo po ndihem, por n\u00eb G\u00ebrlic\u00eb ka qen\u00eb m\u00eb mir\u00eb se kam pas shoq\u00ebrin\u00eb m\u00eb t\u00eb mir\u00ebn\u201d, tha Flandra Berisha, nx\u00ebn\u00ebse.<\/p>\n<p>N\u00eb Drejtorin\u00eb e Arsimit n\u00eb Ferizaj than\u00eb se n\u00eb baz\u00eb t\u00eb udh\u00ebzimeve administrative, jan\u00eb 8 shkolla q\u00eb rrezikojn\u00eb t\u00eb mbyllen duke mos i specifikuar se cilat jan\u00eb ato.<\/p>\n<p>\u201cKemi shkolla q\u00eb rrezikojn\u00eb t\u00eb mbyllen edhe nga viti i ardhsh\u00ebm por ne do t\u00eb jemi n\u00eb kontakt drejtor\u00ebt e shkollave m\u00ebsimdh\u00ebn\u00ebsit e atyre shkollave por shpeshher\u00eb po kemi kontakte edhe me banor\u00ebt dhe qytetar\u00ebt e atyre lokaliteteve sepse nuk po \u00ebsht\u00eb e leht\u00eb ajo \u00e7ka po ndodh\u201d, theksoi drejtori i Arsimit n\u00eb Ferizaj, Afrim Llabjani.<\/p>\n<p>Sfid\u00eb, sipas Drejtoris\u00eb s\u00eb Arsimit n\u00eb Ferizaj, mbetet sistemimi i m\u00ebsimdh\u00ebn\u00ebsve n\u00eb vazhdim t\u00eb procesit m\u00ebsimor.\/RTK\/<\/p>\n<p>&nbsp;<\/p>\n<div class=\"lm-zs-enabled overlay-plain\" data-lm-zs-src=\"[&quot;https:\/\/www.gazetaexpress.com\/wp-content\/uploads\/2023\/08\/superliga-1-1.jpg&quot;, &quot;https:\/\/www.gazetaexpress.com\/wp-content\/uploads\/2023\/12\/640-0-screenshot-9-583.png&quot;, &quot;https:\/\/www.gazetaexpress.com\/wp-content\/uploads\/2023\/12\/tttt.png&quot;, &quot;https:\/\/www.gazetaexpress.com\/wp-content\/uploads\/2023\/12\/738-1.jpg&quot;]\">\n<div class=\"lm-zs-slideshow\">\n<div class=\"lm-click-for-story\"><\/div>\n<\/div>\n<\/div>\n","protected":false},"excerpt":{"rendered":"<p>Tet\u00eb shkolla n\u00eb Ferizaj, n\u00eb munges\u00eb t\u00eb nx\u00ebn\u00ebsve, pritet t\u00eb mbyllen. N\u00eb G\u00ebrlic\u00eb, po p\u00ebr t\u00eb nj\u00ebjtat arsye, \u00ebsht\u00eb mbyllur shkolla e cila kishte punuar p\u00ebr 40 vjet. M\u00ebsimdh\u00ebn\u00ebsit druajn\u00eb se mund t\u00eb mbesin pa pun\u00eb. Shkoll\u00eb me 2 paralele n\u00eb fshatin G\u00ebrlic\u00eb t\u00eb Ferizajt, n\u00eb munges\u00eb t\u00eb nx\u00ebn\u00ebsve, \u00ebsht\u00eb mbyllur pas 40 vitesh t\u00eb [&hellip;]<\/p>\n","protected":false},"author":2,"featured_media":38223,"comment_status":"closed","ping_status":"closed","sticky":false,"template":"","format":"standard","meta":{"_monsterinsights_skip_tracking":false,"_monsterinsights_sitenote_active":false,"_monsterinsights_sitenote_note":"","_monsterinsights_sitenote_category":0,"_uf_show_specific_survey":0,"_uf_disable_surveys":false,"footnotes":""},"categories":[15],"tags":[367],"yoast_head":"<!-- This site is optimized with the Yoast SEO plugin v21.5 - https:\/\/yoast.com\/wordpress\/plugins\/seo\/ -->\n<title>Bie numri i nx\u00ebn\u00ebsve, tet\u00eb shkolla n\u00eb Ferizaj rrezikojn\u00eb t\u00eb mbyllen<\/title>\n<meta name=\"robots\" content=\"index, follow, max-snippet:-1, max-image-preview:large, max-video-preview:-1\" \/>\n<link rel=\"canonical\" href=\"https:\/\/permbledhja.com\/sq\/bie-numri-i-nxenesve-tete-shkolla-ne-ferizaj-rrezikojne-te-mbyllen\/\" \/>\n<meta property=\"og:locale\" content=\"sq_AL\" \/>\n<meta property=\"og:type\" content=\"article\" \/>\n<meta property=\"og:title\" content=\"Bie numri i nx\u00ebn\u00ebsve, tet\u00eb shkolla n\u00eb Ferizaj rrezikojn\u00eb t\u00eb mbyllen\" \/>\n<meta property=\"og:description\" content=\"Tet\u00eb shkolla n\u00eb Ferizaj, n\u00eb munges\u00eb t\u00eb nx\u00ebn\u00ebsve, pritet t\u00eb mbyllen. N\u00eb G\u00ebrlic\u00eb, po p\u00ebr t\u00eb nj\u00ebjtat arsye, \u00ebsht\u00eb mbyllur shkolla e cila kishte punuar p\u00ebr 40 vjet. M\u00ebsimdh\u00ebn\u00ebsit druajn\u00eb se mund t\u00eb mbesin pa pun\u00eb. Shkoll\u00eb me 2 paralele n\u00eb fshatin G\u00ebrlic\u00eb t\u00eb Ferizajt, n\u00eb munges\u00eb t\u00eb nx\u00ebn\u00ebsve, \u00ebsht\u00eb mbyllur pas 40 vitesh t\u00eb [&hellip;]\" \/>\n<meta property=\"og:url\" content=\"https:\/\/permbledhja.com\/sq\/bie-numri-i-nxenesve-tete-shkolla-ne-ferizaj-rrezikojne-te-mbyllen\/\" \/>\n<meta property=\"og:site_name\" content=\"Ve\u00e7 artikuj p\u00ebrmbledh\u00ebs\" \/>\n<meta property=\"article:publisher\" content=\"https:\/\/www.facebook.com\/press07\/\" \/>\n<meta property=\"article:published_time\" content=\"2023-12-03T07:37:20+00:00\" \/>\n<meta property=\"og:image\" content=\"https:\/\/permbledhja.com\/wp-content\/uploads\/2023\/12\/shkolla-nxenes-780x439-1-600x360-1.jpg\" \/>\n\t<meta property=\"og:image:width\" content=\"600\" \/>\n\t<meta property=\"og:image:height\" content=\"360\" \/>\n\t<meta property=\"og:image:type\" content=\"image\/jpeg\" \/>\n<meta name=\"author\" content=\"M M\" \/>\n<meta name=\"twitter:card\" content=\"summary_large_image\" \/>\n<meta name=\"twitter:label1\" content=\"Written by\" \/>\n\t<meta name=\"twitter:data1\" content=\"M M\" \/>\n\t<meta name=\"twitter:label2\" content=\"Est. reading time\" \/>\n\t<meta name=\"twitter:data2\" content=\"2 minuta\" \/>\n<script type=\"application\/ld+json\" class=\"yoast-schema-graph\">{\"@context\":\"https:\/\/schema.org\",\"@graph\":[{\"@type\":\"Article\",\"@id\":\"https:\/\/permbledhja.com\/bie-numri-i-nxenesve-tete-shkolla-ne-ferizaj-rrezikojne-te-mbyllen\/#article\",\"isPartOf\":{\"@id\":\"https:\/\/permbledhja.com\/bie-numri-i-nxenesve-tete-shkolla-ne-ferizaj-rrezikojne-te-mbyllen\/\"},\"author\":{\"name\":\"M M\",\"@id\":\"https:\/\/permbledhja.com\/#\/schema\/person\/d23f13f59b5722643933d6780783acf3\"},\"headline\":\"Bie numri i nx\u00ebn\u00ebsve, tet\u00eb shkolla n\u00eb Ferizaj rrezikojn\u00eb t\u00eb mbyllen\",\"datePublished\":\"2023-12-03T07:37:20+00:00\",\"dateModified\":\"2023-12-03T07:37:20+00:00\",\"mainEntityOfPage\":{\"@id\":\"https:\/\/permbledhja.com\/bie-numri-i-nxenesve-tete-shkolla-ne-ferizaj-rrezikojne-te-mbyllen\/\"},\"wordCount\":314,\"publisher\":{\"@id\":\"https:\/\/permbledhja.com\/#organization\"},\"keywords\":[\"Ferizaj\"],\"articleSection\":[\"Lajme\"],\"inLanguage\":\"sq\"},{\"@type\":\"WebPage\",\"@id\":\"https:\/\/permbledhja.com\/bie-numri-i-nxenesve-tete-shkolla-ne-ferizaj-rrezikojne-te-mbyllen\/\",\"url\":\"https:\/\/permbledhja.com\/bie-numri-i-nxenesve-tete-shkolla-ne-ferizaj-rrezikojne-te-mbyllen\/\",\"name\":\"Bie numri i nx\u00ebn\u00ebsve, tet\u00eb shkolla n\u00eb Ferizaj rrezikojn\u00eb t\u00eb mbyllen\",\"isPartOf\":{\"@id\":\"https:\/\/permbledhja.com\/#website\"},\"datePublished\":\"2023-12-03T07:37:20+00:00\",\"dateModified\":\"2023-12-03T07:37:20+00:00\",\"breadcrumb\":{\"@id\":\"https:\/\/permbledhja.com\/bie-numri-i-nxenesve-tete-shkolla-ne-ferizaj-rrezikojne-te-mbyllen\/#breadcrumb\"},\"inLanguage\":\"sq\",\"potentialAction\":[{\"@type\":\"ReadAction\",\"target\":[\"https:\/\/permbledhja.com\/bie-numri-i-nxenesve-tete-shkolla-ne-ferizaj-rrezikojne-te-mbyllen\/\"]}]},{\"@type\":\"BreadcrumbList\",\"@id\":\"https:\/\/permbledhja.com\/bie-numri-i-nxenesve-tete-shkolla-ne-ferizaj-rrezikojne-te-mbyllen\/#breadcrumb\",\"itemListElement\":[{\"@type\":\"ListItem\",\"position\":1,\"name\":\"Ballina\",\"item\":\"https:\/\/permbledhja.com\/sq\/\"},{\"@type\":\"ListItem\",\"position\":2,\"name\":\"Bie numri i nx\u00ebn\u00ebsve, tet\u00eb shkolla n\u00eb Ferizaj rrezikojn\u00eb t\u00eb mbyllen\"}]},{\"@type\":\"WebSite\",\"@id\":\"https:\/\/permbledhja.com\/#website\",\"url\":\"https:\/\/permbledhja.com\/\",\"name\":\"Ve\u00e7 artikuj p\u00ebrmbledh\u00ebs\",\"description\":\"\",\"publisher\":{\"@id\":\"https:\/\/permbledhja.com\/#organization\"},\"potentialAction\":[{\"@type\":\"SearchAction\",\"target\":{\"@type\":\"EntryPoint\",\"urlTemplate\":\"https:\/\/permbledhja.com\/?s={search_term_string}\"},\"query-input\":\"required name=search_term_string\"}],\"inLanguage\":\"sq\"},{\"@type\":\"Organization\",\"@id\":\"https:\/\/permbledhja.com\/#organization\",\"name\":\"MK Media & Pr\",\"url\":\"https:\/\/permbledhja.com\/\",\"logo\":{\"@type\":\"ImageObject\",\"inLanguage\":\"sq\",\"@id\":\"https:\/\/permbledhja.com\/#\/schema\/logo\/image\/\",\"url\":\"https:\/\/permbledhja.com\/wp-content\/uploads\/2021\/12\/07-Press-Logo.jpg\",\"contentUrl\":\"https:\/\/permbledhja.com\/wp-content\/uploads\/2021\/12\/07-Press-Logo.jpg\",\"width\":512,\"height\":512,\"caption\":\"MK Media & Pr\"},\"image\":{\"@id\":\"https:\/\/permbledhja.com\/#\/schema\/logo\/image\/\"},\"sameAs\":[\"https:\/\/www.facebook.com\/press07\/\"]},{\"@type\":\"Person\",\"@id\":\"https:\/\/permbledhja.com\/#\/schema\/person\/d23f13f59b5722643933d6780783acf3\",\"name\":\"M M\",\"image\":{\"@type\":\"ImageObject\",\"inLanguage\":\"sq\",\"@id\":\"https:\/\/permbledhja.com\/#\/schema\/person\/image\/\",\"url\":\"https:\/\/secure.gravatar.com\/avatar\/e2835a76ca7c31a2416b2d51c4ec9a8f?s=96&d=mm&r=g\",\"contentUrl\":\"https:\/\/secure.gravatar.com\/avatar\/e2835a76ca7c31a2416b2d51c4ec9a8f?s=96&d=mm&r=g\",\"caption\":\"M M\"},\"sameAs\":[\"http:\/\/MM\"],\"url\":\"https:\/\/permbledhja.com\/sq\/author\/muhamet\/\"}]}<\/script>\n<!-- \/ Yoast SEO plugin. -->","yoast_head_json":{"title":"Bie numri i nx\u00ebn\u00ebsve, tet\u00eb shkolla n\u00eb Ferizaj rrezikojn\u00eb t\u00eb mbyllen","robots":{"index":"index","follow":"follow","max-snippet":"max-snippet:-1","max-image-preview":"max-image-preview:large","max-video-preview":"max-video-preview:-1"},"canonical":"https:\/\/permbledhja.com\/sq\/bie-numri-i-nxenesve-tete-shkolla-ne-ferizaj-rrezikojne-te-mbyllen\/","og_locale":"sq_AL","og_type":"article","og_title":"Bie numri i nx\u00ebn\u00ebsve, tet\u00eb shkolla n\u00eb Ferizaj rrezikojn\u00eb t\u00eb mbyllen","og_description":"Tet\u00eb shkolla n\u00eb Ferizaj, n\u00eb munges\u00eb t\u00eb nx\u00ebn\u00ebsve, pritet t\u00eb mbyllen. N\u00eb G\u00ebrlic\u00eb, po p\u00ebr t\u00eb nj\u00ebjtat arsye, \u00ebsht\u00eb mbyllur shkolla e cila kishte punuar p\u00ebr 40 vjet. M\u00ebsimdh\u00ebn\u00ebsit druajn\u00eb se mund t\u00eb mbesin pa pun\u00eb. Shkoll\u00eb me 2 paralele n\u00eb fshatin G\u00ebrlic\u00eb t\u00eb Ferizajt, n\u00eb munges\u00eb t\u00eb nx\u00ebn\u00ebsve, \u00ebsht\u00eb mbyllur pas 40 vitesh t\u00eb [&hellip;]","og_url":"https:\/\/permbledhja.com\/sq\/bie-numri-i-nxenesve-tete-shkolla-ne-ferizaj-rrezikojne-te-mbyllen\/","og_site_name":"Ve\u00e7 artikuj p\u00ebrmbledh\u00ebs","article_publisher":"https:\/\/www.facebook.com\/press07\/","article_published_time":"2023-12-03T07:37:20+00:00","og_image":[{"width":600,"height":360,"url":"https:\/\/permbledhja.com\/wp-content\/uploads\/2023\/12\/shkolla-nxenes-780x439-1-600x360-1.jpg","type":"image\/jpeg"}],"author":"M M","twitter_card":"summary_large_image","twitter_misc":{"Written by":"M M","Est. reading time":"2 minuta"},"schema":{"@context":"https:\/\/schema.org","@graph":[{"@type":"Article","@id":"https:\/\/permbledhja.com\/bie-numri-i-nxenesve-tete-shkolla-ne-ferizaj-rrezikojne-te-mbyllen\/#article","isPartOf":{"@id":"https:\/\/permbledhja.com\/bie-numri-i-nxenesve-tete-shkolla-ne-ferizaj-rrezikojne-te-mbyllen\/"},"author":{"name":"M M","@id":"https:\/\/permbledhja.com\/#\/schema\/person\/d23f13f59b5722643933d6780783acf3"},"headline":"Bie numri i nx\u00ebn\u00ebsve, tet\u00eb shkolla n\u00eb Ferizaj rrezikojn\u00eb t\u00eb mbyllen","datePublished":"2023-12-03T07:37:20+00:00","dateModified":"2023-12-03T07:37:20+00:00","mainEntityOfPage":{"@id":"https:\/\/permbledhja.com\/bie-numri-i-nxenesve-tete-shkolla-ne-ferizaj-rrezikojne-te-mbyllen\/"},"wordCount":314,"publisher":{"@id":"https:\/\/permbledhja.com\/#organization"},"keywords":["Ferizaj"],"articleSection":["Lajme"],"inLanguage":"sq"},{"@type":"WebPage","@id":"https:\/\/permbledhja.com\/bie-numri-i-nxenesve-tete-shkolla-ne-ferizaj-rrezikojne-te-mbyllen\/","url":"https:\/\/permbledhja.com\/bie-numri-i-nxenesve-tete-shkolla-ne-ferizaj-rrezikojne-te-mbyllen\/","name":"Bie numri i nx\u00ebn\u00ebsve, tet\u00eb shkolla n\u00eb Ferizaj rrezikojn\u00eb t\u00eb mbyllen","isPartOf":{"@id":"https:\/\/permbledhja.com\/#website"},"datePublished":"2023-12-03T07:37:20+00:00","dateModified":"2023-12-03T07:37:20+00:00","breadcrumb":{"@id":"https:\/\/permbledhja.com\/bie-numri-i-nxenesve-tete-shkolla-ne-ferizaj-rrezikojne-te-mbyllen\/#breadcrumb"},"inLanguage":"sq","potentialAction":[{"@type":"ReadAction","target":["https:\/\/permbledhja.com\/bie-numri-i-nxenesve-tete-shkolla-ne-ferizaj-rrezikojne-te-mbyllen\/"]}]},{"@type":"BreadcrumbList","@id":"https:\/\/permbledhja.com\/bie-numri-i-nxenesve-tete-shkolla-ne-ferizaj-rrezikojne-te-mbyllen\/#breadcrumb","itemListElement":[{"@type":"ListItem","position":1,"name":"Ballina","item":"https:\/\/permbledhja.com\/sq\/"},{"@type":"ListItem","position":2,"name":"Bie numri i nx\u00ebn\u00ebsve, tet\u00eb shkolla n\u00eb Ferizaj rrezikojn\u00eb t\u00eb mbyllen"}]},{"@type":"WebSite","@id":"https:\/\/permbledhja.com\/#website","url":"https:\/\/permbledhja.com\/","name":"Ve\u00e7 artikuj p\u00ebrmbledh\u00ebs","description":"","publisher":{"@id":"https:\/\/permbledhja.com\/#organization"},"potentialAction":[{"@type":"SearchAction","target":{"@type":"EntryPoint","urlTemplate":"https:\/\/permbledhja.com\/?s={search_term_string}"},"query-input":"required name=search_term_string"}],"inLanguage":"sq"},{"@type":"Organization","@id":"https:\/\/permbledhja.com\/#organization","name":"MK Media & Pr","url":"https:\/\/permbledhja.com\/","logo":{"@type":"ImageObject","inLanguage":"sq","@id":"https:\/\/permbledhja.com\/#\/schema\/logo\/image\/","url":"https:\/\/permbledhja.com\/wp-content\/uploads\/2021\/12\/07-Press-Logo.jpg","contentUrl":"https:\/\/permbledhja.com\/wp-content\/uploads\/2021\/12\/07-Press-Logo.jpg","width":512,"height":512,"caption":"MK Media & Pr"},"image":{"@id":"https:\/\/permbledhja.com\/#\/schema\/logo\/image\/"},"sameAs":["https:\/\/www.facebook.com\/press07\/"]},{"@type":"Person","@id":"https:\/\/permbledhja.com\/#\/schema\/person\/d23f13f59b5722643933d6780783acf3","name":"M M","image":{"@type":"ImageObject","inLanguage":"sq","@id":"https:\/\/permbledhja.com\/#\/schema\/person\/image\/","url":"https:\/\/secure.gravatar.com\/avatar\/e2835a76ca7c31a2416b2d51c4ec9a8f?s=96&d=mm&r=g","contentUrl":"https:\/\/secure.gravatar.com\/avatar\/e2835a76ca7c31a2416b2d51c4ec9a8f?s=96&d=mm&r=g","caption":"M M"},"sameAs":["http:\/\/MM"],"url":"https:\/\/permbledhja.com\/sq\/author\/muhamet\/"}]}},"_links":{"self":[{"href":"https:\/\/permbledhja.com\/sq\/wp-json\/wp\/v2\/posts\/38222"}],"collection":[{"href":"https:\/\/permbledhja.com\/sq\/wp-json\/wp\/v2\/posts"}],"about":[{"href":"https:\/\/permbledhja.com\/sq\/wp-json\/wp\/v2\/types\/post"}],"author":[{"embeddable":true,"href":"https:\/\/permbledhja.com\/sq\/wp-json\/wp\/v2\/users\/2"}],"replies":[{"embeddable":true,"href":"https:\/\/permbledhja.com\/sq\/wp-json\/wp\/v2\/comments?post=38222"}],"version-history":[{"count":1,"href":"https:\/\/permbledhja.com\/sq\/wp-json\/wp\/v2\/posts\/38222\/revisions"}],"predecessor-version":[{"id":38224,"href":"https:\/\/permbledhja.com\/sq\/wp-json\/wp\/v2\/posts\/38222\/revisions\/38224"}],"wp:featuredmedia":[{"embeddable":true,"href":"https:\/\/permbledhja.com\/sq\/wp-json\/wp\/v2\/media\/38223"}],"wp:attachment":[{"href":"https:\/\/permbledhja.com\/sq\/wp-json\/wp\/v2\/media?parent=38222"}],"wp:term":[{"taxonomy":"category","embeddable":true,"href":"https:\/\/permbledhja.com\/sq\/wp-json\/wp\/v2\/categories?post=38222"},{"taxonomy":"post_tag","embeddable":true,"href":"https:\/\/permbledhja.com\/sq\/wp-json\/wp\/v2\/tags?post=38222"}],"curies":[{"name":"wp","href":"https:\/\/api.w.org\/{rel}","templated":true}]}}