{"id":38219,"date":"2023-12-03T07:25:28","date_gmt":"2023-12-03T07:25:28","guid":{"rendered":"https:\/\/permbledhja.com\/?p=38219"},"modified":"2023-12-03T07:25:28","modified_gmt":"2023-12-03T07:25:28","slug":"drejtesi-per-liridonen-sot-protestohet-ne-tirane","status":"publish","type":"post","link":"https:\/\/permbledhja.com\/sq\/drejtesi-per-liridonen-sot-protestohet-ne-tirane\/","title":{"rendered":"Drejt\u00ebsi p\u00ebr Liridon\u00ebn: Sot protestohet n\u00eb Tiran\u00eb"},"content":{"rendered":"<h3>Vrasja trondit\u00ebse e Liridona Murselit n\u00eb B\u00ebrnic\u00eb t\u00eb Prishtin\u00ebs, e cila u ekzekutua me porosi t\u00eb bashk\u00ebshortit t\u00eb saj, ka ngjallur reagime t\u00eb shumta.<\/h3>\n<p>Nj\u00eb marshim-protest\u00eb do t\u00eb zhvillohet sot n\u00eb Tiran\u00eb lidhur me k\u00ebt\u00eb ngjarje.<\/p>\n<p>Marshimi, sipas njoftimit, do t\u00eb nis\u00eb n\u00eb or\u00ebn 11:30 nga Ministria e Brendshme drejt Ambasad\u00ebs s\u00eb Kosov\u00ebs n\u00eb Tiran\u00eb.<\/p>\n<p>Policia ka njoftuar lidhur me rastin, i cili u vler\u00ebsua fillimisht si \u201cgrabitje me pasoja t\u00eb vrasjes\u201d, ku ka mbetur e vdekur nj\u00eb grua, ka rezultuar me arrestimin e dy t\u00eb dyshuarve t\u00eb p\u00ebrfshir\u00eb n\u00eb k\u00ebt\u00eb rast.<\/p>\n<p>Sipas urdh\u00ebres\u00ebs s\u00eb Prokurorit t\u00eb Shtetit dhe me aprovim t\u00eb gjyqtarit t\u00eb procedur\u00ebs paraprake, Nj\u00ebsiti i Hetimeve t\u00eb P\u00ebrgjithshme t\u00eb Prishtin\u00ebs, n\u00eb kuad\u00ebr t\u00eb Policis\u00eb s\u00eb Kosov\u00ebs, kan\u00eb realizuar bastisje n\u00eb dy lokacione n\u00eb Gjakov\u00eb, me \u00e7\u2019rast nga ky aksion jan\u00eb arrestuar personat Granit Plava (dorasi) dhe Naim Murseli (bashk\u00ebshorti i viktim\u00ebs), t\u00eb dyshuar n\u00eb vrasjen e viktim\u00ebs, si dhe \u00ebsht\u00eb sekuestruar arma e cila dyshohet t\u00eb jet\u00eb p\u00ebrdorur n\u00eb k\u00ebt\u00eb rast.<\/p>\n<p>Mediat m\u00eb pas raportuan se 30 mij\u00eb euro ishte shuma q\u00eb Naim Murseli kishte premtuar p\u00ebr vrasjen e bashk\u00ebshortes. Granit Plava, i cili \u00ebsht\u00eb arrestuar si ekzekutuesi i krimit, ka deklaruar se ka marr\u00eb nga porosit\u00ebsi 15 mij\u00eb euro, nd\u00ebrsa i \u00ebsht\u00eb premtuar se do marr\u00eb edhe 15 mij\u00eb euro t\u00eb tjera.<\/p>\n<p>P\u00ebr k\u00ebt\u00eb krim \u00ebsht\u00eb arrestuar edhe nj\u00eb pjes\u00ebtar i FSK-s\u00eb, Kushtrim Kokalla<\/p>\n","protected":false},"excerpt":{"rendered":"<p>Vrasja trondit\u00ebse e Liridona Murselit n\u00eb B\u00ebrnic\u00eb t\u00eb Prishtin\u00ebs, e cila u ekzekutua me porosi t\u00eb bashk\u00ebshortit t\u00eb saj, ka ngjallur reagime t\u00eb shumta. Nj\u00eb marshim-protest\u00eb do t\u00eb zhvillohet sot n\u00eb Tiran\u00eb lidhur me k\u00ebt\u00eb ngjarje. Marshimi, sipas njoftimit, do t\u00eb nis\u00eb n\u00eb or\u00ebn 11:30 nga Ministria e Brendshme drejt Ambasad\u00ebs s\u00eb Kosov\u00ebs n\u00eb Tiran\u00eb. [&hellip;]<\/p>\n","protected":false},"author":2,"featured_media":38220,"comment_status":"closed","ping_status":"closed","sticky":false,"template":"","format":"standard","meta":{"_monsterinsights_skip_tracking":false,"_monsterinsights_sitenote_active":false,"_monsterinsights_sitenote_note":"","_monsterinsights_sitenote_category":0,"_uf_show_specific_survey":0,"_uf_disable_surveys":false,"footnotes":""},"categories":[15],"tags":[2720],"yoast_head":"<!-- This site is optimized with the Yoast SEO plugin v21.5 - https:\/\/yoast.com\/wordpress\/plugins\/seo\/ -->\n<title>Drejt\u00ebsi p\u00ebr Liridon\u00ebn: Sot protestohet n\u00eb Tiran\u00eb<\/title>\n<meta name=\"robots\" content=\"index, follow, max-snippet:-1, max-image-preview:large, max-video-preview:-1\" \/>\n<link rel=\"canonical\" href=\"https:\/\/permbledhja.com\/sq\/drejtesi-per-liridonen-sot-protestohet-ne-tirane\/\" \/>\n<meta property=\"og:locale\" content=\"sq_AL\" \/>\n<meta property=\"og:type\" content=\"article\" \/>\n<meta property=\"og:title\" content=\"Drejt\u00ebsi p\u00ebr Liridon\u00ebn: Sot protestohet n\u00eb Tiran\u00eb\" \/>\n<meta property=\"og:description\" content=\"Vrasja trondit\u00ebse e Liridona Murselit n\u00eb B\u00ebrnic\u00eb t\u00eb Prishtin\u00ebs, e cila u ekzekutua me porosi t\u00eb bashk\u00ebshortit t\u00eb saj, ka ngjallur reagime t\u00eb shumta. Nj\u00eb marshim-protest\u00eb do t\u00eb zhvillohet sot n\u00eb Tiran\u00eb lidhur me k\u00ebt\u00eb ngjarje. Marshimi, sipas njoftimit, do t\u00eb nis\u00eb n\u00eb or\u00ebn 11:30 nga Ministria e Brendshme drejt Ambasad\u00ebs s\u00eb Kosov\u00ebs n\u00eb Tiran\u00eb. [&hellip;]\" \/>\n<meta property=\"og:url\" content=\"https:\/\/permbledhja.com\/sq\/drejtesi-per-liridonen-sot-protestohet-ne-tirane\/\" \/>\n<meta property=\"og:site_name\" content=\"Ve\u00e7 artikuj p\u00ebrmbledh\u00ebs\" \/>\n<meta property=\"article:publisher\" content=\"https:\/\/www.facebook.com\/press07\/\" \/>\n<meta property=\"article:published_time\" content=\"2023-12-03T07:25:28+00:00\" \/>\n<meta property=\"og:image\" content=\"https:\/\/permbledhja.com\/wp-content\/uploads\/2023\/12\/Drejtesi-per-Liridonen-1.jpg\" \/>\n\t<meta property=\"og:image:width\" content=\"1280\" \/>\n\t<meta property=\"og:image:height\" content=\"720\" \/>\n\t<meta property=\"og:image:type\" content=\"image\/jpeg\" \/>\n<meta name=\"author\" content=\"M M\" \/>\n<meta name=\"twitter:card\" content=\"summary_large_image\" \/>\n<meta name=\"twitter:label1\" content=\"Written by\" \/>\n\t<meta name=\"twitter:data1\" content=\"M M\" \/>\n\t<meta name=\"twitter:label2\" content=\"Est. reading time\" \/>\n\t<meta name=\"twitter:data2\" content=\"2 minuta\" \/>\n<script type=\"application\/ld+json\" class=\"yoast-schema-graph\">{\"@context\":\"https:\/\/schema.org\",\"@graph\":[{\"@type\":\"Article\",\"@id\":\"https:\/\/permbledhja.com\/drejtesi-per-liridonen-sot-protestohet-ne-tirane\/#article\",\"isPartOf\":{\"@id\":\"https:\/\/permbledhja.com\/drejtesi-per-liridonen-sot-protestohet-ne-tirane\/\"},\"author\":{\"name\":\"M M\",\"@id\":\"https:\/\/permbledhja.com\/#\/schema\/person\/d23f13f59b5722643933d6780783acf3\"},\"headline\":\"Drejt\u00ebsi p\u00ebr Liridon\u00ebn: Sot protestohet n\u00eb Tiran\u00eb\",\"datePublished\":\"2023-12-03T07:25:28+00:00\",\"dateModified\":\"2023-12-03T07:25:28+00:00\",\"mainEntityOfPage\":{\"@id\":\"https:\/\/permbledhja.com\/drejtesi-per-liridonen-sot-protestohet-ne-tirane\/\"},\"wordCount\":265,\"publisher\":{\"@id\":\"https:\/\/permbledhja.com\/#organization\"},\"keywords\":[\"Liridona Murseli\"],\"articleSection\":[\"Lajme\"],\"inLanguage\":\"sq\"},{\"@type\":\"WebPage\",\"@id\":\"https:\/\/permbledhja.com\/drejtesi-per-liridonen-sot-protestohet-ne-tirane\/\",\"url\":\"https:\/\/permbledhja.com\/drejtesi-per-liridonen-sot-protestohet-ne-tirane\/\",\"name\":\"Drejt\u00ebsi p\u00ebr Liridon\u00ebn: Sot protestohet n\u00eb Tiran\u00eb\",\"isPartOf\":{\"@id\":\"https:\/\/permbledhja.com\/#website\"},\"datePublished\":\"2023-12-03T07:25:28+00:00\",\"dateModified\":\"2023-12-03T07:25:28+00:00\",\"breadcrumb\":{\"@id\":\"https:\/\/permbledhja.com\/drejtesi-per-liridonen-sot-protestohet-ne-tirane\/#breadcrumb\"},\"inLanguage\":\"sq\",\"potentialAction\":[{\"@type\":\"ReadAction\",\"target\":[\"https:\/\/permbledhja.com\/drejtesi-per-liridonen-sot-protestohet-ne-tirane\/\"]}]},{\"@type\":\"BreadcrumbList\",\"@id\":\"https:\/\/permbledhja.com\/drejtesi-per-liridonen-sot-protestohet-ne-tirane\/#breadcrumb\",\"itemListElement\":[{\"@type\":\"ListItem\",\"position\":1,\"name\":\"Ballina\",\"item\":\"https:\/\/permbledhja.com\/sq\/\"},{\"@type\":\"ListItem\",\"position\":2,\"name\":\"Drejt\u00ebsi p\u00ebr Liridon\u00ebn: Sot protestohet n\u00eb Tiran\u00eb\"}]},{\"@type\":\"WebSite\",\"@id\":\"https:\/\/permbledhja.com\/#website\",\"url\":\"https:\/\/permbledhja.com\/\",\"name\":\"Ve\u00e7 artikuj p\u00ebrmbledh\u00ebs\",\"description\":\"\",\"publisher\":{\"@id\":\"https:\/\/permbledhja.com\/#organization\"},\"potentialAction\":[{\"@type\":\"SearchAction\",\"target\":{\"@type\":\"EntryPoint\",\"urlTemplate\":\"https:\/\/permbledhja.com\/?s={search_term_string}\"},\"query-input\":\"required name=search_term_string\"}],\"inLanguage\":\"sq\"},{\"@type\":\"Organization\",\"@id\":\"https:\/\/permbledhja.com\/#organization\",\"name\":\"MK Media & Pr\",\"url\":\"https:\/\/permbledhja.com\/\",\"logo\":{\"@type\":\"ImageObject\",\"inLanguage\":\"sq\",\"@id\":\"https:\/\/permbledhja.com\/#\/schema\/logo\/image\/\",\"url\":\"https:\/\/permbledhja.com\/wp-content\/uploads\/2021\/12\/07-Press-Logo.jpg\",\"contentUrl\":\"https:\/\/permbledhja.com\/wp-content\/uploads\/2021\/12\/07-Press-Logo.jpg\",\"width\":512,\"height\":512,\"caption\":\"MK Media & Pr\"},\"image\":{\"@id\":\"https:\/\/permbledhja.com\/#\/schema\/logo\/image\/\"},\"sameAs\":[\"https:\/\/www.facebook.com\/press07\/\"]},{\"@type\":\"Person\",\"@id\":\"https:\/\/permbledhja.com\/#\/schema\/person\/d23f13f59b5722643933d6780783acf3\",\"name\":\"M M\",\"image\":{\"@type\":\"ImageObject\",\"inLanguage\":\"sq\",\"@id\":\"https:\/\/permbledhja.com\/#\/schema\/person\/image\/\",\"url\":\"https:\/\/secure.gravatar.com\/avatar\/e2835a76ca7c31a2416b2d51c4ec9a8f?s=96&d=mm&r=g\",\"contentUrl\":\"https:\/\/secure.gravatar.com\/avatar\/e2835a76ca7c31a2416b2d51c4ec9a8f?s=96&d=mm&r=g\",\"caption\":\"M M\"},\"sameAs\":[\"http:\/\/MM\"],\"url\":\"https:\/\/permbledhja.com\/sq\/author\/muhamet\/\"}]}<\/script>\n<!-- \/ Yoast SEO plugin. -->","yoast_head_json":{"title":"Drejt\u00ebsi p\u00ebr Liridon\u00ebn: Sot protestohet n\u00eb Tiran\u00eb","robots":{"index":"index","follow":"follow","max-snippet":"max-snippet:-1","max-image-preview":"max-image-preview:large","max-video-preview":"max-video-preview:-1"},"canonical":"https:\/\/permbledhja.com\/sq\/drejtesi-per-liridonen-sot-protestohet-ne-tirane\/","og_locale":"sq_AL","og_type":"article","og_title":"Drejt\u00ebsi p\u00ebr Liridon\u00ebn: Sot protestohet n\u00eb Tiran\u00eb","og_description":"Vrasja trondit\u00ebse e Liridona Murselit n\u00eb B\u00ebrnic\u00eb t\u00eb Prishtin\u00ebs, e cila u ekzekutua me porosi t\u00eb bashk\u00ebshortit t\u00eb saj, ka ngjallur reagime t\u00eb shumta. Nj\u00eb marshim-protest\u00eb do t\u00eb zhvillohet sot n\u00eb Tiran\u00eb lidhur me k\u00ebt\u00eb ngjarje. Marshimi, sipas njoftimit, do t\u00eb nis\u00eb n\u00eb or\u00ebn 11:30 nga Ministria e Brendshme drejt Ambasad\u00ebs s\u00eb Kosov\u00ebs n\u00eb Tiran\u00eb. [&hellip;]","og_url":"https:\/\/permbledhja.com\/sq\/drejtesi-per-liridonen-sot-protestohet-ne-tirane\/","og_site_name":"Ve\u00e7 artikuj p\u00ebrmbledh\u00ebs","article_publisher":"https:\/\/www.facebook.com\/press07\/","article_published_time":"2023-12-03T07:25:28+00:00","og_image":[{"width":1280,"height":720,"url":"https:\/\/permbledhja.com\/wp-content\/uploads\/2023\/12\/Drejtesi-per-Liridonen-1.jpg","type":"image\/jpeg"}],"author":"M M","twitter_card":"summary_large_image","twitter_misc":{"Written by":"M M","Est. reading time":"2 minuta"},"schema":{"@context":"https:\/\/schema.org","@graph":[{"@type":"Article","@id":"https:\/\/permbledhja.com\/drejtesi-per-liridonen-sot-protestohet-ne-tirane\/#article","isPartOf":{"@id":"https:\/\/permbledhja.com\/drejtesi-per-liridonen-sot-protestohet-ne-tirane\/"},"author":{"name":"M M","@id":"https:\/\/permbledhja.com\/#\/schema\/person\/d23f13f59b5722643933d6780783acf3"},"headline":"Drejt\u00ebsi p\u00ebr Liridon\u00ebn: Sot protestohet n\u00eb Tiran\u00eb","datePublished":"2023-12-03T07:25:28+00:00","dateModified":"2023-12-03T07:25:28+00:00","mainEntityOfPage":{"@id":"https:\/\/permbledhja.com\/drejtesi-per-liridonen-sot-protestohet-ne-tirane\/"},"wordCount":265,"publisher":{"@id":"https:\/\/permbledhja.com\/#organization"},"keywords":["Liridona Murseli"],"articleSection":["Lajme"],"inLanguage":"sq"},{"@type":"WebPage","@id":"https:\/\/permbledhja.com\/drejtesi-per-liridonen-sot-protestohet-ne-tirane\/","url":"https:\/\/permbledhja.com\/drejtesi-per-liridonen-sot-protestohet-ne-tirane\/","name":"Drejt\u00ebsi p\u00ebr Liridon\u00ebn: Sot protestohet n\u00eb Tiran\u00eb","isPartOf":{"@id":"https:\/\/permbledhja.com\/#website"},"datePublished":"2023-12-03T07:25:28+00:00","dateModified":"2023-12-03T07:25:28+00:00","breadcrumb":{"@id":"https:\/\/permbledhja.com\/drejtesi-per-liridonen-sot-protestohet-ne-tirane\/#breadcrumb"},"inLanguage":"sq","potentialAction":[{"@type":"ReadAction","target":["https:\/\/permbledhja.com\/drejtesi-per-liridonen-sot-protestohet-ne-tirane\/"]}]},{"@type":"BreadcrumbList","@id":"https:\/\/permbledhja.com\/drejtesi-per-liridonen-sot-protestohet-ne-tirane\/#breadcrumb","itemListElement":[{"@type":"ListItem","position":1,"name":"Ballina","item":"https:\/\/permbledhja.com\/sq\/"},{"@type":"ListItem","position":2,"name":"Drejt\u00ebsi p\u00ebr Liridon\u00ebn: Sot protestohet n\u00eb Tiran\u00eb"}]},{"@type":"WebSite","@id":"https:\/\/permbledhja.com\/#website","url":"https:\/\/permbledhja.com\/","name":"Ve\u00e7 artikuj p\u00ebrmbledh\u00ebs","description":"","publisher":{"@id":"https:\/\/permbledhja.com\/#organization"},"potentialAction":[{"@type":"SearchAction","target":{"@type":"EntryPoint","urlTemplate":"https:\/\/permbledhja.com\/?s={search_term_string}"},"query-input":"required name=search_term_string"}],"inLanguage":"sq"},{"@type":"Organization","@id":"https:\/\/permbledhja.com\/#organization","name":"MK Media & Pr","url":"https:\/\/permbledhja.com\/","logo":{"@type":"ImageObject","inLanguage":"sq","@id":"https:\/\/permbledhja.com\/#\/schema\/logo\/image\/","url":"https:\/\/permbledhja.com\/wp-content\/uploads\/2021\/12\/07-Press-Logo.jpg","contentUrl":"https:\/\/permbledhja.com\/wp-content\/uploads\/2021\/12\/07-Press-Logo.jpg","width":512,"height":512,"caption":"MK Media & Pr"},"image":{"@id":"https:\/\/permbledhja.com\/#\/schema\/logo\/image\/"},"sameAs":["https:\/\/www.facebook.com\/press07\/"]},{"@type":"Person","@id":"https:\/\/permbledhja.com\/#\/schema\/person\/d23f13f59b5722643933d6780783acf3","name":"M M","image":{"@type":"ImageObject","inLanguage":"sq","@id":"https:\/\/permbledhja.com\/#\/schema\/person\/image\/","url":"https:\/\/secure.gravatar.com\/avatar\/e2835a76ca7c31a2416b2d51c4ec9a8f?s=96&d=mm&r=g","contentUrl":"https:\/\/secure.gravatar.com\/avatar\/e2835a76ca7c31a2416b2d51c4ec9a8f?s=96&d=mm&r=g","caption":"M M"},"sameAs":["http:\/\/MM"],"url":"https:\/\/permbledhja.com\/sq\/author\/muhamet\/"}]}},"_links":{"self":[{"href":"https:\/\/permbledhja.com\/sq\/wp-json\/wp\/v2\/posts\/38219"}],"collection":[{"href":"https:\/\/permbledhja.com\/sq\/wp-json\/wp\/v2\/posts"}],"about":[{"href":"https:\/\/permbledhja.com\/sq\/wp-json\/wp\/v2\/types\/post"}],"author":[{"embeddable":true,"href":"https:\/\/permbledhja.com\/sq\/wp-json\/wp\/v2\/users\/2"}],"replies":[{"embeddable":true,"href":"https:\/\/permbledhja.com\/sq\/wp-json\/wp\/v2\/comments?post=38219"}],"version-history":[{"count":1,"href":"https:\/\/permbledhja.com\/sq\/wp-json\/wp\/v2\/posts\/38219\/revisions"}],"predecessor-version":[{"id":38221,"href":"https:\/\/permbledhja.com\/sq\/wp-json\/wp\/v2\/posts\/38219\/revisions\/38221"}],"wp:featuredmedia":[{"embeddable":true,"href":"https:\/\/permbledhja.com\/sq\/wp-json\/wp\/v2\/media\/38220"}],"wp:attachment":[{"href":"https:\/\/permbledhja.com\/sq\/wp-json\/wp\/v2\/media?parent=38219"}],"wp:term":[{"taxonomy":"category","embeddable":true,"href":"https:\/\/permbledhja.com\/sq\/wp-json\/wp\/v2\/categories?post=38219"},{"taxonomy":"post_tag","embeddable":true,"href":"https:\/\/permbledhja.com\/sq\/wp-json\/wp\/v2\/tags?post=38219"}],"curies":[{"name":"wp","href":"https:\/\/api.w.org\/{rel}","templated":true}]}}