{"id":38164,"date":"2023-12-02T19:15:42","date_gmt":"2023-12-02T19:15:42","guid":{"rendered":"https:\/\/permbledhja.com\/?p=38164"},"modified":"2023-12-02T19:15:42","modified_gmt":"2023-12-02T19:15:42","slug":"flet-babai-i-liridones-naimi-na-preu-ne-bese-dyshojme-se-e-vrau-qe-tia-marre-parate-e-sigurimit","status":"publish","type":"post","link":"https:\/\/permbledhja.com\/sq\/flet-babai-i-liridones-naimi-na-preu-ne-bese-dyshojme-se-e-vrau-qe-tia-marre-parate-e-sigurimit\/","title":{"rendered":"Flet babai i Liridon\u00ebs: Naimi na preu n\u00eb bes\u00eb, dyshojm\u00eb se e vrau q\u00eb t\u2019ia marr\u00eb parat\u00eb e sigurimit"},"content":{"rendered":"<h3>Hajdar Ademaj, babai i 30-vje\u00e7ares Liridona Ademaj, ka folur pas ngjarjes tragjike q\u00eb ndodhi mbr\u00ebmjen e s\u00eb m\u00ebrkur\u00ebs, ku e bija mbeti e vrar\u00eb si pasoj\u00eb e t\u00eb sht\u00ebnave me arm\u00eb zjarri n\u00eb rrug\u00ebn \u2018Dalip Alshiqi\u2019 n\u00eb Prishtin\u00eb.<\/h3>\n<p>Pas arrestimit t\u00eb bashk\u00ebshortit t\u00eb Liridon\u00ebs, Naim Murselit \u2013 n\u00ebn dyshimet q\u00eb ka porositur vrasjen e bashk\u00ebshortes \u2013 Ademaj ka ngritur dyshimet se gjith\u00e7ka mund t\u00eb ket\u00eb ndodhur me q\u00ebllim t\u00eb p\u00ebrfitimit pasuror.<\/p>\n<p>N\u00eb nj\u00eb intervist\u00eb p\u00ebr mediumin News24, babai i Liridon\u00ebs ka th\u00ebn\u00eb se Naimi i ka prer\u00eb n\u00eb bes\u00eb.<\/p>\n<p>\u201c<em>Pat\u00ebn lajm\u00ebruar, Naimi, se \u00e7ika \u00ebsht\u00eb e vrar\u00eb. Jena shku, me gjet \u00e7ik\u00ebn se ku \u00ebsht\u00eb, Polici e n\u00eb tana an\u00ebt jena shkuar, dhe e zbuluam. Nes\u00ebr erdh Naimi te na dhe e kam pyetur fort mir\u00eb. Naimi na kishte pas prer\u00eb n\u00eb bes\u00eb, kur hetova un\u00eb mas pari. Dyshova se kurrnifar fjale nuk ma tha mir\u00eb k\u00ebtu kur e pyeta. E pyeta Naim si qe puna, m\u00eb kallxo. Ia nisi me tregue.<\/em><\/p>\n<p><em>Naimi bleu sht\u00ebpi n\u00eb Kosov\u00eb dhe i tha cik\u00ebs hajde dhe ti k\u00ebtu. Edhe as nj\u00eb jav\u00eb nuk ka nejt. M\u00eb shum\u00eb rrite te ne. At\u00eb dit\u00ebn q\u00eb e vran\u00eb tha bab do shkoj. U cua e shkoi, kur ka mb\u00ebrritur n\u00eb Prishtin\u00eb, e ka pyetur burrin e vet\u00eb p\u00ebr t\u2019i b\u00ebr\u00eb befasi f\u00ebmij\u00ebve nj\u00eb dark\u00eb. Kur u b\u00eb 8:20 minuta, u ni se u vra cupa.<\/em><\/p>\n<p><em>Kemi k\u00ebrkuar zhvarrosjen e cik\u00ebs sepse nuk ka \u00e7far\u00eb ka me lyp atje, kur burri e ka b\u00ebr\u00eb krimin. Naimi ka b\u00ebr\u00eb krim t\u00eb madh. K\u00ebto vjet i kam b\u00ebr\u00eb, e kurr\u00eb skam ndier p\u00ebr k\u00ebt\u00eb lloj krimi.<\/em><\/p>\n<p><em>Fal\u00ebnderoj policin\u00eb se jan\u00eb ka ecin me hapa t\u00eb sigurt. E k\u00ebrkojm\u00eb drejt\u00ebsin\u00eb deri n\u00eb pik\u00ebn e fundit, mos me ndodh m\u00eb k\u00ebshtu senesh.<\/em><\/p>\n<p><em>Ne dyshojm\u00eb se ky ka pasur jet\u00eb luksi shum\u00eb t\u00eb madhe, dhe p\u00ebr at\u00eb q\u00eb ta vras un\u00eb dhe t\u2019ja marr pensionin e k\u00ebto q\u00eb i takojn\u00eb. Nuk ka gj\u00eb tjet\u00ebr. Nuk ka pasur konflikte mes tyre. E kemi pritur si m\u00eb mir\u00eb. Me ja b\u00ebr\u00eb k\u00ebt\u00eb faljes s\u00eb vet, me i l\u00ebn\u00eb f\u00ebmij\u00ebt n\u00eb rrug\u00eb \u00ebsht\u00eb gjynah. F\u00ebmij\u00ebt jan\u00eb n\u00eb sht\u00ebpin\u00eb e Liridon\u00ebs, jan\u00eb prind\u00ebrit e tij atje<\/em>\u201d, ka th\u00ebn\u00eb ai.<\/p>\n","protected":false},"excerpt":{"rendered":"<p>Hajdar Ademaj, babai i 30-vje\u00e7ares Liridona Ademaj, ka folur pas ngjarjes tragjike q\u00eb ndodhi mbr\u00ebmjen e s\u00eb m\u00ebrkur\u00ebs, ku e bija mbeti e vrar\u00eb si pasoj\u00eb e t\u00eb sht\u00ebnave me arm\u00eb zjarri n\u00eb rrug\u00ebn \u2018Dalip Alshiqi\u2019 n\u00eb Prishtin\u00eb. Pas arrestimit t\u00eb bashk\u00ebshortit t\u00eb Liridon\u00ebs, Naim Murselit \u2013 n\u00ebn dyshimet q\u00eb ka porositur vrasjen e bashk\u00ebshortes [&hellip;]<\/p>\n","protected":false},"author":1,"featured_media":38165,"comment_status":"closed","ping_status":"closed","sticky":false,"template":"","format":"standard","meta":{"_monsterinsights_skip_tracking":false,"_monsterinsights_sitenote_active":false,"_monsterinsights_sitenote_note":"","_monsterinsights_sitenote_category":0,"_uf_show_specific_survey":0,"_uf_disable_surveys":false,"footnotes":""},"categories":[2645],"tags":[2720],"yoast_head":"<!-- This site is optimized with the Yoast SEO plugin v21.5 - https:\/\/yoast.com\/wordpress\/plugins\/seo\/ -->\n<title>Flet babai i Liridon\u00ebs: Naimi na preu n\u00eb bes\u00eb, dyshojm\u00eb se e vrau q\u00eb t\u2019ia marr\u00eb parat\u00eb e sigurimit<\/title>\n<meta name=\"robots\" content=\"index, follow, max-snippet:-1, max-image-preview:large, max-video-preview:-1\" \/>\n<link rel=\"canonical\" href=\"https:\/\/permbledhja.com\/sq\/flet-babai-i-liridones-naimi-na-preu-ne-bese-dyshojme-se-e-vrau-qe-tia-marre-parate-e-sigurimit\/\" \/>\n<meta property=\"og:locale\" content=\"sq_AL\" \/>\n<meta property=\"og:type\" content=\"article\" \/>\n<meta property=\"og:title\" content=\"Flet babai i Liridon\u00ebs: Naimi na preu n\u00eb bes\u00eb, dyshojm\u00eb se e vrau q\u00eb t\u2019ia marr\u00eb parat\u00eb e sigurimit\" \/>\n<meta property=\"og:description\" content=\"Hajdar Ademaj, babai i 30-vje\u00e7ares Liridona Ademaj, ka folur pas ngjarjes tragjike q\u00eb ndodhi mbr\u00ebmjen e s\u00eb m\u00ebrkur\u00ebs, ku e bija mbeti e vrar\u00eb si pasoj\u00eb e t\u00eb sht\u00ebnave me arm\u00eb zjarri n\u00eb rrug\u00ebn \u2018Dalip Alshiqi\u2019 n\u00eb Prishtin\u00eb. Pas arrestimit t\u00eb bashk\u00ebshortit t\u00eb Liridon\u00ebs, Naim Murselit \u2013 n\u00ebn dyshimet q\u00eb ka porositur vrasjen e bashk\u00ebshortes [&hellip;]\" \/>\n<meta property=\"og:url\" content=\"https:\/\/permbledhja.com\/sq\/flet-babai-i-liridones-naimi-na-preu-ne-bese-dyshojme-se-e-vrau-qe-tia-marre-parate-e-sigurimit\/\" \/>\n<meta property=\"og:site_name\" content=\"Ve\u00e7 artikuj p\u00ebrmbledh\u00ebs\" \/>\n<meta property=\"article:publisher\" content=\"https:\/\/www.facebook.com\/press07\/\" \/>\n<meta property=\"article:author\" content=\"https:\/\/www.facebook.com\/kafexhiu.muharrem\/\" \/>\n<meta property=\"article:published_time\" content=\"2023-12-02T19:15:42+00:00\" \/>\n<meta property=\"og:image\" content=\"https:\/\/permbledhja.com\/wp-content\/uploads\/2023\/12\/C619A7F9-2FD6-4B62-9F23-4ECC4524AD77.webp\" \/>\n\t<meta property=\"og:image:width\" content=\"963\" \/>\n\t<meta property=\"og:image:height\" content=\"632\" \/>\n\t<meta property=\"og:image:type\" content=\"image\/webp\" \/>\n<meta name=\"author\" content=\"P\u00ebrmbledhja\" \/>\n<meta name=\"twitter:card\" content=\"summary_large_image\" \/>\n<meta name=\"twitter:label1\" content=\"Written by\" \/>\n\t<meta name=\"twitter:data1\" content=\"P\u00ebrmbledhja\" \/>\n\t<meta name=\"twitter:label2\" content=\"Est. reading time\" \/>\n\t<meta name=\"twitter:data2\" content=\"2 minuta\" \/>\n<script type=\"application\/ld+json\" class=\"yoast-schema-graph\">{\"@context\":\"https:\/\/schema.org\",\"@graph\":[{\"@type\":\"Article\",\"@id\":\"https:\/\/permbledhja.com\/flet-babai-i-liridones-naimi-na-preu-ne-bese-dyshojme-se-e-vrau-qe-tia-marre-parate-e-sigurimit\/#article\",\"isPartOf\":{\"@id\":\"https:\/\/permbledhja.com\/flet-babai-i-liridones-naimi-na-preu-ne-bese-dyshojme-se-e-vrau-qe-tia-marre-parate-e-sigurimit\/\"},\"author\":{\"name\":\"P\u00ebrmbledhja\",\"@id\":\"https:\/\/permbledhja.com\/#\/schema\/person\/0d064377258d3221e50693947b9eb4fe\"},\"headline\":\"Flet babai i Liridon\u00ebs: Naimi na preu n\u00eb bes\u00eb, dyshojm\u00eb se e vrau q\u00eb t\u2019ia marr\u00eb parat\u00eb e sigurimit\",\"datePublished\":\"2023-12-02T19:15:42+00:00\",\"dateModified\":\"2023-12-02T19:15:42+00:00\",\"mainEntityOfPage\":{\"@id\":\"https:\/\/permbledhja.com\/flet-babai-i-liridones-naimi-na-preu-ne-bese-dyshojme-se-e-vrau-qe-tia-marre-parate-e-sigurimit\/\"},\"wordCount\":441,\"publisher\":{\"@id\":\"https:\/\/permbledhja.com\/#organization\"},\"keywords\":[\"Liridona Murseli\"],\"articleSection\":[\"T\u00eb r\u00ebnd\u00ebsishme\"],\"inLanguage\":\"sq\"},{\"@type\":\"WebPage\",\"@id\":\"https:\/\/permbledhja.com\/flet-babai-i-liridones-naimi-na-preu-ne-bese-dyshojme-se-e-vrau-qe-tia-marre-parate-e-sigurimit\/\",\"url\":\"https:\/\/permbledhja.com\/flet-babai-i-liridones-naimi-na-preu-ne-bese-dyshojme-se-e-vrau-qe-tia-marre-parate-e-sigurimit\/\",\"name\":\"Flet babai i Liridon\u00ebs: Naimi na preu n\u00eb bes\u00eb, dyshojm\u00eb se e vrau q\u00eb t\u2019ia marr\u00eb parat\u00eb e sigurimit\",\"isPartOf\":{\"@id\":\"https:\/\/permbledhja.com\/#website\"},\"datePublished\":\"2023-12-02T19:15:42+00:00\",\"dateModified\":\"2023-12-02T19:15:42+00:00\",\"breadcrumb\":{\"@id\":\"https:\/\/permbledhja.com\/flet-babai-i-liridones-naimi-na-preu-ne-bese-dyshojme-se-e-vrau-qe-tia-marre-parate-e-sigurimit\/#breadcrumb\"},\"inLanguage\":\"sq\",\"potentialAction\":[{\"@type\":\"ReadAction\",\"target\":[\"https:\/\/permbledhja.com\/flet-babai-i-liridones-naimi-na-preu-ne-bese-dyshojme-se-e-vrau-qe-tia-marre-parate-e-sigurimit\/\"]}]},{\"@type\":\"BreadcrumbList\",\"@id\":\"https:\/\/permbledhja.com\/flet-babai-i-liridones-naimi-na-preu-ne-bese-dyshojme-se-e-vrau-qe-tia-marre-parate-e-sigurimit\/#breadcrumb\",\"itemListElement\":[{\"@type\":\"ListItem\",\"position\":1,\"name\":\"Ballina\",\"item\":\"https:\/\/permbledhja.com\/sq\/\"},{\"@type\":\"ListItem\",\"position\":2,\"name\":\"Flet babai i Liridon\u00ebs: Naimi na preu n\u00eb bes\u00eb, dyshojm\u00eb se e vrau q\u00eb t\u2019ia marr\u00eb parat\u00eb e sigurimit\"}]},{\"@type\":\"WebSite\",\"@id\":\"https:\/\/permbledhja.com\/#website\",\"url\":\"https:\/\/permbledhja.com\/\",\"name\":\"Ve\u00e7 artikuj p\u00ebrmbledh\u00ebs\",\"description\":\"\",\"publisher\":{\"@id\":\"https:\/\/permbledhja.com\/#organization\"},\"potentialAction\":[{\"@type\":\"SearchAction\",\"target\":{\"@type\":\"EntryPoint\",\"urlTemplate\":\"https:\/\/permbledhja.com\/?s={search_term_string}\"},\"query-input\":\"required name=search_term_string\"}],\"inLanguage\":\"sq\"},{\"@type\":\"Organization\",\"@id\":\"https:\/\/permbledhja.com\/#organization\",\"name\":\"MK Media & Pr\",\"url\":\"https:\/\/permbledhja.com\/\",\"logo\":{\"@type\":\"ImageObject\",\"inLanguage\":\"sq\",\"@id\":\"https:\/\/permbledhja.com\/#\/schema\/logo\/image\/\",\"url\":\"https:\/\/permbledhja.com\/wp-content\/uploads\/2021\/12\/07-Press-Logo.jpg\",\"contentUrl\":\"https:\/\/permbledhja.com\/wp-content\/uploads\/2021\/12\/07-Press-Logo.jpg\",\"width\":512,\"height\":512,\"caption\":\"MK Media & Pr\"},\"image\":{\"@id\":\"https:\/\/permbledhja.com\/#\/schema\/logo\/image\/\"},\"sameAs\":[\"https:\/\/www.facebook.com\/press07\/\"]},{\"@type\":\"Person\",\"@id\":\"https:\/\/permbledhja.com\/#\/schema\/person\/0d064377258d3221e50693947b9eb4fe\",\"name\":\"P\u00ebrmbledhja\",\"image\":{\"@type\":\"ImageObject\",\"inLanguage\":\"sq\",\"@id\":\"https:\/\/permbledhja.com\/#\/schema\/person\/image\/\",\"url\":\"https:\/\/permbledhja.com\/wp-content\/uploads\/2026\/01\/452004717_1040944174702970_8932037511805513407_n-96x96.jpg\",\"contentUrl\":\"https:\/\/permbledhja.com\/wp-content\/uploads\/2026\/01\/452004717_1040944174702970_8932037511805513407_n-96x96.jpg\",\"caption\":\"P\u00ebrmbledhja\"},\"sameAs\":[\"https:\/\/www.facebook.com\/kafexhiu.muharrem\/\",\"https:\/\/www.instagram.com\/muharrem_kafexhiu\/\"],\"url\":\"https:\/\/permbledhja.com\/sq\/author\/admin\/\"}]}<\/script>\n<!-- \/ Yoast SEO plugin. -->","yoast_head_json":{"title":"Flet babai i Liridon\u00ebs: Naimi na preu n\u00eb bes\u00eb, dyshojm\u00eb se e vrau q\u00eb t\u2019ia marr\u00eb parat\u00eb e sigurimit","robots":{"index":"index","follow":"follow","max-snippet":"max-snippet:-1","max-image-preview":"max-image-preview:large","max-video-preview":"max-video-preview:-1"},"canonical":"https:\/\/permbledhja.com\/sq\/flet-babai-i-liridones-naimi-na-preu-ne-bese-dyshojme-se-e-vrau-qe-tia-marre-parate-e-sigurimit\/","og_locale":"sq_AL","og_type":"article","og_title":"Flet babai i Liridon\u00ebs: Naimi na preu n\u00eb bes\u00eb, dyshojm\u00eb se e vrau q\u00eb t\u2019ia marr\u00eb parat\u00eb e sigurimit","og_description":"Hajdar Ademaj, babai i 30-vje\u00e7ares Liridona Ademaj, ka folur pas ngjarjes tragjike q\u00eb ndodhi mbr\u00ebmjen e s\u00eb m\u00ebrkur\u00ebs, ku e bija mbeti e vrar\u00eb si pasoj\u00eb e t\u00eb sht\u00ebnave me arm\u00eb zjarri n\u00eb rrug\u00ebn \u2018Dalip Alshiqi\u2019 n\u00eb Prishtin\u00eb. Pas arrestimit t\u00eb bashk\u00ebshortit t\u00eb Liridon\u00ebs, Naim Murselit \u2013 n\u00ebn dyshimet q\u00eb ka porositur vrasjen e bashk\u00ebshortes [&hellip;]","og_url":"https:\/\/permbledhja.com\/sq\/flet-babai-i-liridones-naimi-na-preu-ne-bese-dyshojme-se-e-vrau-qe-tia-marre-parate-e-sigurimit\/","og_site_name":"Ve\u00e7 artikuj p\u00ebrmbledh\u00ebs","article_publisher":"https:\/\/www.facebook.com\/press07\/","article_author":"https:\/\/www.facebook.com\/kafexhiu.muharrem\/","article_published_time":"2023-12-02T19:15:42+00:00","og_image":[{"width":963,"height":632,"url":"https:\/\/permbledhja.com\/wp-content\/uploads\/2023\/12\/C619A7F9-2FD6-4B62-9F23-4ECC4524AD77.webp","type":"image\/webp"}],"author":"P\u00ebrmbledhja","twitter_card":"summary_large_image","twitter_misc":{"Written by":"P\u00ebrmbledhja","Est. reading time":"2 minuta"},"schema":{"@context":"https:\/\/schema.org","@graph":[{"@type":"Article","@id":"https:\/\/permbledhja.com\/flet-babai-i-liridones-naimi-na-preu-ne-bese-dyshojme-se-e-vrau-qe-tia-marre-parate-e-sigurimit\/#article","isPartOf":{"@id":"https:\/\/permbledhja.com\/flet-babai-i-liridones-naimi-na-preu-ne-bese-dyshojme-se-e-vrau-qe-tia-marre-parate-e-sigurimit\/"},"author":{"name":"P\u00ebrmbledhja","@id":"https:\/\/permbledhja.com\/#\/schema\/person\/0d064377258d3221e50693947b9eb4fe"},"headline":"Flet babai i Liridon\u00ebs: Naimi na preu n\u00eb bes\u00eb, dyshojm\u00eb se e vrau q\u00eb t\u2019ia marr\u00eb parat\u00eb e sigurimit","datePublished":"2023-12-02T19:15:42+00:00","dateModified":"2023-12-02T19:15:42+00:00","mainEntityOfPage":{"@id":"https:\/\/permbledhja.com\/flet-babai-i-liridones-naimi-na-preu-ne-bese-dyshojme-se-e-vrau-qe-tia-marre-parate-e-sigurimit\/"},"wordCount":441,"publisher":{"@id":"https:\/\/permbledhja.com\/#organization"},"keywords":["Liridona Murseli"],"articleSection":["T\u00eb r\u00ebnd\u00ebsishme"],"inLanguage":"sq"},{"@type":"WebPage","@id":"https:\/\/permbledhja.com\/flet-babai-i-liridones-naimi-na-preu-ne-bese-dyshojme-se-e-vrau-qe-tia-marre-parate-e-sigurimit\/","url":"https:\/\/permbledhja.com\/flet-babai-i-liridones-naimi-na-preu-ne-bese-dyshojme-se-e-vrau-qe-tia-marre-parate-e-sigurimit\/","name":"Flet babai i Liridon\u00ebs: Naimi na preu n\u00eb bes\u00eb, dyshojm\u00eb se e vrau q\u00eb t\u2019ia marr\u00eb parat\u00eb e sigurimit","isPartOf":{"@id":"https:\/\/permbledhja.com\/#website"},"datePublished":"2023-12-02T19:15:42+00:00","dateModified":"2023-12-02T19:15:42+00:00","breadcrumb":{"@id":"https:\/\/permbledhja.com\/flet-babai-i-liridones-naimi-na-preu-ne-bese-dyshojme-se-e-vrau-qe-tia-marre-parate-e-sigurimit\/#breadcrumb"},"inLanguage":"sq","potentialAction":[{"@type":"ReadAction","target":["https:\/\/permbledhja.com\/flet-babai-i-liridones-naimi-na-preu-ne-bese-dyshojme-se-e-vrau-qe-tia-marre-parate-e-sigurimit\/"]}]},{"@type":"BreadcrumbList","@id":"https:\/\/permbledhja.com\/flet-babai-i-liridones-naimi-na-preu-ne-bese-dyshojme-se-e-vrau-qe-tia-marre-parate-e-sigurimit\/#breadcrumb","itemListElement":[{"@type":"ListItem","position":1,"name":"Ballina","item":"https:\/\/permbledhja.com\/sq\/"},{"@type":"ListItem","position":2,"name":"Flet babai i Liridon\u00ebs: Naimi na preu n\u00eb bes\u00eb, dyshojm\u00eb se e vrau q\u00eb t\u2019ia marr\u00eb parat\u00eb e sigurimit"}]},{"@type":"WebSite","@id":"https:\/\/permbledhja.com\/#website","url":"https:\/\/permbledhja.com\/","name":"Ve\u00e7 artikuj p\u00ebrmbledh\u00ebs","description":"","publisher":{"@id":"https:\/\/permbledhja.com\/#organization"},"potentialAction":[{"@type":"SearchAction","target":{"@type":"EntryPoint","urlTemplate":"https:\/\/permbledhja.com\/?s={search_term_string}"},"query-input":"required name=search_term_string"}],"inLanguage":"sq"},{"@type":"Organization","@id":"https:\/\/permbledhja.com\/#organization","name":"MK Media & Pr","url":"https:\/\/permbledhja.com\/","logo":{"@type":"ImageObject","inLanguage":"sq","@id":"https:\/\/permbledhja.com\/#\/schema\/logo\/image\/","url":"https:\/\/permbledhja.com\/wp-content\/uploads\/2021\/12\/07-Press-Logo.jpg","contentUrl":"https:\/\/permbledhja.com\/wp-content\/uploads\/2021\/12\/07-Press-Logo.jpg","width":512,"height":512,"caption":"MK Media & Pr"},"image":{"@id":"https:\/\/permbledhja.com\/#\/schema\/logo\/image\/"},"sameAs":["https:\/\/www.facebook.com\/press07\/"]},{"@type":"Person","@id":"https:\/\/permbledhja.com\/#\/schema\/person\/0d064377258d3221e50693947b9eb4fe","name":"P\u00ebrmbledhja","image":{"@type":"ImageObject","inLanguage":"sq","@id":"https:\/\/permbledhja.com\/#\/schema\/person\/image\/","url":"https:\/\/permbledhja.com\/wp-content\/uploads\/2026\/01\/452004717_1040944174702970_8932037511805513407_n-96x96.jpg","contentUrl":"https:\/\/permbledhja.com\/wp-content\/uploads\/2026\/01\/452004717_1040944174702970_8932037511805513407_n-96x96.jpg","caption":"P\u00ebrmbledhja"},"sameAs":["https:\/\/www.facebook.com\/kafexhiu.muharrem\/","https:\/\/www.instagram.com\/muharrem_kafexhiu\/"],"url":"https:\/\/permbledhja.com\/sq\/author\/admin\/"}]}},"_links":{"self":[{"href":"https:\/\/permbledhja.com\/sq\/wp-json\/wp\/v2\/posts\/38164"}],"collection":[{"href":"https:\/\/permbledhja.com\/sq\/wp-json\/wp\/v2\/posts"}],"about":[{"href":"https:\/\/permbledhja.com\/sq\/wp-json\/wp\/v2\/types\/post"}],"author":[{"embeddable":true,"href":"https:\/\/permbledhja.com\/sq\/wp-json\/wp\/v2\/users\/1"}],"replies":[{"embeddable":true,"href":"https:\/\/permbledhja.com\/sq\/wp-json\/wp\/v2\/comments?post=38164"}],"version-history":[{"count":1,"href":"https:\/\/permbledhja.com\/sq\/wp-json\/wp\/v2\/posts\/38164\/revisions"}],"predecessor-version":[{"id":38166,"href":"https:\/\/permbledhja.com\/sq\/wp-json\/wp\/v2\/posts\/38164\/revisions\/38166"}],"wp:featuredmedia":[{"embeddable":true,"href":"https:\/\/permbledhja.com\/sq\/wp-json\/wp\/v2\/media\/38165"}],"wp:attachment":[{"href":"https:\/\/permbledhja.com\/sq\/wp-json\/wp\/v2\/media?parent=38164"}],"wp:term":[{"taxonomy":"category","embeddable":true,"href":"https:\/\/permbledhja.com\/sq\/wp-json\/wp\/v2\/categories?post=38164"},{"taxonomy":"post_tag","embeddable":true,"href":"https:\/\/permbledhja.com\/sq\/wp-json\/wp\/v2\/tags?post=38164"}],"curies":[{"name":"wp","href":"https:\/\/api.w.org\/{rel}","templated":true}]}}