{"id":38162,"date":"2023-12-02T18:19:53","date_gmt":"2023-12-02T18:19:53","guid":{"rendered":"https:\/\/permbledhja.com\/?p=38162"},"modified":"2023-12-03T07:15:14","modified_gmt":"2023-12-03T07:15:14","slug":"gjykata-speciale-rikthen-komunikimet-e-ish-krereve-te-uck-se-me-familjare","status":"publish","type":"post","link":"https:\/\/permbledhja.com\/sq\/gjykata-speciale-rikthen-komunikimet-e-ish-krereve-te-uck-se-me-familjare\/","title":{"rendered":"Gjykata Speciale rikthen komunikimet e ish-krer\u00ebve t\u00eb U\u00c7K-s\u00eb me familjar\u00eb"},"content":{"rendered":"<h3>Pas dy jav\u00ebsh nga k\u00ebrkesa \u2018urgjente\u2019 e Prokuroris\u00eb s\u00eb Specializuar dhe miratimi i p\u00ebrkohsh\u00ebm i saj nga Trupi Gjykues p\u00ebr t\u2019i ndaluar gjith\u00eb komunikimet mes ish krer\u00ebve t\u00eb U\u00c7K-s\u00eb q\u00eb po q\u00ebndrojn\u00eb n\u00eb Qendr\u00ebn e Paraburgimit n\u00eb Sheveningen dhe familjar\u00ebve t\u00eb tyre, gjendja ka ndryshuar.<\/h3>\n<p>Klan Kosova m\u00ebson nga burimet e saj, se pas rishqyrtimit t\u00eb fakteve nga Regjistri dhe ankesave t\u00eb ekipeve t\u00eb mbrojtjes, gjykata pritet ta publikoj\u00eb s\u00eb shpejti vendimin me an\u00eb t\u00eb s\u00eb cilit lejon vizitat fizike t\u00eb familjar\u00ebve n\u00eb Qendr\u00ebn e Paraburgimit, p\u00ebrve\u00e7 komunikimeve me telefon dhe p\u00ebrmes Zoom si\u00e7 kishte k\u00ebmb\u00ebngulur ZPS.<\/p>\n<p>T\u00eb premten e 17 n\u00ebntorit, Prokuroria e Specializuar dor\u00ebzoi k\u00ebrkes\u00eb urgjente p\u00ebr t\u00eb ndaluar \u00e7far\u00ebdo komunikimi me jasht\u00eb, p\u00ebrve\u00e7 kontaktit bazik me ekipet mbrojt\u00ebse (apo komunikimi i privilegjuar si\u00e7 iu referohet n\u00eb parashtres\u00eb) p\u00ebr shkak se prokuroria ka zbuluar nga p\u00ebrgjimet disa-mujore se t\u00eb akuzuarit Hashim Tha\u00e7i, Kadri Veseli dhe Rexhep Selimi kishin zbuluar detaje nga d\u00ebshmit\u00eb e dh\u00ebna n\u00eb seanc\u00eb private me personat q\u00eb i vizitonin ata n\u00eb Qendr\u00ebn e Paraburgimit, identitetin e d\u00ebshmitar\u00ebve t\u00eb mbrojtur si dhe kishin d\u00ebrguar mesazhe p\u00ebrmes personave t\u00eb tret\u00eb dhe t\u00eb kat\u00ebrt tek d\u00ebshmitar\u00ebt t\u00eb cil\u00ebt pritej t\u00eb d\u00ebshmonin q\u00eb ta zbusnin d\u00ebshmin\u00eb e tyre.<\/p>\n<p>P\u00ebr t\u2019i v\u00ebrtetuar k\u00ebto pretendime, Prokuroria u dor\u00ebzoi gjykat\u00ebs dhe ekipeve mbrojt\u00ebse edhe transkriptet e komunikimeve q\u00eb ishin p\u00ebrgjuar.<\/p>\n<p>Mir\u00ebpo gjat\u00eb k\u00ebtyre dit\u00ebve, mbrojtja e cila pranoi edhe nj\u00eb USB nga Zyra e Prokuroris\u00eb, nxori korrespodenc\u00eb t\u00eb re komunikimesh me t\u00eb cilat pretendojn\u00eb se ish krer\u00ebt e U\u00c7K-s\u00eb, nuk dhan\u00eb udh\u00ebzime p\u00ebr t\u00eb nd\u00ebrhyr\u00eb por p\u00ebr t\u00eb q\u00ebndruar sa m\u00eb larg nga d\u00ebshmitar\u00ebt e prokuroris\u00eb, ngaq\u00eb \u00e7do bised\u00eb me ta do t\u2019u shkaktonte d\u00ebm n\u00eb procesin gjyq\u00ebsor.<\/p>\n<p>M\u00eb posht\u00eb \u00ebsht\u00eb zbardhur nj\u00eb pjes\u00eb e komunikimeve tjera n\u00eb Qendr\u00ebn e Paraburgimit mes nj\u00eb personi (emri i tij mbetet i redaktuar) dhe Kadri Veselit.<\/p>\n<p><strong>\u2013 [E REDAKTUAR]: U takuam me [e redaktuar]; pim\u00eb kafe me t\u00eb, [nuk kuptohet].<br \/>\n\u2013 Kadri Veseli: Shiko, \u00ebsht\u00eb mir\u00eb q\u00eb ne kemi [e redaktuar] edhe k\u00ebtu. Ti je njeri i jasht\u00ebzakonsh\u00ebm dhe nuk ke frik\u00eb, por d\u00ebgjom, mbaj sa m\u00eb shum\u00eb distanc\u00eb.<\/strong><\/p>\n<p>(flasin me nj\u00ebri \u2013 tjetrin vazhdimisht)<\/p>\n<p><strong>\u2013 Kadri Veseli: \u201cMos u b\u00ebj merak. [\u2026] Q\u00ebndro larg prej k\u00ebsaj sepse mund t\u00eb na b\u00ebsh d\u00ebm; mundesh me na b\u00eb ma shum\u00eb d\u00ebm se mir\u00eb. [e redaktuar], ata nuk mund t\u00eb na b\u00ebjn\u00eb d\u00ebm, ne nuk kemi probleme. Prej 300 njer\u00ebzve q\u00eb kan\u00eb mbet, asnj\u00ebri s\u2019mund t\u00eb na b\u00ebj\u00eb d\u00ebm. Mund t\u00eb g\u00ebnjejn\u00eb, Zoti merret me ta, munden me g\u00ebnjy si t\u00eb duan, por mos u brengos, se pastaj mund ta p\u00ebrdorin k\u00ebt\u00eb t\u00eb na v\u00ebn\u00eb n\u00eb pozit\u00eb t\u00eb keqe\u201d<\/strong> \u2013 thuhet nd\u00ebr t\u00eb tjera n\u00eb komunikimin e Veselit me vizitorin e tij.<\/p>\n","protected":false},"excerpt":{"rendered":"<p>Pas dy jav\u00ebsh nga k\u00ebrkesa \u2018urgjente\u2019 e Prokuroris\u00eb s\u00eb Specializuar dhe miratimi i p\u00ebrkohsh\u00ebm i saj nga Trupi Gjykues p\u00ebr t\u2019i ndaluar gjith\u00eb komunikimet mes ish krer\u00ebve t\u00eb U\u00c7K-s\u00eb q\u00eb po q\u00ebndrojn\u00eb n\u00eb Qendr\u00ebn e Paraburgimit n\u00eb Sheveningen dhe familjar\u00ebve t\u00eb tyre, gjendja ka ndryshuar. Klan Kosova m\u00ebson nga burimet e saj, se pas rishqyrtimit [&hellip;]<\/p>\n","protected":false},"author":1,"featured_media":37334,"comment_status":"closed","ping_status":"closed","sticky":false,"template":"","format":"standard","meta":{"_monsterinsights_skip_tracking":false,"_monsterinsights_sitenote_active":false,"_monsterinsights_sitenote_note":"","_monsterinsights_sitenote_category":0,"_uf_show_specific_survey":0,"_uf_disable_surveys":false,"footnotes":""},"categories":[1],"tags":[1085],"yoast_head":"<!-- This site is optimized with the Yoast SEO plugin v21.5 - https:\/\/yoast.com\/wordpress\/plugins\/seo\/ -->\n<title>Gjykata Speciale rikthen komunikimet e ish-krer\u00ebve t\u00eb U\u00c7K-s\u00eb me familjar\u00eb<\/title>\n<meta name=\"robots\" content=\"index, follow, max-snippet:-1, max-image-preview:large, max-video-preview:-1\" \/>\n<link rel=\"canonical\" href=\"https:\/\/permbledhja.com\/sq\/gjykata-speciale-rikthen-komunikimet-e-ish-krereve-te-uck-se-me-familjare\/\" \/>\n<meta property=\"og:locale\" content=\"sq_AL\" \/>\n<meta property=\"og:type\" content=\"article\" \/>\n<meta property=\"og:title\" content=\"Gjykata Speciale rikthen komunikimet e ish-krer\u00ebve t\u00eb U\u00c7K-s\u00eb me familjar\u00eb\" \/>\n<meta property=\"og:description\" content=\"Pas dy jav\u00ebsh nga k\u00ebrkesa \u2018urgjente\u2019 e Prokuroris\u00eb s\u00eb Specializuar dhe miratimi i p\u00ebrkohsh\u00ebm i saj nga Trupi Gjykues p\u00ebr t\u2019i ndaluar gjith\u00eb komunikimet mes ish krer\u00ebve t\u00eb U\u00c7K-s\u00eb q\u00eb po q\u00ebndrojn\u00eb n\u00eb Qendr\u00ebn e Paraburgimit n\u00eb Sheveningen dhe familjar\u00ebve t\u00eb tyre, gjendja ka ndryshuar. Klan Kosova m\u00ebson nga burimet e saj, se pas rishqyrtimit [&hellip;]\" \/>\n<meta property=\"og:url\" content=\"https:\/\/permbledhja.com\/sq\/gjykata-speciale-rikthen-komunikimet-e-ish-krereve-te-uck-se-me-familjare\/\" \/>\n<meta property=\"og:site_name\" content=\"Ve\u00e7 artikuj p\u00ebrmbledh\u00ebs\" \/>\n<meta property=\"article:publisher\" content=\"https:\/\/www.facebook.com\/press07\/\" \/>\n<meta property=\"article:author\" content=\"https:\/\/www.facebook.com\/kafexhiu.muharrem\/\" \/>\n<meta property=\"article:published_time\" content=\"2023-12-02T18:19:53+00:00\" \/>\n<meta property=\"article:modified_time\" content=\"2023-12-03T07:15:14+00:00\" \/>\n<meta property=\"og:image\" content=\"https:\/\/permbledhja.com\/wp-content\/uploads\/2023\/11\/gjykata-speciale.jpg\" \/>\n\t<meta property=\"og:image:width\" content=\"1309\" \/>\n\t<meta property=\"og:image:height\" content=\"739\" \/>\n\t<meta property=\"og:image:type\" content=\"image\/jpeg\" \/>\n<meta name=\"author\" content=\"P\u00ebrmbledhja\" \/>\n<meta name=\"twitter:card\" content=\"summary_large_image\" \/>\n<meta name=\"twitter:label1\" content=\"Written by\" \/>\n\t<meta name=\"twitter:data1\" content=\"P\u00ebrmbledhja\" \/>\n\t<meta name=\"twitter:label2\" content=\"Est. reading time\" \/>\n\t<meta name=\"twitter:data2\" content=\"3 minuta\" \/>\n<script type=\"application\/ld+json\" class=\"yoast-schema-graph\">{\"@context\":\"https:\/\/schema.org\",\"@graph\":[{\"@type\":\"Article\",\"@id\":\"https:\/\/permbledhja.com\/gjykata-speciale-rikthen-komunikimet-e-ish-krereve-te-uck-se-me-familjare\/#article\",\"isPartOf\":{\"@id\":\"https:\/\/permbledhja.com\/gjykata-speciale-rikthen-komunikimet-e-ish-krereve-te-uck-se-me-familjare\/\"},\"author\":{\"name\":\"P\u00ebrmbledhja\",\"@id\":\"https:\/\/permbledhja.com\/#\/schema\/person\/0d064377258d3221e50693947b9eb4fe\"},\"headline\":\"Gjykata Speciale rikthen komunikimet e ish-krer\u00ebve t\u00eb U\u00c7K-s\u00eb me familjar\u00eb\",\"datePublished\":\"2023-12-02T18:19:53+00:00\",\"dateModified\":\"2023-12-03T07:15:14+00:00\",\"mainEntityOfPage\":{\"@id\":\"https:\/\/permbledhja.com\/gjykata-speciale-rikthen-komunikimet-e-ish-krereve-te-uck-se-me-familjare\/\"},\"wordCount\":538,\"publisher\":{\"@id\":\"https:\/\/permbledhja.com\/#organization\"},\"keywords\":[\"Specialja\"],\"articleSection\":[\"Breaking News\"],\"inLanguage\":\"sq\"},{\"@type\":\"WebPage\",\"@id\":\"https:\/\/permbledhja.com\/gjykata-speciale-rikthen-komunikimet-e-ish-krereve-te-uck-se-me-familjare\/\",\"url\":\"https:\/\/permbledhja.com\/gjykata-speciale-rikthen-komunikimet-e-ish-krereve-te-uck-se-me-familjare\/\",\"name\":\"Gjykata Speciale rikthen komunikimet e ish-krer\u00ebve t\u00eb U\u00c7K-s\u00eb me familjar\u00eb\",\"isPartOf\":{\"@id\":\"https:\/\/permbledhja.com\/#website\"},\"datePublished\":\"2023-12-02T18:19:53+00:00\",\"dateModified\":\"2023-12-03T07:15:14+00:00\",\"breadcrumb\":{\"@id\":\"https:\/\/permbledhja.com\/gjykata-speciale-rikthen-komunikimet-e-ish-krereve-te-uck-se-me-familjare\/#breadcrumb\"},\"inLanguage\":\"sq\",\"potentialAction\":[{\"@type\":\"ReadAction\",\"target\":[\"https:\/\/permbledhja.com\/gjykata-speciale-rikthen-komunikimet-e-ish-krereve-te-uck-se-me-familjare\/\"]}]},{\"@type\":\"BreadcrumbList\",\"@id\":\"https:\/\/permbledhja.com\/gjykata-speciale-rikthen-komunikimet-e-ish-krereve-te-uck-se-me-familjare\/#breadcrumb\",\"itemListElement\":[{\"@type\":\"ListItem\",\"position\":1,\"name\":\"Ballina\",\"item\":\"https:\/\/permbledhja.com\/sq\/\"},{\"@type\":\"ListItem\",\"position\":2,\"name\":\"Gjykata Speciale rikthen komunikimet e ish-krer\u00ebve t\u00eb U\u00c7K-s\u00eb me familjar\u00eb\"}]},{\"@type\":\"WebSite\",\"@id\":\"https:\/\/permbledhja.com\/#website\",\"url\":\"https:\/\/permbledhja.com\/\",\"name\":\"Ve\u00e7 artikuj p\u00ebrmbledh\u00ebs\",\"description\":\"\",\"publisher\":{\"@id\":\"https:\/\/permbledhja.com\/#organization\"},\"potentialAction\":[{\"@type\":\"SearchAction\",\"target\":{\"@type\":\"EntryPoint\",\"urlTemplate\":\"https:\/\/permbledhja.com\/?s={search_term_string}\"},\"query-input\":\"required name=search_term_string\"}],\"inLanguage\":\"sq\"},{\"@type\":\"Organization\",\"@id\":\"https:\/\/permbledhja.com\/#organization\",\"name\":\"MK Media & Pr\",\"url\":\"https:\/\/permbledhja.com\/\",\"logo\":{\"@type\":\"ImageObject\",\"inLanguage\":\"sq\",\"@id\":\"https:\/\/permbledhja.com\/#\/schema\/logo\/image\/\",\"url\":\"https:\/\/permbledhja.com\/wp-content\/uploads\/2021\/12\/07-Press-Logo.jpg\",\"contentUrl\":\"https:\/\/permbledhja.com\/wp-content\/uploads\/2021\/12\/07-Press-Logo.jpg\",\"width\":512,\"height\":512,\"caption\":\"MK Media & Pr\"},\"image\":{\"@id\":\"https:\/\/permbledhja.com\/#\/schema\/logo\/image\/\"},\"sameAs\":[\"https:\/\/www.facebook.com\/press07\/\"]},{\"@type\":\"Person\",\"@id\":\"https:\/\/permbledhja.com\/#\/schema\/person\/0d064377258d3221e50693947b9eb4fe\",\"name\":\"P\u00ebrmbledhja\",\"image\":{\"@type\":\"ImageObject\",\"inLanguage\":\"sq\",\"@id\":\"https:\/\/permbledhja.com\/#\/schema\/person\/image\/\",\"url\":\"https:\/\/permbledhja.com\/wp-content\/uploads\/2026\/01\/452004717_1040944174702970_8932037511805513407_n-96x96.jpg\",\"contentUrl\":\"https:\/\/permbledhja.com\/wp-content\/uploads\/2026\/01\/452004717_1040944174702970_8932037511805513407_n-96x96.jpg\",\"caption\":\"P\u00ebrmbledhja\"},\"sameAs\":[\"https:\/\/www.facebook.com\/kafexhiu.muharrem\/\",\"https:\/\/www.instagram.com\/muharrem_kafexhiu\/\"],\"url\":\"https:\/\/permbledhja.com\/sq\/author\/admin\/\"}]}<\/script>\n<!-- \/ Yoast SEO plugin. -->","yoast_head_json":{"title":"Gjykata Speciale rikthen komunikimet e ish-krer\u00ebve t\u00eb U\u00c7K-s\u00eb me familjar\u00eb","robots":{"index":"index","follow":"follow","max-snippet":"max-snippet:-1","max-image-preview":"max-image-preview:large","max-video-preview":"max-video-preview:-1"},"canonical":"https:\/\/permbledhja.com\/sq\/gjykata-speciale-rikthen-komunikimet-e-ish-krereve-te-uck-se-me-familjare\/","og_locale":"sq_AL","og_type":"article","og_title":"Gjykata Speciale rikthen komunikimet e ish-krer\u00ebve t\u00eb U\u00c7K-s\u00eb me familjar\u00eb","og_description":"Pas dy jav\u00ebsh nga k\u00ebrkesa \u2018urgjente\u2019 e Prokuroris\u00eb s\u00eb Specializuar dhe miratimi i p\u00ebrkohsh\u00ebm i saj nga Trupi Gjykues p\u00ebr t\u2019i ndaluar gjith\u00eb komunikimet mes ish krer\u00ebve t\u00eb U\u00c7K-s\u00eb q\u00eb po q\u00ebndrojn\u00eb n\u00eb Qendr\u00ebn e Paraburgimit n\u00eb Sheveningen dhe familjar\u00ebve t\u00eb tyre, gjendja ka ndryshuar. Klan Kosova m\u00ebson nga burimet e saj, se pas rishqyrtimit [&hellip;]","og_url":"https:\/\/permbledhja.com\/sq\/gjykata-speciale-rikthen-komunikimet-e-ish-krereve-te-uck-se-me-familjare\/","og_site_name":"Ve\u00e7 artikuj p\u00ebrmbledh\u00ebs","article_publisher":"https:\/\/www.facebook.com\/press07\/","article_author":"https:\/\/www.facebook.com\/kafexhiu.muharrem\/","article_published_time":"2023-12-02T18:19:53+00:00","article_modified_time":"2023-12-03T07:15:14+00:00","og_image":[{"width":1309,"height":739,"url":"https:\/\/permbledhja.com\/wp-content\/uploads\/2023\/11\/gjykata-speciale.jpg","type":"image\/jpeg"}],"author":"P\u00ebrmbledhja","twitter_card":"summary_large_image","twitter_misc":{"Written by":"P\u00ebrmbledhja","Est. reading time":"3 minuta"},"schema":{"@context":"https:\/\/schema.org","@graph":[{"@type":"Article","@id":"https:\/\/permbledhja.com\/gjykata-speciale-rikthen-komunikimet-e-ish-krereve-te-uck-se-me-familjare\/#article","isPartOf":{"@id":"https:\/\/permbledhja.com\/gjykata-speciale-rikthen-komunikimet-e-ish-krereve-te-uck-se-me-familjare\/"},"author":{"name":"P\u00ebrmbledhja","@id":"https:\/\/permbledhja.com\/#\/schema\/person\/0d064377258d3221e50693947b9eb4fe"},"headline":"Gjykata Speciale rikthen komunikimet e ish-krer\u00ebve t\u00eb U\u00c7K-s\u00eb me familjar\u00eb","datePublished":"2023-12-02T18:19:53+00:00","dateModified":"2023-12-03T07:15:14+00:00","mainEntityOfPage":{"@id":"https:\/\/permbledhja.com\/gjykata-speciale-rikthen-komunikimet-e-ish-krereve-te-uck-se-me-familjare\/"},"wordCount":538,"publisher":{"@id":"https:\/\/permbledhja.com\/#organization"},"keywords":["Specialja"],"articleSection":["Breaking News"],"inLanguage":"sq"},{"@type":"WebPage","@id":"https:\/\/permbledhja.com\/gjykata-speciale-rikthen-komunikimet-e-ish-krereve-te-uck-se-me-familjare\/","url":"https:\/\/permbledhja.com\/gjykata-speciale-rikthen-komunikimet-e-ish-krereve-te-uck-se-me-familjare\/","name":"Gjykata Speciale rikthen komunikimet e ish-krer\u00ebve t\u00eb U\u00c7K-s\u00eb me familjar\u00eb","isPartOf":{"@id":"https:\/\/permbledhja.com\/#website"},"datePublished":"2023-12-02T18:19:53+00:00","dateModified":"2023-12-03T07:15:14+00:00","breadcrumb":{"@id":"https:\/\/permbledhja.com\/gjykata-speciale-rikthen-komunikimet-e-ish-krereve-te-uck-se-me-familjare\/#breadcrumb"},"inLanguage":"sq","potentialAction":[{"@type":"ReadAction","target":["https:\/\/permbledhja.com\/gjykata-speciale-rikthen-komunikimet-e-ish-krereve-te-uck-se-me-familjare\/"]}]},{"@type":"BreadcrumbList","@id":"https:\/\/permbledhja.com\/gjykata-speciale-rikthen-komunikimet-e-ish-krereve-te-uck-se-me-familjare\/#breadcrumb","itemListElement":[{"@type":"ListItem","position":1,"name":"Ballina","item":"https:\/\/permbledhja.com\/sq\/"},{"@type":"ListItem","position":2,"name":"Gjykata Speciale rikthen komunikimet e ish-krer\u00ebve t\u00eb U\u00c7K-s\u00eb me familjar\u00eb"}]},{"@type":"WebSite","@id":"https:\/\/permbledhja.com\/#website","url":"https:\/\/permbledhja.com\/","name":"Ve\u00e7 artikuj p\u00ebrmbledh\u00ebs","description":"","publisher":{"@id":"https:\/\/permbledhja.com\/#organization"},"potentialAction":[{"@type":"SearchAction","target":{"@type":"EntryPoint","urlTemplate":"https:\/\/permbledhja.com\/?s={search_term_string}"},"query-input":"required name=search_term_string"}],"inLanguage":"sq"},{"@type":"Organization","@id":"https:\/\/permbledhja.com\/#organization","name":"MK Media & Pr","url":"https:\/\/permbledhja.com\/","logo":{"@type":"ImageObject","inLanguage":"sq","@id":"https:\/\/permbledhja.com\/#\/schema\/logo\/image\/","url":"https:\/\/permbledhja.com\/wp-content\/uploads\/2021\/12\/07-Press-Logo.jpg","contentUrl":"https:\/\/permbledhja.com\/wp-content\/uploads\/2021\/12\/07-Press-Logo.jpg","width":512,"height":512,"caption":"MK Media & Pr"},"image":{"@id":"https:\/\/permbledhja.com\/#\/schema\/logo\/image\/"},"sameAs":["https:\/\/www.facebook.com\/press07\/"]},{"@type":"Person","@id":"https:\/\/permbledhja.com\/#\/schema\/person\/0d064377258d3221e50693947b9eb4fe","name":"P\u00ebrmbledhja","image":{"@type":"ImageObject","inLanguage":"sq","@id":"https:\/\/permbledhja.com\/#\/schema\/person\/image\/","url":"https:\/\/permbledhja.com\/wp-content\/uploads\/2026\/01\/452004717_1040944174702970_8932037511805513407_n-96x96.jpg","contentUrl":"https:\/\/permbledhja.com\/wp-content\/uploads\/2026\/01\/452004717_1040944174702970_8932037511805513407_n-96x96.jpg","caption":"P\u00ebrmbledhja"},"sameAs":["https:\/\/www.facebook.com\/kafexhiu.muharrem\/","https:\/\/www.instagram.com\/muharrem_kafexhiu\/"],"url":"https:\/\/permbledhja.com\/sq\/author\/admin\/"}]}},"_links":{"self":[{"href":"https:\/\/permbledhja.com\/sq\/wp-json\/wp\/v2\/posts\/38162"}],"collection":[{"href":"https:\/\/permbledhja.com\/sq\/wp-json\/wp\/v2\/posts"}],"about":[{"href":"https:\/\/permbledhja.com\/sq\/wp-json\/wp\/v2\/types\/post"}],"author":[{"embeddable":true,"href":"https:\/\/permbledhja.com\/sq\/wp-json\/wp\/v2\/users\/1"}],"replies":[{"embeddable":true,"href":"https:\/\/permbledhja.com\/sq\/wp-json\/wp\/v2\/comments?post=38162"}],"version-history":[{"count":1,"href":"https:\/\/permbledhja.com\/sq\/wp-json\/wp\/v2\/posts\/38162\/revisions"}],"predecessor-version":[{"id":38163,"href":"https:\/\/permbledhja.com\/sq\/wp-json\/wp\/v2\/posts\/38162\/revisions\/38163"}],"wp:featuredmedia":[{"embeddable":true,"href":"https:\/\/permbledhja.com\/sq\/wp-json\/wp\/v2\/media\/37334"}],"wp:attachment":[{"href":"https:\/\/permbledhja.com\/sq\/wp-json\/wp\/v2\/media?parent=38162"}],"wp:term":[{"taxonomy":"category","embeddable":true,"href":"https:\/\/permbledhja.com\/sq\/wp-json\/wp\/v2\/categories?post=38162"},{"taxonomy":"post_tag","embeddable":true,"href":"https:\/\/permbledhja.com\/sq\/wp-json\/wp\/v2\/tags?post=38162"}],"curies":[{"name":"wp","href":"https:\/\/api.w.org\/{rel}","templated":true}]}}