{"id":38156,"date":"2023-12-02T14:32:34","date_gmt":"2023-12-02T14:32:34","guid":{"rendered":"https:\/\/permbledhja.com\/?p=38156"},"modified":"2023-12-02T14:32:34","modified_gmt":"2023-12-02T14:32:34","slug":"e-tmerrshme-kjo-dyshohet-te-jete-arsyeja-qe-mund-te-kete-inspiruar-naim-murselin-per-vrasjen-e-liridones","status":"publish","type":"post","link":"https:\/\/permbledhja.com\/sq\/e-tmerrshme-kjo-dyshohet-te-jete-arsyeja-qe-mund-te-kete-inspiruar-naim-murselin-per-vrasjen-e-liridones\/","title":{"rendered":"E tmerrshme: Kjo dyshohet t\u00eb jet\u00eb arsyeja q\u00eb mund t\u00eb ket\u00eb inspiruar Naim Murselin p\u00ebr vrasjen e Liridon\u00ebs"},"content":{"rendered":"<h3>Opinioni kosovar dhe me gjer\u00eb vazhdon t\u00eb jet\u00eb i tronditur nga vrasja e Liridona Ademajt.<\/h3>\n<p>Burri i saj, Naim Murseli dyshohet se q\u00ebndron prapa k\u00ebsaj vrasje makabre mbr\u00ebmjen e s\u00eb m\u00ebrkur\u00ebs.<\/p>\n<p>Murseli dyshohet se n\u00eb bashk\u00ebpunim me dy persona t\u00eb tjer\u00eb kan\u00eb organizuar vrasjen e bashk\u00ebshortes s\u00eb tij, n\u00ebn\u00eb e dy f\u00ebmij\u00ebve.<\/p>\n<p>Murseli thuhet se ka pranuar para organeve t\u00eb drejt\u00ebsis\u00eb organizimin e vrasjes s\u00eb Liridona Ademajt.<\/p>\n<p>Por cila ishte arsyeja q\u00eb e nxiti at\u00eb drejt k\u00ebsaj vepre kriminale e monstruoze?<\/p>\n<p><a href=\"https:\/\/indeksonline.net\/ekskluzive-kjo-eshte-arsyeja-qe-dyshohet-se-mund-te-kete-inspiruar-naimin-per-vrasjen-e-liridones\/\">Burime t\u00eb Indeksonline<\/a> b\u00ebjn\u00eb t\u00eb ditur se Naim Murseli para nj\u00eb kohe i ka paguar sigurimin jet\u00ebsor Liridona Ademajt n\u00eb nj\u00eb kompani t\u00eb fuqishme suedeze.<\/p>\n<p>Sigurimi jet\u00ebsor nd\u00ebr t\u00eb tjera garantonte q\u00eb n\u00eb rast t\u00eb ndonj\u00eb fatkeq\u00ebsie apo tragjedie jet\u00ebsore, sigurimi mund t\u00eb mbulonte shpenzimet deri n\u00eb 20 milion\u00eb euro.<\/p>\n<p>Naim Murseli dyshohet se ka qen\u00eb n\u00eb dijeni p\u00ebr k\u00ebt\u00eb shum\u00eb shpaguese dhe mund t\u00eb jet\u00eb inspiruar q\u00eb t\u00eb organizoi fundin tragjik t\u00eb n\u00ebn\u00ebs s\u00eb dy f\u00ebmij\u00ebve t\u00eb tij.<\/p>\n<p>Murseli ende s\u2019ka treguar para organeve t\u00eb drejt\u00ebsis\u00eb arsyen q\u00eb ka b\u00ebr\u00eb k\u00ebt\u00eb krim, por nj\u00eb nga pistat e besueshme mund t\u00eb jet\u00eb kjo, bazuar n\u00eb burime t\u00eb af\u00ebrta me ish-\u00e7iftin.<\/p>\n","protected":false},"excerpt":{"rendered":"<p>Opinioni kosovar dhe me gjer\u00eb vazhdon t\u00eb jet\u00eb i tronditur nga vrasja e Liridona Ademajt. Burri i saj, Naim Murseli dyshohet se q\u00ebndron prapa k\u00ebsaj vrasje makabre mbr\u00ebmjen e s\u00eb m\u00ebrkur\u00ebs. Murseli dyshohet se n\u00eb bashk\u00ebpunim me dy persona t\u00eb tjer\u00eb kan\u00eb organizuar vrasjen e bashk\u00ebshortes s\u00eb tij, n\u00ebn\u00eb e dy f\u00ebmij\u00ebve. Murseli thuhet se [&hellip;]<\/p>\n","protected":false},"author":1,"featured_media":38157,"comment_status":"closed","ping_status":"closed","sticky":false,"template":"","format":"standard","meta":{"_monsterinsights_skip_tracking":false,"_monsterinsights_sitenote_active":false,"_monsterinsights_sitenote_note":"","_monsterinsights_sitenote_category":0,"_uf_show_specific_survey":0,"_uf_disable_surveys":false,"footnotes":""},"categories":[2645],"tags":[2720],"yoast_head":"<!-- This site is optimized with the Yoast SEO plugin v21.5 - https:\/\/yoast.com\/wordpress\/plugins\/seo\/ -->\n<title>E tmerrshme: Kjo dyshohet t\u00eb jet\u00eb arsyeja q\u00eb mund t\u00eb ket\u00eb inspiruar Naim Murselin p\u00ebr vrasjen e Liridon\u00ebs<\/title>\n<meta name=\"robots\" content=\"index, follow, max-snippet:-1, max-image-preview:large, max-video-preview:-1\" \/>\n<link rel=\"canonical\" href=\"https:\/\/permbledhja.com\/sq\/e-tmerrshme-kjo-dyshohet-te-jete-arsyeja-qe-mund-te-kete-inspiruar-naim-murselin-per-vrasjen-e-liridones\/\" \/>\n<meta property=\"og:locale\" content=\"sq_AL\" \/>\n<meta property=\"og:type\" content=\"article\" \/>\n<meta property=\"og:title\" content=\"E tmerrshme: Kjo dyshohet t\u00eb jet\u00eb arsyeja q\u00eb mund t\u00eb ket\u00eb inspiruar Naim Murselin p\u00ebr vrasjen e Liridon\u00ebs\" \/>\n<meta property=\"og:description\" content=\"Opinioni kosovar dhe me gjer\u00eb vazhdon t\u00eb jet\u00eb i tronditur nga vrasja e Liridona Ademajt. Burri i saj, Naim Murseli dyshohet se q\u00ebndron prapa k\u00ebsaj vrasje makabre mbr\u00ebmjen e s\u00eb m\u00ebrkur\u00ebs. Murseli dyshohet se n\u00eb bashk\u00ebpunim me dy persona t\u00eb tjer\u00eb kan\u00eb organizuar vrasjen e bashk\u00ebshortes s\u00eb tij, n\u00ebn\u00eb e dy f\u00ebmij\u00ebve. Murseli thuhet se [&hellip;]\" \/>\n<meta property=\"og:url\" content=\"https:\/\/permbledhja.com\/sq\/e-tmerrshme-kjo-dyshohet-te-jete-arsyeja-qe-mund-te-kete-inspiruar-naim-murselin-per-vrasjen-e-liridones\/\" \/>\n<meta property=\"og:site_name\" content=\"Ve\u00e7 artikuj p\u00ebrmbledh\u00ebs\" \/>\n<meta property=\"article:publisher\" content=\"https:\/\/www.facebook.com\/press07\/\" \/>\n<meta property=\"article:author\" content=\"https:\/\/www.facebook.com\/kafexhiu.muharrem\/\" \/>\n<meta property=\"article:published_time\" content=\"2023-12-02T14:32:34+00:00\" \/>\n<meta property=\"og:image\" content=\"https:\/\/permbledhja.com\/wp-content\/uploads\/2023\/12\/40BC216A-FF10-4B82-8852-7B649C470138.jpeg\" \/>\n\t<meta property=\"og:image:width\" content=\"762\" \/>\n\t<meta property=\"og:image:height\" content=\"541\" \/>\n\t<meta property=\"og:image:type\" content=\"image\/jpeg\" \/>\n<meta name=\"author\" content=\"P\u00ebrmbledhja\" \/>\n<meta name=\"twitter:card\" content=\"summary_large_image\" \/>\n<meta name=\"twitter:label1\" content=\"Written by\" \/>\n\t<meta name=\"twitter:data1\" content=\"P\u00ebrmbledhja\" \/>\n\t<meta name=\"twitter:label2\" content=\"Est. reading time\" \/>\n\t<meta name=\"twitter:data2\" content=\"2 minuta\" \/>\n<script type=\"application\/ld+json\" class=\"yoast-schema-graph\">{\"@context\":\"https:\/\/schema.org\",\"@graph\":[{\"@type\":\"Article\",\"@id\":\"https:\/\/permbledhja.com\/e-tmerrshme-kjo-dyshohet-te-jete-arsyeja-qe-mund-te-kete-inspiruar-naim-murselin-per-vrasjen-e-liridones\/#article\",\"isPartOf\":{\"@id\":\"https:\/\/permbledhja.com\/e-tmerrshme-kjo-dyshohet-te-jete-arsyeja-qe-mund-te-kete-inspiruar-naim-murselin-per-vrasjen-e-liridones\/\"},\"author\":{\"name\":\"P\u00ebrmbledhja\",\"@id\":\"https:\/\/permbledhja.com\/#\/schema\/person\/0d064377258d3221e50693947b9eb4fe\"},\"headline\":\"E tmerrshme: Kjo dyshohet t\u00eb jet\u00eb arsyeja q\u00eb mund t\u00eb ket\u00eb inspiruar Naim Murselin p\u00ebr vrasjen e Liridon\u00ebs\",\"datePublished\":\"2023-12-02T14:32:34+00:00\",\"dateModified\":\"2023-12-02T14:32:34+00:00\",\"mainEntityOfPage\":{\"@id\":\"https:\/\/permbledhja.com\/e-tmerrshme-kjo-dyshohet-te-jete-arsyeja-qe-mund-te-kete-inspiruar-naim-murselin-per-vrasjen-e-liridones\/\"},\"wordCount\":240,\"publisher\":{\"@id\":\"https:\/\/permbledhja.com\/#organization\"},\"keywords\":[\"Liridona Murseli\"],\"articleSection\":[\"T\u00eb r\u00ebnd\u00ebsishme\"],\"inLanguage\":\"sq\"},{\"@type\":\"WebPage\",\"@id\":\"https:\/\/permbledhja.com\/e-tmerrshme-kjo-dyshohet-te-jete-arsyeja-qe-mund-te-kete-inspiruar-naim-murselin-per-vrasjen-e-liridones\/\",\"url\":\"https:\/\/permbledhja.com\/e-tmerrshme-kjo-dyshohet-te-jete-arsyeja-qe-mund-te-kete-inspiruar-naim-murselin-per-vrasjen-e-liridones\/\",\"name\":\"E tmerrshme: Kjo dyshohet t\u00eb jet\u00eb arsyeja q\u00eb mund t\u00eb ket\u00eb inspiruar Naim Murselin p\u00ebr vrasjen e Liridon\u00ebs\",\"isPartOf\":{\"@id\":\"https:\/\/permbledhja.com\/#website\"},\"datePublished\":\"2023-12-02T14:32:34+00:00\",\"dateModified\":\"2023-12-02T14:32:34+00:00\",\"breadcrumb\":{\"@id\":\"https:\/\/permbledhja.com\/e-tmerrshme-kjo-dyshohet-te-jete-arsyeja-qe-mund-te-kete-inspiruar-naim-murselin-per-vrasjen-e-liridones\/#breadcrumb\"},\"inLanguage\":\"sq\",\"potentialAction\":[{\"@type\":\"ReadAction\",\"target\":[\"https:\/\/permbledhja.com\/e-tmerrshme-kjo-dyshohet-te-jete-arsyeja-qe-mund-te-kete-inspiruar-naim-murselin-per-vrasjen-e-liridones\/\"]}]},{\"@type\":\"BreadcrumbList\",\"@id\":\"https:\/\/permbledhja.com\/e-tmerrshme-kjo-dyshohet-te-jete-arsyeja-qe-mund-te-kete-inspiruar-naim-murselin-per-vrasjen-e-liridones\/#breadcrumb\",\"itemListElement\":[{\"@type\":\"ListItem\",\"position\":1,\"name\":\"Ballina\",\"item\":\"https:\/\/permbledhja.com\/sq\/\"},{\"@type\":\"ListItem\",\"position\":2,\"name\":\"E tmerrshme: Kjo dyshohet t\u00eb jet\u00eb arsyeja q\u00eb mund t\u00eb ket\u00eb inspiruar Naim Murselin p\u00ebr vrasjen e Liridon\u00ebs\"}]},{\"@type\":\"WebSite\",\"@id\":\"https:\/\/permbledhja.com\/#website\",\"url\":\"https:\/\/permbledhja.com\/\",\"name\":\"Ve\u00e7 artikuj p\u00ebrmbledh\u00ebs\",\"description\":\"\",\"publisher\":{\"@id\":\"https:\/\/permbledhja.com\/#organization\"},\"potentialAction\":[{\"@type\":\"SearchAction\",\"target\":{\"@type\":\"EntryPoint\",\"urlTemplate\":\"https:\/\/permbledhja.com\/?s={search_term_string}\"},\"query-input\":\"required name=search_term_string\"}],\"inLanguage\":\"sq\"},{\"@type\":\"Organization\",\"@id\":\"https:\/\/permbledhja.com\/#organization\",\"name\":\"MK Media & Pr\",\"url\":\"https:\/\/permbledhja.com\/\",\"logo\":{\"@type\":\"ImageObject\",\"inLanguage\":\"sq\",\"@id\":\"https:\/\/permbledhja.com\/#\/schema\/logo\/image\/\",\"url\":\"https:\/\/permbledhja.com\/wp-content\/uploads\/2021\/12\/07-Press-Logo.jpg\",\"contentUrl\":\"https:\/\/permbledhja.com\/wp-content\/uploads\/2021\/12\/07-Press-Logo.jpg\",\"width\":512,\"height\":512,\"caption\":\"MK Media & Pr\"},\"image\":{\"@id\":\"https:\/\/permbledhja.com\/#\/schema\/logo\/image\/\"},\"sameAs\":[\"https:\/\/www.facebook.com\/press07\/\"]},{\"@type\":\"Person\",\"@id\":\"https:\/\/permbledhja.com\/#\/schema\/person\/0d064377258d3221e50693947b9eb4fe\",\"name\":\"P\u00ebrmbledhja\",\"image\":{\"@type\":\"ImageObject\",\"inLanguage\":\"sq\",\"@id\":\"https:\/\/permbledhja.com\/#\/schema\/person\/image\/\",\"url\":\"https:\/\/permbledhja.com\/wp-content\/uploads\/2026\/01\/452004717_1040944174702970_8932037511805513407_n-96x96.jpg\",\"contentUrl\":\"https:\/\/permbledhja.com\/wp-content\/uploads\/2026\/01\/452004717_1040944174702970_8932037511805513407_n-96x96.jpg\",\"caption\":\"P\u00ebrmbledhja\"},\"sameAs\":[\"https:\/\/www.facebook.com\/kafexhiu.muharrem\/\",\"https:\/\/www.instagram.com\/muharrem_kafexhiu\/\"],\"url\":\"https:\/\/permbledhja.com\/sq\/author\/admin\/\"}]}<\/script>\n<!-- \/ Yoast SEO plugin. -->","yoast_head_json":{"title":"E tmerrshme: Kjo dyshohet t\u00eb jet\u00eb arsyeja q\u00eb mund t\u00eb ket\u00eb inspiruar Naim Murselin p\u00ebr vrasjen e Liridon\u00ebs","robots":{"index":"index","follow":"follow","max-snippet":"max-snippet:-1","max-image-preview":"max-image-preview:large","max-video-preview":"max-video-preview:-1"},"canonical":"https:\/\/permbledhja.com\/sq\/e-tmerrshme-kjo-dyshohet-te-jete-arsyeja-qe-mund-te-kete-inspiruar-naim-murselin-per-vrasjen-e-liridones\/","og_locale":"sq_AL","og_type":"article","og_title":"E tmerrshme: Kjo dyshohet t\u00eb jet\u00eb arsyeja q\u00eb mund t\u00eb ket\u00eb inspiruar Naim Murselin p\u00ebr vrasjen e Liridon\u00ebs","og_description":"Opinioni kosovar dhe me gjer\u00eb vazhdon t\u00eb jet\u00eb i tronditur nga vrasja e Liridona Ademajt. Burri i saj, Naim Murseli dyshohet se q\u00ebndron prapa k\u00ebsaj vrasje makabre mbr\u00ebmjen e s\u00eb m\u00ebrkur\u00ebs. Murseli dyshohet se n\u00eb bashk\u00ebpunim me dy persona t\u00eb tjer\u00eb kan\u00eb organizuar vrasjen e bashk\u00ebshortes s\u00eb tij, n\u00ebn\u00eb e dy f\u00ebmij\u00ebve. Murseli thuhet se [&hellip;]","og_url":"https:\/\/permbledhja.com\/sq\/e-tmerrshme-kjo-dyshohet-te-jete-arsyeja-qe-mund-te-kete-inspiruar-naim-murselin-per-vrasjen-e-liridones\/","og_site_name":"Ve\u00e7 artikuj p\u00ebrmbledh\u00ebs","article_publisher":"https:\/\/www.facebook.com\/press07\/","article_author":"https:\/\/www.facebook.com\/kafexhiu.muharrem\/","article_published_time":"2023-12-02T14:32:34+00:00","og_image":[{"width":762,"height":541,"url":"https:\/\/permbledhja.com\/wp-content\/uploads\/2023\/12\/40BC216A-FF10-4B82-8852-7B649C470138.jpeg","type":"image\/jpeg"}],"author":"P\u00ebrmbledhja","twitter_card":"summary_large_image","twitter_misc":{"Written by":"P\u00ebrmbledhja","Est. reading time":"2 minuta"},"schema":{"@context":"https:\/\/schema.org","@graph":[{"@type":"Article","@id":"https:\/\/permbledhja.com\/e-tmerrshme-kjo-dyshohet-te-jete-arsyeja-qe-mund-te-kete-inspiruar-naim-murselin-per-vrasjen-e-liridones\/#article","isPartOf":{"@id":"https:\/\/permbledhja.com\/e-tmerrshme-kjo-dyshohet-te-jete-arsyeja-qe-mund-te-kete-inspiruar-naim-murselin-per-vrasjen-e-liridones\/"},"author":{"name":"P\u00ebrmbledhja","@id":"https:\/\/permbledhja.com\/#\/schema\/person\/0d064377258d3221e50693947b9eb4fe"},"headline":"E tmerrshme: Kjo dyshohet t\u00eb jet\u00eb arsyeja q\u00eb mund t\u00eb ket\u00eb inspiruar Naim Murselin p\u00ebr vrasjen e Liridon\u00ebs","datePublished":"2023-12-02T14:32:34+00:00","dateModified":"2023-12-02T14:32:34+00:00","mainEntityOfPage":{"@id":"https:\/\/permbledhja.com\/e-tmerrshme-kjo-dyshohet-te-jete-arsyeja-qe-mund-te-kete-inspiruar-naim-murselin-per-vrasjen-e-liridones\/"},"wordCount":240,"publisher":{"@id":"https:\/\/permbledhja.com\/#organization"},"keywords":["Liridona Murseli"],"articleSection":["T\u00eb r\u00ebnd\u00ebsishme"],"inLanguage":"sq"},{"@type":"WebPage","@id":"https:\/\/permbledhja.com\/e-tmerrshme-kjo-dyshohet-te-jete-arsyeja-qe-mund-te-kete-inspiruar-naim-murselin-per-vrasjen-e-liridones\/","url":"https:\/\/permbledhja.com\/e-tmerrshme-kjo-dyshohet-te-jete-arsyeja-qe-mund-te-kete-inspiruar-naim-murselin-per-vrasjen-e-liridones\/","name":"E tmerrshme: Kjo dyshohet t\u00eb jet\u00eb arsyeja q\u00eb mund t\u00eb ket\u00eb inspiruar Naim Murselin p\u00ebr vrasjen e Liridon\u00ebs","isPartOf":{"@id":"https:\/\/permbledhja.com\/#website"},"datePublished":"2023-12-02T14:32:34+00:00","dateModified":"2023-12-02T14:32:34+00:00","breadcrumb":{"@id":"https:\/\/permbledhja.com\/e-tmerrshme-kjo-dyshohet-te-jete-arsyeja-qe-mund-te-kete-inspiruar-naim-murselin-per-vrasjen-e-liridones\/#breadcrumb"},"inLanguage":"sq","potentialAction":[{"@type":"ReadAction","target":["https:\/\/permbledhja.com\/e-tmerrshme-kjo-dyshohet-te-jete-arsyeja-qe-mund-te-kete-inspiruar-naim-murselin-per-vrasjen-e-liridones\/"]}]},{"@type":"BreadcrumbList","@id":"https:\/\/permbledhja.com\/e-tmerrshme-kjo-dyshohet-te-jete-arsyeja-qe-mund-te-kete-inspiruar-naim-murselin-per-vrasjen-e-liridones\/#breadcrumb","itemListElement":[{"@type":"ListItem","position":1,"name":"Ballina","item":"https:\/\/permbledhja.com\/sq\/"},{"@type":"ListItem","position":2,"name":"E tmerrshme: Kjo dyshohet t\u00eb jet\u00eb arsyeja q\u00eb mund t\u00eb ket\u00eb inspiruar Naim Murselin p\u00ebr vrasjen e Liridon\u00ebs"}]},{"@type":"WebSite","@id":"https:\/\/permbledhja.com\/#website","url":"https:\/\/permbledhja.com\/","name":"Ve\u00e7 artikuj p\u00ebrmbledh\u00ebs","description":"","publisher":{"@id":"https:\/\/permbledhja.com\/#organization"},"potentialAction":[{"@type":"SearchAction","target":{"@type":"EntryPoint","urlTemplate":"https:\/\/permbledhja.com\/?s={search_term_string}"},"query-input":"required name=search_term_string"}],"inLanguage":"sq"},{"@type":"Organization","@id":"https:\/\/permbledhja.com\/#organization","name":"MK Media & Pr","url":"https:\/\/permbledhja.com\/","logo":{"@type":"ImageObject","inLanguage":"sq","@id":"https:\/\/permbledhja.com\/#\/schema\/logo\/image\/","url":"https:\/\/permbledhja.com\/wp-content\/uploads\/2021\/12\/07-Press-Logo.jpg","contentUrl":"https:\/\/permbledhja.com\/wp-content\/uploads\/2021\/12\/07-Press-Logo.jpg","width":512,"height":512,"caption":"MK Media & Pr"},"image":{"@id":"https:\/\/permbledhja.com\/#\/schema\/logo\/image\/"},"sameAs":["https:\/\/www.facebook.com\/press07\/"]},{"@type":"Person","@id":"https:\/\/permbledhja.com\/#\/schema\/person\/0d064377258d3221e50693947b9eb4fe","name":"P\u00ebrmbledhja","image":{"@type":"ImageObject","inLanguage":"sq","@id":"https:\/\/permbledhja.com\/#\/schema\/person\/image\/","url":"https:\/\/permbledhja.com\/wp-content\/uploads\/2026\/01\/452004717_1040944174702970_8932037511805513407_n-96x96.jpg","contentUrl":"https:\/\/permbledhja.com\/wp-content\/uploads\/2026\/01\/452004717_1040944174702970_8932037511805513407_n-96x96.jpg","caption":"P\u00ebrmbledhja"},"sameAs":["https:\/\/www.facebook.com\/kafexhiu.muharrem\/","https:\/\/www.instagram.com\/muharrem_kafexhiu\/"],"url":"https:\/\/permbledhja.com\/sq\/author\/admin\/"}]}},"_links":{"self":[{"href":"https:\/\/permbledhja.com\/sq\/wp-json\/wp\/v2\/posts\/38156"}],"collection":[{"href":"https:\/\/permbledhja.com\/sq\/wp-json\/wp\/v2\/posts"}],"about":[{"href":"https:\/\/permbledhja.com\/sq\/wp-json\/wp\/v2\/types\/post"}],"author":[{"embeddable":true,"href":"https:\/\/permbledhja.com\/sq\/wp-json\/wp\/v2\/users\/1"}],"replies":[{"embeddable":true,"href":"https:\/\/permbledhja.com\/sq\/wp-json\/wp\/v2\/comments?post=38156"}],"version-history":[{"count":1,"href":"https:\/\/permbledhja.com\/sq\/wp-json\/wp\/v2\/posts\/38156\/revisions"}],"predecessor-version":[{"id":38158,"href":"https:\/\/permbledhja.com\/sq\/wp-json\/wp\/v2\/posts\/38156\/revisions\/38158"}],"wp:featuredmedia":[{"embeddable":true,"href":"https:\/\/permbledhja.com\/sq\/wp-json\/wp\/v2\/media\/38157"}],"wp:attachment":[{"href":"https:\/\/permbledhja.com\/sq\/wp-json\/wp\/v2\/media?parent=38156"}],"wp:term":[{"taxonomy":"category","embeddable":true,"href":"https:\/\/permbledhja.com\/sq\/wp-json\/wp\/v2\/categories?post=38156"},{"taxonomy":"post_tag","embeddable":true,"href":"https:\/\/permbledhja.com\/sq\/wp-json\/wp\/v2\/tags?post=38156"}],"curies":[{"name":"wp","href":"https:\/\/api.w.org\/{rel}","templated":true}]}}