{"id":38153,"date":"2023-12-02T14:18:36","date_gmt":"2023-12-02T14:18:36","guid":{"rendered":"https:\/\/permbledhja.com\/?p=38153"},"modified":"2023-12-02T14:18:36","modified_gmt":"2023-12-02T14:18:36","slug":"abdixhiku-te-familja-rugova-me-rastin-e-ditelindjes-se-ish-presidentit-vecon-torten-e-preferuar-te-themeluesit-te-ldk-se","status":"publish","type":"post","link":"https:\/\/permbledhja.com\/sq\/abdixhiku-te-familja-rugova-me-rastin-e-ditelindjes-se-ish-presidentit-vecon-torten-e-preferuar-te-themeluesit-te-ldk-se\/","title":{"rendered":"Abdixhiku te familja Rugova me rastin e dit\u00eblindjes s\u00eb ish-presidentit, ve\u00e7on torten e preferuar t\u00eb themeluesit t\u00eb LDK-s\u00eb"},"content":{"rendered":"<h3>Kreu i LDK-s\u00eb, Lumir Abdixhiku, bashk\u00eb me familjen e tij e zyrtar\u00eb t\u00eb tjer\u00eb t\u00eb Lidhjes Demokratike t\u00eb Kosov\u00ebs kan\u00eb vizituar familjen e ish-presidentit Ibrahim Rugova me rastin e dit\u00eblindjes.<\/h3>\n<p>Abdixhiku ka th\u00ebn\u00eb se zonja e sht\u00ebpis\u00eb Fana Rugova iu kishte p\u00ebrgatitur \u00ebmb\u00eblsir\u00ebn \u201cTiramisu\u201d, at\u00eb q\u00eb e kishte pasur t\u00eb preferuar edhe ish-presidenti Rugova e t\u00eb cil\u00ebn e kishin shijuar p\u00ebr her\u00eb t\u00eb par\u00eb n\u00eb Rom\u00eb.<\/p>\n<p>Bashk\u00eb me Abdixhikun dhe zyrtar\u00ebt e tjer\u00eb n\u00eb k\u00ebt\u00eb vizit\u00eb kan\u00eb qen\u00eb edhe gjenerata e par\u00eb e Shkoll\u00ebs Politike t\u00eb LDK-s\u00eb q\u00eb ka marr\u00eb emrin \u201cIbrahim Rugova\u201d<\/p>\n<p>\u201c<em>Ata nga af\u00ebr pan\u00eb vet historin\u00eb. At\u00eb q\u00eb b\u00ebri lirin\u00eb, shtet\u00ebsin\u00eb e vet demokracin\u00eb. Kjo histori na q\u00ebndron sot jo vet\u00ebm si rikujtim i madh\u00ebshtis\u00eb, por edhe si detyrim i rrug\u00ebtimit ton\u00eb p\u00ebrpara. Presidenti ka vet\u00ebm dit\u00eblindje!Prandaj gjith\u00eb rugovist\u00ebve, urime kjo dat\u00eb e dit\u00eb!\u201d<\/em>, ka shkruar Abdixhiku.<\/p>\n","protected":false},"excerpt":{"rendered":"<p>Kreu i LDK-s\u00eb, Lumir Abdixhiku, bashk\u00eb me familjen e tij e zyrtar\u00eb t\u00eb tjer\u00eb t\u00eb Lidhjes Demokratike t\u00eb Kosov\u00ebs kan\u00eb vizituar familjen e ish-presidentit Ibrahim Rugova me rastin e dit\u00eblindjes. Abdixhiku ka th\u00ebn\u00eb se zonja e sht\u00ebpis\u00eb Fana Rugova iu kishte p\u00ebrgatitur \u00ebmb\u00eblsir\u00ebn \u201cTiramisu\u201d, at\u00eb q\u00eb e kishte pasur t\u00eb preferuar edhe ish-presidenti Rugova e [&hellip;]<\/p>\n","protected":false},"author":1,"featured_media":38154,"comment_status":"closed","ping_status":"closed","sticky":false,"template":"","format":"standard","meta":{"_monsterinsights_skip_tracking":false,"_monsterinsights_sitenote_active":false,"_monsterinsights_sitenote_note":"","_monsterinsights_sitenote_category":0,"_uf_show_specific_survey":0,"_uf_disable_surveys":false,"footnotes":""},"categories":[1146],"tags":[427],"yoast_head":"<!-- This site is optimized with the Yoast SEO plugin v21.5 - https:\/\/yoast.com\/wordpress\/plugins\/seo\/ -->\n<title>Abdixhiku te familja Rugova me rastin e dit\u00eblindjes s\u00eb ish-presidentit, ve\u00e7on torten e preferuar t\u00eb themeluesit t\u00eb LDK-s\u00eb<\/title>\n<meta name=\"robots\" content=\"index, follow, max-snippet:-1, max-image-preview:large, max-video-preview:-1\" \/>\n<link rel=\"canonical\" href=\"https:\/\/permbledhja.com\/sq\/abdixhiku-te-familja-rugova-me-rastin-e-ditelindjes-se-ish-presidentit-vecon-torten-e-preferuar-te-themeluesit-te-ldk-se\/\" \/>\n<meta property=\"og:locale\" content=\"sq_AL\" \/>\n<meta property=\"og:type\" content=\"article\" \/>\n<meta property=\"og:title\" content=\"Abdixhiku te familja Rugova me rastin e dit\u00eblindjes s\u00eb ish-presidentit, ve\u00e7on torten e preferuar t\u00eb themeluesit t\u00eb LDK-s\u00eb\" \/>\n<meta property=\"og:description\" content=\"Kreu i LDK-s\u00eb, Lumir Abdixhiku, bashk\u00eb me familjen e tij e zyrtar\u00eb t\u00eb tjer\u00eb t\u00eb Lidhjes Demokratike t\u00eb Kosov\u00ebs kan\u00eb vizituar familjen e ish-presidentit Ibrahim Rugova me rastin e dit\u00eblindjes. Abdixhiku ka th\u00ebn\u00eb se zonja e sht\u00ebpis\u00eb Fana Rugova iu kishte p\u00ebrgatitur \u00ebmb\u00eblsir\u00ebn \u201cTiramisu\u201d, at\u00eb q\u00eb e kishte pasur t\u00eb preferuar edhe ish-presidenti Rugova e [&hellip;]\" \/>\n<meta property=\"og:url\" content=\"https:\/\/permbledhja.com\/sq\/abdixhiku-te-familja-rugova-me-rastin-e-ditelindjes-se-ish-presidentit-vecon-torten-e-preferuar-te-themeluesit-te-ldk-se\/\" \/>\n<meta property=\"og:site_name\" content=\"Ve\u00e7 artikuj p\u00ebrmbledh\u00ebs\" \/>\n<meta property=\"article:publisher\" content=\"https:\/\/www.facebook.com\/press07\/\" \/>\n<meta property=\"article:author\" content=\"https:\/\/www.facebook.com\/kafexhiu.muharrem\/\" \/>\n<meta property=\"article:published_time\" content=\"2023-12-02T14:18:36+00:00\" \/>\n<meta property=\"og:image\" content=\"https:\/\/permbledhja.com\/wp-content\/uploads\/2023\/12\/05135FC3-899A-47CA-9FB2-7ACE0E50EB33.jpeg\" \/>\n\t<meta property=\"og:image:width\" content=\"600\" \/>\n\t<meta property=\"og:image:height\" content=\"360\" \/>\n\t<meta property=\"og:image:type\" content=\"image\/jpeg\" \/>\n<meta name=\"author\" content=\"P\u00ebrmbledhja\" \/>\n<meta name=\"twitter:card\" content=\"summary_large_image\" \/>\n<meta name=\"twitter:label1\" content=\"Written by\" \/>\n\t<meta name=\"twitter:data1\" content=\"P\u00ebrmbledhja\" \/>\n\t<meta name=\"twitter:label2\" content=\"Est. reading time\" \/>\n\t<meta name=\"twitter:data2\" content=\"1 minut\u00eb\" \/>\n<script type=\"application\/ld+json\" class=\"yoast-schema-graph\">{\"@context\":\"https:\/\/schema.org\",\"@graph\":[{\"@type\":\"Article\",\"@id\":\"https:\/\/permbledhja.com\/abdixhiku-te-familja-rugova-me-rastin-e-ditelindjes-se-ish-presidentit-vecon-torten-e-preferuar-te-themeluesit-te-ldk-se\/#article\",\"isPartOf\":{\"@id\":\"https:\/\/permbledhja.com\/abdixhiku-te-familja-rugova-me-rastin-e-ditelindjes-se-ish-presidentit-vecon-torten-e-preferuar-te-themeluesit-te-ldk-se\/\"},\"author\":{\"name\":\"P\u00ebrmbledhja\",\"@id\":\"https:\/\/permbledhja.com\/#\/schema\/person\/0d064377258d3221e50693947b9eb4fe\"},\"headline\":\"Abdixhiku te familja Rugova me rastin e dit\u00eblindjes s\u00eb ish-presidentit, ve\u00e7on torten e preferuar t\u00eb themeluesit t\u00eb LDK-s\u00eb\",\"datePublished\":\"2023-12-02T14:18:36+00:00\",\"dateModified\":\"2023-12-02T14:18:36+00:00\",\"mainEntityOfPage\":{\"@id\":\"https:\/\/permbledhja.com\/abdixhiku-te-familja-rugova-me-rastin-e-ditelindjes-se-ish-presidentit-vecon-torten-e-preferuar-te-themeluesit-te-ldk-se\/\"},\"wordCount\":184,\"publisher\":{\"@id\":\"https:\/\/permbledhja.com\/#organization\"},\"keywords\":[\"Lumir Abdixhiku\"],\"articleSection\":[\"Kryesoret\"],\"inLanguage\":\"sq\"},{\"@type\":\"WebPage\",\"@id\":\"https:\/\/permbledhja.com\/abdixhiku-te-familja-rugova-me-rastin-e-ditelindjes-se-ish-presidentit-vecon-torten-e-preferuar-te-themeluesit-te-ldk-se\/\",\"url\":\"https:\/\/permbledhja.com\/abdixhiku-te-familja-rugova-me-rastin-e-ditelindjes-se-ish-presidentit-vecon-torten-e-preferuar-te-themeluesit-te-ldk-se\/\",\"name\":\"Abdixhiku te familja Rugova me rastin e dit\u00eblindjes s\u00eb ish-presidentit, ve\u00e7on torten e preferuar t\u00eb themeluesit t\u00eb LDK-s\u00eb\",\"isPartOf\":{\"@id\":\"https:\/\/permbledhja.com\/#website\"},\"datePublished\":\"2023-12-02T14:18:36+00:00\",\"dateModified\":\"2023-12-02T14:18:36+00:00\",\"breadcrumb\":{\"@id\":\"https:\/\/permbledhja.com\/abdixhiku-te-familja-rugova-me-rastin-e-ditelindjes-se-ish-presidentit-vecon-torten-e-preferuar-te-themeluesit-te-ldk-se\/#breadcrumb\"},\"inLanguage\":\"sq\",\"potentialAction\":[{\"@type\":\"ReadAction\",\"target\":[\"https:\/\/permbledhja.com\/abdixhiku-te-familja-rugova-me-rastin-e-ditelindjes-se-ish-presidentit-vecon-torten-e-preferuar-te-themeluesit-te-ldk-se\/\"]}]},{\"@type\":\"BreadcrumbList\",\"@id\":\"https:\/\/permbledhja.com\/abdixhiku-te-familja-rugova-me-rastin-e-ditelindjes-se-ish-presidentit-vecon-torten-e-preferuar-te-themeluesit-te-ldk-se\/#breadcrumb\",\"itemListElement\":[{\"@type\":\"ListItem\",\"position\":1,\"name\":\"Ballina\",\"item\":\"https:\/\/permbledhja.com\/sq\/\"},{\"@type\":\"ListItem\",\"position\":2,\"name\":\"Abdixhiku te familja Rugova me rastin e dit\u00eblindjes s\u00eb ish-presidentit, ve\u00e7on torten e preferuar t\u00eb themeluesit t\u00eb LDK-s\u00eb\"}]},{\"@type\":\"WebSite\",\"@id\":\"https:\/\/permbledhja.com\/#website\",\"url\":\"https:\/\/permbledhja.com\/\",\"name\":\"Ve\u00e7 artikuj p\u00ebrmbledh\u00ebs\",\"description\":\"\",\"publisher\":{\"@id\":\"https:\/\/permbledhja.com\/#organization\"},\"potentialAction\":[{\"@type\":\"SearchAction\",\"target\":{\"@type\":\"EntryPoint\",\"urlTemplate\":\"https:\/\/permbledhja.com\/?s={search_term_string}\"},\"query-input\":\"required name=search_term_string\"}],\"inLanguage\":\"sq\"},{\"@type\":\"Organization\",\"@id\":\"https:\/\/permbledhja.com\/#organization\",\"name\":\"MK Media & Pr\",\"url\":\"https:\/\/permbledhja.com\/\",\"logo\":{\"@type\":\"ImageObject\",\"inLanguage\":\"sq\",\"@id\":\"https:\/\/permbledhja.com\/#\/schema\/logo\/image\/\",\"url\":\"https:\/\/permbledhja.com\/wp-content\/uploads\/2021\/12\/07-Press-Logo.jpg\",\"contentUrl\":\"https:\/\/permbledhja.com\/wp-content\/uploads\/2021\/12\/07-Press-Logo.jpg\",\"width\":512,\"height\":512,\"caption\":\"MK Media & Pr\"},\"image\":{\"@id\":\"https:\/\/permbledhja.com\/#\/schema\/logo\/image\/\"},\"sameAs\":[\"https:\/\/www.facebook.com\/press07\/\"]},{\"@type\":\"Person\",\"@id\":\"https:\/\/permbledhja.com\/#\/schema\/person\/0d064377258d3221e50693947b9eb4fe\",\"name\":\"P\u00ebrmbledhja\",\"image\":{\"@type\":\"ImageObject\",\"inLanguage\":\"sq\",\"@id\":\"https:\/\/permbledhja.com\/#\/schema\/person\/image\/\",\"url\":\"https:\/\/permbledhja.com\/wp-content\/uploads\/2026\/01\/452004717_1040944174702970_8932037511805513407_n-96x96.jpg\",\"contentUrl\":\"https:\/\/permbledhja.com\/wp-content\/uploads\/2026\/01\/452004717_1040944174702970_8932037511805513407_n-96x96.jpg\",\"caption\":\"P\u00ebrmbledhja\"},\"sameAs\":[\"https:\/\/www.facebook.com\/kafexhiu.muharrem\/\",\"https:\/\/www.instagram.com\/muharrem_kafexhiu\/\"],\"url\":\"https:\/\/permbledhja.com\/sq\/author\/admin\/\"}]}<\/script>\n<!-- \/ Yoast SEO plugin. -->","yoast_head_json":{"title":"Abdixhiku te familja Rugova me rastin e dit\u00eblindjes s\u00eb ish-presidentit, ve\u00e7on torten e preferuar t\u00eb themeluesit t\u00eb LDK-s\u00eb","robots":{"index":"index","follow":"follow","max-snippet":"max-snippet:-1","max-image-preview":"max-image-preview:large","max-video-preview":"max-video-preview:-1"},"canonical":"https:\/\/permbledhja.com\/sq\/abdixhiku-te-familja-rugova-me-rastin-e-ditelindjes-se-ish-presidentit-vecon-torten-e-preferuar-te-themeluesit-te-ldk-se\/","og_locale":"sq_AL","og_type":"article","og_title":"Abdixhiku te familja Rugova me rastin e dit\u00eblindjes s\u00eb ish-presidentit, ve\u00e7on torten e preferuar t\u00eb themeluesit t\u00eb LDK-s\u00eb","og_description":"Kreu i LDK-s\u00eb, Lumir Abdixhiku, bashk\u00eb me familjen e tij e zyrtar\u00eb t\u00eb tjer\u00eb t\u00eb Lidhjes Demokratike t\u00eb Kosov\u00ebs kan\u00eb vizituar familjen e ish-presidentit Ibrahim Rugova me rastin e dit\u00eblindjes. Abdixhiku ka th\u00ebn\u00eb se zonja e sht\u00ebpis\u00eb Fana Rugova iu kishte p\u00ebrgatitur \u00ebmb\u00eblsir\u00ebn \u201cTiramisu\u201d, at\u00eb q\u00eb e kishte pasur t\u00eb preferuar edhe ish-presidenti Rugova e [&hellip;]","og_url":"https:\/\/permbledhja.com\/sq\/abdixhiku-te-familja-rugova-me-rastin-e-ditelindjes-se-ish-presidentit-vecon-torten-e-preferuar-te-themeluesit-te-ldk-se\/","og_site_name":"Ve\u00e7 artikuj p\u00ebrmbledh\u00ebs","article_publisher":"https:\/\/www.facebook.com\/press07\/","article_author":"https:\/\/www.facebook.com\/kafexhiu.muharrem\/","article_published_time":"2023-12-02T14:18:36+00:00","og_image":[{"width":600,"height":360,"url":"https:\/\/permbledhja.com\/wp-content\/uploads\/2023\/12\/05135FC3-899A-47CA-9FB2-7ACE0E50EB33.jpeg","type":"image\/jpeg"}],"author":"P\u00ebrmbledhja","twitter_card":"summary_large_image","twitter_misc":{"Written by":"P\u00ebrmbledhja","Est. reading time":"1 minut\u00eb"},"schema":{"@context":"https:\/\/schema.org","@graph":[{"@type":"Article","@id":"https:\/\/permbledhja.com\/abdixhiku-te-familja-rugova-me-rastin-e-ditelindjes-se-ish-presidentit-vecon-torten-e-preferuar-te-themeluesit-te-ldk-se\/#article","isPartOf":{"@id":"https:\/\/permbledhja.com\/abdixhiku-te-familja-rugova-me-rastin-e-ditelindjes-se-ish-presidentit-vecon-torten-e-preferuar-te-themeluesit-te-ldk-se\/"},"author":{"name":"P\u00ebrmbledhja","@id":"https:\/\/permbledhja.com\/#\/schema\/person\/0d064377258d3221e50693947b9eb4fe"},"headline":"Abdixhiku te familja Rugova me rastin e dit\u00eblindjes s\u00eb ish-presidentit, ve\u00e7on torten e preferuar t\u00eb themeluesit t\u00eb LDK-s\u00eb","datePublished":"2023-12-02T14:18:36+00:00","dateModified":"2023-12-02T14:18:36+00:00","mainEntityOfPage":{"@id":"https:\/\/permbledhja.com\/abdixhiku-te-familja-rugova-me-rastin-e-ditelindjes-se-ish-presidentit-vecon-torten-e-preferuar-te-themeluesit-te-ldk-se\/"},"wordCount":184,"publisher":{"@id":"https:\/\/permbledhja.com\/#organization"},"keywords":["Lumir Abdixhiku"],"articleSection":["Kryesoret"],"inLanguage":"sq"},{"@type":"WebPage","@id":"https:\/\/permbledhja.com\/abdixhiku-te-familja-rugova-me-rastin-e-ditelindjes-se-ish-presidentit-vecon-torten-e-preferuar-te-themeluesit-te-ldk-se\/","url":"https:\/\/permbledhja.com\/abdixhiku-te-familja-rugova-me-rastin-e-ditelindjes-se-ish-presidentit-vecon-torten-e-preferuar-te-themeluesit-te-ldk-se\/","name":"Abdixhiku te familja Rugova me rastin e dit\u00eblindjes s\u00eb ish-presidentit, ve\u00e7on torten e preferuar t\u00eb themeluesit t\u00eb LDK-s\u00eb","isPartOf":{"@id":"https:\/\/permbledhja.com\/#website"},"datePublished":"2023-12-02T14:18:36+00:00","dateModified":"2023-12-02T14:18:36+00:00","breadcrumb":{"@id":"https:\/\/permbledhja.com\/abdixhiku-te-familja-rugova-me-rastin-e-ditelindjes-se-ish-presidentit-vecon-torten-e-preferuar-te-themeluesit-te-ldk-se\/#breadcrumb"},"inLanguage":"sq","potentialAction":[{"@type":"ReadAction","target":["https:\/\/permbledhja.com\/abdixhiku-te-familja-rugova-me-rastin-e-ditelindjes-se-ish-presidentit-vecon-torten-e-preferuar-te-themeluesit-te-ldk-se\/"]}]},{"@type":"BreadcrumbList","@id":"https:\/\/permbledhja.com\/abdixhiku-te-familja-rugova-me-rastin-e-ditelindjes-se-ish-presidentit-vecon-torten-e-preferuar-te-themeluesit-te-ldk-se\/#breadcrumb","itemListElement":[{"@type":"ListItem","position":1,"name":"Ballina","item":"https:\/\/permbledhja.com\/sq\/"},{"@type":"ListItem","position":2,"name":"Abdixhiku te familja Rugova me rastin e dit\u00eblindjes s\u00eb ish-presidentit, ve\u00e7on torten e preferuar t\u00eb themeluesit t\u00eb LDK-s\u00eb"}]},{"@type":"WebSite","@id":"https:\/\/permbledhja.com\/#website","url":"https:\/\/permbledhja.com\/","name":"Ve\u00e7 artikuj p\u00ebrmbledh\u00ebs","description":"","publisher":{"@id":"https:\/\/permbledhja.com\/#organization"},"potentialAction":[{"@type":"SearchAction","target":{"@type":"EntryPoint","urlTemplate":"https:\/\/permbledhja.com\/?s={search_term_string}"},"query-input":"required name=search_term_string"}],"inLanguage":"sq"},{"@type":"Organization","@id":"https:\/\/permbledhja.com\/#organization","name":"MK Media & Pr","url":"https:\/\/permbledhja.com\/","logo":{"@type":"ImageObject","inLanguage":"sq","@id":"https:\/\/permbledhja.com\/#\/schema\/logo\/image\/","url":"https:\/\/permbledhja.com\/wp-content\/uploads\/2021\/12\/07-Press-Logo.jpg","contentUrl":"https:\/\/permbledhja.com\/wp-content\/uploads\/2021\/12\/07-Press-Logo.jpg","width":512,"height":512,"caption":"MK Media & Pr"},"image":{"@id":"https:\/\/permbledhja.com\/#\/schema\/logo\/image\/"},"sameAs":["https:\/\/www.facebook.com\/press07\/"]},{"@type":"Person","@id":"https:\/\/permbledhja.com\/#\/schema\/person\/0d064377258d3221e50693947b9eb4fe","name":"P\u00ebrmbledhja","image":{"@type":"ImageObject","inLanguage":"sq","@id":"https:\/\/permbledhja.com\/#\/schema\/person\/image\/","url":"https:\/\/permbledhja.com\/wp-content\/uploads\/2026\/01\/452004717_1040944174702970_8932037511805513407_n-96x96.jpg","contentUrl":"https:\/\/permbledhja.com\/wp-content\/uploads\/2026\/01\/452004717_1040944174702970_8932037511805513407_n-96x96.jpg","caption":"P\u00ebrmbledhja"},"sameAs":["https:\/\/www.facebook.com\/kafexhiu.muharrem\/","https:\/\/www.instagram.com\/muharrem_kafexhiu\/"],"url":"https:\/\/permbledhja.com\/sq\/author\/admin\/"}]}},"_links":{"self":[{"href":"https:\/\/permbledhja.com\/sq\/wp-json\/wp\/v2\/posts\/38153"}],"collection":[{"href":"https:\/\/permbledhja.com\/sq\/wp-json\/wp\/v2\/posts"}],"about":[{"href":"https:\/\/permbledhja.com\/sq\/wp-json\/wp\/v2\/types\/post"}],"author":[{"embeddable":true,"href":"https:\/\/permbledhja.com\/sq\/wp-json\/wp\/v2\/users\/1"}],"replies":[{"embeddable":true,"href":"https:\/\/permbledhja.com\/sq\/wp-json\/wp\/v2\/comments?post=38153"}],"version-history":[{"count":1,"href":"https:\/\/permbledhja.com\/sq\/wp-json\/wp\/v2\/posts\/38153\/revisions"}],"predecessor-version":[{"id":38155,"href":"https:\/\/permbledhja.com\/sq\/wp-json\/wp\/v2\/posts\/38153\/revisions\/38155"}],"wp:featuredmedia":[{"embeddable":true,"href":"https:\/\/permbledhja.com\/sq\/wp-json\/wp\/v2\/media\/38154"}],"wp:attachment":[{"href":"https:\/\/permbledhja.com\/sq\/wp-json\/wp\/v2\/media?parent=38153"}],"wp:term":[{"taxonomy":"category","embeddable":true,"href":"https:\/\/permbledhja.com\/sq\/wp-json\/wp\/v2\/categories?post=38153"},{"taxonomy":"post_tag","embeddable":true,"href":"https:\/\/permbledhja.com\/sq\/wp-json\/wp\/v2\/tags?post=38153"}],"curies":[{"name":"wp","href":"https:\/\/api.w.org\/{rel}","templated":true}]}}