{"id":38147,"date":"2023-12-02T13:11:18","date_gmt":"2023-12-02T13:11:18","guid":{"rendered":"https:\/\/permbledhja.com\/?p=38147"},"modified":"2023-12-02T13:11:18","modified_gmt":"2023-12-02T13:11:18","slug":"policia-ne-shtepine-e-familjes-se-naim-murselit","status":"publish","type":"post","link":"https:\/\/permbledhja.com\/sq\/policia-ne-shtepine-e-familjes-se-naim-murselit\/","title":{"rendered":"Policia n\u00eb sht\u00ebpin\u00eb e familjes s\u00eb Naim Murselit"},"content":{"rendered":"<h3>Policia e Kosov\u00ebs \u00ebsht\u00eb par\u00eb sot te familja e ish-bashk\u00ebshortit t\u00eb Liridona Ademajt, Naim Murselit.<\/h3>\n<p>N\u00eb fotografit\u00eb e siguruara nga Klankosova.tv, p\u00ebrpara sht\u00ebpis\u00eb s\u00eb Naim Murselit, i cili mbr\u00ebm\u00eb u arrestua bashk\u00eb me dy persona t\u00eb tjer\u00eb.<\/p>\n<p>Murseli dhe personi me inicialet G.P., q\u00eb dyshohet t\u00eb jet\u00eb vras\u00ebsi i Liridona Ademajt u arrestuan mbr\u00ebm\u00eb nga policia, pak or\u00eb pas varrimit t\u00eb t\u00eb ndjer\u00ebs.<\/p>\n<div>\n<p>Policia mbr\u00ebm\u00eb bastisi dy lokacione n\u00eb Gjakov\u00eb, ku u b\u00eb e ditur se \u00ebsht\u00eb konfiskuar arma me t\u00eb cil\u00ebn dyshohet se u krye krimi.<\/p>\n<p>Nd\u00ebrsa, vet\u00ebm pak or\u00eb pas arrestimit t\u00eb Murselit dhe dorasit, policia arrestoi edhe personin e tret\u00eb me iniciale K.K., q\u00eb dyshohet t\u00eb jet\u00eb i p\u00ebrfshir\u00eb n\u00eb ngjarjen tragjike.<\/p>\n<p>Liridona Ademaj u vra tri dit\u00eb m\u00eb par\u00eb n\u00eb Prishtin\u00eb n\u00eb makin\u00eb ku bashk\u00eb me t\u00eb ishin f\u00ebmij\u00ebt dhe burri i saj, Naim Murseli.<\/p>\n<p><img loading=\"lazy\" decoding=\"async\" class=\"alignnone size-full wp-image-38148\" src=\"https:\/\/permbledhja.com\/wp-content\/uploads\/2023\/12\/F5C6BFB8-A3A8-48A6-B6B7-C310CDD0308C.jpeg\" alt=\"\" width=\"1139\" height=\"744\" srcset=\"https:\/\/permbledhja.com\/wp-content\/uploads\/2023\/12\/F5C6BFB8-A3A8-48A6-B6B7-C310CDD0308C.jpeg 1139w, https:\/\/permbledhja.com\/wp-content\/uploads\/2023\/12\/F5C6BFB8-A3A8-48A6-B6B7-C310CDD0308C-300x196.jpeg 300w, https:\/\/permbledhja.com\/wp-content\/uploads\/2023\/12\/F5C6BFB8-A3A8-48A6-B6B7-C310CDD0308C-1024x669.jpeg 1024w, https:\/\/permbledhja.com\/wp-content\/uploads\/2023\/12\/F5C6BFB8-A3A8-48A6-B6B7-C310CDD0308C-768x502.jpeg 768w, https:\/\/permbledhja.com\/wp-content\/uploads\/2023\/12\/F5C6BFB8-A3A8-48A6-B6B7-C310CDD0308C-18x12.jpeg 18w\" sizes=\"(max-width: 1139px) 100vw, 1139px\" \/><\/p>\n<\/div>\n","protected":false},"excerpt":{"rendered":"<p>Policia e Kosov\u00ebs \u00ebsht\u00eb par\u00eb sot te familja e ish-bashk\u00ebshortit t\u00eb Liridona Ademajt, Naim Murselit. N\u00eb fotografit\u00eb e siguruara nga Klankosova.tv, p\u00ebrpara sht\u00ebpis\u00eb s\u00eb Naim Murselit, i cili mbr\u00ebm\u00eb u arrestua bashk\u00eb me dy persona t\u00eb tjer\u00eb. Murseli dhe personi me inicialet G.P., q\u00eb dyshohet t\u00eb jet\u00eb vras\u00ebsi i Liridona Ademajt u arrestuan mbr\u00ebm\u00eb nga [&hellip;]<\/p>\n","protected":false},"author":1,"featured_media":38052,"comment_status":"closed","ping_status":"closed","sticky":false,"template":"","format":"standard","meta":{"_monsterinsights_skip_tracking":false,"_monsterinsights_sitenote_active":false,"_monsterinsights_sitenote_note":"","_monsterinsights_sitenote_category":0,"_uf_show_specific_survey":0,"_uf_disable_surveys":false,"footnotes":""},"categories":[2645],"tags":[2721],"yoast_head":"<!-- This site is optimized with the Yoast SEO plugin v21.5 - https:\/\/yoast.com\/wordpress\/plugins\/seo\/ -->\n<title>Policia n\u00eb sht\u00ebpin\u00eb e familjes s\u00eb Naim Murselit<\/title>\n<meta name=\"robots\" content=\"index, follow, max-snippet:-1, max-image-preview:large, max-video-preview:-1\" \/>\n<link rel=\"canonical\" href=\"https:\/\/permbledhja.com\/sq\/policia-ne-shtepine-e-familjes-se-naim-murselit\/\" \/>\n<meta property=\"og:locale\" content=\"sq_AL\" \/>\n<meta property=\"og:type\" content=\"article\" \/>\n<meta property=\"og:title\" content=\"Policia n\u00eb sht\u00ebpin\u00eb e familjes s\u00eb Naim Murselit\" \/>\n<meta property=\"og:description\" content=\"Policia e Kosov\u00ebs \u00ebsht\u00eb par\u00eb sot te familja e ish-bashk\u00ebshortit t\u00eb Liridona Ademajt, Naim Murselit. N\u00eb fotografit\u00eb e siguruara nga Klankosova.tv, p\u00ebrpara sht\u00ebpis\u00eb s\u00eb Naim Murselit, i cili mbr\u00ebm\u00eb u arrestua bashk\u00eb me dy persona t\u00eb tjer\u00eb. Murseli dhe personi me inicialet G.P., q\u00eb dyshohet t\u00eb jet\u00eb vras\u00ebsi i Liridona Ademajt u arrestuan mbr\u00ebm\u00eb nga [&hellip;]\" \/>\n<meta property=\"og:url\" content=\"https:\/\/permbledhja.com\/sq\/policia-ne-shtepine-e-familjes-se-naim-murselit\/\" \/>\n<meta property=\"og:site_name\" content=\"Ve\u00e7 artikuj p\u00ebrmbledh\u00ebs\" \/>\n<meta property=\"article:publisher\" content=\"https:\/\/www.facebook.com\/press07\/\" \/>\n<meta property=\"article:author\" content=\"https:\/\/www.facebook.com\/kafexhiu.muharrem\/\" \/>\n<meta property=\"article:published_time\" content=\"2023-12-02T13:11:18+00:00\" \/>\n<meta property=\"og:image\" content=\"https:\/\/permbledhja.com\/wp-content\/uploads\/2023\/11\/9A4CD3CC-FD1F-4C13-9019-2B866DACC1EB-780x440-12.jpg\" \/>\n\t<meta property=\"og:image:width\" content=\"780\" \/>\n\t<meta property=\"og:image:height\" content=\"440\" \/>\n\t<meta property=\"og:image:type\" content=\"image\/jpeg\" \/>\n<meta name=\"author\" content=\"P\u00ebrmbledhja\" \/>\n<meta name=\"twitter:card\" content=\"summary_large_image\" \/>\n<meta name=\"twitter:label1\" content=\"Written by\" \/>\n\t<meta name=\"twitter:data1\" content=\"P\u00ebrmbledhja\" \/>\n\t<meta name=\"twitter:label2\" content=\"Est. reading time\" \/>\n\t<meta name=\"twitter:data2\" content=\"1 minut\u00eb\" \/>\n<script type=\"application\/ld+json\" class=\"yoast-schema-graph\">{\"@context\":\"https:\/\/schema.org\",\"@graph\":[{\"@type\":\"Article\",\"@id\":\"https:\/\/permbledhja.com\/policia-ne-shtepine-e-familjes-se-naim-murselit\/#article\",\"isPartOf\":{\"@id\":\"https:\/\/permbledhja.com\/policia-ne-shtepine-e-familjes-se-naim-murselit\/\"},\"author\":{\"name\":\"P\u00ebrmbledhja\",\"@id\":\"https:\/\/permbledhja.com\/#\/schema\/person\/0d064377258d3221e50693947b9eb4fe\"},\"headline\":\"Policia n\u00eb sht\u00ebpin\u00eb e familjes s\u00eb Naim Murselit\",\"datePublished\":\"2023-12-02T13:11:18+00:00\",\"dateModified\":\"2023-12-02T13:11:18+00:00\",\"mainEntityOfPage\":{\"@id\":\"https:\/\/permbledhja.com\/policia-ne-shtepine-e-familjes-se-naim-murselit\/\"},\"wordCount\":166,\"publisher\":{\"@id\":\"https:\/\/permbledhja.com\/#organization\"},\"keywords\":[\"Naim Murseli\"],\"articleSection\":[\"T\u00eb r\u00ebnd\u00ebsishme\"],\"inLanguage\":\"sq\"},{\"@type\":\"WebPage\",\"@id\":\"https:\/\/permbledhja.com\/policia-ne-shtepine-e-familjes-se-naim-murselit\/\",\"url\":\"https:\/\/permbledhja.com\/policia-ne-shtepine-e-familjes-se-naim-murselit\/\",\"name\":\"Policia n\u00eb sht\u00ebpin\u00eb e familjes s\u00eb Naim Murselit\",\"isPartOf\":{\"@id\":\"https:\/\/permbledhja.com\/#website\"},\"datePublished\":\"2023-12-02T13:11:18+00:00\",\"dateModified\":\"2023-12-02T13:11:18+00:00\",\"breadcrumb\":{\"@id\":\"https:\/\/permbledhja.com\/policia-ne-shtepine-e-familjes-se-naim-murselit\/#breadcrumb\"},\"inLanguage\":\"sq\",\"potentialAction\":[{\"@type\":\"ReadAction\",\"target\":[\"https:\/\/permbledhja.com\/policia-ne-shtepine-e-familjes-se-naim-murselit\/\"]}]},{\"@type\":\"BreadcrumbList\",\"@id\":\"https:\/\/permbledhja.com\/policia-ne-shtepine-e-familjes-se-naim-murselit\/#breadcrumb\",\"itemListElement\":[{\"@type\":\"ListItem\",\"position\":1,\"name\":\"Ballina\",\"item\":\"https:\/\/permbledhja.com\/sq\/\"},{\"@type\":\"ListItem\",\"position\":2,\"name\":\"Policia n\u00eb sht\u00ebpin\u00eb e familjes s\u00eb Naim Murselit\"}]},{\"@type\":\"WebSite\",\"@id\":\"https:\/\/permbledhja.com\/#website\",\"url\":\"https:\/\/permbledhja.com\/\",\"name\":\"Ve\u00e7 artikuj p\u00ebrmbledh\u00ebs\",\"description\":\"\",\"publisher\":{\"@id\":\"https:\/\/permbledhja.com\/#organization\"},\"potentialAction\":[{\"@type\":\"SearchAction\",\"target\":{\"@type\":\"EntryPoint\",\"urlTemplate\":\"https:\/\/permbledhja.com\/?s={search_term_string}\"},\"query-input\":\"required name=search_term_string\"}],\"inLanguage\":\"sq\"},{\"@type\":\"Organization\",\"@id\":\"https:\/\/permbledhja.com\/#organization\",\"name\":\"MK Media & Pr\",\"url\":\"https:\/\/permbledhja.com\/\",\"logo\":{\"@type\":\"ImageObject\",\"inLanguage\":\"sq\",\"@id\":\"https:\/\/permbledhja.com\/#\/schema\/logo\/image\/\",\"url\":\"https:\/\/permbledhja.com\/wp-content\/uploads\/2021\/12\/07-Press-Logo.jpg\",\"contentUrl\":\"https:\/\/permbledhja.com\/wp-content\/uploads\/2021\/12\/07-Press-Logo.jpg\",\"width\":512,\"height\":512,\"caption\":\"MK Media & Pr\"},\"image\":{\"@id\":\"https:\/\/permbledhja.com\/#\/schema\/logo\/image\/\"},\"sameAs\":[\"https:\/\/www.facebook.com\/press07\/\"]},{\"@type\":\"Person\",\"@id\":\"https:\/\/permbledhja.com\/#\/schema\/person\/0d064377258d3221e50693947b9eb4fe\",\"name\":\"P\u00ebrmbledhja\",\"image\":{\"@type\":\"ImageObject\",\"inLanguage\":\"sq\",\"@id\":\"https:\/\/permbledhja.com\/#\/schema\/person\/image\/\",\"url\":\"https:\/\/permbledhja.com\/wp-content\/uploads\/2026\/01\/452004717_1040944174702970_8932037511805513407_n-96x96.jpg\",\"contentUrl\":\"https:\/\/permbledhja.com\/wp-content\/uploads\/2026\/01\/452004717_1040944174702970_8932037511805513407_n-96x96.jpg\",\"caption\":\"P\u00ebrmbledhja\"},\"sameAs\":[\"https:\/\/www.facebook.com\/kafexhiu.muharrem\/\",\"https:\/\/www.instagram.com\/muharrem_kafexhiu\/\"],\"url\":\"https:\/\/permbledhja.com\/sq\/author\/admin\/\"}]}<\/script>\n<!-- \/ Yoast SEO plugin. -->","yoast_head_json":{"title":"Policia n\u00eb sht\u00ebpin\u00eb e familjes s\u00eb Naim Murselit","robots":{"index":"index","follow":"follow","max-snippet":"max-snippet:-1","max-image-preview":"max-image-preview:large","max-video-preview":"max-video-preview:-1"},"canonical":"https:\/\/permbledhja.com\/sq\/policia-ne-shtepine-e-familjes-se-naim-murselit\/","og_locale":"sq_AL","og_type":"article","og_title":"Policia n\u00eb sht\u00ebpin\u00eb e familjes s\u00eb Naim Murselit","og_description":"Policia e Kosov\u00ebs \u00ebsht\u00eb par\u00eb sot te familja e ish-bashk\u00ebshortit t\u00eb Liridona Ademajt, Naim Murselit. N\u00eb fotografit\u00eb e siguruara nga Klankosova.tv, p\u00ebrpara sht\u00ebpis\u00eb s\u00eb Naim Murselit, i cili mbr\u00ebm\u00eb u arrestua bashk\u00eb me dy persona t\u00eb tjer\u00eb. Murseli dhe personi me inicialet G.P., q\u00eb dyshohet t\u00eb jet\u00eb vras\u00ebsi i Liridona Ademajt u arrestuan mbr\u00ebm\u00eb nga [&hellip;]","og_url":"https:\/\/permbledhja.com\/sq\/policia-ne-shtepine-e-familjes-se-naim-murselit\/","og_site_name":"Ve\u00e7 artikuj p\u00ebrmbledh\u00ebs","article_publisher":"https:\/\/www.facebook.com\/press07\/","article_author":"https:\/\/www.facebook.com\/kafexhiu.muharrem\/","article_published_time":"2023-12-02T13:11:18+00:00","og_image":[{"width":780,"height":440,"url":"https:\/\/permbledhja.com\/wp-content\/uploads\/2023\/11\/9A4CD3CC-FD1F-4C13-9019-2B866DACC1EB-780x440-12.jpg","type":"image\/jpeg"}],"author":"P\u00ebrmbledhja","twitter_card":"summary_large_image","twitter_misc":{"Written by":"P\u00ebrmbledhja","Est. reading time":"1 minut\u00eb"},"schema":{"@context":"https:\/\/schema.org","@graph":[{"@type":"Article","@id":"https:\/\/permbledhja.com\/policia-ne-shtepine-e-familjes-se-naim-murselit\/#article","isPartOf":{"@id":"https:\/\/permbledhja.com\/policia-ne-shtepine-e-familjes-se-naim-murselit\/"},"author":{"name":"P\u00ebrmbledhja","@id":"https:\/\/permbledhja.com\/#\/schema\/person\/0d064377258d3221e50693947b9eb4fe"},"headline":"Policia n\u00eb sht\u00ebpin\u00eb e familjes s\u00eb Naim Murselit","datePublished":"2023-12-02T13:11:18+00:00","dateModified":"2023-12-02T13:11:18+00:00","mainEntityOfPage":{"@id":"https:\/\/permbledhja.com\/policia-ne-shtepine-e-familjes-se-naim-murselit\/"},"wordCount":166,"publisher":{"@id":"https:\/\/permbledhja.com\/#organization"},"keywords":["Naim Murseli"],"articleSection":["T\u00eb r\u00ebnd\u00ebsishme"],"inLanguage":"sq"},{"@type":"WebPage","@id":"https:\/\/permbledhja.com\/policia-ne-shtepine-e-familjes-se-naim-murselit\/","url":"https:\/\/permbledhja.com\/policia-ne-shtepine-e-familjes-se-naim-murselit\/","name":"Policia n\u00eb sht\u00ebpin\u00eb e familjes s\u00eb Naim Murselit","isPartOf":{"@id":"https:\/\/permbledhja.com\/#website"},"datePublished":"2023-12-02T13:11:18+00:00","dateModified":"2023-12-02T13:11:18+00:00","breadcrumb":{"@id":"https:\/\/permbledhja.com\/policia-ne-shtepine-e-familjes-se-naim-murselit\/#breadcrumb"},"inLanguage":"sq","potentialAction":[{"@type":"ReadAction","target":["https:\/\/permbledhja.com\/policia-ne-shtepine-e-familjes-se-naim-murselit\/"]}]},{"@type":"BreadcrumbList","@id":"https:\/\/permbledhja.com\/policia-ne-shtepine-e-familjes-se-naim-murselit\/#breadcrumb","itemListElement":[{"@type":"ListItem","position":1,"name":"Ballina","item":"https:\/\/permbledhja.com\/sq\/"},{"@type":"ListItem","position":2,"name":"Policia n\u00eb sht\u00ebpin\u00eb e familjes s\u00eb Naim Murselit"}]},{"@type":"WebSite","@id":"https:\/\/permbledhja.com\/#website","url":"https:\/\/permbledhja.com\/","name":"Ve\u00e7 artikuj p\u00ebrmbledh\u00ebs","description":"","publisher":{"@id":"https:\/\/permbledhja.com\/#organization"},"potentialAction":[{"@type":"SearchAction","target":{"@type":"EntryPoint","urlTemplate":"https:\/\/permbledhja.com\/?s={search_term_string}"},"query-input":"required name=search_term_string"}],"inLanguage":"sq"},{"@type":"Organization","@id":"https:\/\/permbledhja.com\/#organization","name":"MK Media & Pr","url":"https:\/\/permbledhja.com\/","logo":{"@type":"ImageObject","inLanguage":"sq","@id":"https:\/\/permbledhja.com\/#\/schema\/logo\/image\/","url":"https:\/\/permbledhja.com\/wp-content\/uploads\/2021\/12\/07-Press-Logo.jpg","contentUrl":"https:\/\/permbledhja.com\/wp-content\/uploads\/2021\/12\/07-Press-Logo.jpg","width":512,"height":512,"caption":"MK Media & Pr"},"image":{"@id":"https:\/\/permbledhja.com\/#\/schema\/logo\/image\/"},"sameAs":["https:\/\/www.facebook.com\/press07\/"]},{"@type":"Person","@id":"https:\/\/permbledhja.com\/#\/schema\/person\/0d064377258d3221e50693947b9eb4fe","name":"P\u00ebrmbledhja","image":{"@type":"ImageObject","inLanguage":"sq","@id":"https:\/\/permbledhja.com\/#\/schema\/person\/image\/","url":"https:\/\/permbledhja.com\/wp-content\/uploads\/2026\/01\/452004717_1040944174702970_8932037511805513407_n-96x96.jpg","contentUrl":"https:\/\/permbledhja.com\/wp-content\/uploads\/2026\/01\/452004717_1040944174702970_8932037511805513407_n-96x96.jpg","caption":"P\u00ebrmbledhja"},"sameAs":["https:\/\/www.facebook.com\/kafexhiu.muharrem\/","https:\/\/www.instagram.com\/muharrem_kafexhiu\/"],"url":"https:\/\/permbledhja.com\/sq\/author\/admin\/"}]}},"_links":{"self":[{"href":"https:\/\/permbledhja.com\/sq\/wp-json\/wp\/v2\/posts\/38147"}],"collection":[{"href":"https:\/\/permbledhja.com\/sq\/wp-json\/wp\/v2\/posts"}],"about":[{"href":"https:\/\/permbledhja.com\/sq\/wp-json\/wp\/v2\/types\/post"}],"author":[{"embeddable":true,"href":"https:\/\/permbledhja.com\/sq\/wp-json\/wp\/v2\/users\/1"}],"replies":[{"embeddable":true,"href":"https:\/\/permbledhja.com\/sq\/wp-json\/wp\/v2\/comments?post=38147"}],"version-history":[{"count":1,"href":"https:\/\/permbledhja.com\/sq\/wp-json\/wp\/v2\/posts\/38147\/revisions"}],"predecessor-version":[{"id":38149,"href":"https:\/\/permbledhja.com\/sq\/wp-json\/wp\/v2\/posts\/38147\/revisions\/38149"}],"wp:featuredmedia":[{"embeddable":true,"href":"https:\/\/permbledhja.com\/sq\/wp-json\/wp\/v2\/media\/38052"}],"wp:attachment":[{"href":"https:\/\/permbledhja.com\/sq\/wp-json\/wp\/v2\/media?parent=38147"}],"wp:term":[{"taxonomy":"category","embeddable":true,"href":"https:\/\/permbledhja.com\/sq\/wp-json\/wp\/v2\/categories?post=38147"},{"taxonomy":"post_tag","embeddable":true,"href":"https:\/\/permbledhja.com\/sq\/wp-json\/wp\/v2\/tags?post=38147"}],"curies":[{"name":"wp","href":"https:\/\/api.w.org\/{rel}","templated":true}]}}