{"id":38130,"date":"2023-12-02T09:56:10","date_gmt":"2023-12-02T09:56:10","guid":{"rendered":"https:\/\/permbledhja.com\/?p=38130"},"modified":"2023-12-02T09:56:10","modified_gmt":"2023-12-02T09:56:10","slug":"ai-eshte-gjithcka-e-imja-pershkrimi-prekes-i-liridones-per-burrin-e-saj-ne-rrjetet-sociale","status":"publish","type":"post","link":"https:\/\/permbledhja.com\/sq\/ai-eshte-gjithcka-e-imja-pershkrimi-prekes-i-liridones-per-burrin-e-saj-ne-rrjetet-sociale\/","title":{"rendered":"\u201cAi \u00ebsht\u00eb gjith\u00e7ka e imja\u201d, p\u00ebrshkrimi prek\u00ebs i Liridon\u00ebs p\u00ebr burrin e saj n\u00eb rrjetet sociale"},"content":{"rendered":"<h3>Liridona Ademaj \u2013 Murseli, duket se ka pasur dashuri t\u00eb madhe p\u00ebr Naim Murselin, bashk\u00ebshortin e saj, i cili po dyshohet se \u00ebsht\u00eb ai q\u00eb pagoi p\u00ebr ta vrar\u00eb at\u00eb.<\/h3>\n<p>N\u00eb profilin e saj n\u00eb Instagram, Liridona e ka t\u00eb shkruar \u2018Burri im \u00ebsht\u00eb gjith\u00e7ka e imja\u2019, duke e shoq\u00ebruar me dy zemra dhe me shkronj\u00ebn N, p\u00ebr bashk\u00ebshortin e saj Naimin.<\/p>\n<p>30-vje\u00e7arja Liridona Ademaj- Murseli u privua nga jeta derisa ishte n\u00eb vetur\u00eb me bashk\u00ebshortin e saj, Naim Murseli, dhe dy f\u00ebmij\u00ebt. Ngjarja tragjike ndodhi t\u00eb m\u00ebrkur\u00ebn, 29 n\u00ebntor, rreth or\u00ebs 20:20 n\u00eb rrug\u00ebn \u201cDalip Alshiqi\u201d n\u00eb Prishtin\u00eb.<\/p>\n<p>Pas vrasjes s\u00eb r\u00ebnd\u00eb ku mbeti e vdekur Liridona Ademaj-Murseli, jan\u00eb arrestuar tre persona t\u00eb dyshuar p\u00ebr kryerjen e krimit, nd\u00ebr ta edhe bashk\u00ebshorti i viktim\u00ebs, Naim Murseli, i cili ka pranuar se ka paguar p\u00ebr vrasjen e Liridon\u00ebs.<\/p>\n<p>Mir\u00ebpo Liridona si duket ka pasur dashuri t\u00eb madhe p\u00ebr Naimin, pasi k\u00ebt\u00eb e fakton shkrimi q\u00eb ajo e ka t\u00eb vendosur n\u00eb profilin e saj n\u00eb Instagram. Ajo ka shkruar \u2018Burri im \u00ebsht\u00eb gjith\u00e7ka e imja\u2019, duke e shoq\u00ebruar me dy zemra dhe me shkronj\u00ebn N, p\u00ebr bashk\u00ebshortin e saj Naimin.<\/p>\n<p><img loading=\"lazy\" decoding=\"async\" class=\"alignnone size-full wp-image-38131\" src=\"https:\/\/permbledhja.com\/wp-content\/uploads\/2023\/12\/2E78EEC4-B272-42F2-9BE2-568723536600.jpeg\" alt=\"\" width=\"946\" height=\"824\" srcset=\"https:\/\/permbledhja.com\/wp-content\/uploads\/2023\/12\/2E78EEC4-B272-42F2-9BE2-568723536600.jpeg 946w, https:\/\/permbledhja.com\/wp-content\/uploads\/2023\/12\/2E78EEC4-B272-42F2-9BE2-568723536600-300x261.jpeg 300w, https:\/\/permbledhja.com\/wp-content\/uploads\/2023\/12\/2E78EEC4-B272-42F2-9BE2-568723536600-768x669.jpeg 768w, https:\/\/permbledhja.com\/wp-content\/uploads\/2023\/12\/2E78EEC4-B272-42F2-9BE2-568723536600-14x12.jpeg 14w\" sizes=\"(max-width: 946px) 100vw, 946px\" \/><\/p>\n<p>&nbsp;<\/p>\n","protected":false},"excerpt":{"rendered":"<p>Liridona Ademaj \u2013 Murseli, duket se ka pasur dashuri t\u00eb madhe p\u00ebr Naim Murselin, bashk\u00ebshortin e saj, i cili po dyshohet se \u00ebsht\u00eb ai q\u00eb pagoi p\u00ebr ta vrar\u00eb at\u00eb. N\u00eb profilin e saj n\u00eb Instagram, Liridona e ka t\u00eb shkruar \u2018Burri im \u00ebsht\u00eb gjith\u00e7ka e imja\u2019, duke e shoq\u00ebruar me dy zemra dhe me [&hellip;]<\/p>\n","protected":false},"author":1,"featured_media":38133,"comment_status":"closed","ping_status":"closed","sticky":false,"template":"","format":"standard","meta":{"_monsterinsights_skip_tracking":false,"_monsterinsights_sitenote_active":false,"_monsterinsights_sitenote_note":"","_monsterinsights_sitenote_category":0,"_uf_show_specific_survey":0,"_uf_disable_surveys":false,"footnotes":""},"categories":[2645],"tags":[2720],"yoast_head":"<!-- This site is optimized with the Yoast SEO plugin v21.5 - https:\/\/yoast.com\/wordpress\/plugins\/seo\/ -->\n<title>\u201cAi \u00ebsht\u00eb gjith\u00e7ka e imja\u201d, p\u00ebrshkrimi prek\u00ebs i Liridon\u00ebs p\u00ebr burrin e saj n\u00eb rrjetet sociale<\/title>\n<meta name=\"robots\" content=\"index, follow, max-snippet:-1, max-image-preview:large, max-video-preview:-1\" \/>\n<link rel=\"canonical\" href=\"https:\/\/permbledhja.com\/sq\/ai-eshte-gjithcka-e-imja-pershkrimi-prekes-i-liridones-per-burrin-e-saj-ne-rrjetet-sociale\/\" \/>\n<meta property=\"og:locale\" content=\"sq_AL\" \/>\n<meta property=\"og:type\" content=\"article\" \/>\n<meta property=\"og:title\" content=\"\u201cAi \u00ebsht\u00eb gjith\u00e7ka e imja\u201d, p\u00ebrshkrimi prek\u00ebs i Liridon\u00ebs p\u00ebr burrin e saj n\u00eb rrjetet sociale\" \/>\n<meta property=\"og:description\" content=\"Liridona Ademaj \u2013 Murseli, duket se ka pasur dashuri t\u00eb madhe p\u00ebr Naim Murselin, bashk\u00ebshortin e saj, i cili po dyshohet se \u00ebsht\u00eb ai q\u00eb pagoi p\u00ebr ta vrar\u00eb at\u00eb. N\u00eb profilin e saj n\u00eb Instagram, Liridona e ka t\u00eb shkruar \u2018Burri im \u00ebsht\u00eb gjith\u00e7ka e imja\u2019, duke e shoq\u00ebruar me dy zemra dhe me [&hellip;]\" \/>\n<meta property=\"og:url\" content=\"https:\/\/permbledhja.com\/sq\/ai-eshte-gjithcka-e-imja-pershkrimi-prekes-i-liridones-per-burrin-e-saj-ne-rrjetet-sociale\/\" \/>\n<meta property=\"og:site_name\" content=\"Ve\u00e7 artikuj p\u00ebrmbledh\u00ebs\" \/>\n<meta property=\"article:publisher\" content=\"https:\/\/www.facebook.com\/press07\/\" \/>\n<meta property=\"article:author\" content=\"https:\/\/www.facebook.com\/kafexhiu.muharrem\/\" \/>\n<meta property=\"article:published_time\" content=\"2023-12-02T09:56:10+00:00\" \/>\n<meta property=\"og:image\" content=\"https:\/\/permbledhja.com\/wp-content\/uploads\/2023\/12\/7E72D8C9-38CC-42CA-84C1-C3E0771F7959.jpeg\" \/>\n\t<meta property=\"og:image:width\" content=\"1206\" \/>\n\t<meta property=\"og:image:height\" content=\"815\" \/>\n\t<meta property=\"og:image:type\" content=\"image\/jpeg\" \/>\n<meta name=\"author\" content=\"P\u00ebrmbledhja\" \/>\n<meta name=\"twitter:card\" content=\"summary_large_image\" \/>\n<meta name=\"twitter:label1\" content=\"Written by\" \/>\n\t<meta name=\"twitter:data1\" content=\"P\u00ebrmbledhja\" \/>\n\t<meta name=\"twitter:label2\" content=\"Est. reading time\" \/>\n\t<meta name=\"twitter:data2\" content=\"2 minuta\" \/>\n<script type=\"application\/ld+json\" class=\"yoast-schema-graph\">{\"@context\":\"https:\/\/schema.org\",\"@graph\":[{\"@type\":\"Article\",\"@id\":\"https:\/\/permbledhja.com\/ai-eshte-gjithcka-e-imja-pershkrimi-prekes-i-liridones-per-burrin-e-saj-ne-rrjetet-sociale\/#article\",\"isPartOf\":{\"@id\":\"https:\/\/permbledhja.com\/ai-eshte-gjithcka-e-imja-pershkrimi-prekes-i-liridones-per-burrin-e-saj-ne-rrjetet-sociale\/\"},\"author\":{\"name\":\"P\u00ebrmbledhja\",\"@id\":\"https:\/\/permbledhja.com\/#\/schema\/person\/0d064377258d3221e50693947b9eb4fe\"},\"headline\":\"\u201cAi \u00ebsht\u00eb gjith\u00e7ka e imja\u201d, p\u00ebrshkrimi prek\u00ebs i Liridon\u00ebs p\u00ebr burrin e saj n\u00eb rrjetet sociale\",\"datePublished\":\"2023-12-02T09:56:10+00:00\",\"dateModified\":\"2023-12-02T09:56:10+00:00\",\"mainEntityOfPage\":{\"@id\":\"https:\/\/permbledhja.com\/ai-eshte-gjithcka-e-imja-pershkrimi-prekes-i-liridones-per-burrin-e-saj-ne-rrjetet-sociale\/\"},\"wordCount\":241,\"publisher\":{\"@id\":\"https:\/\/permbledhja.com\/#organization\"},\"keywords\":[\"Liridona Murseli\"],\"articleSection\":[\"T\u00eb r\u00ebnd\u00ebsishme\"],\"inLanguage\":\"sq\"},{\"@type\":\"WebPage\",\"@id\":\"https:\/\/permbledhja.com\/ai-eshte-gjithcka-e-imja-pershkrimi-prekes-i-liridones-per-burrin-e-saj-ne-rrjetet-sociale\/\",\"url\":\"https:\/\/permbledhja.com\/ai-eshte-gjithcka-e-imja-pershkrimi-prekes-i-liridones-per-burrin-e-saj-ne-rrjetet-sociale\/\",\"name\":\"\u201cAi \u00ebsht\u00eb gjith\u00e7ka e imja\u201d, p\u00ebrshkrimi prek\u00ebs i Liridon\u00ebs p\u00ebr burrin e saj n\u00eb rrjetet sociale\",\"isPartOf\":{\"@id\":\"https:\/\/permbledhja.com\/#website\"},\"datePublished\":\"2023-12-02T09:56:10+00:00\",\"dateModified\":\"2023-12-02T09:56:10+00:00\",\"breadcrumb\":{\"@id\":\"https:\/\/permbledhja.com\/ai-eshte-gjithcka-e-imja-pershkrimi-prekes-i-liridones-per-burrin-e-saj-ne-rrjetet-sociale\/#breadcrumb\"},\"inLanguage\":\"sq\",\"potentialAction\":[{\"@type\":\"ReadAction\",\"target\":[\"https:\/\/permbledhja.com\/ai-eshte-gjithcka-e-imja-pershkrimi-prekes-i-liridones-per-burrin-e-saj-ne-rrjetet-sociale\/\"]}]},{\"@type\":\"BreadcrumbList\",\"@id\":\"https:\/\/permbledhja.com\/ai-eshte-gjithcka-e-imja-pershkrimi-prekes-i-liridones-per-burrin-e-saj-ne-rrjetet-sociale\/#breadcrumb\",\"itemListElement\":[{\"@type\":\"ListItem\",\"position\":1,\"name\":\"Ballina\",\"item\":\"https:\/\/permbledhja.com\/sq\/\"},{\"@type\":\"ListItem\",\"position\":2,\"name\":\"\u201cAi \u00ebsht\u00eb gjith\u00e7ka e imja\u201d, p\u00ebrshkrimi prek\u00ebs i Liridon\u00ebs p\u00ebr burrin e saj n\u00eb rrjetet sociale\"}]},{\"@type\":\"WebSite\",\"@id\":\"https:\/\/permbledhja.com\/#website\",\"url\":\"https:\/\/permbledhja.com\/\",\"name\":\"Ve\u00e7 artikuj p\u00ebrmbledh\u00ebs\",\"description\":\"\",\"publisher\":{\"@id\":\"https:\/\/permbledhja.com\/#organization\"},\"potentialAction\":[{\"@type\":\"SearchAction\",\"target\":{\"@type\":\"EntryPoint\",\"urlTemplate\":\"https:\/\/permbledhja.com\/?s={search_term_string}\"},\"query-input\":\"required name=search_term_string\"}],\"inLanguage\":\"sq\"},{\"@type\":\"Organization\",\"@id\":\"https:\/\/permbledhja.com\/#organization\",\"name\":\"MK Media & Pr\",\"url\":\"https:\/\/permbledhja.com\/\",\"logo\":{\"@type\":\"ImageObject\",\"inLanguage\":\"sq\",\"@id\":\"https:\/\/permbledhja.com\/#\/schema\/logo\/image\/\",\"url\":\"https:\/\/permbledhja.com\/wp-content\/uploads\/2021\/12\/07-Press-Logo.jpg\",\"contentUrl\":\"https:\/\/permbledhja.com\/wp-content\/uploads\/2021\/12\/07-Press-Logo.jpg\",\"width\":512,\"height\":512,\"caption\":\"MK Media & Pr\"},\"image\":{\"@id\":\"https:\/\/permbledhja.com\/#\/schema\/logo\/image\/\"},\"sameAs\":[\"https:\/\/www.facebook.com\/press07\/\"]},{\"@type\":\"Person\",\"@id\":\"https:\/\/permbledhja.com\/#\/schema\/person\/0d064377258d3221e50693947b9eb4fe\",\"name\":\"P\u00ebrmbledhja\",\"image\":{\"@type\":\"ImageObject\",\"inLanguage\":\"sq\",\"@id\":\"https:\/\/permbledhja.com\/#\/schema\/person\/image\/\",\"url\":\"https:\/\/permbledhja.com\/wp-content\/uploads\/2026\/01\/452004717_1040944174702970_8932037511805513407_n-96x96.jpg\",\"contentUrl\":\"https:\/\/permbledhja.com\/wp-content\/uploads\/2026\/01\/452004717_1040944174702970_8932037511805513407_n-96x96.jpg\",\"caption\":\"P\u00ebrmbledhja\"},\"sameAs\":[\"https:\/\/www.facebook.com\/kafexhiu.muharrem\/\",\"https:\/\/www.instagram.com\/muharrem_kafexhiu\/\"],\"url\":\"https:\/\/permbledhja.com\/sq\/author\/admin\/\"}]}<\/script>\n<!-- \/ Yoast SEO plugin. -->","yoast_head_json":{"title":"\u201cAi \u00ebsht\u00eb gjith\u00e7ka e imja\u201d, p\u00ebrshkrimi prek\u00ebs i Liridon\u00ebs p\u00ebr burrin e saj n\u00eb rrjetet sociale","robots":{"index":"index","follow":"follow","max-snippet":"max-snippet:-1","max-image-preview":"max-image-preview:large","max-video-preview":"max-video-preview:-1"},"canonical":"https:\/\/permbledhja.com\/sq\/ai-eshte-gjithcka-e-imja-pershkrimi-prekes-i-liridones-per-burrin-e-saj-ne-rrjetet-sociale\/","og_locale":"sq_AL","og_type":"article","og_title":"\u201cAi \u00ebsht\u00eb gjith\u00e7ka e imja\u201d, p\u00ebrshkrimi prek\u00ebs i Liridon\u00ebs p\u00ebr burrin e saj n\u00eb rrjetet sociale","og_description":"Liridona Ademaj \u2013 Murseli, duket se ka pasur dashuri t\u00eb madhe p\u00ebr Naim Murselin, bashk\u00ebshortin e saj, i cili po dyshohet se \u00ebsht\u00eb ai q\u00eb pagoi p\u00ebr ta vrar\u00eb at\u00eb. N\u00eb profilin e saj n\u00eb Instagram, Liridona e ka t\u00eb shkruar \u2018Burri im \u00ebsht\u00eb gjith\u00e7ka e imja\u2019, duke e shoq\u00ebruar me dy zemra dhe me [&hellip;]","og_url":"https:\/\/permbledhja.com\/sq\/ai-eshte-gjithcka-e-imja-pershkrimi-prekes-i-liridones-per-burrin-e-saj-ne-rrjetet-sociale\/","og_site_name":"Ve\u00e7 artikuj p\u00ebrmbledh\u00ebs","article_publisher":"https:\/\/www.facebook.com\/press07\/","article_author":"https:\/\/www.facebook.com\/kafexhiu.muharrem\/","article_published_time":"2023-12-02T09:56:10+00:00","og_image":[{"width":1206,"height":815,"url":"https:\/\/permbledhja.com\/wp-content\/uploads\/2023\/12\/7E72D8C9-38CC-42CA-84C1-C3E0771F7959.jpeg","type":"image\/jpeg"}],"author":"P\u00ebrmbledhja","twitter_card":"summary_large_image","twitter_misc":{"Written by":"P\u00ebrmbledhja","Est. reading time":"2 minuta"},"schema":{"@context":"https:\/\/schema.org","@graph":[{"@type":"Article","@id":"https:\/\/permbledhja.com\/ai-eshte-gjithcka-e-imja-pershkrimi-prekes-i-liridones-per-burrin-e-saj-ne-rrjetet-sociale\/#article","isPartOf":{"@id":"https:\/\/permbledhja.com\/ai-eshte-gjithcka-e-imja-pershkrimi-prekes-i-liridones-per-burrin-e-saj-ne-rrjetet-sociale\/"},"author":{"name":"P\u00ebrmbledhja","@id":"https:\/\/permbledhja.com\/#\/schema\/person\/0d064377258d3221e50693947b9eb4fe"},"headline":"\u201cAi \u00ebsht\u00eb gjith\u00e7ka e imja\u201d, p\u00ebrshkrimi prek\u00ebs i Liridon\u00ebs p\u00ebr burrin e saj n\u00eb rrjetet sociale","datePublished":"2023-12-02T09:56:10+00:00","dateModified":"2023-12-02T09:56:10+00:00","mainEntityOfPage":{"@id":"https:\/\/permbledhja.com\/ai-eshte-gjithcka-e-imja-pershkrimi-prekes-i-liridones-per-burrin-e-saj-ne-rrjetet-sociale\/"},"wordCount":241,"publisher":{"@id":"https:\/\/permbledhja.com\/#organization"},"keywords":["Liridona Murseli"],"articleSection":["T\u00eb r\u00ebnd\u00ebsishme"],"inLanguage":"sq"},{"@type":"WebPage","@id":"https:\/\/permbledhja.com\/ai-eshte-gjithcka-e-imja-pershkrimi-prekes-i-liridones-per-burrin-e-saj-ne-rrjetet-sociale\/","url":"https:\/\/permbledhja.com\/ai-eshte-gjithcka-e-imja-pershkrimi-prekes-i-liridones-per-burrin-e-saj-ne-rrjetet-sociale\/","name":"\u201cAi \u00ebsht\u00eb gjith\u00e7ka e imja\u201d, p\u00ebrshkrimi prek\u00ebs i Liridon\u00ebs p\u00ebr burrin e saj n\u00eb rrjetet sociale","isPartOf":{"@id":"https:\/\/permbledhja.com\/#website"},"datePublished":"2023-12-02T09:56:10+00:00","dateModified":"2023-12-02T09:56:10+00:00","breadcrumb":{"@id":"https:\/\/permbledhja.com\/ai-eshte-gjithcka-e-imja-pershkrimi-prekes-i-liridones-per-burrin-e-saj-ne-rrjetet-sociale\/#breadcrumb"},"inLanguage":"sq","potentialAction":[{"@type":"ReadAction","target":["https:\/\/permbledhja.com\/ai-eshte-gjithcka-e-imja-pershkrimi-prekes-i-liridones-per-burrin-e-saj-ne-rrjetet-sociale\/"]}]},{"@type":"BreadcrumbList","@id":"https:\/\/permbledhja.com\/ai-eshte-gjithcka-e-imja-pershkrimi-prekes-i-liridones-per-burrin-e-saj-ne-rrjetet-sociale\/#breadcrumb","itemListElement":[{"@type":"ListItem","position":1,"name":"Ballina","item":"https:\/\/permbledhja.com\/sq\/"},{"@type":"ListItem","position":2,"name":"\u201cAi \u00ebsht\u00eb gjith\u00e7ka e imja\u201d, p\u00ebrshkrimi prek\u00ebs i Liridon\u00ebs p\u00ebr burrin e saj n\u00eb rrjetet sociale"}]},{"@type":"WebSite","@id":"https:\/\/permbledhja.com\/#website","url":"https:\/\/permbledhja.com\/","name":"Ve\u00e7 artikuj p\u00ebrmbledh\u00ebs","description":"","publisher":{"@id":"https:\/\/permbledhja.com\/#organization"},"potentialAction":[{"@type":"SearchAction","target":{"@type":"EntryPoint","urlTemplate":"https:\/\/permbledhja.com\/?s={search_term_string}"},"query-input":"required name=search_term_string"}],"inLanguage":"sq"},{"@type":"Organization","@id":"https:\/\/permbledhja.com\/#organization","name":"MK Media & Pr","url":"https:\/\/permbledhja.com\/","logo":{"@type":"ImageObject","inLanguage":"sq","@id":"https:\/\/permbledhja.com\/#\/schema\/logo\/image\/","url":"https:\/\/permbledhja.com\/wp-content\/uploads\/2021\/12\/07-Press-Logo.jpg","contentUrl":"https:\/\/permbledhja.com\/wp-content\/uploads\/2021\/12\/07-Press-Logo.jpg","width":512,"height":512,"caption":"MK Media & Pr"},"image":{"@id":"https:\/\/permbledhja.com\/#\/schema\/logo\/image\/"},"sameAs":["https:\/\/www.facebook.com\/press07\/"]},{"@type":"Person","@id":"https:\/\/permbledhja.com\/#\/schema\/person\/0d064377258d3221e50693947b9eb4fe","name":"P\u00ebrmbledhja","image":{"@type":"ImageObject","inLanguage":"sq","@id":"https:\/\/permbledhja.com\/#\/schema\/person\/image\/","url":"https:\/\/permbledhja.com\/wp-content\/uploads\/2026\/01\/452004717_1040944174702970_8932037511805513407_n-96x96.jpg","contentUrl":"https:\/\/permbledhja.com\/wp-content\/uploads\/2026\/01\/452004717_1040944174702970_8932037511805513407_n-96x96.jpg","caption":"P\u00ebrmbledhja"},"sameAs":["https:\/\/www.facebook.com\/kafexhiu.muharrem\/","https:\/\/www.instagram.com\/muharrem_kafexhiu\/"],"url":"https:\/\/permbledhja.com\/sq\/author\/admin\/"}]}},"_links":{"self":[{"href":"https:\/\/permbledhja.com\/sq\/wp-json\/wp\/v2\/posts\/38130"}],"collection":[{"href":"https:\/\/permbledhja.com\/sq\/wp-json\/wp\/v2\/posts"}],"about":[{"href":"https:\/\/permbledhja.com\/sq\/wp-json\/wp\/v2\/types\/post"}],"author":[{"embeddable":true,"href":"https:\/\/permbledhja.com\/sq\/wp-json\/wp\/v2\/users\/1"}],"replies":[{"embeddable":true,"href":"https:\/\/permbledhja.com\/sq\/wp-json\/wp\/v2\/comments?post=38130"}],"version-history":[{"count":1,"href":"https:\/\/permbledhja.com\/sq\/wp-json\/wp\/v2\/posts\/38130\/revisions"}],"predecessor-version":[{"id":38134,"href":"https:\/\/permbledhja.com\/sq\/wp-json\/wp\/v2\/posts\/38130\/revisions\/38134"}],"wp:featuredmedia":[{"embeddable":true,"href":"https:\/\/permbledhja.com\/sq\/wp-json\/wp\/v2\/media\/38133"}],"wp:attachment":[{"href":"https:\/\/permbledhja.com\/sq\/wp-json\/wp\/v2\/media?parent=38130"}],"wp:term":[{"taxonomy":"category","embeddable":true,"href":"https:\/\/permbledhja.com\/sq\/wp-json\/wp\/v2\/categories?post=38130"},{"taxonomy":"post_tag","embeddable":true,"href":"https:\/\/permbledhja.com\/sq\/wp-json\/wp\/v2\/tags?post=38130"}],"curies":[{"name":"wp","href":"https:\/\/api.w.org\/{rel}","templated":true}]}}