{"id":38125,"date":"2023-12-02T08:21:45","date_gmt":"2023-12-02T08:21:45","guid":{"rendered":"https:\/\/permbledhja.com\/?p=38125"},"modified":"2023-12-02T08:21:45","modified_gmt":"2023-12-02T08:21:45","slug":"vrasja-e-liridones-tre-te-arrestuar-nje-arme-e-veture-e-konfiskuar-cka-dihet-deri-tash","status":"publish","type":"post","link":"https:\/\/permbledhja.com\/sq\/vrasja-e-liridones-tre-te-arrestuar-nje-arme-e-veture-e-konfiskuar-cka-dihet-deri-tash\/","title":{"rendered":"Vrasja e Liridon\u00ebs: Tre t\u00eb arrestuar, nj\u00eb arm\u00eb e vetur\u00eb e konfiskuar &#8211; \u00e7ka dihet deri tash?"},"content":{"rendered":"<h3>Naim Murseli dhe dy persona t\u00eb tjer\u00eb me inicialet G.P. dhe K.K. dyshohet se jan\u00eb p\u00ebrfshir\u00eb n\u00eb vrasjen e Liridona Murselit tri dit\u00eb m\u00eb par\u00eb n\u00eb Prishtin\u00eb.<\/h3>\n<p>Fillimisht u p\u00ebrfol se Liridona \u00ebsht\u00eb vrar\u00eb nga disa grabit\u00ebs, q\u00eb af\u00ebr kishte burrin e saj, Naim Murselit dhe f\u00ebmij\u00ebt.<\/p>\n<p>Mir\u00ebpo dy dit\u00eb m\u00eb pas, t\u00eb premten, kjo ngjarje mori nj\u00eb epilog krejt\u00ebsisht tjet\u00ebr, n\u00eb pranga t\u00eb policis\u00eb t\u00eb dyshuar p\u00ebr k\u00ebt\u00eb vep\u00ebr, tashm\u00eb jan\u00eb tre persona, nderta edhe bashk\u00ebshorti i Liridon\u00ebs, Naimi i cili dyshohet se <b>ka paguar vrasjen e gruas s\u00eb tij.<\/b><\/p>\n<p>N\u00eb media u raportua se Murseli, kishte paguar <b>30 mij\u00eb euro vrasjen<\/b> e gruas s\u00eb tij, gjithashtu u raportuar se i nj\u00ebjti 15 mij\u00eb euro i kishte dh\u00ebn\u00eb para se t\u00eb kryhej vrasja, dhe 15 mij\u00eb t\u00eb tjera m\u00eb pas.<\/p>\n<p>Policia e Kosov\u00ebs dhe prokuroria dol\u00ebn me nj\u00eb komunikat\u00eb t\u00eb p\u00ebrbashk\u00ebt, p\u00ebrmes s\u00eb cil\u00ebs fillimisht e konfirmuar arrestimin e dy personave, nd\u00ebrsa m\u00eb pas reagoi edhe Ministria e Mbrojtjes, duke konfirmuar arrestimin e personit t\u00eb tret\u00eb, i cili \u00ebsht\u00eb pjes\u00ebtar i Forc\u00ebs s\u00eb Siguris\u00eb s\u00eb Kosov\u00ebs.<\/p>\n<p>\u201c<i>Prokuroria Themelore n\u00eb Prishtin\u00eb, njofton opinionin publik se n\u00eb koordinim me Policin\u00eb e Kosov\u00ebs, n\u00eb vazhd\u00ebn e veprimeve hetimore t\u00eb nd\u00ebrmarra n\u00eb m\u00ebnyr\u00eb intensive, lidhur me rastin e dt. 29.11.2023, i cili \u00ebsht\u00eb vler\u00ebsuar fillimisht si \u201cgrabitje me pasoja t\u00eb vrasjes\u201d, ku ka mbetur e vdekur nj\u00eb grua, ka rezultuar me arrestimin e dy t\u00eb dyshuarve t\u00eb p\u00ebrfshir\u00eb n\u00eb k\u00ebt\u00eb rast. Sipas urdh\u00ebres\u00ebs s\u00eb Prokurorit t\u00eb Shtetit dhe me aprovim t\u00eb gjyqtarit t\u00eb procedur\u00ebs paraprake, Nj\u00ebsiti i Hetimeve t\u00eb P\u00ebrgjithshme t\u00eb Prishtin\u00ebs, n\u00eb kuad\u00ebr t\u00eb Policis\u00eb s\u00eb Kosov\u00ebs, kan\u00eb realizuar bastisje n\u00eb dy lokacione n\u00eb Gjakov\u00eb, me \u00e7\u2019 rast nga ky aksion jan\u00eb arrestuar personat G.P. (dorasi) dhe N.M. (bashk\u00ebshorti i viktim\u00ebs), t\u00eb dyshuar n\u00eb vrasjen e viktim\u00ebs, si dhe \u00ebsht\u00eb sekuestruar arma e cila dyshohet t\u00eb jet\u00eb p\u00ebrdorur n\u00eb k\u00ebt\u00eb rast<\/i>.\u201d &#8211; thuhet n\u00eb njoftim.<\/p>\n<p>Nd\u00ebrsa nga Ministrja e Mbrojtjes kan\u00eb th\u00ebn\u00eb se <i>\u201cN\u00eb mesin e t\u00eb arrestuarve si t\u00eb dyshuar p\u00ebr vrasjen n\u00eb Prishtin\u00eb \u00ebsht\u00eb edhe pjes\u00ebtari i FSK-s\u00eb, K.K. Organet e drejt\u00ebsis\u00eb jan\u00eb duke hetuar rastin, por gjithashtu ky rast do t\u00eb trajtohet edhe brenda organeve p\u00ebrgjegj\u00ebse t\u00eb FSK-s\u00eb, sipas rregulloreve dhe ligjeve n\u00eb fuqi.\u201d<\/i><\/p>\n<p>Gjat\u00eb arrestimi t\u00eb dyshuarve, Policia e Kosov\u00ebs ka b\u00ebr\u00eb t\u00eb ditur se ka bastisur dy lokacione n\u00eb Gjakov\u00eb, dhe se n\u00eb raportin e tyre thuhet se <b>jan\u00eb konfiskuar nj\u00eb pistolet\u00eb m\u00eb 19 fishek\u00eb dhe nj\u00eb vetur\u00eb.<\/b><\/p>\n<p>Tashm\u00eb tre t\u00eb arrestuarit me vendim t\u00eb prokurorit jan\u00eb d\u00ebrguar n\u00eb mbajtje.<\/p>\n<p>Ky rast tragjik mori reagime mjaft\u00eb t\u00eb shumta, ku edhe ministrja e Drejt\u00ebsis\u00eb, Albulena Haxhiu ka reaguar, ku ka th\u00ebn\u00eb se Murseli ishte p\u00ebrpjekur ta fshihte krimin e r\u00ebnd\u00eb, duke th\u00ebn\u00eb se ishin cak i nj\u00eb grabitje.<\/p>\n<p>\u201c<i>Me pun\u00eb intesive, angazhim dhe bashk\u00ebpunim nd\u00ebrmjet policis\u00eb dhe prokuroris\u00eb, jan\u00eb arrestuar dy persona t\u00eb cil\u00ebt dyshohen p\u00ebr vrasjen e gruas n\u00eb Prishtin\u00eb. Nj\u00ebri nga personat e arrestuar \u00ebsht\u00eb bashk\u00ebshorti i t\u00eb ndjer\u00ebs Liridon\u00ebs, i cili sipas dyshimeve ishte p\u00ebrpjekur ta fshihte krimin e r\u00ebnd\u00eb duke th\u00ebn\u00eb q\u00eb ishin cak i nj\u00eb grabitje. Vler\u00ebsoj lart\u00eb angazhimin e policis\u00eb dhe prokuroris\u00eb p\u00ebr sqarimin e rrethanave q\u00eb shpiejn\u00eb n\u00eb zbardhjen e k\u00ebtij krimi t\u00eb r\u00ebnd\u00eb q\u00eb mori jet\u00ebn e t\u00eb ndjer\u00ebs Liridon\u00ebs. Ky krim nuk do t\u00eb mbetet pa u nd\u00ebshkuar. Kriminel\u00ebt do t\u00eb p\u00ebrballen me drejt\u00ebsin\u00eb.<\/i>\u201d \u2013 ka shkruar ajo.<\/p>\n<p>Burimet e Gazet\u00ebs Nacionale, gjithashtu kan\u00eb b\u00ebr\u00eb t\u00eb ditur se familja e Liridon\u00ebs, kan\u00eb shkuar n\u00eb Polici dhe kan\u00eb b\u00ebr\u00eb k\u00ebrkes\u00eb p\u00ebr zhvarrosjen e trupit nga fshati i bashk\u00ebshortit t\u00eb saj.<\/p>\n","protected":false},"excerpt":{"rendered":"<p>Naim Murseli dhe dy persona t\u00eb tjer\u00eb me inicialet G.P. dhe K.K. dyshohet se jan\u00eb p\u00ebrfshir\u00eb n\u00eb vrasjen e Liridona Murselit tri dit\u00eb m\u00eb par\u00eb n\u00eb Prishtin\u00eb. Fillimisht u p\u00ebrfol se Liridona \u00ebsht\u00eb vrar\u00eb nga disa grabit\u00ebs, q\u00eb af\u00ebr kishte burrin e saj, Naim Murselit dhe f\u00ebmij\u00ebt. Mir\u00ebpo dy dit\u00eb m\u00eb pas, t\u00eb premten, kjo [&hellip;]<\/p>\n","protected":false},"author":1,"featured_media":38126,"comment_status":"closed","ping_status":"closed","sticky":false,"template":"","format":"standard","meta":{"_monsterinsights_skip_tracking":false,"_monsterinsights_sitenote_active":false,"_monsterinsights_sitenote_note":"","_monsterinsights_sitenote_category":0,"_uf_show_specific_survey":0,"_uf_disable_surveys":false,"footnotes":""},"categories":[1146],"tags":[2720],"yoast_head":"<!-- This site is optimized with the Yoast SEO plugin v21.5 - https:\/\/yoast.com\/wordpress\/plugins\/seo\/ -->\n<title>Vrasja e Liridon\u00ebs: Tre t\u00eb arrestuar, nj\u00eb arm\u00eb e vetur\u00eb e konfiskuar - \u00e7ka dihet deri tash?<\/title>\n<meta name=\"robots\" content=\"index, follow, max-snippet:-1, max-image-preview:large, max-video-preview:-1\" \/>\n<link rel=\"canonical\" href=\"https:\/\/permbledhja.com\/sq\/vrasja-e-liridones-tre-te-arrestuar-nje-arme-e-veture-e-konfiskuar-cka-dihet-deri-tash\/\" \/>\n<meta property=\"og:locale\" content=\"sq_AL\" \/>\n<meta property=\"og:type\" content=\"article\" \/>\n<meta property=\"og:title\" content=\"Vrasja e Liridon\u00ebs: Tre t\u00eb arrestuar, nj\u00eb arm\u00eb e vetur\u00eb e konfiskuar - \u00e7ka dihet deri tash?\" \/>\n<meta property=\"og:description\" content=\"Naim Murseli dhe dy persona t\u00eb tjer\u00eb me inicialet G.P. dhe K.K. dyshohet se jan\u00eb p\u00ebrfshir\u00eb n\u00eb vrasjen e Liridona Murselit tri dit\u00eb m\u00eb par\u00eb n\u00eb Prishtin\u00eb. Fillimisht u p\u00ebrfol se Liridona \u00ebsht\u00eb vrar\u00eb nga disa grabit\u00ebs, q\u00eb af\u00ebr kishte burrin e saj, Naim Murselit dhe f\u00ebmij\u00ebt. Mir\u00ebpo dy dit\u00eb m\u00eb pas, t\u00eb premten, kjo [&hellip;]\" \/>\n<meta property=\"og:url\" content=\"https:\/\/permbledhja.com\/sq\/vrasja-e-liridones-tre-te-arrestuar-nje-arme-e-veture-e-konfiskuar-cka-dihet-deri-tash\/\" \/>\n<meta property=\"og:site_name\" content=\"Ve\u00e7 artikuj p\u00ebrmbledh\u00ebs\" \/>\n<meta property=\"article:publisher\" content=\"https:\/\/www.facebook.com\/press07\/\" \/>\n<meta property=\"article:author\" content=\"https:\/\/www.facebook.com\/kafexhiu.muharrem\/\" \/>\n<meta property=\"article:published_time\" content=\"2023-12-02T08:21:45+00:00\" \/>\n<meta property=\"og:image\" content=\"https:\/\/permbledhja.com\/wp-content\/uploads\/2023\/12\/146CE787-B20D-47FF-9396-F274A0469C9C.jpeg\" \/>\n\t<meta property=\"og:image:width\" content=\"1223\" \/>\n\t<meta property=\"og:image:height\" content=\"754\" \/>\n\t<meta property=\"og:image:type\" content=\"image\/jpeg\" \/>\n<meta name=\"author\" content=\"P\u00ebrmbledhja\" \/>\n<meta name=\"twitter:card\" content=\"summary_large_image\" \/>\n<meta name=\"twitter:label1\" content=\"Written by\" \/>\n\t<meta name=\"twitter:data1\" content=\"P\u00ebrmbledhja\" \/>\n\t<meta name=\"twitter:label2\" content=\"Est. reading time\" \/>\n\t<meta name=\"twitter:data2\" content=\"4 minuta\" \/>\n<script type=\"application\/ld+json\" class=\"yoast-schema-graph\">{\"@context\":\"https:\/\/schema.org\",\"@graph\":[{\"@type\":\"Article\",\"@id\":\"https:\/\/permbledhja.com\/vrasja-e-liridones-tre-te-arrestuar-nje-arme-e-veture-e-konfiskuar-cka-dihet-deri-tash\/#article\",\"isPartOf\":{\"@id\":\"https:\/\/permbledhja.com\/vrasja-e-liridones-tre-te-arrestuar-nje-arme-e-veture-e-konfiskuar-cka-dihet-deri-tash\/\"},\"author\":{\"name\":\"P\u00ebrmbledhja\",\"@id\":\"https:\/\/permbledhja.com\/#\/schema\/person\/0d064377258d3221e50693947b9eb4fe\"},\"headline\":\"Vrasja e Liridon\u00ebs: Tre t\u00eb arrestuar, nj\u00eb arm\u00eb e vetur\u00eb e konfiskuar &#8211; \u00e7ka dihet deri tash?\",\"datePublished\":\"2023-12-02T08:21:45+00:00\",\"dateModified\":\"2023-12-02T08:21:45+00:00\",\"mainEntityOfPage\":{\"@id\":\"https:\/\/permbledhja.com\/vrasja-e-liridones-tre-te-arrestuar-nje-arme-e-veture-e-konfiskuar-cka-dihet-deri-tash\/\"},\"wordCount\":686,\"publisher\":{\"@id\":\"https:\/\/permbledhja.com\/#organization\"},\"keywords\":[\"Liridona Murseli\"],\"articleSection\":[\"Kryesoret\"],\"inLanguage\":\"sq\"},{\"@type\":\"WebPage\",\"@id\":\"https:\/\/permbledhja.com\/vrasja-e-liridones-tre-te-arrestuar-nje-arme-e-veture-e-konfiskuar-cka-dihet-deri-tash\/\",\"url\":\"https:\/\/permbledhja.com\/vrasja-e-liridones-tre-te-arrestuar-nje-arme-e-veture-e-konfiskuar-cka-dihet-deri-tash\/\",\"name\":\"Vrasja e Liridon\u00ebs: Tre t\u00eb arrestuar, nj\u00eb arm\u00eb e vetur\u00eb e konfiskuar - \u00e7ka dihet deri tash?\",\"isPartOf\":{\"@id\":\"https:\/\/permbledhja.com\/#website\"},\"datePublished\":\"2023-12-02T08:21:45+00:00\",\"dateModified\":\"2023-12-02T08:21:45+00:00\",\"breadcrumb\":{\"@id\":\"https:\/\/permbledhja.com\/vrasja-e-liridones-tre-te-arrestuar-nje-arme-e-veture-e-konfiskuar-cka-dihet-deri-tash\/#breadcrumb\"},\"inLanguage\":\"sq\",\"potentialAction\":[{\"@type\":\"ReadAction\",\"target\":[\"https:\/\/permbledhja.com\/vrasja-e-liridones-tre-te-arrestuar-nje-arme-e-veture-e-konfiskuar-cka-dihet-deri-tash\/\"]}]},{\"@type\":\"BreadcrumbList\",\"@id\":\"https:\/\/permbledhja.com\/vrasja-e-liridones-tre-te-arrestuar-nje-arme-e-veture-e-konfiskuar-cka-dihet-deri-tash\/#breadcrumb\",\"itemListElement\":[{\"@type\":\"ListItem\",\"position\":1,\"name\":\"Ballina\",\"item\":\"https:\/\/permbledhja.com\/sq\/\"},{\"@type\":\"ListItem\",\"position\":2,\"name\":\"Vrasja e Liridon\u00ebs: Tre t\u00eb arrestuar, nj\u00eb arm\u00eb e vetur\u00eb e konfiskuar &#8211; \u00e7ka dihet deri tash?\"}]},{\"@type\":\"WebSite\",\"@id\":\"https:\/\/permbledhja.com\/#website\",\"url\":\"https:\/\/permbledhja.com\/\",\"name\":\"Ve\u00e7 artikuj p\u00ebrmbledh\u00ebs\",\"description\":\"\",\"publisher\":{\"@id\":\"https:\/\/permbledhja.com\/#organization\"},\"potentialAction\":[{\"@type\":\"SearchAction\",\"target\":{\"@type\":\"EntryPoint\",\"urlTemplate\":\"https:\/\/permbledhja.com\/?s={search_term_string}\"},\"query-input\":\"required name=search_term_string\"}],\"inLanguage\":\"sq\"},{\"@type\":\"Organization\",\"@id\":\"https:\/\/permbledhja.com\/#organization\",\"name\":\"MK Media & Pr\",\"url\":\"https:\/\/permbledhja.com\/\",\"logo\":{\"@type\":\"ImageObject\",\"inLanguage\":\"sq\",\"@id\":\"https:\/\/permbledhja.com\/#\/schema\/logo\/image\/\",\"url\":\"https:\/\/permbledhja.com\/wp-content\/uploads\/2021\/12\/07-Press-Logo.jpg\",\"contentUrl\":\"https:\/\/permbledhja.com\/wp-content\/uploads\/2021\/12\/07-Press-Logo.jpg\",\"width\":512,\"height\":512,\"caption\":\"MK Media & Pr\"},\"image\":{\"@id\":\"https:\/\/permbledhja.com\/#\/schema\/logo\/image\/\"},\"sameAs\":[\"https:\/\/www.facebook.com\/press07\/\"]},{\"@type\":\"Person\",\"@id\":\"https:\/\/permbledhja.com\/#\/schema\/person\/0d064377258d3221e50693947b9eb4fe\",\"name\":\"P\u00ebrmbledhja\",\"image\":{\"@type\":\"ImageObject\",\"inLanguage\":\"sq\",\"@id\":\"https:\/\/permbledhja.com\/#\/schema\/person\/image\/\",\"url\":\"https:\/\/permbledhja.com\/wp-content\/uploads\/2026\/01\/452004717_1040944174702970_8932037511805513407_n-96x96.jpg\",\"contentUrl\":\"https:\/\/permbledhja.com\/wp-content\/uploads\/2026\/01\/452004717_1040944174702970_8932037511805513407_n-96x96.jpg\",\"caption\":\"P\u00ebrmbledhja\"},\"sameAs\":[\"https:\/\/www.facebook.com\/kafexhiu.muharrem\/\",\"https:\/\/www.instagram.com\/muharrem_kafexhiu\/\"],\"url\":\"https:\/\/permbledhja.com\/sq\/author\/admin\/\"}]}<\/script>\n<!-- \/ Yoast SEO plugin. -->","yoast_head_json":{"title":"Vrasja e Liridon\u00ebs: Tre t\u00eb arrestuar, nj\u00eb arm\u00eb e vetur\u00eb e konfiskuar - \u00e7ka dihet deri tash?","robots":{"index":"index","follow":"follow","max-snippet":"max-snippet:-1","max-image-preview":"max-image-preview:large","max-video-preview":"max-video-preview:-1"},"canonical":"https:\/\/permbledhja.com\/sq\/vrasja-e-liridones-tre-te-arrestuar-nje-arme-e-veture-e-konfiskuar-cka-dihet-deri-tash\/","og_locale":"sq_AL","og_type":"article","og_title":"Vrasja e Liridon\u00ebs: Tre t\u00eb arrestuar, nj\u00eb arm\u00eb e vetur\u00eb e konfiskuar - \u00e7ka dihet deri tash?","og_description":"Naim Murseli dhe dy persona t\u00eb tjer\u00eb me inicialet G.P. dhe K.K. dyshohet se jan\u00eb p\u00ebrfshir\u00eb n\u00eb vrasjen e Liridona Murselit tri dit\u00eb m\u00eb par\u00eb n\u00eb Prishtin\u00eb. Fillimisht u p\u00ebrfol se Liridona \u00ebsht\u00eb vrar\u00eb nga disa grabit\u00ebs, q\u00eb af\u00ebr kishte burrin e saj, Naim Murselit dhe f\u00ebmij\u00ebt. Mir\u00ebpo dy dit\u00eb m\u00eb pas, t\u00eb premten, kjo [&hellip;]","og_url":"https:\/\/permbledhja.com\/sq\/vrasja-e-liridones-tre-te-arrestuar-nje-arme-e-veture-e-konfiskuar-cka-dihet-deri-tash\/","og_site_name":"Ve\u00e7 artikuj p\u00ebrmbledh\u00ebs","article_publisher":"https:\/\/www.facebook.com\/press07\/","article_author":"https:\/\/www.facebook.com\/kafexhiu.muharrem\/","article_published_time":"2023-12-02T08:21:45+00:00","og_image":[{"width":1223,"height":754,"url":"https:\/\/permbledhja.com\/wp-content\/uploads\/2023\/12\/146CE787-B20D-47FF-9396-F274A0469C9C.jpeg","type":"image\/jpeg"}],"author":"P\u00ebrmbledhja","twitter_card":"summary_large_image","twitter_misc":{"Written by":"P\u00ebrmbledhja","Est. reading time":"4 minuta"},"schema":{"@context":"https:\/\/schema.org","@graph":[{"@type":"Article","@id":"https:\/\/permbledhja.com\/vrasja-e-liridones-tre-te-arrestuar-nje-arme-e-veture-e-konfiskuar-cka-dihet-deri-tash\/#article","isPartOf":{"@id":"https:\/\/permbledhja.com\/vrasja-e-liridones-tre-te-arrestuar-nje-arme-e-veture-e-konfiskuar-cka-dihet-deri-tash\/"},"author":{"name":"P\u00ebrmbledhja","@id":"https:\/\/permbledhja.com\/#\/schema\/person\/0d064377258d3221e50693947b9eb4fe"},"headline":"Vrasja e Liridon\u00ebs: Tre t\u00eb arrestuar, nj\u00eb arm\u00eb e vetur\u00eb e konfiskuar &#8211; \u00e7ka dihet deri tash?","datePublished":"2023-12-02T08:21:45+00:00","dateModified":"2023-12-02T08:21:45+00:00","mainEntityOfPage":{"@id":"https:\/\/permbledhja.com\/vrasja-e-liridones-tre-te-arrestuar-nje-arme-e-veture-e-konfiskuar-cka-dihet-deri-tash\/"},"wordCount":686,"publisher":{"@id":"https:\/\/permbledhja.com\/#organization"},"keywords":["Liridona Murseli"],"articleSection":["Kryesoret"],"inLanguage":"sq"},{"@type":"WebPage","@id":"https:\/\/permbledhja.com\/vrasja-e-liridones-tre-te-arrestuar-nje-arme-e-veture-e-konfiskuar-cka-dihet-deri-tash\/","url":"https:\/\/permbledhja.com\/vrasja-e-liridones-tre-te-arrestuar-nje-arme-e-veture-e-konfiskuar-cka-dihet-deri-tash\/","name":"Vrasja e Liridon\u00ebs: Tre t\u00eb arrestuar, nj\u00eb arm\u00eb e vetur\u00eb e konfiskuar - \u00e7ka dihet deri tash?","isPartOf":{"@id":"https:\/\/permbledhja.com\/#website"},"datePublished":"2023-12-02T08:21:45+00:00","dateModified":"2023-12-02T08:21:45+00:00","breadcrumb":{"@id":"https:\/\/permbledhja.com\/vrasja-e-liridones-tre-te-arrestuar-nje-arme-e-veture-e-konfiskuar-cka-dihet-deri-tash\/#breadcrumb"},"inLanguage":"sq","potentialAction":[{"@type":"ReadAction","target":["https:\/\/permbledhja.com\/vrasja-e-liridones-tre-te-arrestuar-nje-arme-e-veture-e-konfiskuar-cka-dihet-deri-tash\/"]}]},{"@type":"BreadcrumbList","@id":"https:\/\/permbledhja.com\/vrasja-e-liridones-tre-te-arrestuar-nje-arme-e-veture-e-konfiskuar-cka-dihet-deri-tash\/#breadcrumb","itemListElement":[{"@type":"ListItem","position":1,"name":"Ballina","item":"https:\/\/permbledhja.com\/sq\/"},{"@type":"ListItem","position":2,"name":"Vrasja e Liridon\u00ebs: Tre t\u00eb arrestuar, nj\u00eb arm\u00eb e vetur\u00eb e konfiskuar &#8211; \u00e7ka dihet deri tash?"}]},{"@type":"WebSite","@id":"https:\/\/permbledhja.com\/#website","url":"https:\/\/permbledhja.com\/","name":"Ve\u00e7 artikuj p\u00ebrmbledh\u00ebs","description":"","publisher":{"@id":"https:\/\/permbledhja.com\/#organization"},"potentialAction":[{"@type":"SearchAction","target":{"@type":"EntryPoint","urlTemplate":"https:\/\/permbledhja.com\/?s={search_term_string}"},"query-input":"required name=search_term_string"}],"inLanguage":"sq"},{"@type":"Organization","@id":"https:\/\/permbledhja.com\/#organization","name":"MK Media & Pr","url":"https:\/\/permbledhja.com\/","logo":{"@type":"ImageObject","inLanguage":"sq","@id":"https:\/\/permbledhja.com\/#\/schema\/logo\/image\/","url":"https:\/\/permbledhja.com\/wp-content\/uploads\/2021\/12\/07-Press-Logo.jpg","contentUrl":"https:\/\/permbledhja.com\/wp-content\/uploads\/2021\/12\/07-Press-Logo.jpg","width":512,"height":512,"caption":"MK Media & Pr"},"image":{"@id":"https:\/\/permbledhja.com\/#\/schema\/logo\/image\/"},"sameAs":["https:\/\/www.facebook.com\/press07\/"]},{"@type":"Person","@id":"https:\/\/permbledhja.com\/#\/schema\/person\/0d064377258d3221e50693947b9eb4fe","name":"P\u00ebrmbledhja","image":{"@type":"ImageObject","inLanguage":"sq","@id":"https:\/\/permbledhja.com\/#\/schema\/person\/image\/","url":"https:\/\/permbledhja.com\/wp-content\/uploads\/2026\/01\/452004717_1040944174702970_8932037511805513407_n-96x96.jpg","contentUrl":"https:\/\/permbledhja.com\/wp-content\/uploads\/2026\/01\/452004717_1040944174702970_8932037511805513407_n-96x96.jpg","caption":"P\u00ebrmbledhja"},"sameAs":["https:\/\/www.facebook.com\/kafexhiu.muharrem\/","https:\/\/www.instagram.com\/muharrem_kafexhiu\/"],"url":"https:\/\/permbledhja.com\/sq\/author\/admin\/"}]}},"_links":{"self":[{"href":"https:\/\/permbledhja.com\/sq\/wp-json\/wp\/v2\/posts\/38125"}],"collection":[{"href":"https:\/\/permbledhja.com\/sq\/wp-json\/wp\/v2\/posts"}],"about":[{"href":"https:\/\/permbledhja.com\/sq\/wp-json\/wp\/v2\/types\/post"}],"author":[{"embeddable":true,"href":"https:\/\/permbledhja.com\/sq\/wp-json\/wp\/v2\/users\/1"}],"replies":[{"embeddable":true,"href":"https:\/\/permbledhja.com\/sq\/wp-json\/wp\/v2\/comments?post=38125"}],"version-history":[{"count":1,"href":"https:\/\/permbledhja.com\/sq\/wp-json\/wp\/v2\/posts\/38125\/revisions"}],"predecessor-version":[{"id":38127,"href":"https:\/\/permbledhja.com\/sq\/wp-json\/wp\/v2\/posts\/38125\/revisions\/38127"}],"wp:featuredmedia":[{"embeddable":true,"href":"https:\/\/permbledhja.com\/sq\/wp-json\/wp\/v2\/media\/38126"}],"wp:attachment":[{"href":"https:\/\/permbledhja.com\/sq\/wp-json\/wp\/v2\/media?parent=38125"}],"wp:term":[{"taxonomy":"category","embeddable":true,"href":"https:\/\/permbledhja.com\/sq\/wp-json\/wp\/v2\/categories?post=38125"},{"taxonomy":"post_tag","embeddable":true,"href":"https:\/\/permbledhja.com\/sq\/wp-json\/wp\/v2\/tags?post=38125"}],"curies":[{"name":"wp","href":"https:\/\/api.w.org\/{rel}","templated":true}]}}