{"id":38057,"date":"2023-11-30T13:19:30","date_gmt":"2023-11-30T13:19:30","guid":{"rendered":"https:\/\/permbledhja.com\/?p=38057"},"modified":"2023-11-30T13:19:30","modified_gmt":"2023-11-30T13:19:30","slug":"deputetja-e-vv-se-dikur-paguhej-per-shkembim-territoresh-shumefish-me-shume-sesa-paguhet-gani-jakupi","status":"publish","type":"post","link":"https:\/\/permbledhja.com\/sq\/deputetja-e-vv-se-dikur-paguhej-per-shkembim-territoresh-shumefish-me-shume-sesa-paguhet-gani-jakupi\/","title":{"rendered":"Deputetja e VV-s\u00eb: Dikur paguhej p\u00ebr shk\u00ebmbim territoresh, shum\u00ebfish m\u00eb shum\u00eb sesa paguhet Gani Jakupi"},"content":{"rendered":"<h3>Deputetja e VV-s\u00eb, Arbresh\u00eb Hyseni \u2013 Kryeziu, ka th\u00ebn\u00eb se z\u00ebvend\u00ebskryetarja e Bosnj\u00ebs dhe Hercegovin\u00ebs, Sabina \u00c7udiq, ka ndar\u00eb nj\u00eb eksperienc\u00eb t\u00eb saj n\u00eb prill t\u00eb vitit 2019 n\u00eb Washington t\u00eb ShBA-s\u00eb me Matthew Palmer dhe ish-ambasadoren e Kosov\u00ebs, Vlora \u00c7itakun.<\/h3>\n<p>Sipas Hysenit, \u00c7itaku e Palmer kan\u00eb diskutuar n\u00eb prezenc\u00eb t\u00eb \u00c7udiq mbi shk\u00ebmbimin territorial n\u00eb mes Kosov\u00ebs dhe Serbis\u00eb.<\/p>\n<p>\u201cDhe kur ajo ka nd\u00ebrhyr\u00eb p\u00ebr t\u00eb reaguar p\u00ebr k\u00ebt\u00eb gj\u00eb, ka qen\u00eb ish-ambasadorja jon\u00eb n\u00eb ShBA, q\u00eb ka k\u00ebrkuar q\u00eb t\u00eb mos p\u00ebrzihet n\u00eb \u00e7\u00ebshtje q\u00eb kan\u00eb t\u00eb b\u00ebjn\u00eb me Kosov\u00ebn dhe Serbin\u00eb\u201d, tha Hyseni \u2013 Kryeziu, njofton Klankosova.tv.<\/p>\n<p>M\u00eb tej, ajo p\u00ebrmendi edhe pag\u00ebn e Gani Jakupit, k\u00ebshilltarit t\u00eb ministres s\u00eb Pun\u00ebve t\u00eb Jashtme, Donika G\u00ebrvall\u00ebs, p\u00ebr t\u00eb cilin tha se n\u00eb t\u00eb kaluar\u00ebn jan\u00eb paguar shum\u00eb her\u00eb m\u00eb shum\u00eb se 7 mij\u00eb e 500 euro sesa ai p\u00ebr t\u00eb investuar n\u00eb kontrata q\u00eb kan\u00eb en\u00eb n\u00eb lobim p\u00ebr shk\u00ebmbim territorial.<\/p>\n<p>\u201cN\u00ebse del nj\u00eb deputet i PDK-s\u00eb dhe e akuzon VV-n\u00eb e qeverin\u00eb aktuale p\u00ebr korrupsion dhe i quan figura t\u00eb hajdukve, n\u00eb t\u00eb kaluar\u00ebn jan\u00eb paguar qindrafish m\u00eb shum\u00eb se 7 mij\u00eb e 500 q\u00eb \u00ebsht\u00eb paguar Gani Jakupi p\u00ebr t\u00eb investuar n\u00eb kontrata q\u00eb kan\u00eb qen\u00eb lobim p\u00ebr shk\u00ebmbim territorial dhe at\u00ebher\u00eb s\u2019kan\u00eb qen\u00eb kaq t\u00eb z\u00ebsh\u00ebm sa jan\u00eb sot sepse at\u00ebher\u00eb iu \u00ebsht\u00eb p\u00ebrshtatur dhe iu ka konvenuar q\u00eb t\u00eb veprojn\u00eb k\u00ebshtu\u201d.<\/p>\n","protected":false},"excerpt":{"rendered":"<p>Deputetja e VV-s\u00eb, Arbresh\u00eb Hyseni \u2013 Kryeziu, ka th\u00ebn\u00eb se z\u00ebvend\u00ebskryetarja e Bosnj\u00ebs dhe Hercegovin\u00ebs, Sabina \u00c7udiq, ka ndar\u00eb nj\u00eb eksperienc\u00eb t\u00eb saj n\u00eb prill t\u00eb vitit 2019 n\u00eb Washington t\u00eb ShBA-s\u00eb me Matthew Palmer dhe ish-ambasadoren e Kosov\u00ebs, Vlora \u00c7itakun. Sipas Hysenit, \u00c7itaku e Palmer kan\u00eb diskutuar n\u00eb prezenc\u00eb t\u00eb \u00c7udiq mbi shk\u00ebmbimin territorial [&hellip;]<\/p>\n","protected":false},"author":2,"featured_media":38058,"comment_status":"closed","ping_status":"closed","sticky":false,"template":"","format":"standard","meta":{"_monsterinsights_skip_tracking":false,"_monsterinsights_sitenote_active":false,"_monsterinsights_sitenote_note":"","_monsterinsights_sitenote_category":0,"_uf_show_specific_survey":0,"_uf_disable_surveys":false,"footnotes":""},"categories":[15],"tags":[258],"yoast_head":"<!-- This site is optimized with the Yoast SEO plugin v21.5 - https:\/\/yoast.com\/wordpress\/plugins\/seo\/ -->\n<title>Deputetja e VV-s\u00eb: Dikur paguhej p\u00ebr shk\u00ebmbim territoresh, shum\u00ebfish m\u00eb shum\u00eb sesa paguhet Gani Jakupi<\/title>\n<meta name=\"robots\" content=\"index, follow, max-snippet:-1, max-image-preview:large, max-video-preview:-1\" \/>\n<link rel=\"canonical\" href=\"https:\/\/permbledhja.com\/sq\/deputetja-e-vv-se-dikur-paguhej-per-shkembim-territoresh-shumefish-me-shume-sesa-paguhet-gani-jakupi\/\" \/>\n<meta property=\"og:locale\" content=\"sq_AL\" \/>\n<meta property=\"og:type\" content=\"article\" \/>\n<meta property=\"og:title\" content=\"Deputetja e VV-s\u00eb: Dikur paguhej p\u00ebr shk\u00ebmbim territoresh, shum\u00ebfish m\u00eb shum\u00eb sesa paguhet Gani Jakupi\" \/>\n<meta property=\"og:description\" content=\"Deputetja e VV-s\u00eb, Arbresh\u00eb Hyseni \u2013 Kryeziu, ka th\u00ebn\u00eb se z\u00ebvend\u00ebskryetarja e Bosnj\u00ebs dhe Hercegovin\u00ebs, Sabina \u00c7udiq, ka ndar\u00eb nj\u00eb eksperienc\u00eb t\u00eb saj n\u00eb prill t\u00eb vitit 2019 n\u00eb Washington t\u00eb ShBA-s\u00eb me Matthew Palmer dhe ish-ambasadoren e Kosov\u00ebs, Vlora \u00c7itakun. Sipas Hysenit, \u00c7itaku e Palmer kan\u00eb diskutuar n\u00eb prezenc\u00eb t\u00eb \u00c7udiq mbi shk\u00ebmbimin territorial [&hellip;]\" \/>\n<meta property=\"og:url\" content=\"https:\/\/permbledhja.com\/sq\/deputetja-e-vv-se-dikur-paguhej-per-shkembim-territoresh-shumefish-me-shume-sesa-paguhet-gani-jakupi\/\" \/>\n<meta property=\"og:site_name\" content=\"Ve\u00e7 artikuj p\u00ebrmbledh\u00ebs\" \/>\n<meta property=\"article:publisher\" content=\"https:\/\/www.facebook.com\/press07\/\" \/>\n<meta property=\"article:published_time\" content=\"2023-11-30T13:19:30+00:00\" \/>\n<meta property=\"og:image\" content=\"https:\/\/permbledhja.com\/wp-content\/uploads\/2023\/11\/arbresha.png\" \/>\n\t<meta property=\"og:image:width\" content=\"1254\" \/>\n\t<meta property=\"og:image:height\" content=\"685\" \/>\n\t<meta property=\"og:image:type\" content=\"image\/png\" \/>\n<meta name=\"author\" content=\"M M\" \/>\n<meta name=\"twitter:card\" content=\"summary_large_image\" \/>\n<meta name=\"twitter:label1\" content=\"Written by\" \/>\n\t<meta name=\"twitter:data1\" content=\"M M\" \/>\n\t<meta name=\"twitter:label2\" content=\"Est. reading time\" \/>\n\t<meta name=\"twitter:data2\" content=\"2 minuta\" \/>\n<script type=\"application\/ld+json\" class=\"yoast-schema-graph\">{\"@context\":\"https:\/\/schema.org\",\"@graph\":[{\"@type\":\"Article\",\"@id\":\"https:\/\/permbledhja.com\/deputetja-e-vv-se-dikur-paguhej-per-shkembim-territoresh-shumefish-me-shume-sesa-paguhet-gani-jakupi\/#article\",\"isPartOf\":{\"@id\":\"https:\/\/permbledhja.com\/deputetja-e-vv-se-dikur-paguhej-per-shkembim-territoresh-shumefish-me-shume-sesa-paguhet-gani-jakupi\/\"},\"author\":{\"name\":\"M M\",\"@id\":\"https:\/\/permbledhja.com\/#\/schema\/person\/d23f13f59b5722643933d6780783acf3\"},\"headline\":\"Deputetja e VV-s\u00eb: Dikur paguhej p\u00ebr shk\u00ebmbim territoresh, shum\u00ebfish m\u00eb shum\u00eb sesa paguhet Gani Jakupi\",\"datePublished\":\"2023-11-30T13:19:30+00:00\",\"dateModified\":\"2023-11-30T13:19:30+00:00\",\"mainEntityOfPage\":{\"@id\":\"https:\/\/permbledhja.com\/deputetja-e-vv-se-dikur-paguhej-per-shkembim-territoresh-shumefish-me-shume-sesa-paguhet-gani-jakupi\/\"},\"wordCount\":279,\"publisher\":{\"@id\":\"https:\/\/permbledhja.com\/#organization\"},\"keywords\":[\"Deputetja e Kosov\u00ebs\"],\"articleSection\":[\"Lajme\"],\"inLanguage\":\"sq\"},{\"@type\":\"WebPage\",\"@id\":\"https:\/\/permbledhja.com\/deputetja-e-vv-se-dikur-paguhej-per-shkembim-territoresh-shumefish-me-shume-sesa-paguhet-gani-jakupi\/\",\"url\":\"https:\/\/permbledhja.com\/deputetja-e-vv-se-dikur-paguhej-per-shkembim-territoresh-shumefish-me-shume-sesa-paguhet-gani-jakupi\/\",\"name\":\"Deputetja e VV-s\u00eb: Dikur paguhej p\u00ebr shk\u00ebmbim territoresh, shum\u00ebfish m\u00eb shum\u00eb sesa paguhet Gani Jakupi\",\"isPartOf\":{\"@id\":\"https:\/\/permbledhja.com\/#website\"},\"datePublished\":\"2023-11-30T13:19:30+00:00\",\"dateModified\":\"2023-11-30T13:19:30+00:00\",\"breadcrumb\":{\"@id\":\"https:\/\/permbledhja.com\/deputetja-e-vv-se-dikur-paguhej-per-shkembim-territoresh-shumefish-me-shume-sesa-paguhet-gani-jakupi\/#breadcrumb\"},\"inLanguage\":\"sq\",\"potentialAction\":[{\"@type\":\"ReadAction\",\"target\":[\"https:\/\/permbledhja.com\/deputetja-e-vv-se-dikur-paguhej-per-shkembim-territoresh-shumefish-me-shume-sesa-paguhet-gani-jakupi\/\"]}]},{\"@type\":\"BreadcrumbList\",\"@id\":\"https:\/\/permbledhja.com\/deputetja-e-vv-se-dikur-paguhej-per-shkembim-territoresh-shumefish-me-shume-sesa-paguhet-gani-jakupi\/#breadcrumb\",\"itemListElement\":[{\"@type\":\"ListItem\",\"position\":1,\"name\":\"Ballina\",\"item\":\"https:\/\/permbledhja.com\/sq\/\"},{\"@type\":\"ListItem\",\"position\":2,\"name\":\"Deputetja e VV-s\u00eb: Dikur paguhej p\u00ebr shk\u00ebmbim territoresh, shum\u00ebfish m\u00eb shum\u00eb sesa paguhet Gani Jakupi\"}]},{\"@type\":\"WebSite\",\"@id\":\"https:\/\/permbledhja.com\/#website\",\"url\":\"https:\/\/permbledhja.com\/\",\"name\":\"Ve\u00e7 artikuj p\u00ebrmbledh\u00ebs\",\"description\":\"\",\"publisher\":{\"@id\":\"https:\/\/permbledhja.com\/#organization\"},\"potentialAction\":[{\"@type\":\"SearchAction\",\"target\":{\"@type\":\"EntryPoint\",\"urlTemplate\":\"https:\/\/permbledhja.com\/?s={search_term_string}\"},\"query-input\":\"required name=search_term_string\"}],\"inLanguage\":\"sq\"},{\"@type\":\"Organization\",\"@id\":\"https:\/\/permbledhja.com\/#organization\",\"name\":\"MK Media & Pr\",\"url\":\"https:\/\/permbledhja.com\/\",\"logo\":{\"@type\":\"ImageObject\",\"inLanguage\":\"sq\",\"@id\":\"https:\/\/permbledhja.com\/#\/schema\/logo\/image\/\",\"url\":\"https:\/\/permbledhja.com\/wp-content\/uploads\/2021\/12\/07-Press-Logo.jpg\",\"contentUrl\":\"https:\/\/permbledhja.com\/wp-content\/uploads\/2021\/12\/07-Press-Logo.jpg\",\"width\":512,\"height\":512,\"caption\":\"MK Media & Pr\"},\"image\":{\"@id\":\"https:\/\/permbledhja.com\/#\/schema\/logo\/image\/\"},\"sameAs\":[\"https:\/\/www.facebook.com\/press07\/\"]},{\"@type\":\"Person\",\"@id\":\"https:\/\/permbledhja.com\/#\/schema\/person\/d23f13f59b5722643933d6780783acf3\",\"name\":\"M M\",\"image\":{\"@type\":\"ImageObject\",\"inLanguage\":\"sq\",\"@id\":\"https:\/\/permbledhja.com\/#\/schema\/person\/image\/\",\"url\":\"https:\/\/secure.gravatar.com\/avatar\/e2835a76ca7c31a2416b2d51c4ec9a8f?s=96&d=mm&r=g\",\"contentUrl\":\"https:\/\/secure.gravatar.com\/avatar\/e2835a76ca7c31a2416b2d51c4ec9a8f?s=96&d=mm&r=g\",\"caption\":\"M M\"},\"sameAs\":[\"http:\/\/MM\"],\"url\":\"https:\/\/permbledhja.com\/sq\/author\/muhamet\/\"}]}<\/script>\n<!-- \/ Yoast SEO plugin. -->","yoast_head_json":{"title":"Deputetja e VV-s\u00eb: Dikur paguhej p\u00ebr shk\u00ebmbim territoresh, shum\u00ebfish m\u00eb shum\u00eb sesa paguhet Gani Jakupi","robots":{"index":"index","follow":"follow","max-snippet":"max-snippet:-1","max-image-preview":"max-image-preview:large","max-video-preview":"max-video-preview:-1"},"canonical":"https:\/\/permbledhja.com\/sq\/deputetja-e-vv-se-dikur-paguhej-per-shkembim-territoresh-shumefish-me-shume-sesa-paguhet-gani-jakupi\/","og_locale":"sq_AL","og_type":"article","og_title":"Deputetja e VV-s\u00eb: Dikur paguhej p\u00ebr shk\u00ebmbim territoresh, shum\u00ebfish m\u00eb shum\u00eb sesa paguhet Gani Jakupi","og_description":"Deputetja e VV-s\u00eb, Arbresh\u00eb Hyseni \u2013 Kryeziu, ka th\u00ebn\u00eb se z\u00ebvend\u00ebskryetarja e Bosnj\u00ebs dhe Hercegovin\u00ebs, Sabina \u00c7udiq, ka ndar\u00eb nj\u00eb eksperienc\u00eb t\u00eb saj n\u00eb prill t\u00eb vitit 2019 n\u00eb Washington t\u00eb ShBA-s\u00eb me Matthew Palmer dhe ish-ambasadoren e Kosov\u00ebs, Vlora \u00c7itakun. Sipas Hysenit, \u00c7itaku e Palmer kan\u00eb diskutuar n\u00eb prezenc\u00eb t\u00eb \u00c7udiq mbi shk\u00ebmbimin territorial [&hellip;]","og_url":"https:\/\/permbledhja.com\/sq\/deputetja-e-vv-se-dikur-paguhej-per-shkembim-territoresh-shumefish-me-shume-sesa-paguhet-gani-jakupi\/","og_site_name":"Ve\u00e7 artikuj p\u00ebrmbledh\u00ebs","article_publisher":"https:\/\/www.facebook.com\/press07\/","article_published_time":"2023-11-30T13:19:30+00:00","og_image":[{"width":1254,"height":685,"url":"https:\/\/permbledhja.com\/wp-content\/uploads\/2023\/11\/arbresha.png","type":"image\/png"}],"author":"M M","twitter_card":"summary_large_image","twitter_misc":{"Written by":"M M","Est. reading time":"2 minuta"},"schema":{"@context":"https:\/\/schema.org","@graph":[{"@type":"Article","@id":"https:\/\/permbledhja.com\/deputetja-e-vv-se-dikur-paguhej-per-shkembim-territoresh-shumefish-me-shume-sesa-paguhet-gani-jakupi\/#article","isPartOf":{"@id":"https:\/\/permbledhja.com\/deputetja-e-vv-se-dikur-paguhej-per-shkembim-territoresh-shumefish-me-shume-sesa-paguhet-gani-jakupi\/"},"author":{"name":"M M","@id":"https:\/\/permbledhja.com\/#\/schema\/person\/d23f13f59b5722643933d6780783acf3"},"headline":"Deputetja e VV-s\u00eb: Dikur paguhej p\u00ebr shk\u00ebmbim territoresh, shum\u00ebfish m\u00eb shum\u00eb sesa paguhet Gani Jakupi","datePublished":"2023-11-30T13:19:30+00:00","dateModified":"2023-11-30T13:19:30+00:00","mainEntityOfPage":{"@id":"https:\/\/permbledhja.com\/deputetja-e-vv-se-dikur-paguhej-per-shkembim-territoresh-shumefish-me-shume-sesa-paguhet-gani-jakupi\/"},"wordCount":279,"publisher":{"@id":"https:\/\/permbledhja.com\/#organization"},"keywords":["Deputetja e Kosov\u00ebs"],"articleSection":["Lajme"],"inLanguage":"sq"},{"@type":"WebPage","@id":"https:\/\/permbledhja.com\/deputetja-e-vv-se-dikur-paguhej-per-shkembim-territoresh-shumefish-me-shume-sesa-paguhet-gani-jakupi\/","url":"https:\/\/permbledhja.com\/deputetja-e-vv-se-dikur-paguhej-per-shkembim-territoresh-shumefish-me-shume-sesa-paguhet-gani-jakupi\/","name":"Deputetja e VV-s\u00eb: Dikur paguhej p\u00ebr shk\u00ebmbim territoresh, shum\u00ebfish m\u00eb shum\u00eb sesa paguhet Gani Jakupi","isPartOf":{"@id":"https:\/\/permbledhja.com\/#website"},"datePublished":"2023-11-30T13:19:30+00:00","dateModified":"2023-11-30T13:19:30+00:00","breadcrumb":{"@id":"https:\/\/permbledhja.com\/deputetja-e-vv-se-dikur-paguhej-per-shkembim-territoresh-shumefish-me-shume-sesa-paguhet-gani-jakupi\/#breadcrumb"},"inLanguage":"sq","potentialAction":[{"@type":"ReadAction","target":["https:\/\/permbledhja.com\/deputetja-e-vv-se-dikur-paguhej-per-shkembim-territoresh-shumefish-me-shume-sesa-paguhet-gani-jakupi\/"]}]},{"@type":"BreadcrumbList","@id":"https:\/\/permbledhja.com\/deputetja-e-vv-se-dikur-paguhej-per-shkembim-territoresh-shumefish-me-shume-sesa-paguhet-gani-jakupi\/#breadcrumb","itemListElement":[{"@type":"ListItem","position":1,"name":"Ballina","item":"https:\/\/permbledhja.com\/sq\/"},{"@type":"ListItem","position":2,"name":"Deputetja e VV-s\u00eb: Dikur paguhej p\u00ebr shk\u00ebmbim territoresh, shum\u00ebfish m\u00eb shum\u00eb sesa paguhet Gani Jakupi"}]},{"@type":"WebSite","@id":"https:\/\/permbledhja.com\/#website","url":"https:\/\/permbledhja.com\/","name":"Ve\u00e7 artikuj p\u00ebrmbledh\u00ebs","description":"","publisher":{"@id":"https:\/\/permbledhja.com\/#organization"},"potentialAction":[{"@type":"SearchAction","target":{"@type":"EntryPoint","urlTemplate":"https:\/\/permbledhja.com\/?s={search_term_string}"},"query-input":"required name=search_term_string"}],"inLanguage":"sq"},{"@type":"Organization","@id":"https:\/\/permbledhja.com\/#organization","name":"MK Media & Pr","url":"https:\/\/permbledhja.com\/","logo":{"@type":"ImageObject","inLanguage":"sq","@id":"https:\/\/permbledhja.com\/#\/schema\/logo\/image\/","url":"https:\/\/permbledhja.com\/wp-content\/uploads\/2021\/12\/07-Press-Logo.jpg","contentUrl":"https:\/\/permbledhja.com\/wp-content\/uploads\/2021\/12\/07-Press-Logo.jpg","width":512,"height":512,"caption":"MK Media & Pr"},"image":{"@id":"https:\/\/permbledhja.com\/#\/schema\/logo\/image\/"},"sameAs":["https:\/\/www.facebook.com\/press07\/"]},{"@type":"Person","@id":"https:\/\/permbledhja.com\/#\/schema\/person\/d23f13f59b5722643933d6780783acf3","name":"M M","image":{"@type":"ImageObject","inLanguage":"sq","@id":"https:\/\/permbledhja.com\/#\/schema\/person\/image\/","url":"https:\/\/secure.gravatar.com\/avatar\/e2835a76ca7c31a2416b2d51c4ec9a8f?s=96&d=mm&r=g","contentUrl":"https:\/\/secure.gravatar.com\/avatar\/e2835a76ca7c31a2416b2d51c4ec9a8f?s=96&d=mm&r=g","caption":"M M"},"sameAs":["http:\/\/MM"],"url":"https:\/\/permbledhja.com\/sq\/author\/muhamet\/"}]}},"_links":{"self":[{"href":"https:\/\/permbledhja.com\/sq\/wp-json\/wp\/v2\/posts\/38057"}],"collection":[{"href":"https:\/\/permbledhja.com\/sq\/wp-json\/wp\/v2\/posts"}],"about":[{"href":"https:\/\/permbledhja.com\/sq\/wp-json\/wp\/v2\/types\/post"}],"author":[{"embeddable":true,"href":"https:\/\/permbledhja.com\/sq\/wp-json\/wp\/v2\/users\/2"}],"replies":[{"embeddable":true,"href":"https:\/\/permbledhja.com\/sq\/wp-json\/wp\/v2\/comments?post=38057"}],"version-history":[{"count":1,"href":"https:\/\/permbledhja.com\/sq\/wp-json\/wp\/v2\/posts\/38057\/revisions"}],"predecessor-version":[{"id":38059,"href":"https:\/\/permbledhja.com\/sq\/wp-json\/wp\/v2\/posts\/38057\/revisions\/38059"}],"wp:featuredmedia":[{"embeddable":true,"href":"https:\/\/permbledhja.com\/sq\/wp-json\/wp\/v2\/media\/38058"}],"wp:attachment":[{"href":"https:\/\/permbledhja.com\/sq\/wp-json\/wp\/v2\/media?parent=38057"}],"wp:term":[{"taxonomy":"category","embeddable":true,"href":"https:\/\/permbledhja.com\/sq\/wp-json\/wp\/v2\/categories?post=38057"},{"taxonomy":"post_tag","embeddable":true,"href":"https:\/\/permbledhja.com\/sq\/wp-json\/wp\/v2\/tags?post=38057"}],"curies":[{"name":"wp","href":"https:\/\/api.w.org\/{rel}","templated":true}]}}