{"id":38036,"date":"2023-11-30T11:16:27","date_gmt":"2023-11-30T11:16:27","guid":{"rendered":"https:\/\/permbledhja.com\/?p=38036"},"modified":"2023-11-30T13:10:11","modified_gmt":"2023-11-30T13:10:11","slug":"vrasje-grabitje-e-shperthim-ngjarjet-qe-tronditen-vendin-kete-muaj","status":"publish","type":"post","link":"https:\/\/permbledhja.com\/sq\/vrasje-grabitje-e-shperthim-ngjarjet-qe-tronditen-vendin-kete-muaj\/","title":{"rendered":"Vrasje, grabitje e shp\u00ebrthim \u2013 ngjarjet q\u00eb trondit\u00ebn vendin k\u00ebt\u00eb muaj"},"content":{"rendered":"<h3>Vendi \u00ebsht\u00eb tronditur nga disa ngjarje q\u00eb kan\u00eb ndodhur gjat\u00eb k\u00ebtij muaji. Shp\u00ebrthimi n\u00eb Tregun e Kafsh\u00ebve n\u00eb Prizren, grabitja e armatosur n\u00eb argjendarin\u00eb n\u00eb Suharek\u00eb dhe dy vrasjet q\u00eb ndodh\u00ebn mbr\u00ebm\u00eb n\u00eb Prishtin\u00eb, jan\u00eb vet\u00ebm disa prej tyre. Gazeta Express ju sjell nj\u00eb p\u00ebrmbledhje t\u00eb k\u00ebtyre ngjarjeve.<\/h3>\n<p>Brenda nj\u00eb ore, mbr\u00ebm\u00eb n\u00eb kryeqytet kan\u00eb ndodhur dy vrasje. Nj\u00ebra n\u00eb rrug\u00ebn \u201cDalip Alshiqi\u201d, e tjetra n\u00eb rrug\u00ebn \u201cAli Vitia\u201d.<\/p>\n<p>Rasti i par\u00eb ka ndodhur rreth or\u00ebs 20:26, ku \u00ebsht\u00eb vrar\u00eb gruaja e Naim Murselit, k\u00ebshilltarit t\u00eb ish-Presidentit Behgjet Pacolli.<\/p>\n<p>Sipas raportit 24 or\u00ebsh t\u00eb Policis\u00eb, bazuar n\u00eb fjal\u00ebt e Murselit, viktima ka qen\u00eb n\u00eb vetur\u00eb me bashk\u00ebshortin dhe dy f\u00ebmij\u00ebt, kur nj\u00eb person i panjohur i armatosur i ka ndaluar dhe ua ka k\u00ebrkuar t\u00eb gjitha gj\u00ebrat me vler\u00eb dhe pastaj ka q\u00eblluar me arm\u00eb zjarri. Ky rast \u00ebsht\u00eb kualifikuar si \u201cGrabitje me pasoja t\u00eb vrasjes\u201d.<\/p>\n<p>\u201cGRABITJE ME PASOJA T\u00cb VRASJES \u2013 Rr. Dalip Alshiqi, Prishtin\u00eb\u00a0 29.11.2023 \u201320:26.\u00a0 Raportohet se viktima fem\u00ebr kosovare, derisa ka qen\u00eb me bashk\u00ebshortin dhe dy f\u00ebmij\u00ebt e tyre me vetur\u00eb, nj\u00eb person i panjohur i armatosur i ka ndaluar dhe ua ka k\u00ebrkuar t\u00eb gjitha gj\u00ebrat me vler\u00eb dhe \u00ebsht\u00eb q\u00eblluar me arm\u00eb zjarri p\u00ebr vdekje. Lidhur me rastin \u00ebsht\u00eb intervistuar bashk\u00ebshorti i saj, d\u00ebshmitari mashkull kosovar i cili kishte arritur t\u00eb largohet nga vetura me dy f\u00ebmij\u00ebt e tyre. Nj\u00ebsit relevante policore, prokurori dhe ndihma e shpejt\u00eb urgjente kan\u00eb dal\u00eb n\u00eb vendin e ngjarjes, nga mjeku \u00ebsht\u00eb konstatuar vdekja\u00a0 e viktim\u00ebs. Me urdh\u00ebr t\u00eb prokurorit trupi i pajet\u00eb i viktim\u00ebs \u00ebsht\u00eb d\u00ebrguar n\u00eb IML p\u00ebr obduksion\u201d, thuhet n\u00eb raport.<\/p>\n<p>Jozyrtarisht thuhet se t\u00eb dyshuar p\u00ebr rastin jan\u00eb dy persona, t\u00eb cil\u00ebt s\u2019jan\u00eb identifikuar ende.Nga Prokuroria Themelore e Prishtin\u00ebs kan\u00eb th\u00ebn\u00eb se jan\u00eb t\u00eb angazhuar n\u00eb ndri\u00e7imin e t\u00eb gjitha rrethanave t\u00eb k\u00ebtij rasti.<\/p>\n<p>\u201cLidhur me rastin i cili ka ndodhur n\u00eb Rr. \u201cDalip Alshiqi\u201d Prishtin\u00eb, ju njoftojm\u00eb se nga informatat e deri tanishme dyshohet p\u00ebr grabitje me pasoja vdekjeje, ku nga nata kritike e n\u00eb vazhdim, Prokurori i Shtetit n\u00eb koordinim me nj\u00ebsit\u00eb relevante jan\u00eb t\u00eb angazhuar n\u00eb ndri\u00e7imin e t\u00eb gjitha rrethanave t\u00eb k\u00ebtij rasti. Me urdh\u00ebr t\u00eb prokurorit trupi i viktim\u00ebs \u00ebsht\u00eb d\u00ebrguar p\u00ebr obduksion, n\u00eb Institutin e Mjek\u00ebsis\u00eb Ligjore\u201d, ka th\u00ebn\u00eb Ulaj p\u00ebr Express.<\/p>\n<p>Rasti i dyt\u00eb ka ndodhur rreth nj\u00eb or\u00eb m\u00eb von\u00eb, ku dh\u00ebndri dyshohet se ka therur p\u00ebr vdekje babain e bashk\u00ebshortes s\u00eb tij.<\/p>\n<p>\u201cVRASJE \u2013 Rr. Ali Vitia, Prishtin\u00eb\u00a0 29.11.2023 \u2013 21:30.\u00a0\u00a0 Dyshohet se pas nj\u00eb mosmarr\u00ebveshje, i dyshuari mashkull kosovar ka sulmuar-therur me thik\u00eb\u00a0 baban\u00eb\u00a0 e bashk\u00ebshortes s\u00eb tij (vjehrrin), viktim\u00ebn mashkull kosovar i cili duke mos u p\u00ebrballuar plag\u00ebve t\u00eb marra ka nd\u00ebrruar jet\u00eb n\u00eb\u00a0 QKUK, vdekjen e t\u00eb cilit\u00a0 e ka konfirmuar mjeku\u201d, theksohet n\u00eb raportin e Policis\u00eb. .<\/p>\n<p>Nga Prokuroria Themelore e Prishtin\u00ebs kan\u00eb deklaruar se i dyshuari p\u00ebr k\u00ebt\u00eb rast \u00ebsht\u00eb identifikuar, por se ndodhet n\u00eb arrati.<\/p>\n<p>\u201cNd\u00ebrsa, p\u00ebr rastin i cili ka ndodhur n\u00eb Rr. \u201cAli Vitia\u201d Prishtin\u00eb, dyshohet se nj\u00eb person ka privuar nga jeta viktim\u00ebn (mashkull), me mjet t\u00eb mpreht\u00eb-thik\u00eb. Viktima \u00ebsht\u00eb d\u00ebrguar n\u00eb IML, me urdh\u00ebr t\u00eb prokurorit, nd\u00ebrkaq rasti \u00ebsht\u00eb iniciuar \u201cVrasje\u201d.Veprimet hetimore po vazhdojn\u00eb t\u00eb nd\u00ebrmerren karshi k\u00ebtij rasti dhe personi i dyshuar \u00ebsht\u00eb identifikuar, mir\u00ebpo aktualisht ndodhet n\u00eb arrati\u201d, thuhet n\u00eb p\u00ebrgjigje.<\/p>\n<p><strong>Grabitja e armatosur n\u00eb Suharek\u00eb \u2013 t\u00eb dyshuarit n\u00eb arrati<\/strong><\/p>\n<p>Para nj\u00eb jave, sakt\u00ebsisht t\u00eb m\u00ebrkur\u00ebn, vendi \u00ebsht\u00eb tronditur nga nj\u00eb grabitje q\u00eb u krye gjat\u00eb dit\u00ebs n\u00eb Suharek\u00eb.<\/p>\n<p>Disa persona t\u00eb maskuar e t\u00eb armatosur grabit\u00ebn nj\u00eb argjendari n\u00eb k\u00ebt\u00eb qytet. Gjat\u00eb p\u00ebrballjes me ta, nj\u00eb zyrtar policor \u00ebsht\u00eb plagosur e nj\u00eb tjet\u00ebr \u00ebsht\u00eb l\u00ebnduar leht\u00eb.<\/p>\n<p>N\u00eb k\u00ebt\u00eb rast dyshohet se kan\u00eb qen\u00eb t\u00eb p\u00ebrfshir\u00eb kat\u00ebr persona, t\u00eb cil\u00ebt pas grabitjes jan\u00eb arratisur.<\/p>\n<p>\u201cN\u00eb nd\u00ebrkoh\u00eb kan\u00eb mb\u00ebrri edhe p\u00ebrforcime t\u00eb tjera policore, nga t\u00eb dh\u00ebnat e para dyshohet se ishin kat\u00ebr t\u00eb dyshuar. T\u00eb dyshuarit jan\u00eb larguar nga vendi dhe polic\u00ebt iu jan\u00eb v\u00ebn\u00eb pas, gjat\u00eb rrug\u00ebs t\u00eb dyshuarit kan\u00eb vendosur pengesa t\u00eb ndryshme dhe kan\u00eb arrit q\u00eb t\u00eb arratis\u00ebn. Drejtoria Rajonale e Policis\u00eb n\u00eb Prizren n\u00eb bashk\u00ebpunim edhe me Drejtorit tjera Rajonale jan\u00eb angazhuar me t\u00ebr\u00eb kapacitetin e tyre p\u00ebr zbardhjen e rastit konkrteisht identifikimin , lokalizimin dhe arrestimin e t\u00eb dyshuarve\u201d, kishte njoftuar Policia.<\/p>\n<p>T\u00eb dyshuarit p\u00ebr grabitje ende nuk jan\u00eb arrestuar, por jan\u00eb arrestuar dy persona q\u00eb dyshohet se kan\u00eb ndihmuar n\u00eb kryerjen e k\u00ebsaj vepre. Atyre u \u00ebsht\u00eb caktuar masa e paraburgimit prej nj\u00eb muaji.<\/p>\n<p><strong>Shp\u00ebrthimi n\u00eb Tregun e Kafsh\u00ebve n\u00eb Prizren \u2013 u l\u00ebnduan 10 persona<\/strong><\/p>\n<p>M\u00eb 22 n\u00ebntor, kishte ndodhur edhe nj\u00eb ngjarje tjet\u00ebr trondit\u00ebse n\u00eb rajonin e Prizrenit.<\/p>\n<p>N\u00eb Tregun e Kafsh\u00ebve n\u00eb Prizren, ishte hedhur nj\u00eb mjet shp\u00ebrthyes, ku si pasoj\u00eb ishin l\u00ebnduar dhjet\u00eb persona, pes\u00eb prej t\u00eb cil\u00ebve ishin d\u00ebrguar p\u00ebr trajtim n\u00eb QKUK.<\/p>\n<p>Dyshohet se mjeti shp\u00ebrthyes ishte hedhur pas nj\u00eb mosmarr\u00ebveshje nd\u00ebrmjet tregtar\u00ebve.<\/p>\n<p>\u201cFillimisht jan\u00eb dh\u00ebn\u00eb informacione p\u00ebr tre persona t\u00eb dyshuar q\u00eb me von\u00eb me zhvillimin e hetimeve policia ka gjetur se dy persona kan\u00eb qen\u00eb si kryes t\u00eb vepr\u00ebs penale, te cil\u00ebt jan\u00eb identifikuar dhe policia ka filluar k\u00ebrkimin p\u00ebr ndalimin e tyre, pasi pas nj\u00eb mosmarr\u00ebveshjeje te \u00e7astit nd\u00ebrmjet tregtareve te kafsh\u00ebve fillimisht ka filluar nj\u00eb rrahje nd\u00ebrmjet viktimave dhe te dyshuarve ku ne nj\u00eb moment te dyshuarit aktivizojn\u00eb dhe hedhin nj\u00eb mjet shp\u00ebrthyes (lloji i panjohur p\u00ebr momentin)\u201d, kishte njoftuar Policia.<\/p>\n<p>Dy t\u00eb dyshuarit p\u00ebr k\u00ebt\u00eb rast tashm\u00eb jan\u00eb arrestuar, derisa rasti ishte cil\u00ebsuar si \u201cShkaktim i rrezikut t\u00eb p\u00ebrgjithsh\u00ebm\u201d.<\/p>\n","protected":false},"excerpt":{"rendered":"<p>Vendi \u00ebsht\u00eb tronditur nga disa ngjarje q\u00eb kan\u00eb ndodhur gjat\u00eb k\u00ebtij muaji. Shp\u00ebrthimi n\u00eb Tregun e Kafsh\u00ebve n\u00eb Prizren, grabitja e armatosur n\u00eb argjendarin\u00eb n\u00eb Suharek\u00eb dhe dy vrasjet q\u00eb ndodh\u00ebn mbr\u00ebm\u00eb n\u00eb Prishtin\u00eb, jan\u00eb vet\u00ebm disa prej tyre. Gazeta Express ju sjell nj\u00eb p\u00ebrmbledhje t\u00eb k\u00ebtyre ngjarjeve. Brenda nj\u00eb ore, mbr\u00ebm\u00eb n\u00eb kryeqytet kan\u00eb [&hellip;]<\/p>\n","protected":false},"author":2,"featured_media":38037,"comment_status":"closed","ping_status":"closed","sticky":false,"template":"","format":"standard","meta":{"_monsterinsights_skip_tracking":false,"_monsterinsights_sitenote_active":false,"_monsterinsights_sitenote_note":"","_monsterinsights_sitenote_category":0,"_uf_show_specific_survey":0,"_uf_disable_surveys":false,"footnotes":""},"categories":[1],"tags":[982],"yoast_head":"<!-- This site is optimized with the Yoast SEO plugin v21.5 - https:\/\/yoast.com\/wordpress\/plugins\/seo\/ -->\n<title>Vrasje, grabitje e shp\u00ebrthim \u2013 ngjarjet q\u00eb trondit\u00ebn vendin k\u00ebt\u00eb muaj<\/title>\n<meta name=\"robots\" content=\"index, follow, max-snippet:-1, max-image-preview:large, max-video-preview:-1\" \/>\n<link rel=\"canonical\" href=\"https:\/\/permbledhja.com\/sq\/vrasje-grabitje-e-shperthim-ngjarjet-qe-tronditen-vendin-kete-muaj\/\" \/>\n<meta property=\"og:locale\" content=\"sq_AL\" \/>\n<meta property=\"og:type\" content=\"article\" \/>\n<meta property=\"og:title\" content=\"Vrasje, grabitje e shp\u00ebrthim \u2013 ngjarjet q\u00eb trondit\u00ebn vendin k\u00ebt\u00eb muaj\" \/>\n<meta property=\"og:description\" content=\"Vendi \u00ebsht\u00eb tronditur nga disa ngjarje q\u00eb kan\u00eb ndodhur gjat\u00eb k\u00ebtij muaji. Shp\u00ebrthimi n\u00eb Tregun e Kafsh\u00ebve n\u00eb Prizren, grabitja e armatosur n\u00eb argjendarin\u00eb n\u00eb Suharek\u00eb dhe dy vrasjet q\u00eb ndodh\u00ebn mbr\u00ebm\u00eb n\u00eb Prishtin\u00eb, jan\u00eb vet\u00ebm disa prej tyre. Gazeta Express ju sjell nj\u00eb p\u00ebrmbledhje t\u00eb k\u00ebtyre ngjarjeve. Brenda nj\u00eb ore, mbr\u00ebm\u00eb n\u00eb kryeqytet kan\u00eb [&hellip;]\" \/>\n<meta property=\"og:url\" content=\"https:\/\/permbledhja.com\/sq\/vrasje-grabitje-e-shperthim-ngjarjet-qe-tronditen-vendin-kete-muaj\/\" \/>\n<meta property=\"og:site_name\" content=\"Ve\u00e7 artikuj p\u00ebrmbledh\u00ebs\" \/>\n<meta property=\"article:publisher\" content=\"https:\/\/www.facebook.com\/press07\/\" \/>\n<meta property=\"article:published_time\" content=\"2023-11-30T11:16:27+00:00\" \/>\n<meta property=\"article:modified_time\" content=\"2023-11-30T13:10:11+00:00\" \/>\n<meta property=\"og:image\" content=\"https:\/\/permbledhja.com\/wp-content\/uploads\/2023\/11\/ilustrim-shiriti-i-ndalimit-policia-e-kosoves-foto-Ridvan-Slivova-3-780x439-1-600x360-1-1.jpg\" \/>\n\t<meta property=\"og:image:width\" content=\"600\" \/>\n\t<meta property=\"og:image:height\" content=\"360\" \/>\n\t<meta property=\"og:image:type\" content=\"image\/jpeg\" \/>\n<meta name=\"author\" content=\"M M\" \/>\n<meta name=\"twitter:card\" content=\"summary_large_image\" \/>\n<meta name=\"twitter:label1\" content=\"Written by\" \/>\n\t<meta name=\"twitter:data1\" content=\"M M\" \/>\n\t<meta name=\"twitter:label2\" content=\"Est. reading time\" \/>\n\t<meta name=\"twitter:data2\" content=\"5 minuta\" \/>\n<script type=\"application\/ld+json\" class=\"yoast-schema-graph\">{\"@context\":\"https:\/\/schema.org\",\"@graph\":[{\"@type\":\"Article\",\"@id\":\"https:\/\/permbledhja.com\/vrasje-grabitje-e-shperthim-ngjarjet-qe-tronditen-vendin-kete-muaj\/#article\",\"isPartOf\":{\"@id\":\"https:\/\/permbledhja.com\/vrasje-grabitje-e-shperthim-ngjarjet-qe-tronditen-vendin-kete-muaj\/\"},\"author\":{\"name\":\"M M\",\"@id\":\"https:\/\/permbledhja.com\/#\/schema\/person\/d23f13f59b5722643933d6780783acf3\"},\"headline\":\"Vrasje, grabitje e shp\u00ebrthim \u2013 ngjarjet q\u00eb trondit\u00ebn vendin k\u00ebt\u00eb muaj\",\"datePublished\":\"2023-11-30T11:16:27+00:00\",\"dateModified\":\"2023-11-30T13:10:11+00:00\",\"mainEntityOfPage\":{\"@id\":\"https:\/\/permbledhja.com\/vrasje-grabitje-e-shperthim-ngjarjet-qe-tronditen-vendin-kete-muaj\/\"},\"wordCount\":1034,\"publisher\":{\"@id\":\"https:\/\/permbledhja.com\/#organization\"},\"keywords\":[\"Ngjarjet\"],\"articleSection\":[\"Breaking News\"],\"inLanguage\":\"sq\"},{\"@type\":\"WebPage\",\"@id\":\"https:\/\/permbledhja.com\/vrasje-grabitje-e-shperthim-ngjarjet-qe-tronditen-vendin-kete-muaj\/\",\"url\":\"https:\/\/permbledhja.com\/vrasje-grabitje-e-shperthim-ngjarjet-qe-tronditen-vendin-kete-muaj\/\",\"name\":\"Vrasje, grabitje e shp\u00ebrthim \u2013 ngjarjet q\u00eb trondit\u00ebn vendin k\u00ebt\u00eb muaj\",\"isPartOf\":{\"@id\":\"https:\/\/permbledhja.com\/#website\"},\"datePublished\":\"2023-11-30T11:16:27+00:00\",\"dateModified\":\"2023-11-30T13:10:11+00:00\",\"breadcrumb\":{\"@id\":\"https:\/\/permbledhja.com\/vrasje-grabitje-e-shperthim-ngjarjet-qe-tronditen-vendin-kete-muaj\/#breadcrumb\"},\"inLanguage\":\"sq\",\"potentialAction\":[{\"@type\":\"ReadAction\",\"target\":[\"https:\/\/permbledhja.com\/vrasje-grabitje-e-shperthim-ngjarjet-qe-tronditen-vendin-kete-muaj\/\"]}]},{\"@type\":\"BreadcrumbList\",\"@id\":\"https:\/\/permbledhja.com\/vrasje-grabitje-e-shperthim-ngjarjet-qe-tronditen-vendin-kete-muaj\/#breadcrumb\",\"itemListElement\":[{\"@type\":\"ListItem\",\"position\":1,\"name\":\"Ballina\",\"item\":\"https:\/\/permbledhja.com\/sq\/\"},{\"@type\":\"ListItem\",\"position\":2,\"name\":\"Vrasje, grabitje e shp\u00ebrthim \u2013 ngjarjet q\u00eb trondit\u00ebn vendin k\u00ebt\u00eb muaj\"}]},{\"@type\":\"WebSite\",\"@id\":\"https:\/\/permbledhja.com\/#website\",\"url\":\"https:\/\/permbledhja.com\/\",\"name\":\"Ve\u00e7 artikuj p\u00ebrmbledh\u00ebs\",\"description\":\"\",\"publisher\":{\"@id\":\"https:\/\/permbledhja.com\/#organization\"},\"potentialAction\":[{\"@type\":\"SearchAction\",\"target\":{\"@type\":\"EntryPoint\",\"urlTemplate\":\"https:\/\/permbledhja.com\/?s={search_term_string}\"},\"query-input\":\"required name=search_term_string\"}],\"inLanguage\":\"sq\"},{\"@type\":\"Organization\",\"@id\":\"https:\/\/permbledhja.com\/#organization\",\"name\":\"MK Media & Pr\",\"url\":\"https:\/\/permbledhja.com\/\",\"logo\":{\"@type\":\"ImageObject\",\"inLanguage\":\"sq\",\"@id\":\"https:\/\/permbledhja.com\/#\/schema\/logo\/image\/\",\"url\":\"https:\/\/permbledhja.com\/wp-content\/uploads\/2021\/12\/07-Press-Logo.jpg\",\"contentUrl\":\"https:\/\/permbledhja.com\/wp-content\/uploads\/2021\/12\/07-Press-Logo.jpg\",\"width\":512,\"height\":512,\"caption\":\"MK Media & Pr\"},\"image\":{\"@id\":\"https:\/\/permbledhja.com\/#\/schema\/logo\/image\/\"},\"sameAs\":[\"https:\/\/www.facebook.com\/press07\/\"]},{\"@type\":\"Person\",\"@id\":\"https:\/\/permbledhja.com\/#\/schema\/person\/d23f13f59b5722643933d6780783acf3\",\"name\":\"M M\",\"image\":{\"@type\":\"ImageObject\",\"inLanguage\":\"sq\",\"@id\":\"https:\/\/permbledhja.com\/#\/schema\/person\/image\/\",\"url\":\"https:\/\/secure.gravatar.com\/avatar\/e2835a76ca7c31a2416b2d51c4ec9a8f?s=96&d=mm&r=g\",\"contentUrl\":\"https:\/\/secure.gravatar.com\/avatar\/e2835a76ca7c31a2416b2d51c4ec9a8f?s=96&d=mm&r=g\",\"caption\":\"M M\"},\"sameAs\":[\"http:\/\/MM\"],\"url\":\"https:\/\/permbledhja.com\/sq\/author\/muhamet\/\"}]}<\/script>\n<!-- \/ Yoast SEO plugin. -->","yoast_head_json":{"title":"Vrasje, grabitje e shp\u00ebrthim \u2013 ngjarjet q\u00eb trondit\u00ebn vendin k\u00ebt\u00eb muaj","robots":{"index":"index","follow":"follow","max-snippet":"max-snippet:-1","max-image-preview":"max-image-preview:large","max-video-preview":"max-video-preview:-1"},"canonical":"https:\/\/permbledhja.com\/sq\/vrasje-grabitje-e-shperthim-ngjarjet-qe-tronditen-vendin-kete-muaj\/","og_locale":"sq_AL","og_type":"article","og_title":"Vrasje, grabitje e shp\u00ebrthim \u2013 ngjarjet q\u00eb trondit\u00ebn vendin k\u00ebt\u00eb muaj","og_description":"Vendi \u00ebsht\u00eb tronditur nga disa ngjarje q\u00eb kan\u00eb ndodhur gjat\u00eb k\u00ebtij muaji. Shp\u00ebrthimi n\u00eb Tregun e Kafsh\u00ebve n\u00eb Prizren, grabitja e armatosur n\u00eb argjendarin\u00eb n\u00eb Suharek\u00eb dhe dy vrasjet q\u00eb ndodh\u00ebn mbr\u00ebm\u00eb n\u00eb Prishtin\u00eb, jan\u00eb vet\u00ebm disa prej tyre. Gazeta Express ju sjell nj\u00eb p\u00ebrmbledhje t\u00eb k\u00ebtyre ngjarjeve. Brenda nj\u00eb ore, mbr\u00ebm\u00eb n\u00eb kryeqytet kan\u00eb [&hellip;]","og_url":"https:\/\/permbledhja.com\/sq\/vrasje-grabitje-e-shperthim-ngjarjet-qe-tronditen-vendin-kete-muaj\/","og_site_name":"Ve\u00e7 artikuj p\u00ebrmbledh\u00ebs","article_publisher":"https:\/\/www.facebook.com\/press07\/","article_published_time":"2023-11-30T11:16:27+00:00","article_modified_time":"2023-11-30T13:10:11+00:00","og_image":[{"width":600,"height":360,"url":"https:\/\/permbledhja.com\/wp-content\/uploads\/2023\/11\/ilustrim-shiriti-i-ndalimit-policia-e-kosoves-foto-Ridvan-Slivova-3-780x439-1-600x360-1-1.jpg","type":"image\/jpeg"}],"author":"M M","twitter_card":"summary_large_image","twitter_misc":{"Written by":"M M","Est. reading time":"5 minuta"},"schema":{"@context":"https:\/\/schema.org","@graph":[{"@type":"Article","@id":"https:\/\/permbledhja.com\/vrasje-grabitje-e-shperthim-ngjarjet-qe-tronditen-vendin-kete-muaj\/#article","isPartOf":{"@id":"https:\/\/permbledhja.com\/vrasje-grabitje-e-shperthim-ngjarjet-qe-tronditen-vendin-kete-muaj\/"},"author":{"name":"M M","@id":"https:\/\/permbledhja.com\/#\/schema\/person\/d23f13f59b5722643933d6780783acf3"},"headline":"Vrasje, grabitje e shp\u00ebrthim \u2013 ngjarjet q\u00eb trondit\u00ebn vendin k\u00ebt\u00eb muaj","datePublished":"2023-11-30T11:16:27+00:00","dateModified":"2023-11-30T13:10:11+00:00","mainEntityOfPage":{"@id":"https:\/\/permbledhja.com\/vrasje-grabitje-e-shperthim-ngjarjet-qe-tronditen-vendin-kete-muaj\/"},"wordCount":1034,"publisher":{"@id":"https:\/\/permbledhja.com\/#organization"},"keywords":["Ngjarjet"],"articleSection":["Breaking News"],"inLanguage":"sq"},{"@type":"WebPage","@id":"https:\/\/permbledhja.com\/vrasje-grabitje-e-shperthim-ngjarjet-qe-tronditen-vendin-kete-muaj\/","url":"https:\/\/permbledhja.com\/vrasje-grabitje-e-shperthim-ngjarjet-qe-tronditen-vendin-kete-muaj\/","name":"Vrasje, grabitje e shp\u00ebrthim \u2013 ngjarjet q\u00eb trondit\u00ebn vendin k\u00ebt\u00eb muaj","isPartOf":{"@id":"https:\/\/permbledhja.com\/#website"},"datePublished":"2023-11-30T11:16:27+00:00","dateModified":"2023-11-30T13:10:11+00:00","breadcrumb":{"@id":"https:\/\/permbledhja.com\/vrasje-grabitje-e-shperthim-ngjarjet-qe-tronditen-vendin-kete-muaj\/#breadcrumb"},"inLanguage":"sq","potentialAction":[{"@type":"ReadAction","target":["https:\/\/permbledhja.com\/vrasje-grabitje-e-shperthim-ngjarjet-qe-tronditen-vendin-kete-muaj\/"]}]},{"@type":"BreadcrumbList","@id":"https:\/\/permbledhja.com\/vrasje-grabitje-e-shperthim-ngjarjet-qe-tronditen-vendin-kete-muaj\/#breadcrumb","itemListElement":[{"@type":"ListItem","position":1,"name":"Ballina","item":"https:\/\/permbledhja.com\/sq\/"},{"@type":"ListItem","position":2,"name":"Vrasje, grabitje e shp\u00ebrthim \u2013 ngjarjet q\u00eb trondit\u00ebn vendin k\u00ebt\u00eb muaj"}]},{"@type":"WebSite","@id":"https:\/\/permbledhja.com\/#website","url":"https:\/\/permbledhja.com\/","name":"Ve\u00e7 artikuj p\u00ebrmbledh\u00ebs","description":"","publisher":{"@id":"https:\/\/permbledhja.com\/#organization"},"potentialAction":[{"@type":"SearchAction","target":{"@type":"EntryPoint","urlTemplate":"https:\/\/permbledhja.com\/?s={search_term_string}"},"query-input":"required name=search_term_string"}],"inLanguage":"sq"},{"@type":"Organization","@id":"https:\/\/permbledhja.com\/#organization","name":"MK Media & Pr","url":"https:\/\/permbledhja.com\/","logo":{"@type":"ImageObject","inLanguage":"sq","@id":"https:\/\/permbledhja.com\/#\/schema\/logo\/image\/","url":"https:\/\/permbledhja.com\/wp-content\/uploads\/2021\/12\/07-Press-Logo.jpg","contentUrl":"https:\/\/permbledhja.com\/wp-content\/uploads\/2021\/12\/07-Press-Logo.jpg","width":512,"height":512,"caption":"MK Media & Pr"},"image":{"@id":"https:\/\/permbledhja.com\/#\/schema\/logo\/image\/"},"sameAs":["https:\/\/www.facebook.com\/press07\/"]},{"@type":"Person","@id":"https:\/\/permbledhja.com\/#\/schema\/person\/d23f13f59b5722643933d6780783acf3","name":"M M","image":{"@type":"ImageObject","inLanguage":"sq","@id":"https:\/\/permbledhja.com\/#\/schema\/person\/image\/","url":"https:\/\/secure.gravatar.com\/avatar\/e2835a76ca7c31a2416b2d51c4ec9a8f?s=96&d=mm&r=g","contentUrl":"https:\/\/secure.gravatar.com\/avatar\/e2835a76ca7c31a2416b2d51c4ec9a8f?s=96&d=mm&r=g","caption":"M M"},"sameAs":["http:\/\/MM"],"url":"https:\/\/permbledhja.com\/sq\/author\/muhamet\/"}]}},"_links":{"self":[{"href":"https:\/\/permbledhja.com\/sq\/wp-json\/wp\/v2\/posts\/38036"}],"collection":[{"href":"https:\/\/permbledhja.com\/sq\/wp-json\/wp\/v2\/posts"}],"about":[{"href":"https:\/\/permbledhja.com\/sq\/wp-json\/wp\/v2\/types\/post"}],"author":[{"embeddable":true,"href":"https:\/\/permbledhja.com\/sq\/wp-json\/wp\/v2\/users\/2"}],"replies":[{"embeddable":true,"href":"https:\/\/permbledhja.com\/sq\/wp-json\/wp\/v2\/comments?post=38036"}],"version-history":[{"count":1,"href":"https:\/\/permbledhja.com\/sq\/wp-json\/wp\/v2\/posts\/38036\/revisions"}],"predecessor-version":[{"id":38038,"href":"https:\/\/permbledhja.com\/sq\/wp-json\/wp\/v2\/posts\/38036\/revisions\/38038"}],"wp:featuredmedia":[{"embeddable":true,"href":"https:\/\/permbledhja.com\/sq\/wp-json\/wp\/v2\/media\/38037"}],"wp:attachment":[{"href":"https:\/\/permbledhja.com\/sq\/wp-json\/wp\/v2\/media?parent=38036"}],"wp:term":[{"taxonomy":"category","embeddable":true,"href":"https:\/\/permbledhja.com\/sq\/wp-json\/wp\/v2\/categories?post=38036"},{"taxonomy":"post_tag","embeddable":true,"href":"https:\/\/permbledhja.com\/sq\/wp-json\/wp\/v2\/tags?post=38036"}],"curies":[{"name":"wp","href":"https:\/\/api.w.org\/{rel}","templated":true}]}}