{"id":3803,"date":"2022-08-06T12:57:03","date_gmt":"2022-08-06T12:57:03","guid":{"rendered":"https:\/\/permbledhja.com\/?p=3803"},"modified":"2022-08-06T12:57:03","modified_gmt":"2022-08-06T12:57:03","slug":"i-braktisur-nga-te-gjithe-rrefimi-per-76-vjecarin-e-paralizuar-qe-jeton-i-vetem","status":"publish","type":"post","link":"https:\/\/permbledhja.com\/sq\/i-braktisur-nga-te-gjithe-rrefimi-per-76-vjecarin-e-paralizuar-qe-jeton-i-vetem\/","title":{"rendered":"I braktisur nga t\u00eb gjith\u00eb, rr\u00ebfimi p\u00ebr 76-vje\u00e7arin e paralizuar q\u00eb jeton i vet\u00ebm"},"content":{"rendered":"<p><strong>Syt\u00eb n\u00eb t\u00eb shumt\u00ebn e rasteve i ka nga dera. Aty, pret q\u00eb t\u2019i shkoj\u00eb ndokush p\u00ebr vizit\u00eb t\u00eb pakt\u00ebn t\u2019ia shtyj\u00eb disa minuta t\u00eb dit\u00ebs s\u00eb tij. <\/strong><\/p>\n<p>Por ka raste kur Ismet Fazliu 76-vje\u00e7ar e kalon dit\u00ebn plot\u00ebsisht i vet\u00ebm n\u00eb sht\u00ebpin\u00eb ku ai jeton. E kjo sht\u00ebpi nuk i plot\u00ebson as kushtet elementare p\u00ebr jete.<\/p>\n<p>Axha Ismet ka nj\u00eb jet\u00eb q\u00eb banon aty. Ai asnj\u00ebher\u00eb nuk ka qen\u00eb i martuar e as nuk ka f\u00ebmij\u00eb.<\/p>\n<p>Profesion t\u00eb tijin asnj\u00ebher\u00eb nuk ka pasur. Ka punua aty ku ka gjetur pun\u00eb.<\/p>\n<p>Por ka disa muaj q\u00eb gjendja sh\u00ebndet\u00ebsore e k\u00ebtij 756-vje\u00e7ari nuk \u00ebsht\u00eb aspak e mir\u00eb.<\/p>\n<p><iframe loading=\"lazy\" src=\"https:\/\/www.facebook.com\/plugins\/video.php?href=https%3A%2F%2Fwww.facebook.com%2Fnacionalevideos%2Fvideos%2F378404707771746%2F&#038;show_text=0&#038;width=560\" width=\"560\" height=\"315\" style=\"border:none;overflow:hidden\" scrolling=\"no\" frameborder=\"0\" allowfullscreen=\"true\" allow=\"autoplay; clipboard-write; encrypted-media; picture-in-picture; web-share\" allowFullScreen=\"true\"><\/iframe><\/p>\n<p>Ekipi i Nacionales ka q\u00ebndruar p\u00ebr disa or\u00eb n\u00eb vendin ku po q\u00ebndron ky i moshuar.<\/p>\n<p>Krejt \u00e7ka mund t\u00eb themi \u00ebsht\u00eb se ky njeri nuk meriton t\u00eb q\u00ebndroj\u00eb n\u00eb ambient t\u00eb till\u00eb. E aq m\u00eb pak n\u00eb at\u00eb gjendje sh\u00ebndet\u00ebsore.<\/p>\n<p>\u201cVe\u00e7 i kisha marr\u00eb teshat qetash e drejt me juve, atje ku duhet n\u00eb Dom te Pleqve, tjet\u00ebr gja s\u2019m\u00eb ka mbet mu k\u00ebtu. E \u00e7ka bahet s\u2019e di\u201d, kjo \u00ebsht\u00eb d\u00ebshira e vetme q\u00eb e ka 76-vjecari, Ismet Fazliu i cili jeton i vet\u00ebm n\u00eb nj\u00eb kasolle n\u00eb fshatin Plemetin t\u00eb komun\u00ebs s\u00eb Obliqit.<\/p>\n<p>M\u00eb t\u00eb v\u00ebshtir\u00eb situat\u00ebn, e b\u00ebn gjendja e tij sh\u00ebndet\u00ebsore. Ai q\u00eb pes\u00eb muaj \u00ebsht\u00eb i paralizuar, duke e pasur t\u00eb pamundur k\u00ebshtu edhe kryerjen e nevojave elementare.<\/p>\n<p>\u201cVe\u00e7 q\u00eb s\u2019po muj me dal\u00eb jasht\u00eb se un\u00eb gjith\u00eb dit\u00ebn kam nejt\u00eb jasht\u00eb, n\u00eb kthes\u00eb t\u00eb atij banderit, kam hang\u00ebr m\u00ebngjes. Jam dal\u00eb jom pshtet\u00eb kur jam fllad qishtu. Kur \u00ebsht\u00eb zheg, kam shku n\u00eb dugoj\u00eb, qashtu masdite\u2026 qashtu.. \u00c7ka me i ba. Un\u00eb po tutna mos po hy n\u00eb gjyna, se nuk o kollaj kjo. A nive?\u201d, rr\u00ebhet ky i moshuar.<\/p>\n<p>Ai thot\u00eb se \u00ebsht\u00eb i gatsh\u00ebm t\u00eb shkoj\u00eb kudo, vet\u00ebm t\u00eb mos q\u00ebndroj\u00eb i vet\u00ebm.<\/p>\n<p>\u201cMe dal\u00eb prej ktuhit a?.. vallahi p\u00ebr 24 or\u00eb. S\u2019rrihet bre k\u00ebtu. Vet\u00ebm. Vjet e kam kalu mir\u00eb. Qymyr po, dru po, duart\u00eb e fora. Sivjet s\u2019muj\u00eb. Me vdek\u00eb e me hek\u00eb\u201d. Lidhet me \u201cP\u00ebr mu ishalla \u00e7on Zoti mir\u00eb e ma mir\u00eb se nuk jetohet vet\u00ebm\u201d<\/p>\n<p>E koh\u00ebve t\u00eb fundit axh\u00ebn Ismet po e vizitojn\u00eb disa persona. B\u00ebhet fjal\u00eb p\u00ebr zyrtar\u00ebt e shoqat\u00ebs \u2018Bereqeti\u2019.<\/p>\n<p>Por nga kjo shoqat\u00eb kan\u00eb nj\u00eb thirrje.<\/p>\n<p>\u201cDuhet urgjentisht, sepse nuk ka kush ma e k\u00ebqyr\u00eb dhe kujdeset p\u00ebr t\u00eb, p\u00ebrndryshe, ky ka me vdek n\u00eb k\u00ebt\u00eb gjendje. Sa her\u00eb t\u00eb vijm\u00eb ne, mendojm\u00eb se mos po e gjejm\u00eb t\u00eb vdekur, sepse gjendja e tij sh\u00ebndet\u00ebsore nuk \u00ebsht\u00eb e mir\u00eb\u201d.<\/p>\n<p>E deri sa shteti ose dikush tjet\u00ebr t\u00eb merret me k\u00ebt\u00eb rast, baca Ismet vazhdon ta shikoj\u00eb der\u00ebn duke pritur ndonj\u00eb person q\u00eb t\u2019i b\u00ebj pak shoq\u00ebri.\/Nacionale.com\/<\/p>\n<p><img loading=\"lazy\" decoding=\"async\" src=\"https:\/\/permbledhja.com\/wp-content\/uploads\/2022\/08\/Pamja-e-ekranit-2022-08-06-135837.png\" alt=\"\" width=\"1178\" height=\"693\" class=\"alignnone size-full wp-image-3805\" srcset=\"https:\/\/permbledhja.com\/wp-content\/uploads\/2022\/08\/Pamja-e-ekranit-2022-08-06-135837.png 1178w, https:\/\/permbledhja.com\/wp-content\/uploads\/2022\/08\/Pamja-e-ekranit-2022-08-06-135837-300x176.png 300w, https:\/\/permbledhja.com\/wp-content\/uploads\/2022\/08\/Pamja-e-ekranit-2022-08-06-135837-1024x602.png 1024w, https:\/\/permbledhja.com\/wp-content\/uploads\/2022\/08\/Pamja-e-ekranit-2022-08-06-135837-768x452.png 768w, https:\/\/permbledhja.com\/wp-content\/uploads\/2022\/08\/Pamja-e-ekranit-2022-08-06-135837-18x12.png 18w\" sizes=\"(max-width: 1178px) 100vw, 1178px\" \/><\/p>\n<p><img loading=\"lazy\" decoding=\"async\" src=\"https:\/\/permbledhja.com\/wp-content\/uploads\/2022\/08\/Pamja-e-ekranit-2022-08-06-135930.png\" alt=\"\" width=\"1153\" height=\"705\" class=\"alignnone size-full wp-image-3806\" srcset=\"https:\/\/permbledhja.com\/wp-content\/uploads\/2022\/08\/Pamja-e-ekranit-2022-08-06-135930.png 1153w, https:\/\/permbledhja.com\/wp-content\/uploads\/2022\/08\/Pamja-e-ekranit-2022-08-06-135930-300x183.png 300w, https:\/\/permbledhja.com\/wp-content\/uploads\/2022\/08\/Pamja-e-ekranit-2022-08-06-135930-1024x626.png 1024w, https:\/\/permbledhja.com\/wp-content\/uploads\/2022\/08\/Pamja-e-ekranit-2022-08-06-135930-768x470.png 768w, https:\/\/permbledhja.com\/wp-content\/uploads\/2022\/08\/Pamja-e-ekranit-2022-08-06-135930-18x12.png 18w\" sizes=\"(max-width: 1153px) 100vw, 1153px\" \/><\/p>\n<p><img loading=\"lazy\" decoding=\"async\" src=\"https:\/\/permbledhja.com\/wp-content\/uploads\/2022\/08\/HHHHH.jpg\" alt=\"\" width=\"750\" height=\"422\" class=\"alignnone size-full wp-image-3807\" srcset=\"https:\/\/permbledhja.com\/wp-content\/uploads\/2022\/08\/HHHHH.jpg 750w, https:\/\/permbledhja.com\/wp-content\/uploads\/2022\/08\/HHHHH-300x169.jpg 300w, https:\/\/permbledhja.com\/wp-content\/uploads\/2022\/08\/HHHHH-18x10.jpg 18w\" sizes=\"(max-width: 750px) 100vw, 750px\" \/><\/p>\n","protected":false},"excerpt":{"rendered":"<p>Syt\u00eb n\u00eb t\u00eb shumt\u00ebn e rasteve i ka nga dera. Aty, pret q\u00eb t\u2019i shkoj\u00eb ndokush p\u00ebr vizit\u00eb t\u00eb pakt\u00ebn t\u2019ia shtyj\u00eb disa minuta t\u00eb dit\u00ebs s\u00eb tij. Por ka raste kur Ismet Fazliu 76-vje\u00e7ar e kalon dit\u00ebn plot\u00ebsisht i vet\u00ebm n\u00eb sht\u00ebpin\u00eb ku ai jeton. E kjo sht\u00ebpi nuk i plot\u00ebson as kushtet elementare [&hellip;]<\/p>\n","protected":false},"author":1,"featured_media":3804,"comment_status":"closed","ping_status":"closed","sticky":false,"template":"","format":"standard","meta":{"_monsterinsights_skip_tracking":false,"_monsterinsights_sitenote_active":false,"_monsterinsights_sitenote_note":"","_monsterinsights_sitenote_category":0,"_uf_show_specific_survey":0,"_uf_disable_surveys":false,"footnotes":""},"categories":[23,15],"tags":[723],"yoast_head":"<!-- This site is optimized with the Yoast SEO plugin v21.5 - https:\/\/yoast.com\/wordpress\/plugins\/seo\/ -->\n<title>I braktisur nga t\u00eb gjith\u00eb, rr\u00ebfimi p\u00ebr 76-vje\u00e7arin e paralizuar q\u00eb jeton i vet\u00ebm<\/title>\n<meta name=\"robots\" content=\"index, follow, max-snippet:-1, max-image-preview:large, max-video-preview:-1\" \/>\n<link rel=\"canonical\" href=\"https:\/\/permbledhja.com\/sq\/i-braktisur-nga-te-gjithe-rrefimi-per-76-vjecarin-e-paralizuar-qe-jeton-i-vetem\/\" \/>\n<meta property=\"og:locale\" content=\"sq_AL\" \/>\n<meta property=\"og:type\" content=\"article\" \/>\n<meta property=\"og:title\" content=\"I braktisur nga t\u00eb gjith\u00eb, rr\u00ebfimi p\u00ebr 76-vje\u00e7arin e paralizuar q\u00eb jeton i vet\u00ebm\" \/>\n<meta property=\"og:description\" content=\"Syt\u00eb n\u00eb t\u00eb shumt\u00ebn e rasteve i ka nga dera. Aty, pret q\u00eb t\u2019i shkoj\u00eb ndokush p\u00ebr vizit\u00eb t\u00eb pakt\u00ebn t\u2019ia shtyj\u00eb disa minuta t\u00eb dit\u00ebs s\u00eb tij. Por ka raste kur Ismet Fazliu 76-vje\u00e7ar e kalon dit\u00ebn plot\u00ebsisht i vet\u00ebm n\u00eb sht\u00ebpin\u00eb ku ai jeton. E kjo sht\u00ebpi nuk i plot\u00ebson as kushtet elementare [&hellip;]\" \/>\n<meta property=\"og:url\" content=\"https:\/\/permbledhja.com\/sq\/i-braktisur-nga-te-gjithe-rrefimi-per-76-vjecarin-e-paralizuar-qe-jeton-i-vetem\/\" \/>\n<meta property=\"og:site_name\" content=\"Ve\u00e7 artikuj p\u00ebrmbledh\u00ebs\" \/>\n<meta property=\"article:publisher\" content=\"https:\/\/www.facebook.com\/press07\/\" \/>\n<meta property=\"article:author\" content=\"https:\/\/www.facebook.com\/kafexhiu.muharrem\/\" \/>\n<meta property=\"article:published_time\" content=\"2022-08-06T12:57:03+00:00\" \/>\n<meta property=\"og:image\" content=\"https:\/\/permbledhja.com\/wp-content\/uploads\/2022\/08\/paraliza.png\" \/>\n\t<meta property=\"og:image:width\" content=\"765\" \/>\n\t<meta property=\"og:image:height\" content=\"523\" \/>\n\t<meta property=\"og:image:type\" content=\"image\/png\" \/>\n<meta name=\"author\" content=\"P\u00ebrmbledhja\" \/>\n<meta name=\"twitter:card\" content=\"summary_large_image\" \/>\n<meta name=\"twitter:label1\" content=\"Written by\" \/>\n\t<meta name=\"twitter:data1\" content=\"P\u00ebrmbledhja\" \/>\n\t<meta name=\"twitter:label2\" content=\"Est. reading time\" \/>\n\t<meta name=\"twitter:data2\" content=\"3 minuta\" \/>\n<script type=\"application\/ld+json\" class=\"yoast-schema-graph\">{\"@context\":\"https:\/\/schema.org\",\"@graph\":[{\"@type\":\"Article\",\"@id\":\"https:\/\/permbledhja.com\/i-braktisur-nga-te-gjithe-rrefimi-per-76-vjecarin-e-paralizuar-qe-jeton-i-vetem\/#article\",\"isPartOf\":{\"@id\":\"https:\/\/permbledhja.com\/i-braktisur-nga-te-gjithe-rrefimi-per-76-vjecarin-e-paralizuar-qe-jeton-i-vetem\/\"},\"author\":{\"name\":\"P\u00ebrmbledhja\",\"@id\":\"https:\/\/permbledhja.com\/#\/schema\/person\/0d064377258d3221e50693947b9eb4fe\"},\"headline\":\"I braktisur nga t\u00eb gjith\u00eb, rr\u00ebfimi p\u00ebr 76-vje\u00e7arin e paralizuar q\u00eb jeton i vet\u00ebm\",\"datePublished\":\"2022-08-06T12:57:03+00:00\",\"dateModified\":\"2022-08-06T12:57:03+00:00\",\"mainEntityOfPage\":{\"@id\":\"https:\/\/permbledhja.com\/i-braktisur-nga-te-gjithe-rrefimi-per-76-vjecarin-e-paralizuar-qe-jeton-i-vetem\/\"},\"wordCount\":543,\"publisher\":{\"@id\":\"https:\/\/permbledhja.com\/#organization\"},\"keywords\":[\"76-vje\u00e7ari\"],\"articleSection\":[\"Komb\u00ebtare\",\"Lajme\"],\"inLanguage\":\"sq\"},{\"@type\":\"WebPage\",\"@id\":\"https:\/\/permbledhja.com\/i-braktisur-nga-te-gjithe-rrefimi-per-76-vjecarin-e-paralizuar-qe-jeton-i-vetem\/\",\"url\":\"https:\/\/permbledhja.com\/i-braktisur-nga-te-gjithe-rrefimi-per-76-vjecarin-e-paralizuar-qe-jeton-i-vetem\/\",\"name\":\"I braktisur nga t\u00eb gjith\u00eb, rr\u00ebfimi p\u00ebr 76-vje\u00e7arin e paralizuar q\u00eb jeton i vet\u00ebm\",\"isPartOf\":{\"@id\":\"https:\/\/permbledhja.com\/#website\"},\"datePublished\":\"2022-08-06T12:57:03+00:00\",\"dateModified\":\"2022-08-06T12:57:03+00:00\",\"breadcrumb\":{\"@id\":\"https:\/\/permbledhja.com\/i-braktisur-nga-te-gjithe-rrefimi-per-76-vjecarin-e-paralizuar-qe-jeton-i-vetem\/#breadcrumb\"},\"inLanguage\":\"sq\",\"potentialAction\":[{\"@type\":\"ReadAction\",\"target\":[\"https:\/\/permbledhja.com\/i-braktisur-nga-te-gjithe-rrefimi-per-76-vjecarin-e-paralizuar-qe-jeton-i-vetem\/\"]}]},{\"@type\":\"BreadcrumbList\",\"@id\":\"https:\/\/permbledhja.com\/i-braktisur-nga-te-gjithe-rrefimi-per-76-vjecarin-e-paralizuar-qe-jeton-i-vetem\/#breadcrumb\",\"itemListElement\":[{\"@type\":\"ListItem\",\"position\":1,\"name\":\"Ballina\",\"item\":\"https:\/\/permbledhja.com\/sq\/\"},{\"@type\":\"ListItem\",\"position\":2,\"name\":\"I braktisur nga t\u00eb gjith\u00eb, rr\u00ebfimi p\u00ebr 76-vje\u00e7arin e paralizuar q\u00eb jeton i vet\u00ebm\"}]},{\"@type\":\"WebSite\",\"@id\":\"https:\/\/permbledhja.com\/#website\",\"url\":\"https:\/\/permbledhja.com\/\",\"name\":\"Ve\u00e7 artikuj p\u00ebrmbledh\u00ebs\",\"description\":\"\",\"publisher\":{\"@id\":\"https:\/\/permbledhja.com\/#organization\"},\"potentialAction\":[{\"@type\":\"SearchAction\",\"target\":{\"@type\":\"EntryPoint\",\"urlTemplate\":\"https:\/\/permbledhja.com\/?s={search_term_string}\"},\"query-input\":\"required name=search_term_string\"}],\"inLanguage\":\"sq\"},{\"@type\":\"Organization\",\"@id\":\"https:\/\/permbledhja.com\/#organization\",\"name\":\"MK Media & Pr\",\"url\":\"https:\/\/permbledhja.com\/\",\"logo\":{\"@type\":\"ImageObject\",\"inLanguage\":\"sq\",\"@id\":\"https:\/\/permbledhja.com\/#\/schema\/logo\/image\/\",\"url\":\"https:\/\/permbledhja.com\/wp-content\/uploads\/2021\/12\/07-Press-Logo.jpg\",\"contentUrl\":\"https:\/\/permbledhja.com\/wp-content\/uploads\/2021\/12\/07-Press-Logo.jpg\",\"width\":512,\"height\":512,\"caption\":\"MK Media & Pr\"},\"image\":{\"@id\":\"https:\/\/permbledhja.com\/#\/schema\/logo\/image\/\"},\"sameAs\":[\"https:\/\/www.facebook.com\/press07\/\"]},{\"@type\":\"Person\",\"@id\":\"https:\/\/permbledhja.com\/#\/schema\/person\/0d064377258d3221e50693947b9eb4fe\",\"name\":\"P\u00ebrmbledhja\",\"image\":{\"@type\":\"ImageObject\",\"inLanguage\":\"sq\",\"@id\":\"https:\/\/permbledhja.com\/#\/schema\/person\/image\/\",\"url\":\"https:\/\/permbledhja.com\/wp-content\/uploads\/2026\/01\/452004717_1040944174702970_8932037511805513407_n-96x96.jpg\",\"contentUrl\":\"https:\/\/permbledhja.com\/wp-content\/uploads\/2026\/01\/452004717_1040944174702970_8932037511805513407_n-96x96.jpg\",\"caption\":\"P\u00ebrmbledhja\"},\"sameAs\":[\"https:\/\/www.facebook.com\/kafexhiu.muharrem\/\",\"https:\/\/www.instagram.com\/muharrem_kafexhiu\/\"],\"url\":\"https:\/\/permbledhja.com\/sq\/author\/admin\/\"}]}<\/script>\n<!-- \/ Yoast SEO plugin. -->","yoast_head_json":{"title":"I braktisur nga t\u00eb gjith\u00eb, rr\u00ebfimi p\u00ebr 76-vje\u00e7arin e paralizuar q\u00eb jeton i vet\u00ebm","robots":{"index":"index","follow":"follow","max-snippet":"max-snippet:-1","max-image-preview":"max-image-preview:large","max-video-preview":"max-video-preview:-1"},"canonical":"https:\/\/permbledhja.com\/sq\/i-braktisur-nga-te-gjithe-rrefimi-per-76-vjecarin-e-paralizuar-qe-jeton-i-vetem\/","og_locale":"sq_AL","og_type":"article","og_title":"I braktisur nga t\u00eb gjith\u00eb, rr\u00ebfimi p\u00ebr 76-vje\u00e7arin e paralizuar q\u00eb jeton i vet\u00ebm","og_description":"Syt\u00eb n\u00eb t\u00eb shumt\u00ebn e rasteve i ka nga dera. Aty, pret q\u00eb t\u2019i shkoj\u00eb ndokush p\u00ebr vizit\u00eb t\u00eb pakt\u00ebn t\u2019ia shtyj\u00eb disa minuta t\u00eb dit\u00ebs s\u00eb tij. Por ka raste kur Ismet Fazliu 76-vje\u00e7ar e kalon dit\u00ebn plot\u00ebsisht i vet\u00ebm n\u00eb sht\u00ebpin\u00eb ku ai jeton. E kjo sht\u00ebpi nuk i plot\u00ebson as kushtet elementare [&hellip;]","og_url":"https:\/\/permbledhja.com\/sq\/i-braktisur-nga-te-gjithe-rrefimi-per-76-vjecarin-e-paralizuar-qe-jeton-i-vetem\/","og_site_name":"Ve\u00e7 artikuj p\u00ebrmbledh\u00ebs","article_publisher":"https:\/\/www.facebook.com\/press07\/","article_author":"https:\/\/www.facebook.com\/kafexhiu.muharrem\/","article_published_time":"2022-08-06T12:57:03+00:00","og_image":[{"width":765,"height":523,"url":"https:\/\/permbledhja.com\/wp-content\/uploads\/2022\/08\/paraliza.png","type":"image\/png"}],"author":"P\u00ebrmbledhja","twitter_card":"summary_large_image","twitter_misc":{"Written by":"P\u00ebrmbledhja","Est. reading time":"3 minuta"},"schema":{"@context":"https:\/\/schema.org","@graph":[{"@type":"Article","@id":"https:\/\/permbledhja.com\/i-braktisur-nga-te-gjithe-rrefimi-per-76-vjecarin-e-paralizuar-qe-jeton-i-vetem\/#article","isPartOf":{"@id":"https:\/\/permbledhja.com\/i-braktisur-nga-te-gjithe-rrefimi-per-76-vjecarin-e-paralizuar-qe-jeton-i-vetem\/"},"author":{"name":"P\u00ebrmbledhja","@id":"https:\/\/permbledhja.com\/#\/schema\/person\/0d064377258d3221e50693947b9eb4fe"},"headline":"I braktisur nga t\u00eb gjith\u00eb, rr\u00ebfimi p\u00ebr 76-vje\u00e7arin e paralizuar q\u00eb jeton i vet\u00ebm","datePublished":"2022-08-06T12:57:03+00:00","dateModified":"2022-08-06T12:57:03+00:00","mainEntityOfPage":{"@id":"https:\/\/permbledhja.com\/i-braktisur-nga-te-gjithe-rrefimi-per-76-vjecarin-e-paralizuar-qe-jeton-i-vetem\/"},"wordCount":543,"publisher":{"@id":"https:\/\/permbledhja.com\/#organization"},"keywords":["76-vje\u00e7ari"],"articleSection":["Komb\u00ebtare","Lajme"],"inLanguage":"sq"},{"@type":"WebPage","@id":"https:\/\/permbledhja.com\/i-braktisur-nga-te-gjithe-rrefimi-per-76-vjecarin-e-paralizuar-qe-jeton-i-vetem\/","url":"https:\/\/permbledhja.com\/i-braktisur-nga-te-gjithe-rrefimi-per-76-vjecarin-e-paralizuar-qe-jeton-i-vetem\/","name":"I braktisur nga t\u00eb gjith\u00eb, rr\u00ebfimi p\u00ebr 76-vje\u00e7arin e paralizuar q\u00eb jeton i vet\u00ebm","isPartOf":{"@id":"https:\/\/permbledhja.com\/#website"},"datePublished":"2022-08-06T12:57:03+00:00","dateModified":"2022-08-06T12:57:03+00:00","breadcrumb":{"@id":"https:\/\/permbledhja.com\/i-braktisur-nga-te-gjithe-rrefimi-per-76-vjecarin-e-paralizuar-qe-jeton-i-vetem\/#breadcrumb"},"inLanguage":"sq","potentialAction":[{"@type":"ReadAction","target":["https:\/\/permbledhja.com\/i-braktisur-nga-te-gjithe-rrefimi-per-76-vjecarin-e-paralizuar-qe-jeton-i-vetem\/"]}]},{"@type":"BreadcrumbList","@id":"https:\/\/permbledhja.com\/i-braktisur-nga-te-gjithe-rrefimi-per-76-vjecarin-e-paralizuar-qe-jeton-i-vetem\/#breadcrumb","itemListElement":[{"@type":"ListItem","position":1,"name":"Ballina","item":"https:\/\/permbledhja.com\/sq\/"},{"@type":"ListItem","position":2,"name":"I braktisur nga t\u00eb gjith\u00eb, rr\u00ebfimi p\u00ebr 76-vje\u00e7arin e paralizuar q\u00eb jeton i vet\u00ebm"}]},{"@type":"WebSite","@id":"https:\/\/permbledhja.com\/#website","url":"https:\/\/permbledhja.com\/","name":"Ve\u00e7 artikuj p\u00ebrmbledh\u00ebs","description":"","publisher":{"@id":"https:\/\/permbledhja.com\/#organization"},"potentialAction":[{"@type":"SearchAction","target":{"@type":"EntryPoint","urlTemplate":"https:\/\/permbledhja.com\/?s={search_term_string}"},"query-input":"required name=search_term_string"}],"inLanguage":"sq"},{"@type":"Organization","@id":"https:\/\/permbledhja.com\/#organization","name":"MK Media & Pr","url":"https:\/\/permbledhja.com\/","logo":{"@type":"ImageObject","inLanguage":"sq","@id":"https:\/\/permbledhja.com\/#\/schema\/logo\/image\/","url":"https:\/\/permbledhja.com\/wp-content\/uploads\/2021\/12\/07-Press-Logo.jpg","contentUrl":"https:\/\/permbledhja.com\/wp-content\/uploads\/2021\/12\/07-Press-Logo.jpg","width":512,"height":512,"caption":"MK Media & Pr"},"image":{"@id":"https:\/\/permbledhja.com\/#\/schema\/logo\/image\/"},"sameAs":["https:\/\/www.facebook.com\/press07\/"]},{"@type":"Person","@id":"https:\/\/permbledhja.com\/#\/schema\/person\/0d064377258d3221e50693947b9eb4fe","name":"P\u00ebrmbledhja","image":{"@type":"ImageObject","inLanguage":"sq","@id":"https:\/\/permbledhja.com\/#\/schema\/person\/image\/","url":"https:\/\/permbledhja.com\/wp-content\/uploads\/2026\/01\/452004717_1040944174702970_8932037511805513407_n-96x96.jpg","contentUrl":"https:\/\/permbledhja.com\/wp-content\/uploads\/2026\/01\/452004717_1040944174702970_8932037511805513407_n-96x96.jpg","caption":"P\u00ebrmbledhja"},"sameAs":["https:\/\/www.facebook.com\/kafexhiu.muharrem\/","https:\/\/www.instagram.com\/muharrem_kafexhiu\/"],"url":"https:\/\/permbledhja.com\/sq\/author\/admin\/"}]}},"_links":{"self":[{"href":"https:\/\/permbledhja.com\/sq\/wp-json\/wp\/v2\/posts\/3803"}],"collection":[{"href":"https:\/\/permbledhja.com\/sq\/wp-json\/wp\/v2\/posts"}],"about":[{"href":"https:\/\/permbledhja.com\/sq\/wp-json\/wp\/v2\/types\/post"}],"author":[{"embeddable":true,"href":"https:\/\/permbledhja.com\/sq\/wp-json\/wp\/v2\/users\/1"}],"replies":[{"embeddable":true,"href":"https:\/\/permbledhja.com\/sq\/wp-json\/wp\/v2\/comments?post=3803"}],"version-history":[{"count":1,"href":"https:\/\/permbledhja.com\/sq\/wp-json\/wp\/v2\/posts\/3803\/revisions"}],"predecessor-version":[{"id":3808,"href":"https:\/\/permbledhja.com\/sq\/wp-json\/wp\/v2\/posts\/3803\/revisions\/3808"}],"wp:featuredmedia":[{"embeddable":true,"href":"https:\/\/permbledhja.com\/sq\/wp-json\/wp\/v2\/media\/3804"}],"wp:attachment":[{"href":"https:\/\/permbledhja.com\/sq\/wp-json\/wp\/v2\/media?parent=3803"}],"wp:term":[{"taxonomy":"category","embeddable":true,"href":"https:\/\/permbledhja.com\/sq\/wp-json\/wp\/v2\/categories?post=3803"},{"taxonomy":"post_tag","embeddable":true,"href":"https:\/\/permbledhja.com\/sq\/wp-json\/wp\/v2\/tags?post=3803"}],"curies":[{"name":"wp","href":"https:\/\/api.w.org\/{rel}","templated":true}]}}