{"id":3800,"date":"2022-08-06T12:52:40","date_gmt":"2022-08-06T12:52:40","guid":{"rendered":"https:\/\/permbledhja.com\/?p=3800"},"modified":"2022-08-06T12:52:40","modified_gmt":"2022-08-06T12:52:40","slug":"escobar-per-ceshtjen-e-targave-veturat-qe-operojne-ne-veri-duhet-te-regjistrohen-sipas-ligjeve-te-kosoves","status":"publish","type":"post","link":"https:\/\/permbledhja.com\/sq\/escobar-per-ceshtjen-e-targave-veturat-qe-operojne-ne-veri-duhet-te-regjistrohen-sipas-ligjeve-te-kosoves\/","title":{"rendered":"Escobar p\u00ebr \u00e7\u00ebshtjen e targave: Veturat q\u00eb operojn\u00eb n\u00eb veri duhet t\u00eb regjistrohen sipas ligjeve t\u00eb Kosov\u00ebs"},"content":{"rendered":"<p><strong>I d\u00ebrguari i Posa\u00e7\u00ebm i SHBA-s\u00eb p\u00ebr Ballkanin Per\u00ebndimor, Gabriel Escobar, dje, n\u00eb nj\u00eb bashk\u00ebbisedim virtual me gazetar\u00eb ka folur edhe p\u00ebr shtyrjen e vendimit t\u00eb qeveris\u00eb s\u00eb Kosov\u00ebs p\u00ebr reciprocitetin me targat dhe dokumente me Serbin\u00eb.<\/strong><\/p>\n<p>Emisari amerikan tha se marr\u00ebveshja me stikera ishte e p\u00ebrkohshme dhe se veturat q\u00eb operojn\u00eb n\u00eb veri duhet t\u00eb regjistrohen n\u00eb baz\u00eb t\u00eb ligjeve t\u00eb Kosov\u00ebs.<\/p>\n<p><em>\u201cTani, regjimi aktual i targave me ngjit\u00ebsit e p\u00ebrkohsh\u00ebm ishte, p\u00ebrs\u00ebri, do t\u00eb m\u00eb duhet t\u00eb them i p\u00ebrkohsh\u00ebm, i kufizuar n\u00eb koh\u00eb dhe do t\u00eb z\u00ebvend\u00ebsohej me nj\u00eb zgjidhje t\u00eb p\u00ebrhershme. Tani, me t\u00eb v\u00ebrtet\u00eb mendoj se kjo zgjidhje e p\u00ebrhershme nuk duhet par\u00eb si di\u00e7ka q\u00eb do t\u00eb ndryshoj\u00eb ndjesh\u00ebm jet\u00ebn e njer\u00ebzve n\u00eb veri t\u00eb Kosov\u00ebs. <\/p>\n<p>https:\/\/permbledhja.com\/a-i-shkeli-rregullat-presidentja-gjate-dekorimit-te-dua-lipes-flet-marshalli-i-protokollit-kosovar\/<\/p>\n<p>\u00cbsht\u00eb nj\u00eb fakt i thjesht\u00eb se ishte nj\u00eb pritshm\u00ebri q\u00eb automjetet q\u00eb operojn\u00eb n\u00eb Kosov\u00eb duhet t\u00eb regjistrohen dhe t\u00eb operojn\u00eb sipas ligjeve t\u00eb atij vendi. Th\u00ebn\u00eb k\u00ebshtu, ato duhet t\u00eb ofrojn\u00eb mund\u00ebsin\u00eb p\u00ebr lirin\u00eb e l\u00ebvizjes jo vet\u00ebm brenda Kosov\u00ebs, jo vet\u00ebm brenda Kosov\u00ebs dhe Serbis\u00eb, por n\u00eb t\u00eb gjith\u00eb rajonin dhe Evrop\u00ebn n\u00eb t\u00ebr\u00ebsi\u201d<\/em>, ka th\u00ebn\u00eb Escobar.<\/p>\n<p>Escobar poashtu ka deklaruar se shtyrja deri m\u00eb 1 shtator \u00ebsht\u00eb nj\u00eb mund\u00ebsi q\u00eb k\u00ebt\u00eb muaj t\u00eb b\u00ebhet progres jo vet\u00ebm p\u00ebr \u00e7\u00ebshtje e targave por p\u00ebr \u00e7\u00ebshtje t\u00eb tjera n\u00eb kuad\u00ebr t\u00eb dialogut.<\/p>\n<p><em>\u201cNuk do t\u00eb thosha se \u00ebsht\u00eb thjesht nj\u00eb shtyrje; Do t\u00eb thosha se \u00ebsht\u00eb nj\u00eb mund\u00ebsi p\u00ebr t\u00eb krijuar nj\u00eb zgjidhje t\u00eb q\u00ebndrueshme q\u00eb do t\u00eb kontribuoj\u00eb n\u00eb integrimin rajonal dhe stabilitetin rajonal. Tani, \u00ebsht\u00eb e v\u00ebrtet\u00eb se marr\u00ebveshja e m\u00ebparshme ishte e p\u00ebrkohshme, ishte e kufizuar n\u00eb koh\u00eb dhe k\u00ebrkonte q\u00eb Serbia t\u00eb jepte nj\u00eb rekomandim p\u00ebr nj\u00eb zgjidhje afatgjat\u00eb. Pra, ne ende shpresojm\u00eb p\u00ebr k\u00ebt\u00eb, por n\u00eb t\u00eb nj\u00ebjt\u00ebn koh\u00eb ne ende shpresojm\u00eb p\u00ebr nj\u00eb diskutim m\u00eb t\u00eb gjer\u00eb se si t\u00eb dy vendet mund t\u00eb ecin p\u00ebrpara n\u00eb krijimin e disa mund\u00ebsive p\u00ebr marr\u00ebdh\u00ebnie m\u00eb t\u00eb mira, p\u00ebr lirin\u00eb e l\u00ebvizjes, p\u00ebr integrim m\u00eb t\u00eb madh n\u00eb Evrop\u00eb. K\u00ebshtu q\u00eb un\u00eb mendoj se ky muaj do t\u00eb na jap\u00eb disa mund\u00ebsi p\u00ebr t\u00eb b\u00ebr\u00eb p\u00ebrparim n\u00eb \u00e7\u00ebshtjet m\u00eb t\u00eb gjera t\u00eb dialogut, jo vet\u00ebm n\u00eb \u00e7\u00ebshtjen e targave\u201d<\/em>, tha Escobar.<\/p>\n<p>https:\/\/permbledhja.com\/ish-snajperisti-amerikan-i-uck-se-pergatit-kallezim-penal-ndaj-vv-se-dhe-listes-guxo\/<\/p>\n","protected":false},"excerpt":{"rendered":"<p>I d\u00ebrguari i Posa\u00e7\u00ebm i SHBA-s\u00eb p\u00ebr Ballkanin Per\u00ebndimor, Gabriel Escobar, dje, n\u00eb nj\u00eb bashk\u00ebbisedim virtual me gazetar\u00eb ka folur edhe p\u00ebr shtyrjen e vendimit t\u00eb qeveris\u00eb s\u00eb Kosov\u00ebs p\u00ebr reciprocitetin me targat dhe dokumente me Serbin\u00eb. Emisari amerikan tha se marr\u00ebveshja me stikera ishte e p\u00ebrkohshme dhe se veturat q\u00eb operojn\u00eb n\u00eb veri duhet [&hellip;]<\/p>\n","protected":false},"author":1,"featured_media":3801,"comment_status":"closed","ping_status":"closed","sticky":false,"template":"","format":"standard","meta":{"_monsterinsights_skip_tracking":false,"_monsterinsights_sitenote_active":false,"_monsterinsights_sitenote_note":"","_monsterinsights_sitenote_category":0,"_uf_show_specific_survey":0,"_uf_disable_surveys":false,"footnotes":""},"categories":[23,15],"tags":[722],"yoast_head":"<!-- This site is optimized with the Yoast SEO plugin v21.5 - https:\/\/yoast.com\/wordpress\/plugins\/seo\/ -->\n<title>Escobar p\u00ebr \u00e7\u00ebshtjen e targave: Veturat q\u00eb operojn\u00eb n\u00eb veri duhet t\u00eb regjistrohen sipas ligjeve t\u00eb Kosov\u00ebs<\/title>\n<meta name=\"robots\" content=\"index, follow, max-snippet:-1, max-image-preview:large, max-video-preview:-1\" \/>\n<link rel=\"canonical\" href=\"https:\/\/permbledhja.com\/sq\/escobar-per-ceshtjen-e-targave-veturat-qe-operojne-ne-veri-duhet-te-regjistrohen-sipas-ligjeve-te-kosoves\/\" \/>\n<meta property=\"og:locale\" content=\"sq_AL\" \/>\n<meta property=\"og:type\" content=\"article\" \/>\n<meta property=\"og:title\" content=\"Escobar p\u00ebr \u00e7\u00ebshtjen e targave: Veturat q\u00eb operojn\u00eb n\u00eb veri duhet t\u00eb regjistrohen sipas ligjeve t\u00eb Kosov\u00ebs\" \/>\n<meta property=\"og:description\" content=\"I d\u00ebrguari i Posa\u00e7\u00ebm i SHBA-s\u00eb p\u00ebr Ballkanin Per\u00ebndimor, Gabriel Escobar, dje, n\u00eb nj\u00eb bashk\u00ebbisedim virtual me gazetar\u00eb ka folur edhe p\u00ebr shtyrjen e vendimit t\u00eb qeveris\u00eb s\u00eb Kosov\u00ebs p\u00ebr reciprocitetin me targat dhe dokumente me Serbin\u00eb. Emisari amerikan tha se marr\u00ebveshja me stikera ishte e p\u00ebrkohshme dhe se veturat q\u00eb operojn\u00eb n\u00eb veri duhet [&hellip;]\" \/>\n<meta property=\"og:url\" content=\"https:\/\/permbledhja.com\/sq\/escobar-per-ceshtjen-e-targave-veturat-qe-operojne-ne-veri-duhet-te-regjistrohen-sipas-ligjeve-te-kosoves\/\" \/>\n<meta property=\"og:site_name\" content=\"Ve\u00e7 artikuj p\u00ebrmbledh\u00ebs\" \/>\n<meta property=\"article:publisher\" content=\"https:\/\/www.facebook.com\/press07\/\" \/>\n<meta property=\"article:author\" content=\"https:\/\/www.facebook.com\/kafexhiu.muharrem\/\" \/>\n<meta property=\"article:published_time\" content=\"2022-08-06T12:52:40+00:00\" \/>\n<meta property=\"og:image\" content=\"https:\/\/permbledhja.com\/wp-content\/uploads\/2022\/08\/escobar-1-600x360-1.png\" \/>\n\t<meta property=\"og:image:width\" content=\"600\" \/>\n\t<meta property=\"og:image:height\" content=\"360\" \/>\n\t<meta property=\"og:image:type\" content=\"image\/png\" \/>\n<meta name=\"author\" content=\"P\u00ebrmbledhja\" \/>\n<meta name=\"twitter:card\" content=\"summary_large_image\" \/>\n<meta name=\"twitter:label1\" content=\"Written by\" \/>\n\t<meta name=\"twitter:data1\" content=\"P\u00ebrmbledhja\" \/>\n\t<meta name=\"twitter:label2\" content=\"Est. reading time\" \/>\n\t<meta name=\"twitter:data2\" content=\"2 minuta\" \/>\n<script type=\"application\/ld+json\" class=\"yoast-schema-graph\">{\"@context\":\"https:\/\/schema.org\",\"@graph\":[{\"@type\":\"Article\",\"@id\":\"https:\/\/permbledhja.com\/escobar-per-ceshtjen-e-targave-veturat-qe-operojne-ne-veri-duhet-te-regjistrohen-sipas-ligjeve-te-kosoves\/#article\",\"isPartOf\":{\"@id\":\"https:\/\/permbledhja.com\/escobar-per-ceshtjen-e-targave-veturat-qe-operojne-ne-veri-duhet-te-regjistrohen-sipas-ligjeve-te-kosoves\/\"},\"author\":{\"name\":\"P\u00ebrmbledhja\",\"@id\":\"https:\/\/permbledhja.com\/#\/schema\/person\/0d064377258d3221e50693947b9eb4fe\"},\"headline\":\"Escobar p\u00ebr \u00e7\u00ebshtjen e targave: Veturat q\u00eb operojn\u00eb n\u00eb veri duhet t\u00eb regjistrohen sipas ligjeve t\u00eb Kosov\u00ebs\",\"datePublished\":\"2022-08-06T12:52:40+00:00\",\"dateModified\":\"2022-08-06T12:52:40+00:00\",\"mainEntityOfPage\":{\"@id\":\"https:\/\/permbledhja.com\/escobar-per-ceshtjen-e-targave-veturat-qe-operojne-ne-veri-duhet-te-regjistrohen-sipas-ligjeve-te-kosoves\/\"},\"wordCount\":461,\"publisher\":{\"@id\":\"https:\/\/permbledhja.com\/#organization\"},\"keywords\":[\"Escobar\"],\"articleSection\":[\"Komb\u00ebtare\",\"Lajme\"],\"inLanguage\":\"sq\"},{\"@type\":\"WebPage\",\"@id\":\"https:\/\/permbledhja.com\/escobar-per-ceshtjen-e-targave-veturat-qe-operojne-ne-veri-duhet-te-regjistrohen-sipas-ligjeve-te-kosoves\/\",\"url\":\"https:\/\/permbledhja.com\/escobar-per-ceshtjen-e-targave-veturat-qe-operojne-ne-veri-duhet-te-regjistrohen-sipas-ligjeve-te-kosoves\/\",\"name\":\"Escobar p\u00ebr \u00e7\u00ebshtjen e targave: Veturat q\u00eb operojn\u00eb n\u00eb veri duhet t\u00eb regjistrohen sipas ligjeve t\u00eb Kosov\u00ebs\",\"isPartOf\":{\"@id\":\"https:\/\/permbledhja.com\/#website\"},\"datePublished\":\"2022-08-06T12:52:40+00:00\",\"dateModified\":\"2022-08-06T12:52:40+00:00\",\"breadcrumb\":{\"@id\":\"https:\/\/permbledhja.com\/escobar-per-ceshtjen-e-targave-veturat-qe-operojne-ne-veri-duhet-te-regjistrohen-sipas-ligjeve-te-kosoves\/#breadcrumb\"},\"inLanguage\":\"sq\",\"potentialAction\":[{\"@type\":\"ReadAction\",\"target\":[\"https:\/\/permbledhja.com\/escobar-per-ceshtjen-e-targave-veturat-qe-operojne-ne-veri-duhet-te-regjistrohen-sipas-ligjeve-te-kosoves\/\"]}]},{\"@type\":\"BreadcrumbList\",\"@id\":\"https:\/\/permbledhja.com\/escobar-per-ceshtjen-e-targave-veturat-qe-operojne-ne-veri-duhet-te-regjistrohen-sipas-ligjeve-te-kosoves\/#breadcrumb\",\"itemListElement\":[{\"@type\":\"ListItem\",\"position\":1,\"name\":\"Ballina\",\"item\":\"https:\/\/permbledhja.com\/sq\/\"},{\"@type\":\"ListItem\",\"position\":2,\"name\":\"Escobar p\u00ebr \u00e7\u00ebshtjen e targave: Veturat q\u00eb operojn\u00eb n\u00eb veri duhet t\u00eb regjistrohen sipas ligjeve t\u00eb Kosov\u00ebs\"}]},{\"@type\":\"WebSite\",\"@id\":\"https:\/\/permbledhja.com\/#website\",\"url\":\"https:\/\/permbledhja.com\/\",\"name\":\"Ve\u00e7 artikuj p\u00ebrmbledh\u00ebs\",\"description\":\"\",\"publisher\":{\"@id\":\"https:\/\/permbledhja.com\/#organization\"},\"potentialAction\":[{\"@type\":\"SearchAction\",\"target\":{\"@type\":\"EntryPoint\",\"urlTemplate\":\"https:\/\/permbledhja.com\/?s={search_term_string}\"},\"query-input\":\"required name=search_term_string\"}],\"inLanguage\":\"sq\"},{\"@type\":\"Organization\",\"@id\":\"https:\/\/permbledhja.com\/#organization\",\"name\":\"MK Media & Pr\",\"url\":\"https:\/\/permbledhja.com\/\",\"logo\":{\"@type\":\"ImageObject\",\"inLanguage\":\"sq\",\"@id\":\"https:\/\/permbledhja.com\/#\/schema\/logo\/image\/\",\"url\":\"https:\/\/permbledhja.com\/wp-content\/uploads\/2021\/12\/07-Press-Logo.jpg\",\"contentUrl\":\"https:\/\/permbledhja.com\/wp-content\/uploads\/2021\/12\/07-Press-Logo.jpg\",\"width\":512,\"height\":512,\"caption\":\"MK Media & Pr\"},\"image\":{\"@id\":\"https:\/\/permbledhja.com\/#\/schema\/logo\/image\/\"},\"sameAs\":[\"https:\/\/www.facebook.com\/press07\/\"]},{\"@type\":\"Person\",\"@id\":\"https:\/\/permbledhja.com\/#\/schema\/person\/0d064377258d3221e50693947b9eb4fe\",\"name\":\"P\u00ebrmbledhja\",\"image\":{\"@type\":\"ImageObject\",\"inLanguage\":\"sq\",\"@id\":\"https:\/\/permbledhja.com\/#\/schema\/person\/image\/\",\"url\":\"https:\/\/permbledhja.com\/wp-content\/uploads\/2026\/01\/452004717_1040944174702970_8932037511805513407_n-96x96.jpg\",\"contentUrl\":\"https:\/\/permbledhja.com\/wp-content\/uploads\/2026\/01\/452004717_1040944174702970_8932037511805513407_n-96x96.jpg\",\"caption\":\"P\u00ebrmbledhja\"},\"sameAs\":[\"https:\/\/www.facebook.com\/kafexhiu.muharrem\/\",\"https:\/\/www.instagram.com\/muharrem_kafexhiu\/\"],\"url\":\"https:\/\/permbledhja.com\/sq\/author\/admin\/\"}]}<\/script>\n<!-- \/ Yoast SEO plugin. -->","yoast_head_json":{"title":"Escobar p\u00ebr \u00e7\u00ebshtjen e targave: Veturat q\u00eb operojn\u00eb n\u00eb veri duhet t\u00eb regjistrohen sipas ligjeve t\u00eb Kosov\u00ebs","robots":{"index":"index","follow":"follow","max-snippet":"max-snippet:-1","max-image-preview":"max-image-preview:large","max-video-preview":"max-video-preview:-1"},"canonical":"https:\/\/permbledhja.com\/sq\/escobar-per-ceshtjen-e-targave-veturat-qe-operojne-ne-veri-duhet-te-regjistrohen-sipas-ligjeve-te-kosoves\/","og_locale":"sq_AL","og_type":"article","og_title":"Escobar p\u00ebr \u00e7\u00ebshtjen e targave: Veturat q\u00eb operojn\u00eb n\u00eb veri duhet t\u00eb regjistrohen sipas ligjeve t\u00eb Kosov\u00ebs","og_description":"I d\u00ebrguari i Posa\u00e7\u00ebm i SHBA-s\u00eb p\u00ebr Ballkanin Per\u00ebndimor, Gabriel Escobar, dje, n\u00eb nj\u00eb bashk\u00ebbisedim virtual me gazetar\u00eb ka folur edhe p\u00ebr shtyrjen e vendimit t\u00eb qeveris\u00eb s\u00eb Kosov\u00ebs p\u00ebr reciprocitetin me targat dhe dokumente me Serbin\u00eb. Emisari amerikan tha se marr\u00ebveshja me stikera ishte e p\u00ebrkohshme dhe se veturat q\u00eb operojn\u00eb n\u00eb veri duhet [&hellip;]","og_url":"https:\/\/permbledhja.com\/sq\/escobar-per-ceshtjen-e-targave-veturat-qe-operojne-ne-veri-duhet-te-regjistrohen-sipas-ligjeve-te-kosoves\/","og_site_name":"Ve\u00e7 artikuj p\u00ebrmbledh\u00ebs","article_publisher":"https:\/\/www.facebook.com\/press07\/","article_author":"https:\/\/www.facebook.com\/kafexhiu.muharrem\/","article_published_time":"2022-08-06T12:52:40+00:00","og_image":[{"width":600,"height":360,"url":"https:\/\/permbledhja.com\/wp-content\/uploads\/2022\/08\/escobar-1-600x360-1.png","type":"image\/png"}],"author":"P\u00ebrmbledhja","twitter_card":"summary_large_image","twitter_misc":{"Written by":"P\u00ebrmbledhja","Est. reading time":"2 minuta"},"schema":{"@context":"https:\/\/schema.org","@graph":[{"@type":"Article","@id":"https:\/\/permbledhja.com\/escobar-per-ceshtjen-e-targave-veturat-qe-operojne-ne-veri-duhet-te-regjistrohen-sipas-ligjeve-te-kosoves\/#article","isPartOf":{"@id":"https:\/\/permbledhja.com\/escobar-per-ceshtjen-e-targave-veturat-qe-operojne-ne-veri-duhet-te-regjistrohen-sipas-ligjeve-te-kosoves\/"},"author":{"name":"P\u00ebrmbledhja","@id":"https:\/\/permbledhja.com\/#\/schema\/person\/0d064377258d3221e50693947b9eb4fe"},"headline":"Escobar p\u00ebr \u00e7\u00ebshtjen e targave: Veturat q\u00eb operojn\u00eb n\u00eb veri duhet t\u00eb regjistrohen sipas ligjeve t\u00eb Kosov\u00ebs","datePublished":"2022-08-06T12:52:40+00:00","dateModified":"2022-08-06T12:52:40+00:00","mainEntityOfPage":{"@id":"https:\/\/permbledhja.com\/escobar-per-ceshtjen-e-targave-veturat-qe-operojne-ne-veri-duhet-te-regjistrohen-sipas-ligjeve-te-kosoves\/"},"wordCount":461,"publisher":{"@id":"https:\/\/permbledhja.com\/#organization"},"keywords":["Escobar"],"articleSection":["Komb\u00ebtare","Lajme"],"inLanguage":"sq"},{"@type":"WebPage","@id":"https:\/\/permbledhja.com\/escobar-per-ceshtjen-e-targave-veturat-qe-operojne-ne-veri-duhet-te-regjistrohen-sipas-ligjeve-te-kosoves\/","url":"https:\/\/permbledhja.com\/escobar-per-ceshtjen-e-targave-veturat-qe-operojne-ne-veri-duhet-te-regjistrohen-sipas-ligjeve-te-kosoves\/","name":"Escobar p\u00ebr \u00e7\u00ebshtjen e targave: Veturat q\u00eb operojn\u00eb n\u00eb veri duhet t\u00eb regjistrohen sipas ligjeve t\u00eb Kosov\u00ebs","isPartOf":{"@id":"https:\/\/permbledhja.com\/#website"},"datePublished":"2022-08-06T12:52:40+00:00","dateModified":"2022-08-06T12:52:40+00:00","breadcrumb":{"@id":"https:\/\/permbledhja.com\/escobar-per-ceshtjen-e-targave-veturat-qe-operojne-ne-veri-duhet-te-regjistrohen-sipas-ligjeve-te-kosoves\/#breadcrumb"},"inLanguage":"sq","potentialAction":[{"@type":"ReadAction","target":["https:\/\/permbledhja.com\/escobar-per-ceshtjen-e-targave-veturat-qe-operojne-ne-veri-duhet-te-regjistrohen-sipas-ligjeve-te-kosoves\/"]}]},{"@type":"BreadcrumbList","@id":"https:\/\/permbledhja.com\/escobar-per-ceshtjen-e-targave-veturat-qe-operojne-ne-veri-duhet-te-regjistrohen-sipas-ligjeve-te-kosoves\/#breadcrumb","itemListElement":[{"@type":"ListItem","position":1,"name":"Ballina","item":"https:\/\/permbledhja.com\/sq\/"},{"@type":"ListItem","position":2,"name":"Escobar p\u00ebr \u00e7\u00ebshtjen e targave: Veturat q\u00eb operojn\u00eb n\u00eb veri duhet t\u00eb regjistrohen sipas ligjeve t\u00eb Kosov\u00ebs"}]},{"@type":"WebSite","@id":"https:\/\/permbledhja.com\/#website","url":"https:\/\/permbledhja.com\/","name":"Ve\u00e7 artikuj p\u00ebrmbledh\u00ebs","description":"","publisher":{"@id":"https:\/\/permbledhja.com\/#organization"},"potentialAction":[{"@type":"SearchAction","target":{"@type":"EntryPoint","urlTemplate":"https:\/\/permbledhja.com\/?s={search_term_string}"},"query-input":"required name=search_term_string"}],"inLanguage":"sq"},{"@type":"Organization","@id":"https:\/\/permbledhja.com\/#organization","name":"MK Media & Pr","url":"https:\/\/permbledhja.com\/","logo":{"@type":"ImageObject","inLanguage":"sq","@id":"https:\/\/permbledhja.com\/#\/schema\/logo\/image\/","url":"https:\/\/permbledhja.com\/wp-content\/uploads\/2021\/12\/07-Press-Logo.jpg","contentUrl":"https:\/\/permbledhja.com\/wp-content\/uploads\/2021\/12\/07-Press-Logo.jpg","width":512,"height":512,"caption":"MK Media & Pr"},"image":{"@id":"https:\/\/permbledhja.com\/#\/schema\/logo\/image\/"},"sameAs":["https:\/\/www.facebook.com\/press07\/"]},{"@type":"Person","@id":"https:\/\/permbledhja.com\/#\/schema\/person\/0d064377258d3221e50693947b9eb4fe","name":"P\u00ebrmbledhja","image":{"@type":"ImageObject","inLanguage":"sq","@id":"https:\/\/permbledhja.com\/#\/schema\/person\/image\/","url":"https:\/\/permbledhja.com\/wp-content\/uploads\/2026\/01\/452004717_1040944174702970_8932037511805513407_n-96x96.jpg","contentUrl":"https:\/\/permbledhja.com\/wp-content\/uploads\/2026\/01\/452004717_1040944174702970_8932037511805513407_n-96x96.jpg","caption":"P\u00ebrmbledhja"},"sameAs":["https:\/\/www.facebook.com\/kafexhiu.muharrem\/","https:\/\/www.instagram.com\/muharrem_kafexhiu\/"],"url":"https:\/\/permbledhja.com\/sq\/author\/admin\/"}]}},"_links":{"self":[{"href":"https:\/\/permbledhja.com\/sq\/wp-json\/wp\/v2\/posts\/3800"}],"collection":[{"href":"https:\/\/permbledhja.com\/sq\/wp-json\/wp\/v2\/posts"}],"about":[{"href":"https:\/\/permbledhja.com\/sq\/wp-json\/wp\/v2\/types\/post"}],"author":[{"embeddable":true,"href":"https:\/\/permbledhja.com\/sq\/wp-json\/wp\/v2\/users\/1"}],"replies":[{"embeddable":true,"href":"https:\/\/permbledhja.com\/sq\/wp-json\/wp\/v2\/comments?post=3800"}],"version-history":[{"count":1,"href":"https:\/\/permbledhja.com\/sq\/wp-json\/wp\/v2\/posts\/3800\/revisions"}],"predecessor-version":[{"id":3802,"href":"https:\/\/permbledhja.com\/sq\/wp-json\/wp\/v2\/posts\/3800\/revisions\/3802"}],"wp:featuredmedia":[{"embeddable":true,"href":"https:\/\/permbledhja.com\/sq\/wp-json\/wp\/v2\/media\/3801"}],"wp:attachment":[{"href":"https:\/\/permbledhja.com\/sq\/wp-json\/wp\/v2\/media?parent=3800"}],"wp:term":[{"taxonomy":"category","embeddable":true,"href":"https:\/\/permbledhja.com\/sq\/wp-json\/wp\/v2\/categories?post=3800"},{"taxonomy":"post_tag","embeddable":true,"href":"https:\/\/permbledhja.com\/sq\/wp-json\/wp\/v2\/tags?post=3800"}],"curies":[{"name":"wp","href":"https:\/\/api.w.org\/{rel}","templated":true}]}}