{"id":3797,"date":"2022-08-06T12:41:09","date_gmt":"2022-08-06T12:41:09","guid":{"rendered":"https:\/\/permbledhja.com\/?p=3797"},"modified":"2022-08-06T12:41:09","modified_gmt":"2022-08-06T12:41:09","slug":"renditja-e-fifa-s-shqiperia-e-femrave-ngjitet-me-tre-pozicione-ne-klasifikim","status":"publish","type":"post","link":"https:\/\/permbledhja.com\/sq\/renditja-e-fifa-s-shqiperia-e-femrave-ngjitet-me-tre-pozicione-ne-klasifikim\/","title":{"rendered":"Renditja e FIFA-s, Shqip\u00ebria e femrave ngjitet me tre pozicione n\u00eb klasifikim"},"content":{"rendered":"<p><strong>Shqip\u00ebria e femrave \u00ebsht\u00eb ngjitur me 3 pozicione n\u00eb klasifikimin zyrtar t\u00eb FIFA-s!<\/strong><\/p>\n<p>Vajzat kuqezi renditeshin n\u00eb vendin e 74-t\u00eb, teksa tashm\u00eb jan\u00eb n\u00eb vendin e 71-t\u00eb, pas rifreskimit t\u00eb pik\u00ebve q\u00eb FIFA b\u00ebri menj\u00ebher\u00eb pas p\u00ebrfundimit t\u00eb Kampionatit Europian p\u00ebr femra.<\/p>\n<p>https:\/\/permbledhja.com\/fc-shkupi-keqtrajtohet-nga-irlandezet-i-ben-thirrje-per-intervenim-mpj-se-se-maqedonise-se-veriut\/<\/p>\n<p>Ky \u00ebsht\u00eb nj\u00eb lajm shum\u00eb i mir\u00eb dhe motivues p\u00ebr Komb\u00ebtaren shqiptare t\u00eb femrave, edhe n\u00eb prag t\u00eb grumbullimit dhe ndeshjeve t\u00eb fundit q\u00eb do t\u00eb zhvilloj\u00eb n\u00eb muajin e ardhsh\u00ebm.<\/p>\n<p>Sfidat ndaj Polonis\u00eb m\u00eb 1 shtator dhe Norvegjis\u00eb m\u00eb 6 shtator jan\u00eb t\u00eb vlefshme p\u00ebr kualifikueset e Kampionatit Bot\u00ebror 2023.<\/p>\n<p>Aktualisht, vajzat kuqezi renditen n\u00eb vendin e kat\u00ebrt me 10 pik\u00eb.<\/p>\n<p>https:\/\/permbledhja.com\/shkupi-dorezohet-ne-fund-kualifikimi-i-madh-kerkohet-ne-ndeshjen-kthyese\/<\/p>\n","protected":false},"excerpt":{"rendered":"<p>Shqip\u00ebria e femrave \u00ebsht\u00eb ngjitur me 3 pozicione n\u00eb klasifikimin zyrtar t\u00eb FIFA-s! Vajzat kuqezi renditeshin n\u00eb vendin e 74-t\u00eb, teksa tashm\u00eb jan\u00eb n\u00eb vendin e 71-t\u00eb, pas rifreskimit t\u00eb pik\u00ebve q\u00eb FIFA b\u00ebri menj\u00ebher\u00eb pas p\u00ebrfundimit t\u00eb Kampionatit Europian p\u00ebr femra. https:\/\/permbledhja.com\/fc-shkupi-keqtrajtohet-nga-irlandezet-i-ben-thirrje-per-intervenim-mpj-se-se-maqedonise-se-veriut\/ Ky \u00ebsht\u00eb nj\u00eb lajm shum\u00eb i mir\u00eb dhe motivues p\u00ebr Komb\u00ebtaren shqiptare [&hellip;]<\/p>\n","protected":false},"author":1,"featured_media":3798,"comment_status":"closed","ping_status":"closed","sticky":false,"template":"","format":"standard","meta":{"_monsterinsights_skip_tracking":false,"_monsterinsights_sitenote_active":false,"_monsterinsights_sitenote_note":"","_monsterinsights_sitenote_category":0,"_uf_show_specific_survey":0,"_uf_disable_surveys":false,"footnotes":""},"categories":[6],"tags":[721],"yoast_head":"<!-- This site is optimized with the Yoast SEO plugin v21.5 - https:\/\/yoast.com\/wordpress\/plugins\/seo\/ -->\n<title>Renditja e FIFA-s, Shqip\u00ebria e femrave ngjitet me tre pozicione n\u00eb klasifikim<\/title>\n<meta name=\"robots\" content=\"index, follow, max-snippet:-1, max-image-preview:large, max-video-preview:-1\" \/>\n<link rel=\"canonical\" href=\"https:\/\/permbledhja.com\/sq\/renditja-e-fifa-s-shqiperia-e-femrave-ngjitet-me-tre-pozicione-ne-klasifikim\/\" \/>\n<meta property=\"og:locale\" content=\"sq_AL\" \/>\n<meta property=\"og:type\" content=\"article\" \/>\n<meta property=\"og:title\" content=\"Renditja e FIFA-s, Shqip\u00ebria e femrave ngjitet me tre pozicione n\u00eb klasifikim\" \/>\n<meta property=\"og:description\" content=\"Shqip\u00ebria e femrave \u00ebsht\u00eb ngjitur me 3 pozicione n\u00eb klasifikimin zyrtar t\u00eb FIFA-s! Vajzat kuqezi renditeshin n\u00eb vendin e 74-t\u00eb, teksa tashm\u00eb jan\u00eb n\u00eb vendin e 71-t\u00eb, pas rifreskimit t\u00eb pik\u00ebve q\u00eb FIFA b\u00ebri menj\u00ebher\u00eb pas p\u00ebrfundimit t\u00eb Kampionatit Europian p\u00ebr femra. https:\/\/permbledhja.com\/fc-shkupi-keqtrajtohet-nga-irlandezet-i-ben-thirrje-per-intervenim-mpj-se-se-maqedonise-se-veriut\/ Ky \u00ebsht\u00eb nj\u00eb lajm shum\u00eb i mir\u00eb dhe motivues p\u00ebr Komb\u00ebtaren shqiptare [&hellip;]\" \/>\n<meta property=\"og:url\" content=\"https:\/\/permbledhja.com\/sq\/renditja-e-fifa-s-shqiperia-e-femrave-ngjitet-me-tre-pozicione-ne-klasifikim\/\" \/>\n<meta property=\"og:site_name\" content=\"Ve\u00e7 artikuj p\u00ebrmbledh\u00ebs\" \/>\n<meta property=\"article:publisher\" content=\"https:\/\/www.facebook.com\/press07\/\" \/>\n<meta property=\"article:author\" content=\"https:\/\/www.facebook.com\/kafexhiu.muharrem\/\" \/>\n<meta property=\"article:published_time\" content=\"2022-08-06T12:41:09+00:00\" \/>\n<meta property=\"og:image\" content=\"https:\/\/permbledhja.com\/wp-content\/uploads\/2022\/08\/AP__3065-2048x1365-1.jpg\" \/>\n\t<meta property=\"og:image:width\" content=\"2048\" \/>\n\t<meta property=\"og:image:height\" content=\"1365\" \/>\n\t<meta property=\"og:image:type\" content=\"image\/jpeg\" \/>\n<meta name=\"author\" content=\"P\u00ebrmbledhja\" \/>\n<meta name=\"twitter:card\" content=\"summary_large_image\" \/>\n<meta name=\"twitter:label1\" content=\"Written by\" \/>\n\t<meta name=\"twitter:data1\" content=\"P\u00ebrmbledhja\" \/>\n\t<meta name=\"twitter:label2\" content=\"Est. reading time\" \/>\n\t<meta name=\"twitter:data2\" content=\"1 minut\u00eb\" \/>\n<script type=\"application\/ld+json\" class=\"yoast-schema-graph\">{\"@context\":\"https:\/\/schema.org\",\"@graph\":[{\"@type\":\"Article\",\"@id\":\"https:\/\/permbledhja.com\/renditja-e-fifa-s-shqiperia-e-femrave-ngjitet-me-tre-pozicione-ne-klasifikim\/#article\",\"isPartOf\":{\"@id\":\"https:\/\/permbledhja.com\/renditja-e-fifa-s-shqiperia-e-femrave-ngjitet-me-tre-pozicione-ne-klasifikim\/\"},\"author\":{\"name\":\"P\u00ebrmbledhja\",\"@id\":\"https:\/\/permbledhja.com\/#\/schema\/person\/0d064377258d3221e50693947b9eb4fe\"},\"headline\":\"Renditja e FIFA-s, Shqip\u00ebria e femrave ngjitet me tre pozicione n\u00eb klasifikim\",\"datePublished\":\"2022-08-06T12:41:09+00:00\",\"dateModified\":\"2022-08-06T12:41:09+00:00\",\"mainEntityOfPage\":{\"@id\":\"https:\/\/permbledhja.com\/renditja-e-fifa-s-shqiperia-e-femrave-ngjitet-me-tre-pozicione-ne-klasifikim\/\"},\"wordCount\":132,\"publisher\":{\"@id\":\"https:\/\/permbledhja.com\/#organization\"},\"keywords\":[\"Komb\u00ebtarja e Shqip\u00ebris\u00eb\"],\"articleSection\":[\"Sport\"],\"inLanguage\":\"sq\"},{\"@type\":\"WebPage\",\"@id\":\"https:\/\/permbledhja.com\/renditja-e-fifa-s-shqiperia-e-femrave-ngjitet-me-tre-pozicione-ne-klasifikim\/\",\"url\":\"https:\/\/permbledhja.com\/renditja-e-fifa-s-shqiperia-e-femrave-ngjitet-me-tre-pozicione-ne-klasifikim\/\",\"name\":\"Renditja e FIFA-s, Shqip\u00ebria e femrave ngjitet me tre pozicione n\u00eb klasifikim\",\"isPartOf\":{\"@id\":\"https:\/\/permbledhja.com\/#website\"},\"datePublished\":\"2022-08-06T12:41:09+00:00\",\"dateModified\":\"2022-08-06T12:41:09+00:00\",\"breadcrumb\":{\"@id\":\"https:\/\/permbledhja.com\/renditja-e-fifa-s-shqiperia-e-femrave-ngjitet-me-tre-pozicione-ne-klasifikim\/#breadcrumb\"},\"inLanguage\":\"sq\",\"potentialAction\":[{\"@type\":\"ReadAction\",\"target\":[\"https:\/\/permbledhja.com\/renditja-e-fifa-s-shqiperia-e-femrave-ngjitet-me-tre-pozicione-ne-klasifikim\/\"]}]},{\"@type\":\"BreadcrumbList\",\"@id\":\"https:\/\/permbledhja.com\/renditja-e-fifa-s-shqiperia-e-femrave-ngjitet-me-tre-pozicione-ne-klasifikim\/#breadcrumb\",\"itemListElement\":[{\"@type\":\"ListItem\",\"position\":1,\"name\":\"Ballina\",\"item\":\"https:\/\/permbledhja.com\/sq\/\"},{\"@type\":\"ListItem\",\"position\":2,\"name\":\"Renditja e FIFA-s, Shqip\u00ebria e femrave ngjitet me tre pozicione n\u00eb klasifikim\"}]},{\"@type\":\"WebSite\",\"@id\":\"https:\/\/permbledhja.com\/#website\",\"url\":\"https:\/\/permbledhja.com\/\",\"name\":\"Ve\u00e7 artikuj p\u00ebrmbledh\u00ebs\",\"description\":\"\",\"publisher\":{\"@id\":\"https:\/\/permbledhja.com\/#organization\"},\"potentialAction\":[{\"@type\":\"SearchAction\",\"target\":{\"@type\":\"EntryPoint\",\"urlTemplate\":\"https:\/\/permbledhja.com\/?s={search_term_string}\"},\"query-input\":\"required name=search_term_string\"}],\"inLanguage\":\"sq\"},{\"@type\":\"Organization\",\"@id\":\"https:\/\/permbledhja.com\/#organization\",\"name\":\"MK Media & Pr\",\"url\":\"https:\/\/permbledhja.com\/\",\"logo\":{\"@type\":\"ImageObject\",\"inLanguage\":\"sq\",\"@id\":\"https:\/\/permbledhja.com\/#\/schema\/logo\/image\/\",\"url\":\"https:\/\/permbledhja.com\/wp-content\/uploads\/2021\/12\/07-Press-Logo.jpg\",\"contentUrl\":\"https:\/\/permbledhja.com\/wp-content\/uploads\/2021\/12\/07-Press-Logo.jpg\",\"width\":512,\"height\":512,\"caption\":\"MK Media & Pr\"},\"image\":{\"@id\":\"https:\/\/permbledhja.com\/#\/schema\/logo\/image\/\"},\"sameAs\":[\"https:\/\/www.facebook.com\/press07\/\"]},{\"@type\":\"Person\",\"@id\":\"https:\/\/permbledhja.com\/#\/schema\/person\/0d064377258d3221e50693947b9eb4fe\",\"name\":\"P\u00ebrmbledhja\",\"image\":{\"@type\":\"ImageObject\",\"inLanguage\":\"sq\",\"@id\":\"https:\/\/permbledhja.com\/#\/schema\/person\/image\/\",\"url\":\"https:\/\/permbledhja.com\/wp-content\/uploads\/2026\/01\/452004717_1040944174702970_8932037511805513407_n-96x96.jpg\",\"contentUrl\":\"https:\/\/permbledhja.com\/wp-content\/uploads\/2026\/01\/452004717_1040944174702970_8932037511805513407_n-96x96.jpg\",\"caption\":\"P\u00ebrmbledhja\"},\"sameAs\":[\"https:\/\/www.facebook.com\/kafexhiu.muharrem\/\",\"https:\/\/www.instagram.com\/muharrem_kafexhiu\/\"],\"url\":\"https:\/\/permbledhja.com\/sq\/author\/admin\/\"}]}<\/script>\n<!-- \/ Yoast SEO plugin. -->","yoast_head_json":{"title":"Renditja e FIFA-s, Shqip\u00ebria e femrave ngjitet me tre pozicione n\u00eb klasifikim","robots":{"index":"index","follow":"follow","max-snippet":"max-snippet:-1","max-image-preview":"max-image-preview:large","max-video-preview":"max-video-preview:-1"},"canonical":"https:\/\/permbledhja.com\/sq\/renditja-e-fifa-s-shqiperia-e-femrave-ngjitet-me-tre-pozicione-ne-klasifikim\/","og_locale":"sq_AL","og_type":"article","og_title":"Renditja e FIFA-s, Shqip\u00ebria e femrave ngjitet me tre pozicione n\u00eb klasifikim","og_description":"Shqip\u00ebria e femrave \u00ebsht\u00eb ngjitur me 3 pozicione n\u00eb klasifikimin zyrtar t\u00eb FIFA-s! Vajzat kuqezi renditeshin n\u00eb vendin e 74-t\u00eb, teksa tashm\u00eb jan\u00eb n\u00eb vendin e 71-t\u00eb, pas rifreskimit t\u00eb pik\u00ebve q\u00eb FIFA b\u00ebri menj\u00ebher\u00eb pas p\u00ebrfundimit t\u00eb Kampionatit Europian p\u00ebr femra. https:\/\/permbledhja.com\/fc-shkupi-keqtrajtohet-nga-irlandezet-i-ben-thirrje-per-intervenim-mpj-se-se-maqedonise-se-veriut\/ Ky \u00ebsht\u00eb nj\u00eb lajm shum\u00eb i mir\u00eb dhe motivues p\u00ebr Komb\u00ebtaren shqiptare [&hellip;]","og_url":"https:\/\/permbledhja.com\/sq\/renditja-e-fifa-s-shqiperia-e-femrave-ngjitet-me-tre-pozicione-ne-klasifikim\/","og_site_name":"Ve\u00e7 artikuj p\u00ebrmbledh\u00ebs","article_publisher":"https:\/\/www.facebook.com\/press07\/","article_author":"https:\/\/www.facebook.com\/kafexhiu.muharrem\/","article_published_time":"2022-08-06T12:41:09+00:00","og_image":[{"width":2048,"height":1365,"url":"https:\/\/permbledhja.com\/wp-content\/uploads\/2022\/08\/AP__3065-2048x1365-1.jpg","type":"image\/jpeg"}],"author":"P\u00ebrmbledhja","twitter_card":"summary_large_image","twitter_misc":{"Written by":"P\u00ebrmbledhja","Est. reading time":"1 minut\u00eb"},"schema":{"@context":"https:\/\/schema.org","@graph":[{"@type":"Article","@id":"https:\/\/permbledhja.com\/renditja-e-fifa-s-shqiperia-e-femrave-ngjitet-me-tre-pozicione-ne-klasifikim\/#article","isPartOf":{"@id":"https:\/\/permbledhja.com\/renditja-e-fifa-s-shqiperia-e-femrave-ngjitet-me-tre-pozicione-ne-klasifikim\/"},"author":{"name":"P\u00ebrmbledhja","@id":"https:\/\/permbledhja.com\/#\/schema\/person\/0d064377258d3221e50693947b9eb4fe"},"headline":"Renditja e FIFA-s, Shqip\u00ebria e femrave ngjitet me tre pozicione n\u00eb klasifikim","datePublished":"2022-08-06T12:41:09+00:00","dateModified":"2022-08-06T12:41:09+00:00","mainEntityOfPage":{"@id":"https:\/\/permbledhja.com\/renditja-e-fifa-s-shqiperia-e-femrave-ngjitet-me-tre-pozicione-ne-klasifikim\/"},"wordCount":132,"publisher":{"@id":"https:\/\/permbledhja.com\/#organization"},"keywords":["Komb\u00ebtarja e Shqip\u00ebris\u00eb"],"articleSection":["Sport"],"inLanguage":"sq"},{"@type":"WebPage","@id":"https:\/\/permbledhja.com\/renditja-e-fifa-s-shqiperia-e-femrave-ngjitet-me-tre-pozicione-ne-klasifikim\/","url":"https:\/\/permbledhja.com\/renditja-e-fifa-s-shqiperia-e-femrave-ngjitet-me-tre-pozicione-ne-klasifikim\/","name":"Renditja e FIFA-s, Shqip\u00ebria e femrave ngjitet me tre pozicione n\u00eb klasifikim","isPartOf":{"@id":"https:\/\/permbledhja.com\/#website"},"datePublished":"2022-08-06T12:41:09+00:00","dateModified":"2022-08-06T12:41:09+00:00","breadcrumb":{"@id":"https:\/\/permbledhja.com\/renditja-e-fifa-s-shqiperia-e-femrave-ngjitet-me-tre-pozicione-ne-klasifikim\/#breadcrumb"},"inLanguage":"sq","potentialAction":[{"@type":"ReadAction","target":["https:\/\/permbledhja.com\/renditja-e-fifa-s-shqiperia-e-femrave-ngjitet-me-tre-pozicione-ne-klasifikim\/"]}]},{"@type":"BreadcrumbList","@id":"https:\/\/permbledhja.com\/renditja-e-fifa-s-shqiperia-e-femrave-ngjitet-me-tre-pozicione-ne-klasifikim\/#breadcrumb","itemListElement":[{"@type":"ListItem","position":1,"name":"Ballina","item":"https:\/\/permbledhja.com\/sq\/"},{"@type":"ListItem","position":2,"name":"Renditja e FIFA-s, Shqip\u00ebria e femrave ngjitet me tre pozicione n\u00eb klasifikim"}]},{"@type":"WebSite","@id":"https:\/\/permbledhja.com\/#website","url":"https:\/\/permbledhja.com\/","name":"Ve\u00e7 artikuj p\u00ebrmbledh\u00ebs","description":"","publisher":{"@id":"https:\/\/permbledhja.com\/#organization"},"potentialAction":[{"@type":"SearchAction","target":{"@type":"EntryPoint","urlTemplate":"https:\/\/permbledhja.com\/?s={search_term_string}"},"query-input":"required name=search_term_string"}],"inLanguage":"sq"},{"@type":"Organization","@id":"https:\/\/permbledhja.com\/#organization","name":"MK Media & Pr","url":"https:\/\/permbledhja.com\/","logo":{"@type":"ImageObject","inLanguage":"sq","@id":"https:\/\/permbledhja.com\/#\/schema\/logo\/image\/","url":"https:\/\/permbledhja.com\/wp-content\/uploads\/2021\/12\/07-Press-Logo.jpg","contentUrl":"https:\/\/permbledhja.com\/wp-content\/uploads\/2021\/12\/07-Press-Logo.jpg","width":512,"height":512,"caption":"MK Media & Pr"},"image":{"@id":"https:\/\/permbledhja.com\/#\/schema\/logo\/image\/"},"sameAs":["https:\/\/www.facebook.com\/press07\/"]},{"@type":"Person","@id":"https:\/\/permbledhja.com\/#\/schema\/person\/0d064377258d3221e50693947b9eb4fe","name":"P\u00ebrmbledhja","image":{"@type":"ImageObject","inLanguage":"sq","@id":"https:\/\/permbledhja.com\/#\/schema\/person\/image\/","url":"https:\/\/permbledhja.com\/wp-content\/uploads\/2026\/01\/452004717_1040944174702970_8932037511805513407_n-96x96.jpg","contentUrl":"https:\/\/permbledhja.com\/wp-content\/uploads\/2026\/01\/452004717_1040944174702970_8932037511805513407_n-96x96.jpg","caption":"P\u00ebrmbledhja"},"sameAs":["https:\/\/www.facebook.com\/kafexhiu.muharrem\/","https:\/\/www.instagram.com\/muharrem_kafexhiu\/"],"url":"https:\/\/permbledhja.com\/sq\/author\/admin\/"}]}},"_links":{"self":[{"href":"https:\/\/permbledhja.com\/sq\/wp-json\/wp\/v2\/posts\/3797"}],"collection":[{"href":"https:\/\/permbledhja.com\/sq\/wp-json\/wp\/v2\/posts"}],"about":[{"href":"https:\/\/permbledhja.com\/sq\/wp-json\/wp\/v2\/types\/post"}],"author":[{"embeddable":true,"href":"https:\/\/permbledhja.com\/sq\/wp-json\/wp\/v2\/users\/1"}],"replies":[{"embeddable":true,"href":"https:\/\/permbledhja.com\/sq\/wp-json\/wp\/v2\/comments?post=3797"}],"version-history":[{"count":1,"href":"https:\/\/permbledhja.com\/sq\/wp-json\/wp\/v2\/posts\/3797\/revisions"}],"predecessor-version":[{"id":3799,"href":"https:\/\/permbledhja.com\/sq\/wp-json\/wp\/v2\/posts\/3797\/revisions\/3799"}],"wp:featuredmedia":[{"embeddable":true,"href":"https:\/\/permbledhja.com\/sq\/wp-json\/wp\/v2\/media\/3798"}],"wp:attachment":[{"href":"https:\/\/permbledhja.com\/sq\/wp-json\/wp\/v2\/media?parent=3797"}],"wp:term":[{"taxonomy":"category","embeddable":true,"href":"https:\/\/permbledhja.com\/sq\/wp-json\/wp\/v2\/categories?post=3797"},{"taxonomy":"post_tag","embeddable":true,"href":"https:\/\/permbledhja.com\/sq\/wp-json\/wp\/v2\/tags?post=3797"}],"curies":[{"name":"wp","href":"https:\/\/api.w.org\/{rel}","templated":true}]}}