{"id":37894,"date":"2023-11-29T11:20:48","date_gmt":"2023-11-29T11:20:48","guid":{"rendered":"https:\/\/permbledhja.com\/?p=37894"},"modified":"2023-11-29T11:20:48","modified_gmt":"2023-11-29T11:20:48","slug":"geci-mohon-se-e-nderroi-emrin-dhe-fene-kjo-eshte-hajgare-une-sjam-fetar-fare","status":"publish","type":"post","link":"https:\/\/permbledhja.com\/sq\/geci-mohon-se-e-nderroi-emrin-dhe-fene-kjo-eshte-hajgare-une-sjam-fetar-fare\/","title":{"rendered":"Geci mohon se e nd\u00ebrroi emrin dhe fen\u00eb: Kjo \u00ebsht\u00eb hajgare, un\u00eb s\u2019jam fetar fare"},"content":{"rendered":"<h3>Ish-komandanti i Ushtris\u00eb \u00c7lirimtare t\u00eb Kosov\u00ebs, Sabit Geci mohon se e ka nd\u00ebrruar emrin dhe fen\u00eb.<\/h3>\n<p>\u201cK\u00ebto jan\u00eb hajgare\u201d, i tha ai Gazet\u00ebs Express. \u201cUn\u00eb absolutisht nuk kam nevoj\u00eb me e nd\u00ebrru fen\u00eb sepse nuk jam fetar fare\u201d, tha Geci.<\/p>\n<p>P\u00ebr 28 N\u00ebntor, Geci tha se e ka vizituar kish\u00ebn n\u00eb Llapushnik t\u00eb Drenasit dhe nj\u00eb xhami n\u00eb Podujev\u00eb, imamin e s\u00eb cil\u00ebs tha se e ka mik.<\/p>\n<p>\u201cUn\u00eb nuk jam fetar fare, hi\u00e7 hi\u00e7. Bile qeta me mjekrra i urrej, shum\u00eb i urrej. Me dal\u00eb ai me e quejt flamurin leck\u00eb, me dal\u00eb ai tjetri me than\u00eb b\u00ebn me marr\u00eb \u00e7ik\u00ebn a axh\u00ebs p\u00ebr grua, s\u2019s\u00ebsht\u00eb haram, kjo \u00ebsht\u00eb tmerr o v\u00eblla\u201d, tha ai.<\/p>\n<p>Ish-an\u00ebtari i Shtabit t\u00eb P\u00ebrgjithsh\u00ebm t\u00eb U\u00c7K-s\u00eb pranoi se do t\u00eb donte ta kishte nj\u00eb em\u00ebr shqip dhe se k\u00ebt\u00eb ua ka th\u00ebn\u00eb edhe t\u00eb pranishm\u00ebve n\u00eb kish\u00eb, por tha se s\u2019ka arsye ta nd\u00ebrroj\u00eb emrin tash.<\/p>\n<p>\u201cJo more v\u00eblla, emrin as s\u2019e nd\u00ebrroj, se un\u00eb nuk jam fetar fare. Un\u00eb nuk kam nevoj\u00eb me e nd\u00ebrru fen\u00eb kur nuk jam fetar. Un\u00eb emrin s\u2019e nd\u00ebrroj me ma dhan\u00eb bot\u00ebn, se e kam emrin q\u00eb ma kan\u00eb lan\u00eb baba e nana\u201d, tha ai.<\/p>\n<p>Geci tha se ka kontaktuar me \u201cat\u00eb q\u00eb e ka qit\u00eb\u201d postimin se ai \u00ebsht\u00eb konvertuar n\u00eb katolik dhe e ka nd\u00ebrruar emrin.<\/p>\n<p>\u201cE thirra at\u00eb q\u00eb e ka qit\u00eb. Tha jo un\u00eb nuk e kam qit\u00eb, e ka qit\u00eb tjet\u00ebrkush. Po hajt s\u2019\u00ebsht\u00eb kjo pun\u00eb\u2026 Un\u00eb absolutisht nuk kam nevoj\u00eb me e nd\u00ebrru fen\u00eb sepse nuk jam fetar fare\u201d, theksoi ai.<\/p>\n<p>\u201cVe\u00e7 e kam lan\u00eb amanet q\u00eb asnj\u00eb fjal\u00eb arabisht nuk b\u00ebn me ma than\u00eb te varri, kur t\u00eb shkoj n\u00eb varr. N\u00ebse vini me m\u00eb varros, varrosm\u00ebni shqip\u201d, shtoi ish-komandanti.<\/p>\n<p>Faqja \u201cFamullia e Sh\u00ebn M\u00ebhillit n\u00eb Doblibar\u00eb t\u00eb Gjakov\u00ebs\u201d, postoi nj\u00eb fotografi n\u00eb Facebook s\u00eb bashku me nj\u00eb njoftim p\u00ebr \u201cpag\u00ebzimin e ish-Komandantit t\u00eb U\u00c7K-s\u00eb Sabit Geci\u201d, p\u00ebr t\u00eb cilin u tha se \u00ebsht\u00eb pag\u00ebzuar me emrin Kastriot.<\/p>\n","protected":false},"excerpt":{"rendered":"<p>Ish-komandanti i Ushtris\u00eb \u00c7lirimtare t\u00eb Kosov\u00ebs, Sabit Geci mohon se e ka nd\u00ebrruar emrin dhe fen\u00eb. \u201cK\u00ebto jan\u00eb hajgare\u201d, i tha ai Gazet\u00ebs Express. \u201cUn\u00eb absolutisht nuk kam nevoj\u00eb me e nd\u00ebrru fen\u00eb sepse nuk jam fetar fare\u201d, tha Geci. P\u00ebr 28 N\u00ebntor, Geci tha se e ka vizituar kish\u00ebn n\u00eb Llapushnik t\u00eb Drenasit dhe [&hellip;]<\/p>\n","protected":false},"author":2,"featured_media":37895,"comment_status":"closed","ping_status":"closed","sticky":false,"template":"","format":"standard","meta":{"_monsterinsights_skip_tracking":false,"_monsterinsights_sitenote_active":false,"_monsterinsights_sitenote_note":"","_monsterinsights_sitenote_category":0,"_uf_show_specific_survey":0,"_uf_disable_surveys":false,"footnotes":""},"categories":[15],"tags":[472],"yoast_head":"<!-- This site is optimized with the Yoast SEO plugin v21.5 - https:\/\/yoast.com\/wordpress\/plugins\/seo\/ -->\n<title>Geci mohon se e nd\u00ebrroi emrin dhe fen\u00eb: Kjo \u00ebsht\u00eb hajgare, un\u00eb s\u2019jam fetar fare<\/title>\n<meta name=\"robots\" content=\"index, follow, max-snippet:-1, max-image-preview:large, max-video-preview:-1\" \/>\n<link rel=\"canonical\" href=\"https:\/\/permbledhja.com\/sq\/geci-mohon-se-e-nderroi-emrin-dhe-fene-kjo-eshte-hajgare-une-sjam-fetar-fare\/\" \/>\n<meta property=\"og:locale\" content=\"sq_AL\" \/>\n<meta property=\"og:type\" content=\"article\" \/>\n<meta property=\"og:title\" content=\"Geci mohon se e nd\u00ebrroi emrin dhe fen\u00eb: Kjo \u00ebsht\u00eb hajgare, un\u00eb s\u2019jam fetar fare\" \/>\n<meta property=\"og:description\" content=\"Ish-komandanti i Ushtris\u00eb \u00c7lirimtare t\u00eb Kosov\u00ebs, Sabit Geci mohon se e ka nd\u00ebrruar emrin dhe fen\u00eb. \u201cK\u00ebto jan\u00eb hajgare\u201d, i tha ai Gazet\u00ebs Express. \u201cUn\u00eb absolutisht nuk kam nevoj\u00eb me e nd\u00ebrru fen\u00eb sepse nuk jam fetar fare\u201d, tha Geci. P\u00ebr 28 N\u00ebntor, Geci tha se e ka vizituar kish\u00ebn n\u00eb Llapushnik t\u00eb Drenasit dhe [&hellip;]\" \/>\n<meta property=\"og:url\" content=\"https:\/\/permbledhja.com\/sq\/geci-mohon-se-e-nderroi-emrin-dhe-fene-kjo-eshte-hajgare-une-sjam-fetar-fare\/\" \/>\n<meta property=\"og:site_name\" content=\"Ve\u00e7 artikuj p\u00ebrmbledh\u00ebs\" \/>\n<meta property=\"article:publisher\" content=\"https:\/\/www.facebook.com\/press07\/\" \/>\n<meta property=\"article:published_time\" content=\"2023-11-29T11:20:48+00:00\" \/>\n<meta property=\"og:image\" content=\"https:\/\/permbledhja.com\/wp-content\/uploads\/2023\/11\/Sabit-Geci-600x360-1.png\" \/>\n\t<meta property=\"og:image:width\" content=\"600\" \/>\n\t<meta property=\"og:image:height\" content=\"360\" \/>\n\t<meta property=\"og:image:type\" content=\"image\/png\" \/>\n<meta name=\"author\" content=\"M M\" \/>\n<meta name=\"twitter:card\" content=\"summary_large_image\" \/>\n<meta name=\"twitter:label1\" content=\"Written by\" \/>\n\t<meta name=\"twitter:data1\" content=\"M M\" \/>\n\t<meta name=\"twitter:label2\" content=\"Est. reading time\" \/>\n\t<meta name=\"twitter:data2\" content=\"2 minuta\" \/>\n<script type=\"application\/ld+json\" class=\"yoast-schema-graph\">{\"@context\":\"https:\/\/schema.org\",\"@graph\":[{\"@type\":\"Article\",\"@id\":\"https:\/\/permbledhja.com\/geci-mohon-se-e-nderroi-emrin-dhe-fene-kjo-eshte-hajgare-une-sjam-fetar-fare\/#article\",\"isPartOf\":{\"@id\":\"https:\/\/permbledhja.com\/geci-mohon-se-e-nderroi-emrin-dhe-fene-kjo-eshte-hajgare-une-sjam-fetar-fare\/\"},\"author\":{\"name\":\"M M\",\"@id\":\"https:\/\/permbledhja.com\/#\/schema\/person\/d23f13f59b5722643933d6780783acf3\"},\"headline\":\"Geci mohon se e nd\u00ebrroi emrin dhe fen\u00eb: Kjo \u00ebsht\u00eb hajgare, un\u00eb s\u2019jam fetar fare\",\"datePublished\":\"2023-11-29T11:20:48+00:00\",\"dateModified\":\"2023-11-29T11:20:48+00:00\",\"mainEntityOfPage\":{\"@id\":\"https:\/\/permbledhja.com\/geci-mohon-se-e-nderroi-emrin-dhe-fene-kjo-eshte-hajgare-une-sjam-fetar-fare\/\"},\"wordCount\":392,\"publisher\":{\"@id\":\"https:\/\/permbledhja.com\/#organization\"},\"keywords\":[\"Feja\"],\"articleSection\":[\"Lajme\"],\"inLanguage\":\"sq\"},{\"@type\":\"WebPage\",\"@id\":\"https:\/\/permbledhja.com\/geci-mohon-se-e-nderroi-emrin-dhe-fene-kjo-eshte-hajgare-une-sjam-fetar-fare\/\",\"url\":\"https:\/\/permbledhja.com\/geci-mohon-se-e-nderroi-emrin-dhe-fene-kjo-eshte-hajgare-une-sjam-fetar-fare\/\",\"name\":\"Geci mohon se e nd\u00ebrroi emrin dhe fen\u00eb: Kjo \u00ebsht\u00eb hajgare, un\u00eb s\u2019jam fetar fare\",\"isPartOf\":{\"@id\":\"https:\/\/permbledhja.com\/#website\"},\"datePublished\":\"2023-11-29T11:20:48+00:00\",\"dateModified\":\"2023-11-29T11:20:48+00:00\",\"breadcrumb\":{\"@id\":\"https:\/\/permbledhja.com\/geci-mohon-se-e-nderroi-emrin-dhe-fene-kjo-eshte-hajgare-une-sjam-fetar-fare\/#breadcrumb\"},\"inLanguage\":\"sq\",\"potentialAction\":[{\"@type\":\"ReadAction\",\"target\":[\"https:\/\/permbledhja.com\/geci-mohon-se-e-nderroi-emrin-dhe-fene-kjo-eshte-hajgare-une-sjam-fetar-fare\/\"]}]},{\"@type\":\"BreadcrumbList\",\"@id\":\"https:\/\/permbledhja.com\/geci-mohon-se-e-nderroi-emrin-dhe-fene-kjo-eshte-hajgare-une-sjam-fetar-fare\/#breadcrumb\",\"itemListElement\":[{\"@type\":\"ListItem\",\"position\":1,\"name\":\"Ballina\",\"item\":\"https:\/\/permbledhja.com\/sq\/\"},{\"@type\":\"ListItem\",\"position\":2,\"name\":\"Geci mohon se e nd\u00ebrroi emrin dhe fen\u00eb: Kjo \u00ebsht\u00eb hajgare, un\u00eb s\u2019jam fetar fare\"}]},{\"@type\":\"WebSite\",\"@id\":\"https:\/\/permbledhja.com\/#website\",\"url\":\"https:\/\/permbledhja.com\/\",\"name\":\"Ve\u00e7 artikuj p\u00ebrmbledh\u00ebs\",\"description\":\"\",\"publisher\":{\"@id\":\"https:\/\/permbledhja.com\/#organization\"},\"potentialAction\":[{\"@type\":\"SearchAction\",\"target\":{\"@type\":\"EntryPoint\",\"urlTemplate\":\"https:\/\/permbledhja.com\/?s={search_term_string}\"},\"query-input\":\"required name=search_term_string\"}],\"inLanguage\":\"sq\"},{\"@type\":\"Organization\",\"@id\":\"https:\/\/permbledhja.com\/#organization\",\"name\":\"MK Media & Pr\",\"url\":\"https:\/\/permbledhja.com\/\",\"logo\":{\"@type\":\"ImageObject\",\"inLanguage\":\"sq\",\"@id\":\"https:\/\/permbledhja.com\/#\/schema\/logo\/image\/\",\"url\":\"https:\/\/permbledhja.com\/wp-content\/uploads\/2021\/12\/07-Press-Logo.jpg\",\"contentUrl\":\"https:\/\/permbledhja.com\/wp-content\/uploads\/2021\/12\/07-Press-Logo.jpg\",\"width\":512,\"height\":512,\"caption\":\"MK Media & Pr\"},\"image\":{\"@id\":\"https:\/\/permbledhja.com\/#\/schema\/logo\/image\/\"},\"sameAs\":[\"https:\/\/www.facebook.com\/press07\/\"]},{\"@type\":\"Person\",\"@id\":\"https:\/\/permbledhja.com\/#\/schema\/person\/d23f13f59b5722643933d6780783acf3\",\"name\":\"M M\",\"image\":{\"@type\":\"ImageObject\",\"inLanguage\":\"sq\",\"@id\":\"https:\/\/permbledhja.com\/#\/schema\/person\/image\/\",\"url\":\"https:\/\/secure.gravatar.com\/avatar\/e2835a76ca7c31a2416b2d51c4ec9a8f?s=96&d=mm&r=g\",\"contentUrl\":\"https:\/\/secure.gravatar.com\/avatar\/e2835a76ca7c31a2416b2d51c4ec9a8f?s=96&d=mm&r=g\",\"caption\":\"M M\"},\"sameAs\":[\"http:\/\/MM\"],\"url\":\"https:\/\/permbledhja.com\/sq\/author\/muhamet\/\"}]}<\/script>\n<!-- \/ Yoast SEO plugin. -->","yoast_head_json":{"title":"Geci mohon se e nd\u00ebrroi emrin dhe fen\u00eb: Kjo \u00ebsht\u00eb hajgare, un\u00eb s\u2019jam fetar fare","robots":{"index":"index","follow":"follow","max-snippet":"max-snippet:-1","max-image-preview":"max-image-preview:large","max-video-preview":"max-video-preview:-1"},"canonical":"https:\/\/permbledhja.com\/sq\/geci-mohon-se-e-nderroi-emrin-dhe-fene-kjo-eshte-hajgare-une-sjam-fetar-fare\/","og_locale":"sq_AL","og_type":"article","og_title":"Geci mohon se e nd\u00ebrroi emrin dhe fen\u00eb: Kjo \u00ebsht\u00eb hajgare, un\u00eb s\u2019jam fetar fare","og_description":"Ish-komandanti i Ushtris\u00eb \u00c7lirimtare t\u00eb Kosov\u00ebs, Sabit Geci mohon se e ka nd\u00ebrruar emrin dhe fen\u00eb. \u201cK\u00ebto jan\u00eb hajgare\u201d, i tha ai Gazet\u00ebs Express. \u201cUn\u00eb absolutisht nuk kam nevoj\u00eb me e nd\u00ebrru fen\u00eb sepse nuk jam fetar fare\u201d, tha Geci. P\u00ebr 28 N\u00ebntor, Geci tha se e ka vizituar kish\u00ebn n\u00eb Llapushnik t\u00eb Drenasit dhe [&hellip;]","og_url":"https:\/\/permbledhja.com\/sq\/geci-mohon-se-e-nderroi-emrin-dhe-fene-kjo-eshte-hajgare-une-sjam-fetar-fare\/","og_site_name":"Ve\u00e7 artikuj p\u00ebrmbledh\u00ebs","article_publisher":"https:\/\/www.facebook.com\/press07\/","article_published_time":"2023-11-29T11:20:48+00:00","og_image":[{"width":600,"height":360,"url":"https:\/\/permbledhja.com\/wp-content\/uploads\/2023\/11\/Sabit-Geci-600x360-1.png","type":"image\/png"}],"author":"M M","twitter_card":"summary_large_image","twitter_misc":{"Written by":"M M","Est. reading time":"2 minuta"},"schema":{"@context":"https:\/\/schema.org","@graph":[{"@type":"Article","@id":"https:\/\/permbledhja.com\/geci-mohon-se-e-nderroi-emrin-dhe-fene-kjo-eshte-hajgare-une-sjam-fetar-fare\/#article","isPartOf":{"@id":"https:\/\/permbledhja.com\/geci-mohon-se-e-nderroi-emrin-dhe-fene-kjo-eshte-hajgare-une-sjam-fetar-fare\/"},"author":{"name":"M M","@id":"https:\/\/permbledhja.com\/#\/schema\/person\/d23f13f59b5722643933d6780783acf3"},"headline":"Geci mohon se e nd\u00ebrroi emrin dhe fen\u00eb: Kjo \u00ebsht\u00eb hajgare, un\u00eb s\u2019jam fetar fare","datePublished":"2023-11-29T11:20:48+00:00","dateModified":"2023-11-29T11:20:48+00:00","mainEntityOfPage":{"@id":"https:\/\/permbledhja.com\/geci-mohon-se-e-nderroi-emrin-dhe-fene-kjo-eshte-hajgare-une-sjam-fetar-fare\/"},"wordCount":392,"publisher":{"@id":"https:\/\/permbledhja.com\/#organization"},"keywords":["Feja"],"articleSection":["Lajme"],"inLanguage":"sq"},{"@type":"WebPage","@id":"https:\/\/permbledhja.com\/geci-mohon-se-e-nderroi-emrin-dhe-fene-kjo-eshte-hajgare-une-sjam-fetar-fare\/","url":"https:\/\/permbledhja.com\/geci-mohon-se-e-nderroi-emrin-dhe-fene-kjo-eshte-hajgare-une-sjam-fetar-fare\/","name":"Geci mohon se e nd\u00ebrroi emrin dhe fen\u00eb: Kjo \u00ebsht\u00eb hajgare, un\u00eb s\u2019jam fetar fare","isPartOf":{"@id":"https:\/\/permbledhja.com\/#website"},"datePublished":"2023-11-29T11:20:48+00:00","dateModified":"2023-11-29T11:20:48+00:00","breadcrumb":{"@id":"https:\/\/permbledhja.com\/geci-mohon-se-e-nderroi-emrin-dhe-fene-kjo-eshte-hajgare-une-sjam-fetar-fare\/#breadcrumb"},"inLanguage":"sq","potentialAction":[{"@type":"ReadAction","target":["https:\/\/permbledhja.com\/geci-mohon-se-e-nderroi-emrin-dhe-fene-kjo-eshte-hajgare-une-sjam-fetar-fare\/"]}]},{"@type":"BreadcrumbList","@id":"https:\/\/permbledhja.com\/geci-mohon-se-e-nderroi-emrin-dhe-fene-kjo-eshte-hajgare-une-sjam-fetar-fare\/#breadcrumb","itemListElement":[{"@type":"ListItem","position":1,"name":"Ballina","item":"https:\/\/permbledhja.com\/sq\/"},{"@type":"ListItem","position":2,"name":"Geci mohon se e nd\u00ebrroi emrin dhe fen\u00eb: Kjo \u00ebsht\u00eb hajgare, un\u00eb s\u2019jam fetar fare"}]},{"@type":"WebSite","@id":"https:\/\/permbledhja.com\/#website","url":"https:\/\/permbledhja.com\/","name":"Ve\u00e7 artikuj p\u00ebrmbledh\u00ebs","description":"","publisher":{"@id":"https:\/\/permbledhja.com\/#organization"},"potentialAction":[{"@type":"SearchAction","target":{"@type":"EntryPoint","urlTemplate":"https:\/\/permbledhja.com\/?s={search_term_string}"},"query-input":"required name=search_term_string"}],"inLanguage":"sq"},{"@type":"Organization","@id":"https:\/\/permbledhja.com\/#organization","name":"MK Media & Pr","url":"https:\/\/permbledhja.com\/","logo":{"@type":"ImageObject","inLanguage":"sq","@id":"https:\/\/permbledhja.com\/#\/schema\/logo\/image\/","url":"https:\/\/permbledhja.com\/wp-content\/uploads\/2021\/12\/07-Press-Logo.jpg","contentUrl":"https:\/\/permbledhja.com\/wp-content\/uploads\/2021\/12\/07-Press-Logo.jpg","width":512,"height":512,"caption":"MK Media & Pr"},"image":{"@id":"https:\/\/permbledhja.com\/#\/schema\/logo\/image\/"},"sameAs":["https:\/\/www.facebook.com\/press07\/"]},{"@type":"Person","@id":"https:\/\/permbledhja.com\/#\/schema\/person\/d23f13f59b5722643933d6780783acf3","name":"M M","image":{"@type":"ImageObject","inLanguage":"sq","@id":"https:\/\/permbledhja.com\/#\/schema\/person\/image\/","url":"https:\/\/secure.gravatar.com\/avatar\/e2835a76ca7c31a2416b2d51c4ec9a8f?s=96&d=mm&r=g","contentUrl":"https:\/\/secure.gravatar.com\/avatar\/e2835a76ca7c31a2416b2d51c4ec9a8f?s=96&d=mm&r=g","caption":"M M"},"sameAs":["http:\/\/MM"],"url":"https:\/\/permbledhja.com\/sq\/author\/muhamet\/"}]}},"_links":{"self":[{"href":"https:\/\/permbledhja.com\/sq\/wp-json\/wp\/v2\/posts\/37894"}],"collection":[{"href":"https:\/\/permbledhja.com\/sq\/wp-json\/wp\/v2\/posts"}],"about":[{"href":"https:\/\/permbledhja.com\/sq\/wp-json\/wp\/v2\/types\/post"}],"author":[{"embeddable":true,"href":"https:\/\/permbledhja.com\/sq\/wp-json\/wp\/v2\/users\/2"}],"replies":[{"embeddable":true,"href":"https:\/\/permbledhja.com\/sq\/wp-json\/wp\/v2\/comments?post=37894"}],"version-history":[{"count":1,"href":"https:\/\/permbledhja.com\/sq\/wp-json\/wp\/v2\/posts\/37894\/revisions"}],"predecessor-version":[{"id":37896,"href":"https:\/\/permbledhja.com\/sq\/wp-json\/wp\/v2\/posts\/37894\/revisions\/37896"}],"wp:featuredmedia":[{"embeddable":true,"href":"https:\/\/permbledhja.com\/sq\/wp-json\/wp\/v2\/media\/37895"}],"wp:attachment":[{"href":"https:\/\/permbledhja.com\/sq\/wp-json\/wp\/v2\/media?parent=37894"}],"wp:term":[{"taxonomy":"category","embeddable":true,"href":"https:\/\/permbledhja.com\/sq\/wp-json\/wp\/v2\/categories?post=37894"},{"taxonomy":"post_tag","embeddable":true,"href":"https:\/\/permbledhja.com\/sq\/wp-json\/wp\/v2\/tags?post=37894"}],"curies":[{"name":"wp","href":"https:\/\/api.w.org\/{rel}","templated":true}]}}