{"id":37885,"date":"2023-11-29T10:47:17","date_gmt":"2023-11-29T10:47:17","guid":{"rendered":"https:\/\/permbledhja.com\/?p=37885"},"modified":"2023-11-29T10:47:17","modified_gmt":"2023-11-29T10:47:17","slug":"shtyhet-gjykimi-ndaj-sami-lushtakut-dhe-te-tjereve-te-akuzuar-per-krim-te-organizuar-dhe-vepra-tjera","status":"publish","type":"post","link":"https:\/\/permbledhja.com\/sq\/shtyhet-gjykimi-ndaj-sami-lushtakut-dhe-te-tjereve-te-akuzuar-per-krim-te-organizuar-dhe-vepra-tjera\/","title":{"rendered":"Shtyhet gjykimi ndaj Sami Lushtakut dhe t\u00eb tjer\u00ebve t\u00eb akuzuar p\u00ebr krim t\u00eb organizuar dhe vepra tjera"},"content":{"rendered":"<h3>N\u00eb Gjykat\u00ebn Themelore n\u00eb Prishtin\u00eb, me k\u00ebrkes\u00eb t\u00eb prokurores s\u00eb rastit Florije Shamolli, \u00ebsht\u00eb shtyr\u00eb gjykim ndaj Sami Lushtakut dhe shtat\u00eb t\u00eb tjer\u00ebve, t\u00eb akuzuar p\u00ebr krim t\u00eb organizuar dhe vepra tjera penale.<\/h3>\n<p>N\u00eb k\u00ebt\u00eb rast, Sami Lushtaku, Sheremet Jashari, Rrustem Rukolli, Rexhep Xhota, Skender Tahiri, Fatmir Mjaku, Ismet Haxha e Bajram Dibrani, po akuzohen p\u00ebr krim t\u00eb organizuar dhe pengim t\u00eb d\u00ebshmis\u00eb apo procedur\u00ebs zyrtare, si dhe frik\u00ebsimin gjat\u00eb procedur\u00ebs penale, raporton \u201cBetimi p\u00ebr Drejt\u00ebsi\u201d.<\/p>\n<p>Kryetari i trupit gjykues, gjykat\u00ebsi Valon Kurtaj njoftoi se prokurorja Shamolli, p\u00ebrmes e-mailit t\u00eb 24 n\u00ebntorit 2023 ka b\u00ebr\u00eb k\u00ebrkes\u00eb p\u00ebr shtyrje t\u00eb seanc\u00ebs, me arsyetimin se nuk ka arritur t\u00eb p\u00ebrmbush\u00eb obligimin e caktuar nga ana e gjykat\u00ebs n\u00eb seanc\u00ebn e kaluar lidhur me sigurimin e urdhrit p\u00ebr anonimitet p\u00ebr d\u00ebshmitarin \u201cC\u201d dhe t\u00eb tjer\u00ebt.<\/p>\n<p>Gjithashtu, gjykat\u00ebsi Kurtaj njoftoi se do t\u00eb komunikoj\u00eb me prokuroren Shamolli p\u00ebr caktimin e nj\u00eb afati t\u00eb arsyesh\u00ebm p\u00ebr p\u00ebrmbushjen e obligimeve q\u00eb gjykata i ka dh\u00ebne Prokuroris\u00eb lidhur me k\u00ebt\u00eb rast nga seanca e kaluar.<\/p>\n<div>\n<div id=\"div-gpt-ad-1634289484286-0\" data-google-query-id=\"CKaOoOmD6YIDFQJUHQkd8zoLyg\">\n<p>Edhe seanca e dat\u00ebs 30 n\u00ebntor 2023 \u00ebsht\u00eb anuluar po ashtu p\u00ebr t\u00eb nj\u00ebjt\u00ebn arsye.<\/p>\n<p>N\u00eb seanc\u00eb ishin t\u00eb pranish\u00ebm t\u00eb akuzuarit Sami Lushtaku, Ismet Haxha, Bajram Dibrani, kurse munguan Rrustem Rukolli, Rexhep Gjota, Fatmir Mjaku, Skender Tahiri dhe Sheremet Jashari, ku p\u00ebr k\u00ebt\u00eb t\u00eb fundit gjykat\u00ebsi tha se nuk kan\u00eb njoftuar Policin\u00eb p\u00ebr ta sjell\u00eb n\u00eb gjykim.<\/p>\n<p>P\u00ebr t\u00eb akuzuarit Rrustem Rrukolli, Fatmir Mjaku, Rexhep Xhota, Skender Tahiri, Sheremet Jashari dhe Bajram Dibrani p\u00ebr pikat 16, 17 dhe 18 t\u00eb aktakuz\u00ebs, t\u00eb cilat kan\u00eb t\u00eb b\u00ebjn\u00eb me pengimin e d\u00ebshmitar\u00ebve ishte ve\u00e7uar procedura.<\/p>\n<p>P\u00ebr k\u00ebt\u00eb pjes\u00eb, bashk\u00eb me gjasht\u00eb t\u00eb akuzuarit do t\u00eb gjykohen edhe Sami Lushtaku dhe Ismet Haxha, t\u00eb cil\u00ebt gjithashtu do t\u00eb gjykohen edhe p\u00ebr pjes\u00ebn tjet\u00ebr t\u00eb aktakuz\u00ebs, q\u00eb ka t\u00eb b\u00ebj\u00eb me arratisjen nga QKUK-ja.<\/p>\n<p>P\u00ebr pikat 16, 17 dhe 18 t\u00eb aktakuz\u00ebs, Sami Lushtaku, Ismet Haxha, Rrustem Rrukolli, Fatmir Mjaku, Rexhep Xhota, Skender Tahiri, Sheremet Jashari dhe Bajram Dibrani, ngarkohen me veprat penale \u201cPengimi i d\u00ebshmis\u00eb apo procedur\u00ebs zyrtare\u201d, \u201cFrik\u00ebsimi gjat\u00eb procedur\u00ebs penale\u201d dhe \u201cPjes\u00ebmarrja n\u00eb grup t\u00eb organizuar kriminal\u201d.<\/p>\n<p>N\u00eb k\u00ebt\u00eb rast s\u00eb bashku me t\u00eb nj\u00ebjtit ishin akuzuar edhe Emrush Thaqi, Shemsi Hajrizi, Sami Lushtaku, Sahit Jashari, Ismet Haxha, Mergim Lushtaku, Dardan Geci, Bashkim Dervisholli, Valon Behramaj, Argjent Behramaj, Yll Blakaj, Gzim Ahmeti, Xhevdet Zena, Mervete Hasani Lushtaku, Agim Ukaj, Ismail Dibrani, Sami Gjoka, Nexhib Shatri.<\/p>\n<p>Gjykata Themelore n\u00eb Prishtin\u00eb, m\u00eb 5 prill 2018, kishte refuzuar k\u00ebrkesat e mbrojtjes p\u00ebr hudhjen e aktakuz\u00ebs dhe kund\u00ebrshtimin e provave, me arsyetimin se kishte v\u00ebrtetuar se nuk ka parashkrim t\u00eb vepr\u00ebs penale dhe se mbrojtja nuk ka paraqitur prova t\u00eb mjaftueshme p\u00ebr t\u2019i aprovuar ato.<\/p>\n<p>Nd\u00ebrsa, Gjykata e Apelit, n\u00eb korrik 2018, kishte refuzuar si t\u00eb pabazuara ankesat e mbrojtjes p\u00ebr hudhje t\u00eb aktakuz\u00ebs dhe kund\u00ebrshtim t\u00eb provave dhe kishte l\u00ebn\u00eb n\u00eb fuqi aktvendimin e Gjykat\u00ebs Themelore n\u00eb Prishtin\u00eb.<\/p>\n<p>Sipas k\u00ebsaj gjykate, gjykata e shkall\u00ebs s\u00eb par\u00eb kishte vepruar drejt kur i kishte refuzuar k\u00ebto k\u00ebrkesa, pasi nuk ishin paraqitur asnj\u00ebra nga rrethanat e parapara n\u00eb nenin 250 par.1 n\u00ebnpar.1.1, 1.2, 1.3 dhe 1.4 t\u00eb Kodit t\u00eb Procedur\u00ebs Penale t\u00eb Republik\u00ebs s\u00eb Kosov\u00ebs.<\/p>\n<p>Po ashtu, n\u00eb k\u00ebt\u00eb seanc\u00eb trupi gjykues i udh\u00ebhequr nga gjykat\u00ebsi Shashivar Hoti kishin aprovuar marr\u00ebveshjen e t\u00eb akuzuar\u00ebs Mirvete Hasani-Lushtaku me Prokurorin\u00eb p\u00ebr pranimin e faj\u00ebsis\u00eb ku e nj\u00ebjta ishte d\u00ebnuar me 3500 euro gjob\u00eb p\u00ebr vepr\u00ebn penale \u201cLeht\u00ebsim t\u00eb arratisjes s\u00eb personit t\u00eb privuar nga liria.<\/p>\n<p>Gjykata Themelore n\u00eb Prishtin\u00eb, m\u00eb 14 prill 2020 kishte shpallur aktgjykimin n\u00eb rastin e arratisjes s\u00eb ish-kryetarit t\u00eb Komun\u00ebs s\u00eb Skenderajt, Sami Lushtakut dhe t\u00eb tjer\u00ebve nga Qendra Klinike dhe Universitare e Kosov\u00ebs (QKUK), e cila kishte ndodhur n\u00eb vitin 2014, derisa Lushtaku po merrte trajtim sh\u00ebndet\u00ebsor, n\u00eb koh\u00ebn kur ndodhej n\u00eb paraburgim n\u00eb rastin \u201cDrenica\u201d.<\/p>\n<p>P\u00ebr k\u00ebt\u00eb arratisje nga QKUK, gjykata e kishte liruar nga akuza Lushtakun, por e kishte d\u00ebnuar me 12 mij\u00eb euro gjob\u00eb p\u00ebr dy arratisje t\u00eb tjera q\u00eb kishin ndodhur m\u00eb 21 gusht 2015 dhe m\u00eb 22 shtator 2015.<\/p>\n<p>P\u00ebrve\u00e7 Lushtakut, me nga 1 mij\u00eb euro gjob\u00eb ishin d\u00ebnuar edhe gardian\u00ebt t\u00eb cil\u00ebt kishin qen\u00eb n\u00eb p\u00ebrcjellje t\u00eb Lushtakut, Ylber Blakaj, G\u00ebzim Ahmeti dhe Xhevdet Zena.<\/p>\n<p>Nd\u00ebrsa t\u00eb gjith\u00eb t\u00eb akuzuarit tjer\u00eb, p\u00ebrfshir\u00eb edhe djalin e Lushtakut, M\u00ebrgim Lushtakun si dhe Emrush Thaqi, Shemsi Hajrizi, Sami Gjoka, Nexhip Shatri, Ismajl Dibrani, Agim Ukaj, Ismet Haxha, Dardan Geci, Bashkim Dervisholli, Valon Behramaj dhe Argjent Behramaj, ishin liruar nga akuza.<\/p>\n<p>Por, aktgjykimi ndaj t\u00eb akuzuarit Thaqi dhe Shatri \u00ebsht\u00eb anuluar nga Gjykata e Apelit. Tutje, Emrush Thaqi dhe Nexhib Shatri ishin liruar n\u00eb rigjykim nga akuza me aktgjykim t\u00eb shpallur nga gjykat\u00ebsi Agim Ku\u00e7i.<\/p>\n<p>Prokurori i EULEX-it, Romelu Matues, kishte ngritur aktakuz\u00eb ndaj Sami Lushtakut dhe t\u00eb tjer\u00ebve m\u00eb 17 n\u00ebntor 2016, t\u00eb cil\u00ebt i ngarkon me disa vepra penale e q\u00eb lidhen me arratisjen e Lushtakut dhe t\u00eb tjer\u00ebve nga QKUK, t\u00eb cil\u00ebt ishin d\u00ebnuar n\u00eb rastin e njohur si \u201cGrupi i Drenic\u00ebs\u201d, dhe q\u00eb n\u00eb k\u00ebt\u00eb qend\u00ebr kishin shkuar p\u00ebr t\u00eb marr\u00eb sh\u00ebrbime mjek\u00ebsore, p\u00ebr shkak t\u00eb problemeve sh\u00ebndet\u00ebsore.<\/p>\n<p>Ish-kryetari i Skenderajt, Sami Lushtaku, akuzohet p\u00ebr disa vepra penale \u201cArratisje e personit t\u00eb privuar nga liria\u201d, \u201cPengim t\u00eb d\u00ebshmis\u00eb apo procedur\u00ebs zyrtare si dhe frik\u00ebsim gjat\u00eb procedur\u00ebs zyrtare\u201d si dhe p\u00ebr \u201cPjes\u00ebmarrje n\u00eb grup t\u00eb organizuar kriminal\u201d. P\u00ebr arratisjen nga QKUK, akuzohen edhe Sahit Jashari e Ismet Haxha.<\/p>\n<p>P\u00ebr vepr\u00ebn penale t\u00eb pjes\u00ebmarrjes n\u00eb grup t\u00eb organizuar kriminal, akuzohen edhe Ismet Haxha, Rrustem Rrukolli, Rexhep Xhota, Fatmir Mjakum Skender Tahiri, Sheremet Jashari dhe Bajram Dibrani.<\/p>\n<p>M\u00ebrgim Lushtaku, Dardan Geci dhe Mervete Hasani-Lushtaku, akuzoheshin p\u00ebr leht\u00ebsim t\u00eb arratisjes s\u00eb personave t\u00eb privuar nga liria. Bashkim Dervisholli, Valon Behramaj, Argjent Behramaj, akuzoheshin p\u00ebr vepr\u00ebn penale t\u00eb ofrimit t\u00eb ndihm\u00ebs kryesve pas kryerjes s\u00eb vepr\u00ebs penale si dhe lirim i jasht\u00ebligjsh\u00ebm t\u00eb personave t\u00eb privuar nga liria.<\/p>\n<p>Rrustem Rrukolli, Rexhep Xhota, Fatmir Mjaku, akuzoheshin p\u00ebr vepr\u00ebn penale pengimi i d\u00ebshmis\u00eb apo procedur\u00ebs zyrtare si dhe frik\u00ebsimin gjat\u00eb procedur\u00ebs penale n\u00eb bashk\u00ebkryerje.<\/p>\n<p>Emrush Thaqi, Shemsi Hajrizi, Sami Gjoka dhe Nexhib Shatri, Ismajl Dibrani, Agim Ukaj akuzohen p\u00ebr keqp\u00ebrdorim t\u00eb pozit\u00ebs apo autoritetit zyrtar. Gjoka e Shatri, gjithashtu akuzoheshin edhe p\u00ebr falsifikim t\u00eb dokumenteve dhe leht\u00ebsim i arratisjes p\u00ebr personat e privuar nga liria. Kurse, Ylber Blakaj, Gzim Ahmeti dhe Xhevdet Zena, akuzoheshin p\u00ebr lirim t\u00eb jasht\u00ebligjsh\u00ebm t\u00eb personave t\u00eb privuar nga liria.<\/p>\n<\/div>\n<\/div>\n","protected":false},"excerpt":{"rendered":"<p>N\u00eb Gjykat\u00ebn Themelore n\u00eb Prishtin\u00eb, me k\u00ebrkes\u00eb t\u00eb prokurores s\u00eb rastit Florije Shamolli, \u00ebsht\u00eb shtyr\u00eb gjykim ndaj Sami Lushtakut dhe shtat\u00eb t\u00eb tjer\u00ebve, t\u00eb akuzuar p\u00ebr krim t\u00eb organizuar dhe vepra tjera penale. N\u00eb k\u00ebt\u00eb rast, Sami Lushtaku, Sheremet Jashari, Rrustem Rukolli, Rexhep Xhota, Skender Tahiri, Fatmir Mjaku, Ismet Haxha e Bajram Dibrani, po akuzohen [&hellip;]<\/p>\n","protected":false},"author":2,"featured_media":37886,"comment_status":"closed","ping_status":"closed","sticky":false,"template":"","format":"standard","meta":{"_monsterinsights_skip_tracking":false,"_monsterinsights_sitenote_active":false,"_monsterinsights_sitenote_note":"","_monsterinsights_sitenote_category":0,"_uf_show_specific_survey":0,"_uf_disable_surveys":false,"footnotes":""},"categories":[2645],"tags":[1320],"yoast_head":"<!-- This site is optimized with the Yoast SEO plugin v21.5 - https:\/\/yoast.com\/wordpress\/plugins\/seo\/ -->\n<title>Shtyhet gjykimi ndaj Sami Lushtakut dhe t\u00eb tjer\u00ebve t\u00eb akuzuar p\u00ebr krim t\u00eb organizuar dhe vepra tjera<\/title>\n<meta name=\"robots\" content=\"index, follow, max-snippet:-1, max-image-preview:large, max-video-preview:-1\" \/>\n<link rel=\"canonical\" href=\"https:\/\/permbledhja.com\/sq\/shtyhet-gjykimi-ndaj-sami-lushtakut-dhe-te-tjereve-te-akuzuar-per-krim-te-organizuar-dhe-vepra-tjera\/\" \/>\n<meta property=\"og:locale\" content=\"sq_AL\" \/>\n<meta property=\"og:type\" content=\"article\" \/>\n<meta property=\"og:title\" content=\"Shtyhet gjykimi ndaj Sami Lushtakut dhe t\u00eb tjer\u00ebve t\u00eb akuzuar p\u00ebr krim t\u00eb organizuar dhe vepra tjera\" \/>\n<meta property=\"og:description\" content=\"N\u00eb Gjykat\u00ebn Themelore n\u00eb Prishtin\u00eb, me k\u00ebrkes\u00eb t\u00eb prokurores s\u00eb rastit Florije Shamolli, \u00ebsht\u00eb shtyr\u00eb gjykim ndaj Sami Lushtakut dhe shtat\u00eb t\u00eb tjer\u00ebve, t\u00eb akuzuar p\u00ebr krim t\u00eb organizuar dhe vepra tjera penale. N\u00eb k\u00ebt\u00eb rast, Sami Lushtaku, Sheremet Jashari, Rrustem Rukolli, Rexhep Xhota, Skender Tahiri, Fatmir Mjaku, Ismet Haxha e Bajram Dibrani, po akuzohen [&hellip;]\" \/>\n<meta property=\"og:url\" content=\"https:\/\/permbledhja.com\/sq\/shtyhet-gjykimi-ndaj-sami-lushtakut-dhe-te-tjereve-te-akuzuar-per-krim-te-organizuar-dhe-vepra-tjera\/\" \/>\n<meta property=\"og:site_name\" content=\"Ve\u00e7 artikuj p\u00ebrmbledh\u00ebs\" \/>\n<meta property=\"article:publisher\" content=\"https:\/\/www.facebook.com\/press07\/\" \/>\n<meta property=\"article:published_time\" content=\"2023-11-29T10:47:17+00:00\" \/>\n<meta property=\"og:image\" content=\"https:\/\/permbledhja.com\/wp-content\/uploads\/2023\/11\/sami-lushtaku-600x360-1.jpg\" \/>\n\t<meta property=\"og:image:width\" content=\"600\" \/>\n\t<meta property=\"og:image:height\" content=\"360\" \/>\n\t<meta property=\"og:image:type\" content=\"image\/jpeg\" \/>\n<meta name=\"author\" content=\"M M\" \/>\n<meta name=\"twitter:card\" content=\"summary_large_image\" \/>\n<meta name=\"twitter:label1\" content=\"Written by\" \/>\n\t<meta name=\"twitter:data1\" content=\"M M\" \/>\n\t<meta name=\"twitter:label2\" content=\"Est. reading time\" \/>\n\t<meta name=\"twitter:data2\" content=\"6 minuta\" \/>\n<script type=\"application\/ld+json\" class=\"yoast-schema-graph\">{\"@context\":\"https:\/\/schema.org\",\"@graph\":[{\"@type\":\"Article\",\"@id\":\"https:\/\/permbledhja.com\/shtyhet-gjykimi-ndaj-sami-lushtakut-dhe-te-tjereve-te-akuzuar-per-krim-te-organizuar-dhe-vepra-tjera\/#article\",\"isPartOf\":{\"@id\":\"https:\/\/permbledhja.com\/shtyhet-gjykimi-ndaj-sami-lushtakut-dhe-te-tjereve-te-akuzuar-per-krim-te-organizuar-dhe-vepra-tjera\/\"},\"author\":{\"name\":\"M M\",\"@id\":\"https:\/\/permbledhja.com\/#\/schema\/person\/d23f13f59b5722643933d6780783acf3\"},\"headline\":\"Shtyhet gjykimi ndaj Sami Lushtakut dhe t\u00eb tjer\u00ebve t\u00eb akuzuar p\u00ebr krim t\u00eb organizuar dhe vepra tjera\",\"datePublished\":\"2023-11-29T10:47:17+00:00\",\"dateModified\":\"2023-11-29T10:47:17+00:00\",\"mainEntityOfPage\":{\"@id\":\"https:\/\/permbledhja.com\/shtyhet-gjykimi-ndaj-sami-lushtakut-dhe-te-tjereve-te-akuzuar-per-krim-te-organizuar-dhe-vepra-tjera\/\"},\"wordCount\":1202,\"publisher\":{\"@id\":\"https:\/\/permbledhja.com\/#organization\"},\"keywords\":[\"Sami Lushtaku\"],\"articleSection\":[\"T\u00eb r\u00ebnd\u00ebsishme\"],\"inLanguage\":\"sq\"},{\"@type\":\"WebPage\",\"@id\":\"https:\/\/permbledhja.com\/shtyhet-gjykimi-ndaj-sami-lushtakut-dhe-te-tjereve-te-akuzuar-per-krim-te-organizuar-dhe-vepra-tjera\/\",\"url\":\"https:\/\/permbledhja.com\/shtyhet-gjykimi-ndaj-sami-lushtakut-dhe-te-tjereve-te-akuzuar-per-krim-te-organizuar-dhe-vepra-tjera\/\",\"name\":\"Shtyhet gjykimi ndaj Sami Lushtakut dhe t\u00eb tjer\u00ebve t\u00eb akuzuar p\u00ebr krim t\u00eb organizuar dhe vepra tjera\",\"isPartOf\":{\"@id\":\"https:\/\/permbledhja.com\/#website\"},\"datePublished\":\"2023-11-29T10:47:17+00:00\",\"dateModified\":\"2023-11-29T10:47:17+00:00\",\"breadcrumb\":{\"@id\":\"https:\/\/permbledhja.com\/shtyhet-gjykimi-ndaj-sami-lushtakut-dhe-te-tjereve-te-akuzuar-per-krim-te-organizuar-dhe-vepra-tjera\/#breadcrumb\"},\"inLanguage\":\"sq\",\"potentialAction\":[{\"@type\":\"ReadAction\",\"target\":[\"https:\/\/permbledhja.com\/shtyhet-gjykimi-ndaj-sami-lushtakut-dhe-te-tjereve-te-akuzuar-per-krim-te-organizuar-dhe-vepra-tjera\/\"]}]},{\"@type\":\"BreadcrumbList\",\"@id\":\"https:\/\/permbledhja.com\/shtyhet-gjykimi-ndaj-sami-lushtakut-dhe-te-tjereve-te-akuzuar-per-krim-te-organizuar-dhe-vepra-tjera\/#breadcrumb\",\"itemListElement\":[{\"@type\":\"ListItem\",\"position\":1,\"name\":\"Ballina\",\"item\":\"https:\/\/permbledhja.com\/sq\/\"},{\"@type\":\"ListItem\",\"position\":2,\"name\":\"Shtyhet gjykimi ndaj Sami Lushtakut dhe t\u00eb tjer\u00ebve t\u00eb akuzuar p\u00ebr krim t\u00eb organizuar dhe vepra tjera\"}]},{\"@type\":\"WebSite\",\"@id\":\"https:\/\/permbledhja.com\/#website\",\"url\":\"https:\/\/permbledhja.com\/\",\"name\":\"Ve\u00e7 artikuj p\u00ebrmbledh\u00ebs\",\"description\":\"\",\"publisher\":{\"@id\":\"https:\/\/permbledhja.com\/#organization\"},\"potentialAction\":[{\"@type\":\"SearchAction\",\"target\":{\"@type\":\"EntryPoint\",\"urlTemplate\":\"https:\/\/permbledhja.com\/?s={search_term_string}\"},\"query-input\":\"required name=search_term_string\"}],\"inLanguage\":\"sq\"},{\"@type\":\"Organization\",\"@id\":\"https:\/\/permbledhja.com\/#organization\",\"name\":\"MK Media & Pr\",\"url\":\"https:\/\/permbledhja.com\/\",\"logo\":{\"@type\":\"ImageObject\",\"inLanguage\":\"sq\",\"@id\":\"https:\/\/permbledhja.com\/#\/schema\/logo\/image\/\",\"url\":\"https:\/\/permbledhja.com\/wp-content\/uploads\/2021\/12\/07-Press-Logo.jpg\",\"contentUrl\":\"https:\/\/permbledhja.com\/wp-content\/uploads\/2021\/12\/07-Press-Logo.jpg\",\"width\":512,\"height\":512,\"caption\":\"MK Media & Pr\"},\"image\":{\"@id\":\"https:\/\/permbledhja.com\/#\/schema\/logo\/image\/\"},\"sameAs\":[\"https:\/\/www.facebook.com\/press07\/\"]},{\"@type\":\"Person\",\"@id\":\"https:\/\/permbledhja.com\/#\/schema\/person\/d23f13f59b5722643933d6780783acf3\",\"name\":\"M M\",\"image\":{\"@type\":\"ImageObject\",\"inLanguage\":\"sq\",\"@id\":\"https:\/\/permbledhja.com\/#\/schema\/person\/image\/\",\"url\":\"https:\/\/secure.gravatar.com\/avatar\/e2835a76ca7c31a2416b2d51c4ec9a8f?s=96&d=mm&r=g\",\"contentUrl\":\"https:\/\/secure.gravatar.com\/avatar\/e2835a76ca7c31a2416b2d51c4ec9a8f?s=96&d=mm&r=g\",\"caption\":\"M M\"},\"sameAs\":[\"http:\/\/MM\"],\"url\":\"https:\/\/permbledhja.com\/sq\/author\/muhamet\/\"}]}<\/script>\n<!-- \/ Yoast SEO plugin. -->","yoast_head_json":{"title":"Shtyhet gjykimi ndaj Sami Lushtakut dhe t\u00eb tjer\u00ebve t\u00eb akuzuar p\u00ebr krim t\u00eb organizuar dhe vepra tjera","robots":{"index":"index","follow":"follow","max-snippet":"max-snippet:-1","max-image-preview":"max-image-preview:large","max-video-preview":"max-video-preview:-1"},"canonical":"https:\/\/permbledhja.com\/sq\/shtyhet-gjykimi-ndaj-sami-lushtakut-dhe-te-tjereve-te-akuzuar-per-krim-te-organizuar-dhe-vepra-tjera\/","og_locale":"sq_AL","og_type":"article","og_title":"Shtyhet gjykimi ndaj Sami Lushtakut dhe t\u00eb tjer\u00ebve t\u00eb akuzuar p\u00ebr krim t\u00eb organizuar dhe vepra tjera","og_description":"N\u00eb Gjykat\u00ebn Themelore n\u00eb Prishtin\u00eb, me k\u00ebrkes\u00eb t\u00eb prokurores s\u00eb rastit Florije Shamolli, \u00ebsht\u00eb shtyr\u00eb gjykim ndaj Sami Lushtakut dhe shtat\u00eb t\u00eb tjer\u00ebve, t\u00eb akuzuar p\u00ebr krim t\u00eb organizuar dhe vepra tjera penale. N\u00eb k\u00ebt\u00eb rast, Sami Lushtaku, Sheremet Jashari, Rrustem Rukolli, Rexhep Xhota, Skender Tahiri, Fatmir Mjaku, Ismet Haxha e Bajram Dibrani, po akuzohen [&hellip;]","og_url":"https:\/\/permbledhja.com\/sq\/shtyhet-gjykimi-ndaj-sami-lushtakut-dhe-te-tjereve-te-akuzuar-per-krim-te-organizuar-dhe-vepra-tjera\/","og_site_name":"Ve\u00e7 artikuj p\u00ebrmbledh\u00ebs","article_publisher":"https:\/\/www.facebook.com\/press07\/","article_published_time":"2023-11-29T10:47:17+00:00","og_image":[{"width":600,"height":360,"url":"https:\/\/permbledhja.com\/wp-content\/uploads\/2023\/11\/sami-lushtaku-600x360-1.jpg","type":"image\/jpeg"}],"author":"M M","twitter_card":"summary_large_image","twitter_misc":{"Written by":"M M","Est. reading time":"6 minuta"},"schema":{"@context":"https:\/\/schema.org","@graph":[{"@type":"Article","@id":"https:\/\/permbledhja.com\/shtyhet-gjykimi-ndaj-sami-lushtakut-dhe-te-tjereve-te-akuzuar-per-krim-te-organizuar-dhe-vepra-tjera\/#article","isPartOf":{"@id":"https:\/\/permbledhja.com\/shtyhet-gjykimi-ndaj-sami-lushtakut-dhe-te-tjereve-te-akuzuar-per-krim-te-organizuar-dhe-vepra-tjera\/"},"author":{"name":"M M","@id":"https:\/\/permbledhja.com\/#\/schema\/person\/d23f13f59b5722643933d6780783acf3"},"headline":"Shtyhet gjykimi ndaj Sami Lushtakut dhe t\u00eb tjer\u00ebve t\u00eb akuzuar p\u00ebr krim t\u00eb organizuar dhe vepra tjera","datePublished":"2023-11-29T10:47:17+00:00","dateModified":"2023-11-29T10:47:17+00:00","mainEntityOfPage":{"@id":"https:\/\/permbledhja.com\/shtyhet-gjykimi-ndaj-sami-lushtakut-dhe-te-tjereve-te-akuzuar-per-krim-te-organizuar-dhe-vepra-tjera\/"},"wordCount":1202,"publisher":{"@id":"https:\/\/permbledhja.com\/#organization"},"keywords":["Sami Lushtaku"],"articleSection":["T\u00eb r\u00ebnd\u00ebsishme"],"inLanguage":"sq"},{"@type":"WebPage","@id":"https:\/\/permbledhja.com\/shtyhet-gjykimi-ndaj-sami-lushtakut-dhe-te-tjereve-te-akuzuar-per-krim-te-organizuar-dhe-vepra-tjera\/","url":"https:\/\/permbledhja.com\/shtyhet-gjykimi-ndaj-sami-lushtakut-dhe-te-tjereve-te-akuzuar-per-krim-te-organizuar-dhe-vepra-tjera\/","name":"Shtyhet gjykimi ndaj Sami Lushtakut dhe t\u00eb tjer\u00ebve t\u00eb akuzuar p\u00ebr krim t\u00eb organizuar dhe vepra tjera","isPartOf":{"@id":"https:\/\/permbledhja.com\/#website"},"datePublished":"2023-11-29T10:47:17+00:00","dateModified":"2023-11-29T10:47:17+00:00","breadcrumb":{"@id":"https:\/\/permbledhja.com\/shtyhet-gjykimi-ndaj-sami-lushtakut-dhe-te-tjereve-te-akuzuar-per-krim-te-organizuar-dhe-vepra-tjera\/#breadcrumb"},"inLanguage":"sq","potentialAction":[{"@type":"ReadAction","target":["https:\/\/permbledhja.com\/shtyhet-gjykimi-ndaj-sami-lushtakut-dhe-te-tjereve-te-akuzuar-per-krim-te-organizuar-dhe-vepra-tjera\/"]}]},{"@type":"BreadcrumbList","@id":"https:\/\/permbledhja.com\/shtyhet-gjykimi-ndaj-sami-lushtakut-dhe-te-tjereve-te-akuzuar-per-krim-te-organizuar-dhe-vepra-tjera\/#breadcrumb","itemListElement":[{"@type":"ListItem","position":1,"name":"Ballina","item":"https:\/\/permbledhja.com\/sq\/"},{"@type":"ListItem","position":2,"name":"Shtyhet gjykimi ndaj Sami Lushtakut dhe t\u00eb tjer\u00ebve t\u00eb akuzuar p\u00ebr krim t\u00eb organizuar dhe vepra tjera"}]},{"@type":"WebSite","@id":"https:\/\/permbledhja.com\/#website","url":"https:\/\/permbledhja.com\/","name":"Ve\u00e7 artikuj p\u00ebrmbledh\u00ebs","description":"","publisher":{"@id":"https:\/\/permbledhja.com\/#organization"},"potentialAction":[{"@type":"SearchAction","target":{"@type":"EntryPoint","urlTemplate":"https:\/\/permbledhja.com\/?s={search_term_string}"},"query-input":"required name=search_term_string"}],"inLanguage":"sq"},{"@type":"Organization","@id":"https:\/\/permbledhja.com\/#organization","name":"MK Media & Pr","url":"https:\/\/permbledhja.com\/","logo":{"@type":"ImageObject","inLanguage":"sq","@id":"https:\/\/permbledhja.com\/#\/schema\/logo\/image\/","url":"https:\/\/permbledhja.com\/wp-content\/uploads\/2021\/12\/07-Press-Logo.jpg","contentUrl":"https:\/\/permbledhja.com\/wp-content\/uploads\/2021\/12\/07-Press-Logo.jpg","width":512,"height":512,"caption":"MK Media & Pr"},"image":{"@id":"https:\/\/permbledhja.com\/#\/schema\/logo\/image\/"},"sameAs":["https:\/\/www.facebook.com\/press07\/"]},{"@type":"Person","@id":"https:\/\/permbledhja.com\/#\/schema\/person\/d23f13f59b5722643933d6780783acf3","name":"M M","image":{"@type":"ImageObject","inLanguage":"sq","@id":"https:\/\/permbledhja.com\/#\/schema\/person\/image\/","url":"https:\/\/secure.gravatar.com\/avatar\/e2835a76ca7c31a2416b2d51c4ec9a8f?s=96&d=mm&r=g","contentUrl":"https:\/\/secure.gravatar.com\/avatar\/e2835a76ca7c31a2416b2d51c4ec9a8f?s=96&d=mm&r=g","caption":"M M"},"sameAs":["http:\/\/MM"],"url":"https:\/\/permbledhja.com\/sq\/author\/muhamet\/"}]}},"_links":{"self":[{"href":"https:\/\/permbledhja.com\/sq\/wp-json\/wp\/v2\/posts\/37885"}],"collection":[{"href":"https:\/\/permbledhja.com\/sq\/wp-json\/wp\/v2\/posts"}],"about":[{"href":"https:\/\/permbledhja.com\/sq\/wp-json\/wp\/v2\/types\/post"}],"author":[{"embeddable":true,"href":"https:\/\/permbledhja.com\/sq\/wp-json\/wp\/v2\/users\/2"}],"replies":[{"embeddable":true,"href":"https:\/\/permbledhja.com\/sq\/wp-json\/wp\/v2\/comments?post=37885"}],"version-history":[{"count":1,"href":"https:\/\/permbledhja.com\/sq\/wp-json\/wp\/v2\/posts\/37885\/revisions"}],"predecessor-version":[{"id":37887,"href":"https:\/\/permbledhja.com\/sq\/wp-json\/wp\/v2\/posts\/37885\/revisions\/37887"}],"wp:featuredmedia":[{"embeddable":true,"href":"https:\/\/permbledhja.com\/sq\/wp-json\/wp\/v2\/media\/37886"}],"wp:attachment":[{"href":"https:\/\/permbledhja.com\/sq\/wp-json\/wp\/v2\/media?parent=37885"}],"wp:term":[{"taxonomy":"category","embeddable":true,"href":"https:\/\/permbledhja.com\/sq\/wp-json\/wp\/v2\/categories?post=37885"},{"taxonomy":"post_tag","embeddable":true,"href":"https:\/\/permbledhja.com\/sq\/wp-json\/wp\/v2\/tags?post=37885"}],"curies":[{"name":"wp","href":"https:\/\/api.w.org\/{rel}","templated":true}]}}