{"id":37863,"date":"2023-11-29T09:16:09","date_gmt":"2023-11-29T09:16:09","guid":{"rendered":"https:\/\/permbledhja.com\/?p=37863"},"modified":"2023-11-29T09:16:09","modified_gmt":"2023-11-29T09:16:09","slug":"deshton-mbledhja-e-komisionit-per-ekonomi-ku-do-te-shqyrtohej-projektligji-per-fondin-sovran","status":"publish","type":"post","link":"https:\/\/permbledhja.com\/sq\/deshton-mbledhja-e-komisionit-per-ekonomi-ku-do-te-shqyrtohej-projektligji-per-fondin-sovran\/","title":{"rendered":"D\u00ebshton mbledhja e Komisionit p\u00ebr Ekonomi ku do t\u00eb shqyrtohej Projektligji p\u00ebr Fondin Sovran"},"content":{"rendered":"<h3>Ka d\u00ebshtuar mbledhja e Komisionit p\u00ebr Ekonomi p\u00ebr shqyrtimin e raportit me rekomandime p\u00ebr lexim t\u00eb dyt\u00eb p\u00ebr Projektligjin p\u00ebr Fondin Sovran t\u00eb Republik\u00ebs s\u00eb Kosov\u00ebs.<\/h3>\n<p>\u201cMbledhja nuk do t\u00eb mbahet, sepse ata kan\u00eb k\u00ebrkuar q\u00eb t\u00eb shtyhet me dat\u00eb tjet\u00ebr. K\u00ebrkoj mir\u00ebkuptim\u201d, tha Ferat Shala, kryetar i Komisionit p\u00ebr Ekonomi, Industri, Nd\u00ebrmarr\u00ebsi dhe Tregti.<\/p>\n<p>\u201cKjo \u00ebsht\u00eb nj\u00eb praktik\u00eb q\u00eb shumica parlamentare po e p\u00ebrdor taktikisht p\u00ebr t\u2019i ikur debatit p\u00ebr Fondin Sovran, dhe p\u00ebr t\u2019i ikur debatit p\u00ebr ligjet e ndjeshme t\u00eb cilat po e prekin n\u00eb substanc\u00eb ekonomin\u00eb e vendit ton\u00eb\u201d, shtoi ai, raporton Klankosova.tv.<\/p>\n<p>Nd\u00ebr t\u00eb\u00a0 tjera Shala tha se: \u201cMiratimi i ligjeve t\u00eb tilla i amandamenteve, pa u diskutuar n\u00eb Komisionin p\u00ebr Ekonomi, ve\u00e7an\u00ebrisht i ligjit p\u00ebr fondin sovran, l\u00eb shum\u00eb p\u00ebr t\u00eb kuptuar q\u00eb kemi t\u00eb b\u00ebjm\u00eb me nj\u00eb ligj jozhvillimor, jo n\u00eb p\u00ebrputhshm\u00ebri me procedurat dhe rregullat demokratike dhe ligjore p\u00ebr ekonomin\u00eb e vendit ton\u00eb\u201d.<\/p>\n","protected":false},"excerpt":{"rendered":"<p>Ka d\u00ebshtuar mbledhja e Komisionit p\u00ebr Ekonomi p\u00ebr shqyrtimin e raportit me rekomandime p\u00ebr lexim t\u00eb dyt\u00eb p\u00ebr Projektligjin p\u00ebr Fondin Sovran t\u00eb Republik\u00ebs s\u00eb Kosov\u00ebs. \u201cMbledhja nuk do t\u00eb mbahet, sepse ata kan\u00eb k\u00ebrkuar q\u00eb t\u00eb shtyhet me dat\u00eb tjet\u00ebr. K\u00ebrkoj mir\u00ebkuptim\u201d, tha Ferat Shala, kryetar i Komisionit p\u00ebr Ekonomi, Industri, Nd\u00ebrmarr\u00ebsi dhe Tregti. [&hellip;]<\/p>\n","protected":false},"author":2,"featured_media":37864,"comment_status":"closed","ping_status":"closed","sticky":false,"template":"","format":"standard","meta":{"_monsterinsights_skip_tracking":false,"_monsterinsights_sitenote_active":false,"_monsterinsights_sitenote_note":"","_monsterinsights_sitenote_category":0,"_uf_show_specific_survey":0,"_uf_disable_surveys":false,"footnotes":""},"categories":[15],"tags":[2715],"yoast_head":"<!-- This site is optimized with the Yoast SEO plugin v21.5 - https:\/\/yoast.com\/wordpress\/plugins\/seo\/ -->\n<title>D\u00ebshton mbledhja e Komisionit p\u00ebr Ekonomi ku do t\u00eb shqyrtohej Projektligji p\u00ebr Fondin Sovran<\/title>\n<meta name=\"robots\" content=\"index, follow, max-snippet:-1, max-image-preview:large, max-video-preview:-1\" \/>\n<link rel=\"canonical\" href=\"https:\/\/permbledhja.com\/sq\/deshton-mbledhja-e-komisionit-per-ekonomi-ku-do-te-shqyrtohej-projektligji-per-fondin-sovran\/\" \/>\n<meta property=\"og:locale\" content=\"sq_AL\" \/>\n<meta property=\"og:type\" content=\"article\" \/>\n<meta property=\"og:title\" content=\"D\u00ebshton mbledhja e Komisionit p\u00ebr Ekonomi ku do t\u00eb shqyrtohej Projektligji p\u00ebr Fondin Sovran\" \/>\n<meta property=\"og:description\" content=\"Ka d\u00ebshtuar mbledhja e Komisionit p\u00ebr Ekonomi p\u00ebr shqyrtimin e raportit me rekomandime p\u00ebr lexim t\u00eb dyt\u00eb p\u00ebr Projektligjin p\u00ebr Fondin Sovran t\u00eb Republik\u00ebs s\u00eb Kosov\u00ebs. \u201cMbledhja nuk do t\u00eb mbahet, sepse ata kan\u00eb k\u00ebrkuar q\u00eb t\u00eb shtyhet me dat\u00eb tjet\u00ebr. K\u00ebrkoj mir\u00ebkuptim\u201d, tha Ferat Shala, kryetar i Komisionit p\u00ebr Ekonomi, Industri, Nd\u00ebrmarr\u00ebsi dhe Tregti. [&hellip;]\" \/>\n<meta property=\"og:url\" content=\"https:\/\/permbledhja.com\/sq\/deshton-mbledhja-e-komisionit-per-ekonomi-ku-do-te-shqyrtohej-projektligji-per-fondin-sovran\/\" \/>\n<meta property=\"og:site_name\" content=\"Ve\u00e7 artikuj p\u00ebrmbledh\u00ebs\" \/>\n<meta property=\"article:publisher\" content=\"https:\/\/www.facebook.com\/press07\/\" \/>\n<meta property=\"article:published_time\" content=\"2023-11-29T09:16:09+00:00\" \/>\n<meta property=\"og:image\" content=\"https:\/\/permbledhja.com\/wp-content\/uploads\/2023\/11\/Ferat-SHala.jpg\" \/>\n\t<meta property=\"og:image:width\" content=\"692\" \/>\n\t<meta property=\"og:image:height\" content=\"459\" \/>\n\t<meta property=\"og:image:type\" content=\"image\/jpeg\" \/>\n<meta name=\"author\" content=\"M M\" \/>\n<meta name=\"twitter:card\" content=\"summary_large_image\" \/>\n<meta name=\"twitter:label1\" content=\"Written by\" \/>\n\t<meta name=\"twitter:data1\" content=\"M M\" \/>\n\t<meta name=\"twitter:label2\" content=\"Est. reading time\" \/>\n\t<meta name=\"twitter:data2\" content=\"1 minut\u00eb\" \/>\n<script type=\"application\/ld+json\" class=\"yoast-schema-graph\">{\"@context\":\"https:\/\/schema.org\",\"@graph\":[{\"@type\":\"Article\",\"@id\":\"https:\/\/permbledhja.com\/deshton-mbledhja-e-komisionit-per-ekonomi-ku-do-te-shqyrtohej-projektligji-per-fondin-sovran\/#article\",\"isPartOf\":{\"@id\":\"https:\/\/permbledhja.com\/deshton-mbledhja-e-komisionit-per-ekonomi-ku-do-te-shqyrtohej-projektligji-per-fondin-sovran\/\"},\"author\":{\"name\":\"M M\",\"@id\":\"https:\/\/permbledhja.com\/#\/schema\/person\/d23f13f59b5722643933d6780783acf3\"},\"headline\":\"D\u00ebshton mbledhja e Komisionit p\u00ebr Ekonomi ku do t\u00eb shqyrtohej Projektligji p\u00ebr Fondin Sovran\",\"datePublished\":\"2023-11-29T09:16:09+00:00\",\"dateModified\":\"2023-11-29T09:16:09+00:00\",\"mainEntityOfPage\":{\"@id\":\"https:\/\/permbledhja.com\/deshton-mbledhja-e-komisionit-per-ekonomi-ku-do-te-shqyrtohej-projektligji-per-fondin-sovran\/\"},\"wordCount\":201,\"publisher\":{\"@id\":\"https:\/\/permbledhja.com\/#organization\"},\"keywords\":[\"Komisioni p\u00ebr Ekonomi\"],\"articleSection\":[\"Lajme\"],\"inLanguage\":\"sq\"},{\"@type\":\"WebPage\",\"@id\":\"https:\/\/permbledhja.com\/deshton-mbledhja-e-komisionit-per-ekonomi-ku-do-te-shqyrtohej-projektligji-per-fondin-sovran\/\",\"url\":\"https:\/\/permbledhja.com\/deshton-mbledhja-e-komisionit-per-ekonomi-ku-do-te-shqyrtohej-projektligji-per-fondin-sovran\/\",\"name\":\"D\u00ebshton mbledhja e Komisionit p\u00ebr Ekonomi ku do t\u00eb shqyrtohej Projektligji p\u00ebr Fondin Sovran\",\"isPartOf\":{\"@id\":\"https:\/\/permbledhja.com\/#website\"},\"datePublished\":\"2023-11-29T09:16:09+00:00\",\"dateModified\":\"2023-11-29T09:16:09+00:00\",\"breadcrumb\":{\"@id\":\"https:\/\/permbledhja.com\/deshton-mbledhja-e-komisionit-per-ekonomi-ku-do-te-shqyrtohej-projektligji-per-fondin-sovran\/#breadcrumb\"},\"inLanguage\":\"sq\",\"potentialAction\":[{\"@type\":\"ReadAction\",\"target\":[\"https:\/\/permbledhja.com\/deshton-mbledhja-e-komisionit-per-ekonomi-ku-do-te-shqyrtohej-projektligji-per-fondin-sovran\/\"]}]},{\"@type\":\"BreadcrumbList\",\"@id\":\"https:\/\/permbledhja.com\/deshton-mbledhja-e-komisionit-per-ekonomi-ku-do-te-shqyrtohej-projektligji-per-fondin-sovran\/#breadcrumb\",\"itemListElement\":[{\"@type\":\"ListItem\",\"position\":1,\"name\":\"Ballina\",\"item\":\"https:\/\/permbledhja.com\/sq\/\"},{\"@type\":\"ListItem\",\"position\":2,\"name\":\"D\u00ebshton mbledhja e Komisionit p\u00ebr Ekonomi ku do t\u00eb shqyrtohej Projektligji p\u00ebr Fondin Sovran\"}]},{\"@type\":\"WebSite\",\"@id\":\"https:\/\/permbledhja.com\/#website\",\"url\":\"https:\/\/permbledhja.com\/\",\"name\":\"Ve\u00e7 artikuj p\u00ebrmbledh\u00ebs\",\"description\":\"\",\"publisher\":{\"@id\":\"https:\/\/permbledhja.com\/#organization\"},\"potentialAction\":[{\"@type\":\"SearchAction\",\"target\":{\"@type\":\"EntryPoint\",\"urlTemplate\":\"https:\/\/permbledhja.com\/?s={search_term_string}\"},\"query-input\":\"required name=search_term_string\"}],\"inLanguage\":\"sq\"},{\"@type\":\"Organization\",\"@id\":\"https:\/\/permbledhja.com\/#organization\",\"name\":\"MK Media & Pr\",\"url\":\"https:\/\/permbledhja.com\/\",\"logo\":{\"@type\":\"ImageObject\",\"inLanguage\":\"sq\",\"@id\":\"https:\/\/permbledhja.com\/#\/schema\/logo\/image\/\",\"url\":\"https:\/\/permbledhja.com\/wp-content\/uploads\/2021\/12\/07-Press-Logo.jpg\",\"contentUrl\":\"https:\/\/permbledhja.com\/wp-content\/uploads\/2021\/12\/07-Press-Logo.jpg\",\"width\":512,\"height\":512,\"caption\":\"MK Media & Pr\"},\"image\":{\"@id\":\"https:\/\/permbledhja.com\/#\/schema\/logo\/image\/\"},\"sameAs\":[\"https:\/\/www.facebook.com\/press07\/\"]},{\"@type\":\"Person\",\"@id\":\"https:\/\/permbledhja.com\/#\/schema\/person\/d23f13f59b5722643933d6780783acf3\",\"name\":\"M M\",\"image\":{\"@type\":\"ImageObject\",\"inLanguage\":\"sq\",\"@id\":\"https:\/\/permbledhja.com\/#\/schema\/person\/image\/\",\"url\":\"https:\/\/secure.gravatar.com\/avatar\/e2835a76ca7c31a2416b2d51c4ec9a8f?s=96&d=mm&r=g\",\"contentUrl\":\"https:\/\/secure.gravatar.com\/avatar\/e2835a76ca7c31a2416b2d51c4ec9a8f?s=96&d=mm&r=g\",\"caption\":\"M M\"},\"sameAs\":[\"http:\/\/MM\"],\"url\":\"https:\/\/permbledhja.com\/sq\/author\/muhamet\/\"}]}<\/script>\n<!-- \/ Yoast SEO plugin. -->","yoast_head_json":{"title":"D\u00ebshton mbledhja e Komisionit p\u00ebr Ekonomi ku do t\u00eb shqyrtohej Projektligji p\u00ebr Fondin Sovran","robots":{"index":"index","follow":"follow","max-snippet":"max-snippet:-1","max-image-preview":"max-image-preview:large","max-video-preview":"max-video-preview:-1"},"canonical":"https:\/\/permbledhja.com\/sq\/deshton-mbledhja-e-komisionit-per-ekonomi-ku-do-te-shqyrtohej-projektligji-per-fondin-sovran\/","og_locale":"sq_AL","og_type":"article","og_title":"D\u00ebshton mbledhja e Komisionit p\u00ebr Ekonomi ku do t\u00eb shqyrtohej Projektligji p\u00ebr Fondin Sovran","og_description":"Ka d\u00ebshtuar mbledhja e Komisionit p\u00ebr Ekonomi p\u00ebr shqyrtimin e raportit me rekomandime p\u00ebr lexim t\u00eb dyt\u00eb p\u00ebr Projektligjin p\u00ebr Fondin Sovran t\u00eb Republik\u00ebs s\u00eb Kosov\u00ebs. \u201cMbledhja nuk do t\u00eb mbahet, sepse ata kan\u00eb k\u00ebrkuar q\u00eb t\u00eb shtyhet me dat\u00eb tjet\u00ebr. K\u00ebrkoj mir\u00ebkuptim\u201d, tha Ferat Shala, kryetar i Komisionit p\u00ebr Ekonomi, Industri, Nd\u00ebrmarr\u00ebsi dhe Tregti. [&hellip;]","og_url":"https:\/\/permbledhja.com\/sq\/deshton-mbledhja-e-komisionit-per-ekonomi-ku-do-te-shqyrtohej-projektligji-per-fondin-sovran\/","og_site_name":"Ve\u00e7 artikuj p\u00ebrmbledh\u00ebs","article_publisher":"https:\/\/www.facebook.com\/press07\/","article_published_time":"2023-11-29T09:16:09+00:00","og_image":[{"width":692,"height":459,"url":"https:\/\/permbledhja.com\/wp-content\/uploads\/2023\/11\/Ferat-SHala.jpg","type":"image\/jpeg"}],"author":"M M","twitter_card":"summary_large_image","twitter_misc":{"Written by":"M M","Est. reading time":"1 minut\u00eb"},"schema":{"@context":"https:\/\/schema.org","@graph":[{"@type":"Article","@id":"https:\/\/permbledhja.com\/deshton-mbledhja-e-komisionit-per-ekonomi-ku-do-te-shqyrtohej-projektligji-per-fondin-sovran\/#article","isPartOf":{"@id":"https:\/\/permbledhja.com\/deshton-mbledhja-e-komisionit-per-ekonomi-ku-do-te-shqyrtohej-projektligji-per-fondin-sovran\/"},"author":{"name":"M M","@id":"https:\/\/permbledhja.com\/#\/schema\/person\/d23f13f59b5722643933d6780783acf3"},"headline":"D\u00ebshton mbledhja e Komisionit p\u00ebr Ekonomi ku do t\u00eb shqyrtohej Projektligji p\u00ebr Fondin Sovran","datePublished":"2023-11-29T09:16:09+00:00","dateModified":"2023-11-29T09:16:09+00:00","mainEntityOfPage":{"@id":"https:\/\/permbledhja.com\/deshton-mbledhja-e-komisionit-per-ekonomi-ku-do-te-shqyrtohej-projektligji-per-fondin-sovran\/"},"wordCount":201,"publisher":{"@id":"https:\/\/permbledhja.com\/#organization"},"keywords":["Komisioni p\u00ebr Ekonomi"],"articleSection":["Lajme"],"inLanguage":"sq"},{"@type":"WebPage","@id":"https:\/\/permbledhja.com\/deshton-mbledhja-e-komisionit-per-ekonomi-ku-do-te-shqyrtohej-projektligji-per-fondin-sovran\/","url":"https:\/\/permbledhja.com\/deshton-mbledhja-e-komisionit-per-ekonomi-ku-do-te-shqyrtohej-projektligji-per-fondin-sovran\/","name":"D\u00ebshton mbledhja e Komisionit p\u00ebr Ekonomi ku do t\u00eb shqyrtohej Projektligji p\u00ebr Fondin Sovran","isPartOf":{"@id":"https:\/\/permbledhja.com\/#website"},"datePublished":"2023-11-29T09:16:09+00:00","dateModified":"2023-11-29T09:16:09+00:00","breadcrumb":{"@id":"https:\/\/permbledhja.com\/deshton-mbledhja-e-komisionit-per-ekonomi-ku-do-te-shqyrtohej-projektligji-per-fondin-sovran\/#breadcrumb"},"inLanguage":"sq","potentialAction":[{"@type":"ReadAction","target":["https:\/\/permbledhja.com\/deshton-mbledhja-e-komisionit-per-ekonomi-ku-do-te-shqyrtohej-projektligji-per-fondin-sovran\/"]}]},{"@type":"BreadcrumbList","@id":"https:\/\/permbledhja.com\/deshton-mbledhja-e-komisionit-per-ekonomi-ku-do-te-shqyrtohej-projektligji-per-fondin-sovran\/#breadcrumb","itemListElement":[{"@type":"ListItem","position":1,"name":"Ballina","item":"https:\/\/permbledhja.com\/sq\/"},{"@type":"ListItem","position":2,"name":"D\u00ebshton mbledhja e Komisionit p\u00ebr Ekonomi ku do t\u00eb shqyrtohej Projektligji p\u00ebr Fondin Sovran"}]},{"@type":"WebSite","@id":"https:\/\/permbledhja.com\/#website","url":"https:\/\/permbledhja.com\/","name":"Ve\u00e7 artikuj p\u00ebrmbledh\u00ebs","description":"","publisher":{"@id":"https:\/\/permbledhja.com\/#organization"},"potentialAction":[{"@type":"SearchAction","target":{"@type":"EntryPoint","urlTemplate":"https:\/\/permbledhja.com\/?s={search_term_string}"},"query-input":"required name=search_term_string"}],"inLanguage":"sq"},{"@type":"Organization","@id":"https:\/\/permbledhja.com\/#organization","name":"MK Media & Pr","url":"https:\/\/permbledhja.com\/","logo":{"@type":"ImageObject","inLanguage":"sq","@id":"https:\/\/permbledhja.com\/#\/schema\/logo\/image\/","url":"https:\/\/permbledhja.com\/wp-content\/uploads\/2021\/12\/07-Press-Logo.jpg","contentUrl":"https:\/\/permbledhja.com\/wp-content\/uploads\/2021\/12\/07-Press-Logo.jpg","width":512,"height":512,"caption":"MK Media & Pr"},"image":{"@id":"https:\/\/permbledhja.com\/#\/schema\/logo\/image\/"},"sameAs":["https:\/\/www.facebook.com\/press07\/"]},{"@type":"Person","@id":"https:\/\/permbledhja.com\/#\/schema\/person\/d23f13f59b5722643933d6780783acf3","name":"M M","image":{"@type":"ImageObject","inLanguage":"sq","@id":"https:\/\/permbledhja.com\/#\/schema\/person\/image\/","url":"https:\/\/secure.gravatar.com\/avatar\/e2835a76ca7c31a2416b2d51c4ec9a8f?s=96&d=mm&r=g","contentUrl":"https:\/\/secure.gravatar.com\/avatar\/e2835a76ca7c31a2416b2d51c4ec9a8f?s=96&d=mm&r=g","caption":"M M"},"sameAs":["http:\/\/MM"],"url":"https:\/\/permbledhja.com\/sq\/author\/muhamet\/"}]}},"_links":{"self":[{"href":"https:\/\/permbledhja.com\/sq\/wp-json\/wp\/v2\/posts\/37863"}],"collection":[{"href":"https:\/\/permbledhja.com\/sq\/wp-json\/wp\/v2\/posts"}],"about":[{"href":"https:\/\/permbledhja.com\/sq\/wp-json\/wp\/v2\/types\/post"}],"author":[{"embeddable":true,"href":"https:\/\/permbledhja.com\/sq\/wp-json\/wp\/v2\/users\/2"}],"replies":[{"embeddable":true,"href":"https:\/\/permbledhja.com\/sq\/wp-json\/wp\/v2\/comments?post=37863"}],"version-history":[{"count":1,"href":"https:\/\/permbledhja.com\/sq\/wp-json\/wp\/v2\/posts\/37863\/revisions"}],"predecessor-version":[{"id":37865,"href":"https:\/\/permbledhja.com\/sq\/wp-json\/wp\/v2\/posts\/37863\/revisions\/37865"}],"wp:featuredmedia":[{"embeddable":true,"href":"https:\/\/permbledhja.com\/sq\/wp-json\/wp\/v2\/media\/37864"}],"wp:attachment":[{"href":"https:\/\/permbledhja.com\/sq\/wp-json\/wp\/v2\/media?parent=37863"}],"wp:term":[{"taxonomy":"category","embeddable":true,"href":"https:\/\/permbledhja.com\/sq\/wp-json\/wp\/v2\/categories?post=37863"},{"taxonomy":"post_tag","embeddable":true,"href":"https:\/\/permbledhja.com\/sq\/wp-json\/wp\/v2\/tags?post=37863"}],"curies":[{"name":"wp","href":"https:\/\/api.w.org\/{rel}","templated":true}]}}