{"id":37754,"date":"2023-11-28T09:26:26","date_gmt":"2023-11-28T09:26:26","guid":{"rendered":"https:\/\/permbledhja.com\/?p=37754"},"modified":"2023-11-28T09:26:26","modified_gmt":"2023-11-28T09:26:26","slug":"stradner-mund-te-presim-nje-tjeter-pershkallezim-ne-kosove","status":"publish","type":"post","link":"https:\/\/permbledhja.com\/sq\/stradner-mund-te-presim-nje-tjeter-pershkallezim-ne-kosove\/","title":{"rendered":"Stradner: Mund t\u00eb presim nj\u00eb tjet\u00ebr p\u00ebrshkall\u00ebzim n\u00eb Kosov\u00eb"},"content":{"rendered":"<h3>Ivana Stradner, bashk\u00ebpun\u00ebtore shkencore n\u00eb Fondacionin p\u00ebr Mbrojtjen e Demokracis\u00eb n\u00eb Uashington, tha se mund t\u00eb pritet nj\u00eb tjet\u00ebr p\u00ebrshkall\u00ebzim n\u00eb Kosov\u00eb, ashtu si n\u00eb shtator.<\/h3>\n<p>P\u00ebrmes nj\u00eb postimi n\u00eb \u201cX\u201d, Stradner ka shp\u00ebrndar\u00eb nj\u00eb link, duke shkruar se \u00ebsht\u00eb e bindur se mund t\u00eb p\u00ebrs\u00ebritet nj\u00eb situat\u00eb e till\u00eb.<\/p>\n<p>\u201cTelegram q\u00eb ndan nj\u00eb histori t\u00eb kafenes\u00eb Panda, q\u00eb do t\u00eb thot\u00eb se ata po p\u00ebrgatisin nj\u00eb tjet\u00ebr flamur fals dhe do t\u00eb akuzojn\u00eb Mbret\u00ebrin\u00eb e Bashkuar. Ky mesazh ishte shp\u00ebrndar\u00eb nga kanale t\u00eb tjera ruse e serbe dhe tashm\u00eb mediat serbe dhe ruse akuzuan Britanin\u00eb e Madhe p\u00ebr komplot t\u00eb luft\u00ebs n\u00eb Kosov\u00eb\u201d, shkruar ajo.<\/p>\n<figure class=\"wp-block-image size-full\"><img loading=\"lazy\" decoding=\"async\" class=\"wp-image-983694 entered lazyloaded\" src=\"https:\/\/sinjali.com\/wp-content\/uploads\/2023\/11\/st.png\" sizes=\"(max-width: 586px) 100vw, 586px\" srcset=\"https:\/\/sinjali.com\/wp-content\/uploads\/2023\/11\/st.png 586w, https:\/\/sinjali.com\/wp-content\/uploads\/2023\/11\/st-300x231.png 300w\" alt=\"\" width=\"586\" height=\"452\" data-lazy-srcset=\"https:\/\/sinjali.com\/wp-content\/uploads\/2023\/11\/st.png 586w, https:\/\/sinjali.com\/wp-content\/uploads\/2023\/11\/st-300x231.png 300w\" data-lazy-sizes=\"(max-width: 586px) 100vw, 586px\" data-lazy-src=\"https:\/\/sinjali.com\/wp-content\/uploads\/2023\/11\/st.png\" data-ll-status=\"loaded\" \/><\/figure>\n<p>&nbsp;<\/p>\n","protected":false},"excerpt":{"rendered":"<p>Ivana Stradner, bashk\u00ebpun\u00ebtore shkencore n\u00eb Fondacionin p\u00ebr Mbrojtjen e Demokracis\u00eb n\u00eb Uashington, tha se mund t\u00eb pritet nj\u00eb tjet\u00ebr p\u00ebrshkall\u00ebzim n\u00eb Kosov\u00eb, ashtu si n\u00eb shtator. P\u00ebrmes nj\u00eb postimi n\u00eb \u201cX\u201d, Stradner ka shp\u00ebrndar\u00eb nj\u00eb link, duke shkruar se \u00ebsht\u00eb e bindur se mund t\u00eb p\u00ebrs\u00ebritet nj\u00eb situat\u00eb e till\u00eb. \u201cTelegram q\u00eb ndan nj\u00eb histori [&hellip;]<\/p>\n","protected":false},"author":2,"featured_media":37755,"comment_status":"closed","ping_status":"closed","sticky":false,"template":"","format":"standard","meta":{"_monsterinsights_skip_tracking":false,"_monsterinsights_sitenote_active":false,"_monsterinsights_sitenote_note":"","_monsterinsights_sitenote_category":0,"_uf_show_specific_survey":0,"_uf_disable_surveys":false,"footnotes":""},"categories":[15],"tags":[2713],"yoast_head":"<!-- This site is optimized with the Yoast SEO plugin v21.5 - https:\/\/yoast.com\/wordpress\/plugins\/seo\/ -->\n<title>Stradner: Mund t\u00eb presim nj\u00eb tjet\u00ebr p\u00ebrshkall\u00ebzim n\u00eb Kosov\u00eb<\/title>\n<meta name=\"robots\" content=\"index, follow, max-snippet:-1, max-image-preview:large, max-video-preview:-1\" \/>\n<link rel=\"canonical\" href=\"https:\/\/permbledhja.com\/sq\/stradner-mund-te-presim-nje-tjeter-pershkallezim-ne-kosove\/\" \/>\n<meta property=\"og:locale\" content=\"sq_AL\" \/>\n<meta property=\"og:type\" content=\"article\" \/>\n<meta property=\"og:title\" content=\"Stradner: Mund t\u00eb presim nj\u00eb tjet\u00ebr p\u00ebrshkall\u00ebzim n\u00eb Kosov\u00eb\" \/>\n<meta property=\"og:description\" content=\"Ivana Stradner, bashk\u00ebpun\u00ebtore shkencore n\u00eb Fondacionin p\u00ebr Mbrojtjen e Demokracis\u00eb n\u00eb Uashington, tha se mund t\u00eb pritet nj\u00eb tjet\u00ebr p\u00ebrshkall\u00ebzim n\u00eb Kosov\u00eb, ashtu si n\u00eb shtator. P\u00ebrmes nj\u00eb postimi n\u00eb \u201cX\u201d, Stradner ka shp\u00ebrndar\u00eb nj\u00eb link, duke shkruar se \u00ebsht\u00eb e bindur se mund t\u00eb p\u00ebrs\u00ebritet nj\u00eb situat\u00eb e till\u00eb. \u201cTelegram q\u00eb ndan nj\u00eb histori [&hellip;]\" \/>\n<meta property=\"og:url\" content=\"https:\/\/permbledhja.com\/sq\/stradner-mund-te-presim-nje-tjeter-pershkallezim-ne-kosove\/\" \/>\n<meta property=\"og:site_name\" content=\"Ve\u00e7 artikuj p\u00ebrmbledh\u00ebs\" \/>\n<meta property=\"article:publisher\" content=\"https:\/\/www.facebook.com\/press07\/\" \/>\n<meta property=\"article:published_time\" content=\"2023-11-28T09:26:26+00:00\" \/>\n<meta property=\"og:image\" content=\"https:\/\/permbledhja.com\/wp-content\/uploads\/2023\/11\/stradner1685259938.webp\" \/>\n\t<meta property=\"og:image:width\" content=\"899\" \/>\n\t<meta property=\"og:image:height\" content=\"600\" \/>\n\t<meta property=\"og:image:type\" content=\"image\/webp\" \/>\n<meta name=\"author\" content=\"M M\" \/>\n<meta name=\"twitter:card\" content=\"summary_large_image\" \/>\n<meta name=\"twitter:label1\" content=\"Written by\" \/>\n\t<meta name=\"twitter:data1\" content=\"M M\" \/>\n\t<meta name=\"twitter:label2\" content=\"Est. reading time\" \/>\n\t<meta name=\"twitter:data2\" content=\"1 minut\u00eb\" \/>\n<script type=\"application\/ld+json\" class=\"yoast-schema-graph\">{\"@context\":\"https:\/\/schema.org\",\"@graph\":[{\"@type\":\"Article\",\"@id\":\"https:\/\/permbledhja.com\/stradner-mund-te-presim-nje-tjeter-pershkallezim-ne-kosove\/#article\",\"isPartOf\":{\"@id\":\"https:\/\/permbledhja.com\/stradner-mund-te-presim-nje-tjeter-pershkallezim-ne-kosove\/\"},\"author\":{\"name\":\"M M\",\"@id\":\"https:\/\/permbledhja.com\/#\/schema\/person\/d23f13f59b5722643933d6780783acf3\"},\"headline\":\"Stradner: Mund t\u00eb presim nj\u00eb tjet\u00ebr p\u00ebrshkall\u00ebzim n\u00eb Kosov\u00eb\",\"datePublished\":\"2023-11-28T09:26:26+00:00\",\"dateModified\":\"2023-11-28T09:26:26+00:00\",\"mainEntityOfPage\":{\"@id\":\"https:\/\/permbledhja.com\/stradner-mund-te-presim-nje-tjeter-pershkallezim-ne-kosove\/\"},\"wordCount\":135,\"publisher\":{\"@id\":\"https:\/\/permbledhja.com\/#organization\"},\"keywords\":[\"Stradner\"],\"articleSection\":[\"Lajme\"],\"inLanguage\":\"sq\"},{\"@type\":\"WebPage\",\"@id\":\"https:\/\/permbledhja.com\/stradner-mund-te-presim-nje-tjeter-pershkallezim-ne-kosove\/\",\"url\":\"https:\/\/permbledhja.com\/stradner-mund-te-presim-nje-tjeter-pershkallezim-ne-kosove\/\",\"name\":\"Stradner: Mund t\u00eb presim nj\u00eb tjet\u00ebr p\u00ebrshkall\u00ebzim n\u00eb Kosov\u00eb\",\"isPartOf\":{\"@id\":\"https:\/\/permbledhja.com\/#website\"},\"datePublished\":\"2023-11-28T09:26:26+00:00\",\"dateModified\":\"2023-11-28T09:26:26+00:00\",\"breadcrumb\":{\"@id\":\"https:\/\/permbledhja.com\/stradner-mund-te-presim-nje-tjeter-pershkallezim-ne-kosove\/#breadcrumb\"},\"inLanguage\":\"sq\",\"potentialAction\":[{\"@type\":\"ReadAction\",\"target\":[\"https:\/\/permbledhja.com\/stradner-mund-te-presim-nje-tjeter-pershkallezim-ne-kosove\/\"]}]},{\"@type\":\"BreadcrumbList\",\"@id\":\"https:\/\/permbledhja.com\/stradner-mund-te-presim-nje-tjeter-pershkallezim-ne-kosove\/#breadcrumb\",\"itemListElement\":[{\"@type\":\"ListItem\",\"position\":1,\"name\":\"Ballina\",\"item\":\"https:\/\/permbledhja.com\/sq\/\"},{\"@type\":\"ListItem\",\"position\":2,\"name\":\"Stradner: Mund t\u00eb presim nj\u00eb tjet\u00ebr p\u00ebrshkall\u00ebzim n\u00eb Kosov\u00eb\"}]},{\"@type\":\"WebSite\",\"@id\":\"https:\/\/permbledhja.com\/#website\",\"url\":\"https:\/\/permbledhja.com\/\",\"name\":\"Ve\u00e7 artikuj p\u00ebrmbledh\u00ebs\",\"description\":\"\",\"publisher\":{\"@id\":\"https:\/\/permbledhja.com\/#organization\"},\"potentialAction\":[{\"@type\":\"SearchAction\",\"target\":{\"@type\":\"EntryPoint\",\"urlTemplate\":\"https:\/\/permbledhja.com\/?s={search_term_string}\"},\"query-input\":\"required name=search_term_string\"}],\"inLanguage\":\"sq\"},{\"@type\":\"Organization\",\"@id\":\"https:\/\/permbledhja.com\/#organization\",\"name\":\"MK Media & Pr\",\"url\":\"https:\/\/permbledhja.com\/\",\"logo\":{\"@type\":\"ImageObject\",\"inLanguage\":\"sq\",\"@id\":\"https:\/\/permbledhja.com\/#\/schema\/logo\/image\/\",\"url\":\"https:\/\/permbledhja.com\/wp-content\/uploads\/2021\/12\/07-Press-Logo.jpg\",\"contentUrl\":\"https:\/\/permbledhja.com\/wp-content\/uploads\/2021\/12\/07-Press-Logo.jpg\",\"width\":512,\"height\":512,\"caption\":\"MK Media & Pr\"},\"image\":{\"@id\":\"https:\/\/permbledhja.com\/#\/schema\/logo\/image\/\"},\"sameAs\":[\"https:\/\/www.facebook.com\/press07\/\"]},{\"@type\":\"Person\",\"@id\":\"https:\/\/permbledhja.com\/#\/schema\/person\/d23f13f59b5722643933d6780783acf3\",\"name\":\"M M\",\"image\":{\"@type\":\"ImageObject\",\"inLanguage\":\"sq\",\"@id\":\"https:\/\/permbledhja.com\/#\/schema\/person\/image\/\",\"url\":\"https:\/\/secure.gravatar.com\/avatar\/e2835a76ca7c31a2416b2d51c4ec9a8f?s=96&d=mm&r=g\",\"contentUrl\":\"https:\/\/secure.gravatar.com\/avatar\/e2835a76ca7c31a2416b2d51c4ec9a8f?s=96&d=mm&r=g\",\"caption\":\"M M\"},\"sameAs\":[\"http:\/\/MM\"],\"url\":\"https:\/\/permbledhja.com\/sq\/author\/muhamet\/\"}]}<\/script>\n<!-- \/ Yoast SEO plugin. -->","yoast_head_json":{"title":"Stradner: Mund t\u00eb presim nj\u00eb tjet\u00ebr p\u00ebrshkall\u00ebzim n\u00eb Kosov\u00eb","robots":{"index":"index","follow":"follow","max-snippet":"max-snippet:-1","max-image-preview":"max-image-preview:large","max-video-preview":"max-video-preview:-1"},"canonical":"https:\/\/permbledhja.com\/sq\/stradner-mund-te-presim-nje-tjeter-pershkallezim-ne-kosove\/","og_locale":"sq_AL","og_type":"article","og_title":"Stradner: Mund t\u00eb presim nj\u00eb tjet\u00ebr p\u00ebrshkall\u00ebzim n\u00eb Kosov\u00eb","og_description":"Ivana Stradner, bashk\u00ebpun\u00ebtore shkencore n\u00eb Fondacionin p\u00ebr Mbrojtjen e Demokracis\u00eb n\u00eb Uashington, tha se mund t\u00eb pritet nj\u00eb tjet\u00ebr p\u00ebrshkall\u00ebzim n\u00eb Kosov\u00eb, ashtu si n\u00eb shtator. P\u00ebrmes nj\u00eb postimi n\u00eb \u201cX\u201d, Stradner ka shp\u00ebrndar\u00eb nj\u00eb link, duke shkruar se \u00ebsht\u00eb e bindur se mund t\u00eb p\u00ebrs\u00ebritet nj\u00eb situat\u00eb e till\u00eb. \u201cTelegram q\u00eb ndan nj\u00eb histori [&hellip;]","og_url":"https:\/\/permbledhja.com\/sq\/stradner-mund-te-presim-nje-tjeter-pershkallezim-ne-kosove\/","og_site_name":"Ve\u00e7 artikuj p\u00ebrmbledh\u00ebs","article_publisher":"https:\/\/www.facebook.com\/press07\/","article_published_time":"2023-11-28T09:26:26+00:00","og_image":[{"width":899,"height":600,"url":"https:\/\/permbledhja.com\/wp-content\/uploads\/2023\/11\/stradner1685259938.webp","type":"image\/webp"}],"author":"M M","twitter_card":"summary_large_image","twitter_misc":{"Written by":"M M","Est. reading time":"1 minut\u00eb"},"schema":{"@context":"https:\/\/schema.org","@graph":[{"@type":"Article","@id":"https:\/\/permbledhja.com\/stradner-mund-te-presim-nje-tjeter-pershkallezim-ne-kosove\/#article","isPartOf":{"@id":"https:\/\/permbledhja.com\/stradner-mund-te-presim-nje-tjeter-pershkallezim-ne-kosove\/"},"author":{"name":"M M","@id":"https:\/\/permbledhja.com\/#\/schema\/person\/d23f13f59b5722643933d6780783acf3"},"headline":"Stradner: Mund t\u00eb presim nj\u00eb tjet\u00ebr p\u00ebrshkall\u00ebzim n\u00eb Kosov\u00eb","datePublished":"2023-11-28T09:26:26+00:00","dateModified":"2023-11-28T09:26:26+00:00","mainEntityOfPage":{"@id":"https:\/\/permbledhja.com\/stradner-mund-te-presim-nje-tjeter-pershkallezim-ne-kosove\/"},"wordCount":135,"publisher":{"@id":"https:\/\/permbledhja.com\/#organization"},"keywords":["Stradner"],"articleSection":["Lajme"],"inLanguage":"sq"},{"@type":"WebPage","@id":"https:\/\/permbledhja.com\/stradner-mund-te-presim-nje-tjeter-pershkallezim-ne-kosove\/","url":"https:\/\/permbledhja.com\/stradner-mund-te-presim-nje-tjeter-pershkallezim-ne-kosove\/","name":"Stradner: Mund t\u00eb presim nj\u00eb tjet\u00ebr p\u00ebrshkall\u00ebzim n\u00eb Kosov\u00eb","isPartOf":{"@id":"https:\/\/permbledhja.com\/#website"},"datePublished":"2023-11-28T09:26:26+00:00","dateModified":"2023-11-28T09:26:26+00:00","breadcrumb":{"@id":"https:\/\/permbledhja.com\/stradner-mund-te-presim-nje-tjeter-pershkallezim-ne-kosove\/#breadcrumb"},"inLanguage":"sq","potentialAction":[{"@type":"ReadAction","target":["https:\/\/permbledhja.com\/stradner-mund-te-presim-nje-tjeter-pershkallezim-ne-kosove\/"]}]},{"@type":"BreadcrumbList","@id":"https:\/\/permbledhja.com\/stradner-mund-te-presim-nje-tjeter-pershkallezim-ne-kosove\/#breadcrumb","itemListElement":[{"@type":"ListItem","position":1,"name":"Ballina","item":"https:\/\/permbledhja.com\/sq\/"},{"@type":"ListItem","position":2,"name":"Stradner: Mund t\u00eb presim nj\u00eb tjet\u00ebr p\u00ebrshkall\u00ebzim n\u00eb Kosov\u00eb"}]},{"@type":"WebSite","@id":"https:\/\/permbledhja.com\/#website","url":"https:\/\/permbledhja.com\/","name":"Ve\u00e7 artikuj p\u00ebrmbledh\u00ebs","description":"","publisher":{"@id":"https:\/\/permbledhja.com\/#organization"},"potentialAction":[{"@type":"SearchAction","target":{"@type":"EntryPoint","urlTemplate":"https:\/\/permbledhja.com\/?s={search_term_string}"},"query-input":"required name=search_term_string"}],"inLanguage":"sq"},{"@type":"Organization","@id":"https:\/\/permbledhja.com\/#organization","name":"MK Media & Pr","url":"https:\/\/permbledhja.com\/","logo":{"@type":"ImageObject","inLanguage":"sq","@id":"https:\/\/permbledhja.com\/#\/schema\/logo\/image\/","url":"https:\/\/permbledhja.com\/wp-content\/uploads\/2021\/12\/07-Press-Logo.jpg","contentUrl":"https:\/\/permbledhja.com\/wp-content\/uploads\/2021\/12\/07-Press-Logo.jpg","width":512,"height":512,"caption":"MK Media & Pr"},"image":{"@id":"https:\/\/permbledhja.com\/#\/schema\/logo\/image\/"},"sameAs":["https:\/\/www.facebook.com\/press07\/"]},{"@type":"Person","@id":"https:\/\/permbledhja.com\/#\/schema\/person\/d23f13f59b5722643933d6780783acf3","name":"M M","image":{"@type":"ImageObject","inLanguage":"sq","@id":"https:\/\/permbledhja.com\/#\/schema\/person\/image\/","url":"https:\/\/secure.gravatar.com\/avatar\/e2835a76ca7c31a2416b2d51c4ec9a8f?s=96&d=mm&r=g","contentUrl":"https:\/\/secure.gravatar.com\/avatar\/e2835a76ca7c31a2416b2d51c4ec9a8f?s=96&d=mm&r=g","caption":"M M"},"sameAs":["http:\/\/MM"],"url":"https:\/\/permbledhja.com\/sq\/author\/muhamet\/"}]}},"_links":{"self":[{"href":"https:\/\/permbledhja.com\/sq\/wp-json\/wp\/v2\/posts\/37754"}],"collection":[{"href":"https:\/\/permbledhja.com\/sq\/wp-json\/wp\/v2\/posts"}],"about":[{"href":"https:\/\/permbledhja.com\/sq\/wp-json\/wp\/v2\/types\/post"}],"author":[{"embeddable":true,"href":"https:\/\/permbledhja.com\/sq\/wp-json\/wp\/v2\/users\/2"}],"replies":[{"embeddable":true,"href":"https:\/\/permbledhja.com\/sq\/wp-json\/wp\/v2\/comments?post=37754"}],"version-history":[{"count":1,"href":"https:\/\/permbledhja.com\/sq\/wp-json\/wp\/v2\/posts\/37754\/revisions"}],"predecessor-version":[{"id":37756,"href":"https:\/\/permbledhja.com\/sq\/wp-json\/wp\/v2\/posts\/37754\/revisions\/37756"}],"wp:featuredmedia":[{"embeddable":true,"href":"https:\/\/permbledhja.com\/sq\/wp-json\/wp\/v2\/media\/37755"}],"wp:attachment":[{"href":"https:\/\/permbledhja.com\/sq\/wp-json\/wp\/v2\/media?parent=37754"}],"wp:term":[{"taxonomy":"category","embeddable":true,"href":"https:\/\/permbledhja.com\/sq\/wp-json\/wp\/v2\/categories?post=37754"},{"taxonomy":"post_tag","embeddable":true,"href":"https:\/\/permbledhja.com\/sq\/wp-json\/wp\/v2\/tags?post=37754"}],"curies":[{"name":"wp","href":"https:\/\/api.w.org\/{rel}","templated":true}]}}