{"id":37745,"date":"2023-11-28T08:54:27","date_gmt":"2023-11-28T08:54:27","guid":{"rendered":"https:\/\/permbledhja.com\/?p=37745"},"modified":"2023-11-28T09:44:36","modified_gmt":"2023-11-28T09:44:36","slug":"osmani-e-konjufca-bejne-homazhe-ne-prekaz","status":"publish","type":"post","link":"https:\/\/permbledhja.com\/sq\/osmani-e-konjufca-bejne-homazhe-ne-prekaz\/","title":{"rendered":"Osmani e Konjufca b\u00ebjn\u00eb homazhe n\u00eb Prekaz"},"content":{"rendered":"<h3>Presidentja e Kosov\u00ebs, Vjosa Osmani dhe kreu i Kuvendi Glauk Konjufca kan\u00eb b\u00ebr\u00eb homazhe n\u00eb Kompleksin Memorial \u201cAdem Jashari\u201d, n\u00eb Prekaz, me rastin e 28 N\u00ebntorit<\/h3>\n<p>Me k\u00ebt\u00eb rast e para e shtetit tha se n\u00eb k\u00ebt\u00eb dit\u00eb po festohen tri festa Dita e Flamurit, dit\u00eblindja e komandantit Adem Jashari dhe dalja p\u00ebr her\u00eb n\u00eb sken\u00eb e U\u00c7K-s\u00eb.<\/p>\n<p>Kjo dit\u00eb tha ajo na e kujton \u00e7mimin e lart\u00eb t\u00eb liris\u00eb dhe sakrificat q\u00eb jan\u00eb b\u00ebr\u00eb nd\u00ebr shekuj, madje tha se kjo dit\u00eb duhet t\u00eb jet\u00eb dit\u00eb teflektimi p\u00ebr at\u00eb q\u00eb kan\u00eb b\u00ebr\u00eb t\u00eb gjith\u00eb heronjt\u00eb.<\/p>\n<p>Osmani pohoi se nderimi p\u00ebr Familjen Jashari do t\u00eb jet\u00eb i vazhdueshme duke shtuar se p\u00ebr k\u00ebt\u00eb familje respekti duhet t\u00eb jet\u00eb i jasht\u00ebzakonsh\u00ebm.<\/p>\n<p>\u201cSot e fillojm\u00eb k\u00ebt\u00eb dit\u00eb historike duke e nderuar nj\u00eb familje si familja \u00ebsht\u00eb familja Jashari duke e sh\u00ebnuar dit\u00eblindjen e heroit dhe daljen e U\u00c7K-s\u00eb. Kjo dit\u00eb na kujton \u00e7mimin e liris\u00eb, \u00e7mimin e lart\u00eb t\u00eb liris\u00eb dhe sakrificave q\u00eb jan\u00eb b\u00ebr\u00eb p\u00ebr shekuj q\u00eb ne t\u00eb jemi t\u00eb lir\u00eb\u201d.<\/p>\n<p>\u201c\u00cbsht\u00eb moment reflektimi p\u00ebr at\u00eb q\u00eb heronj tan\u00eb kan\u00eb b\u00ebr\u00eb q\u00eb nga Sk\u00ebnderbeu e deri te Ismail Qemajli e te komandanti Adem Jashari. Lavdi t\u00eb gjith\u00eb atyre q\u00eb kan\u00eb dh\u00ebn\u00eb p\u00ebr lirin\u00eb dhe respekt i jasht\u00ebzakonsh\u00ebm p\u00ebr familjen Jashari\u201d.<\/p>\n<p>Nga ana tjet\u00ebr, Konjufca ka shprehur nderimet p\u00ebr familjen Jashari dhe ka theksuar r\u00ebnd\u00ebsin\u00eb e vendit ku ndodhet kompleksi memorial n\u00eb Prekaz.<\/p>\n<p>Ai gjithashtu ka p\u00ebrmendur dat\u00ebn e 28 n\u00ebntorit si nj\u00eb dit\u00eb historike p\u00ebr popullin e Kosov\u00ebs duke i lavd\u00ebruar sakrificat e d\u00ebshmor\u00ebve p\u00ebr liri.<\/p>\n<p>\u201c28 n\u00ebntori n\u00eb Kosov\u00eb gjithmon\u00eb fillon n\u00eb Prekaz k\u00ebtu ku ka ndodhur sakrifica m\u00eb e lart\u00eb E POPULLIT T\u00cb Kosov\u00ebs p\u00ebr liri dhe k\u00ebtu ku \u00ebsht\u00eb ngjizur lufta e lavdishme e UCK-s\u00eb. Po ashtu kjo dat\u00eb \u00ebsht\u00eb dalja publike e U\u00c7K-s\u00eb e po ashtu \u00ebsht\u00eb dit\u00eblindja e heroit Adem Jashari. N\u00ebnor\u00ebt do t\u00eb festohen gjithmon\u00eb uroj q\u00eb neve t\u00eb na gjejn\u00eb gjithmon\u00eb m\u00eb t\u00eb bashkuar e gjithnj\u00eb m\u00eb t\u00eb fort\u00eb. Lavdi d\u00ebshmoreve dhe urime dita e flamurit gjith\u00eb shqiptar\u00ebve kudo q\u00eb jetojn\u00eb ata\u201d, ka deklaruar Konjufca para mediave.<\/p>\n<p>&nbsp;<\/p>\n<div class=\"lm-zs-enabled overlay-plain\" data-lm-zs-src=\"[&quot;https:\/\/www.gazetaexpress.com\/wp-content\/uploads\/2023\/03\/Edita-Tahiri-Foto-intervista-600x360-1.jpeg&quot;, &quot;https:\/\/www.gazetaexpress.com\/wp-content\/uploads\/2023\/11\/thumbs_b_c_e03f3f95d2d8ae0e82ea77385012dab4.jpg&quot;, &quot;https:\/\/www.gazetaexpress.com\/wp-content\/uploads\/2023\/11\/FFSF.jpg&quot;, &quot;https:\/\/www.gazetaexpress.com\/wp-content\/uploads\/2023\/11\/Capture-234.jpg&quot;]\">\n<div class=\"lm-zs-slideshow\">\n<div class=\"lm-click-for-story\"><\/div>\n<\/div>\n<\/div>\n<p>&nbsp;<\/p>\n<p>&nbsp;<\/p>\n","protected":false},"excerpt":{"rendered":"<p>Presidentja e Kosov\u00ebs, Vjosa Osmani dhe kreu i Kuvendi Glauk Konjufca kan\u00eb b\u00ebr\u00eb homazhe n\u00eb Kompleksin Memorial \u201cAdem Jashari\u201d, n\u00eb Prekaz, me rastin e 28 N\u00ebntorit Me k\u00ebt\u00eb rast e para e shtetit tha se n\u00eb k\u00ebt\u00eb dit\u00eb po festohen tri festa Dita e Flamurit, dit\u00eblindja e komandantit Adem Jashari dhe dalja p\u00ebr her\u00eb n\u00eb [&hellip;]<\/p>\n","protected":false},"author":2,"featured_media":37747,"comment_status":"closed","ping_status":"closed","sticky":false,"template":"","format":"standard","meta":{"_monsterinsights_skip_tracking":false,"_monsterinsights_sitenote_active":false,"_monsterinsights_sitenote_note":"","_monsterinsights_sitenote_category":0,"_uf_show_specific_survey":0,"_uf_disable_surveys":false,"footnotes":""},"categories":[2645],"tags":[24,163],"yoast_head":"<!-- This site is optimized with the Yoast SEO plugin v21.5 - https:\/\/yoast.com\/wordpress\/plugins\/seo\/ -->\n<title>Osmani e Konjufca b\u00ebjn\u00eb homazhe n\u00eb Prekaz<\/title>\n<meta name=\"robots\" content=\"index, follow, max-snippet:-1, max-image-preview:large, max-video-preview:-1\" \/>\n<link rel=\"canonical\" href=\"https:\/\/permbledhja.com\/sq\/osmani-e-konjufca-bejne-homazhe-ne-prekaz\/\" \/>\n<meta property=\"og:locale\" content=\"sq_AL\" \/>\n<meta property=\"og:type\" content=\"article\" \/>\n<meta property=\"og:title\" content=\"Osmani e Konjufca b\u00ebjn\u00eb homazhe n\u00eb Prekaz\" \/>\n<meta property=\"og:description\" content=\"Presidentja e Kosov\u00ebs, Vjosa Osmani dhe kreu i Kuvendi Glauk Konjufca kan\u00eb b\u00ebr\u00eb homazhe n\u00eb Kompleksin Memorial \u201cAdem Jashari\u201d, n\u00eb Prekaz, me rastin e 28 N\u00ebntorit Me k\u00ebt\u00eb rast e para e shtetit tha se n\u00eb k\u00ebt\u00eb dit\u00eb po festohen tri festa Dita e Flamurit, dit\u00eblindja e komandantit Adem Jashari dhe dalja p\u00ebr her\u00eb n\u00eb [&hellip;]\" \/>\n<meta property=\"og:url\" content=\"https:\/\/permbledhja.com\/sq\/osmani-e-konjufca-bejne-homazhe-ne-prekaz\/\" \/>\n<meta property=\"og:site_name\" content=\"Ve\u00e7 artikuj p\u00ebrmbledh\u00ebs\" \/>\n<meta property=\"article:publisher\" content=\"https:\/\/www.facebook.com\/press07\/\" \/>\n<meta property=\"article:published_time\" content=\"2023-11-28T08:54:27+00:00\" \/>\n<meta property=\"article:modified_time\" content=\"2023-11-28T09:44:36+00:00\" \/>\n<meta property=\"og:image\" content=\"https:\/\/permbledhja.com\/wp-content\/uploads\/2023\/11\/403625842_3673506696254410_3545973026889397619_n-1-1920x1440-1-600x360-1.jpg\" \/>\n\t<meta property=\"og:image:width\" content=\"600\" \/>\n\t<meta property=\"og:image:height\" content=\"360\" \/>\n\t<meta property=\"og:image:type\" content=\"image\/jpeg\" \/>\n<meta name=\"author\" content=\"M M\" \/>\n<meta name=\"twitter:card\" content=\"summary_large_image\" \/>\n<meta name=\"twitter:label1\" content=\"Written by\" \/>\n\t<meta name=\"twitter:data1\" content=\"M M\" \/>\n\t<meta name=\"twitter:label2\" content=\"Est. reading time\" \/>\n\t<meta name=\"twitter:data2\" content=\"2 minuta\" \/>\n<script type=\"application\/ld+json\" class=\"yoast-schema-graph\">{\"@context\":\"https:\/\/schema.org\",\"@graph\":[{\"@type\":\"Article\",\"@id\":\"https:\/\/permbledhja.com\/osmani-e-konjufca-bejne-homazhe-ne-prekaz\/#article\",\"isPartOf\":{\"@id\":\"https:\/\/permbledhja.com\/osmani-e-konjufca-bejne-homazhe-ne-prekaz\/\"},\"author\":{\"name\":\"M M\",\"@id\":\"https:\/\/permbledhja.com\/#\/schema\/person\/d23f13f59b5722643933d6780783acf3\"},\"headline\":\"Osmani e Konjufca b\u00ebjn\u00eb homazhe n\u00eb Prekaz\",\"datePublished\":\"2023-11-28T08:54:27+00:00\",\"dateModified\":\"2023-11-28T09:44:36+00:00\",\"mainEntityOfPage\":{\"@id\":\"https:\/\/permbledhja.com\/osmani-e-konjufca-bejne-homazhe-ne-prekaz\/\"},\"wordCount\":406,\"publisher\":{\"@id\":\"https:\/\/permbledhja.com\/#organization\"},\"keywords\":[\"Glauk Konjufca\",\"Vjosa Osmani\"],\"articleSection\":[\"T\u00eb r\u00ebnd\u00ebsishme\"],\"inLanguage\":\"sq\"},{\"@type\":\"WebPage\",\"@id\":\"https:\/\/permbledhja.com\/osmani-e-konjufca-bejne-homazhe-ne-prekaz\/\",\"url\":\"https:\/\/permbledhja.com\/osmani-e-konjufca-bejne-homazhe-ne-prekaz\/\",\"name\":\"Osmani e Konjufca b\u00ebjn\u00eb homazhe n\u00eb Prekaz\",\"isPartOf\":{\"@id\":\"https:\/\/permbledhja.com\/#website\"},\"datePublished\":\"2023-11-28T08:54:27+00:00\",\"dateModified\":\"2023-11-28T09:44:36+00:00\",\"breadcrumb\":{\"@id\":\"https:\/\/permbledhja.com\/osmani-e-konjufca-bejne-homazhe-ne-prekaz\/#breadcrumb\"},\"inLanguage\":\"sq\",\"potentialAction\":[{\"@type\":\"ReadAction\",\"target\":[\"https:\/\/permbledhja.com\/osmani-e-konjufca-bejne-homazhe-ne-prekaz\/\"]}]},{\"@type\":\"BreadcrumbList\",\"@id\":\"https:\/\/permbledhja.com\/osmani-e-konjufca-bejne-homazhe-ne-prekaz\/#breadcrumb\",\"itemListElement\":[{\"@type\":\"ListItem\",\"position\":1,\"name\":\"Ballina\",\"item\":\"https:\/\/permbledhja.com\/sq\/\"},{\"@type\":\"ListItem\",\"position\":2,\"name\":\"Osmani e Konjufca b\u00ebjn\u00eb homazhe n\u00eb Prekaz\"}]},{\"@type\":\"WebSite\",\"@id\":\"https:\/\/permbledhja.com\/#website\",\"url\":\"https:\/\/permbledhja.com\/\",\"name\":\"Ve\u00e7 artikuj p\u00ebrmbledh\u00ebs\",\"description\":\"\",\"publisher\":{\"@id\":\"https:\/\/permbledhja.com\/#organization\"},\"potentialAction\":[{\"@type\":\"SearchAction\",\"target\":{\"@type\":\"EntryPoint\",\"urlTemplate\":\"https:\/\/permbledhja.com\/?s={search_term_string}\"},\"query-input\":\"required name=search_term_string\"}],\"inLanguage\":\"sq\"},{\"@type\":\"Organization\",\"@id\":\"https:\/\/permbledhja.com\/#organization\",\"name\":\"MK Media & Pr\",\"url\":\"https:\/\/permbledhja.com\/\",\"logo\":{\"@type\":\"ImageObject\",\"inLanguage\":\"sq\",\"@id\":\"https:\/\/permbledhja.com\/#\/schema\/logo\/image\/\",\"url\":\"https:\/\/permbledhja.com\/wp-content\/uploads\/2021\/12\/07-Press-Logo.jpg\",\"contentUrl\":\"https:\/\/permbledhja.com\/wp-content\/uploads\/2021\/12\/07-Press-Logo.jpg\",\"width\":512,\"height\":512,\"caption\":\"MK Media & Pr\"},\"image\":{\"@id\":\"https:\/\/permbledhja.com\/#\/schema\/logo\/image\/\"},\"sameAs\":[\"https:\/\/www.facebook.com\/press07\/\"]},{\"@type\":\"Person\",\"@id\":\"https:\/\/permbledhja.com\/#\/schema\/person\/d23f13f59b5722643933d6780783acf3\",\"name\":\"M M\",\"image\":{\"@type\":\"ImageObject\",\"inLanguage\":\"sq\",\"@id\":\"https:\/\/permbledhja.com\/#\/schema\/person\/image\/\",\"url\":\"https:\/\/secure.gravatar.com\/avatar\/e2835a76ca7c31a2416b2d51c4ec9a8f?s=96&d=mm&r=g\",\"contentUrl\":\"https:\/\/secure.gravatar.com\/avatar\/e2835a76ca7c31a2416b2d51c4ec9a8f?s=96&d=mm&r=g\",\"caption\":\"M M\"},\"sameAs\":[\"http:\/\/MM\"],\"url\":\"https:\/\/permbledhja.com\/sq\/author\/muhamet\/\"}]}<\/script>\n<!-- \/ Yoast SEO plugin. -->","yoast_head_json":{"title":"Osmani e Konjufca b\u00ebjn\u00eb homazhe n\u00eb Prekaz","robots":{"index":"index","follow":"follow","max-snippet":"max-snippet:-1","max-image-preview":"max-image-preview:large","max-video-preview":"max-video-preview:-1"},"canonical":"https:\/\/permbledhja.com\/sq\/osmani-e-konjufca-bejne-homazhe-ne-prekaz\/","og_locale":"sq_AL","og_type":"article","og_title":"Osmani e Konjufca b\u00ebjn\u00eb homazhe n\u00eb Prekaz","og_description":"Presidentja e Kosov\u00ebs, Vjosa Osmani dhe kreu i Kuvendi Glauk Konjufca kan\u00eb b\u00ebr\u00eb homazhe n\u00eb Kompleksin Memorial \u201cAdem Jashari\u201d, n\u00eb Prekaz, me rastin e 28 N\u00ebntorit Me k\u00ebt\u00eb rast e para e shtetit tha se n\u00eb k\u00ebt\u00eb dit\u00eb po festohen tri festa Dita e Flamurit, dit\u00eblindja e komandantit Adem Jashari dhe dalja p\u00ebr her\u00eb n\u00eb [&hellip;]","og_url":"https:\/\/permbledhja.com\/sq\/osmani-e-konjufca-bejne-homazhe-ne-prekaz\/","og_site_name":"Ve\u00e7 artikuj p\u00ebrmbledh\u00ebs","article_publisher":"https:\/\/www.facebook.com\/press07\/","article_published_time":"2023-11-28T08:54:27+00:00","article_modified_time":"2023-11-28T09:44:36+00:00","og_image":[{"width":600,"height":360,"url":"https:\/\/permbledhja.com\/wp-content\/uploads\/2023\/11\/403625842_3673506696254410_3545973026889397619_n-1-1920x1440-1-600x360-1.jpg","type":"image\/jpeg"}],"author":"M M","twitter_card":"summary_large_image","twitter_misc":{"Written by":"M M","Est. reading time":"2 minuta"},"schema":{"@context":"https:\/\/schema.org","@graph":[{"@type":"Article","@id":"https:\/\/permbledhja.com\/osmani-e-konjufca-bejne-homazhe-ne-prekaz\/#article","isPartOf":{"@id":"https:\/\/permbledhja.com\/osmani-e-konjufca-bejne-homazhe-ne-prekaz\/"},"author":{"name":"M M","@id":"https:\/\/permbledhja.com\/#\/schema\/person\/d23f13f59b5722643933d6780783acf3"},"headline":"Osmani e Konjufca b\u00ebjn\u00eb homazhe n\u00eb Prekaz","datePublished":"2023-11-28T08:54:27+00:00","dateModified":"2023-11-28T09:44:36+00:00","mainEntityOfPage":{"@id":"https:\/\/permbledhja.com\/osmani-e-konjufca-bejne-homazhe-ne-prekaz\/"},"wordCount":406,"publisher":{"@id":"https:\/\/permbledhja.com\/#organization"},"keywords":["Glauk Konjufca","Vjosa Osmani"],"articleSection":["T\u00eb r\u00ebnd\u00ebsishme"],"inLanguage":"sq"},{"@type":"WebPage","@id":"https:\/\/permbledhja.com\/osmani-e-konjufca-bejne-homazhe-ne-prekaz\/","url":"https:\/\/permbledhja.com\/osmani-e-konjufca-bejne-homazhe-ne-prekaz\/","name":"Osmani e Konjufca b\u00ebjn\u00eb homazhe n\u00eb Prekaz","isPartOf":{"@id":"https:\/\/permbledhja.com\/#website"},"datePublished":"2023-11-28T08:54:27+00:00","dateModified":"2023-11-28T09:44:36+00:00","breadcrumb":{"@id":"https:\/\/permbledhja.com\/osmani-e-konjufca-bejne-homazhe-ne-prekaz\/#breadcrumb"},"inLanguage":"sq","potentialAction":[{"@type":"ReadAction","target":["https:\/\/permbledhja.com\/osmani-e-konjufca-bejne-homazhe-ne-prekaz\/"]}]},{"@type":"BreadcrumbList","@id":"https:\/\/permbledhja.com\/osmani-e-konjufca-bejne-homazhe-ne-prekaz\/#breadcrumb","itemListElement":[{"@type":"ListItem","position":1,"name":"Ballina","item":"https:\/\/permbledhja.com\/sq\/"},{"@type":"ListItem","position":2,"name":"Osmani e Konjufca b\u00ebjn\u00eb homazhe n\u00eb Prekaz"}]},{"@type":"WebSite","@id":"https:\/\/permbledhja.com\/#website","url":"https:\/\/permbledhja.com\/","name":"Ve\u00e7 artikuj p\u00ebrmbledh\u00ebs","description":"","publisher":{"@id":"https:\/\/permbledhja.com\/#organization"},"potentialAction":[{"@type":"SearchAction","target":{"@type":"EntryPoint","urlTemplate":"https:\/\/permbledhja.com\/?s={search_term_string}"},"query-input":"required name=search_term_string"}],"inLanguage":"sq"},{"@type":"Organization","@id":"https:\/\/permbledhja.com\/#organization","name":"MK Media & Pr","url":"https:\/\/permbledhja.com\/","logo":{"@type":"ImageObject","inLanguage":"sq","@id":"https:\/\/permbledhja.com\/#\/schema\/logo\/image\/","url":"https:\/\/permbledhja.com\/wp-content\/uploads\/2021\/12\/07-Press-Logo.jpg","contentUrl":"https:\/\/permbledhja.com\/wp-content\/uploads\/2021\/12\/07-Press-Logo.jpg","width":512,"height":512,"caption":"MK Media & Pr"},"image":{"@id":"https:\/\/permbledhja.com\/#\/schema\/logo\/image\/"},"sameAs":["https:\/\/www.facebook.com\/press07\/"]},{"@type":"Person","@id":"https:\/\/permbledhja.com\/#\/schema\/person\/d23f13f59b5722643933d6780783acf3","name":"M M","image":{"@type":"ImageObject","inLanguage":"sq","@id":"https:\/\/permbledhja.com\/#\/schema\/person\/image\/","url":"https:\/\/secure.gravatar.com\/avatar\/e2835a76ca7c31a2416b2d51c4ec9a8f?s=96&d=mm&r=g","contentUrl":"https:\/\/secure.gravatar.com\/avatar\/e2835a76ca7c31a2416b2d51c4ec9a8f?s=96&d=mm&r=g","caption":"M M"},"sameAs":["http:\/\/MM"],"url":"https:\/\/permbledhja.com\/sq\/author\/muhamet\/"}]}},"_links":{"self":[{"href":"https:\/\/permbledhja.com\/sq\/wp-json\/wp\/v2\/posts\/37745"}],"collection":[{"href":"https:\/\/permbledhja.com\/sq\/wp-json\/wp\/v2\/posts"}],"about":[{"href":"https:\/\/permbledhja.com\/sq\/wp-json\/wp\/v2\/types\/post"}],"author":[{"embeddable":true,"href":"https:\/\/permbledhja.com\/sq\/wp-json\/wp\/v2\/users\/2"}],"replies":[{"embeddable":true,"href":"https:\/\/permbledhja.com\/sq\/wp-json\/wp\/v2\/comments?post=37745"}],"version-history":[{"count":1,"href":"https:\/\/permbledhja.com\/sq\/wp-json\/wp\/v2\/posts\/37745\/revisions"}],"predecessor-version":[{"id":37746,"href":"https:\/\/permbledhja.com\/sq\/wp-json\/wp\/v2\/posts\/37745\/revisions\/37746"}],"wp:featuredmedia":[{"embeddable":true,"href":"https:\/\/permbledhja.com\/sq\/wp-json\/wp\/v2\/media\/37747"}],"wp:attachment":[{"href":"https:\/\/permbledhja.com\/sq\/wp-json\/wp\/v2\/media?parent=37745"}],"wp:term":[{"taxonomy":"category","embeddable":true,"href":"https:\/\/permbledhja.com\/sq\/wp-json\/wp\/v2\/categories?post=37745"},{"taxonomy":"post_tag","embeddable":true,"href":"https:\/\/permbledhja.com\/sq\/wp-json\/wp\/v2\/tags?post=37745"}],"curies":[{"name":"wp","href":"https:\/\/api.w.org\/{rel}","templated":true}]}}