{"id":37742,"date":"2023-11-28T08:42:20","date_gmt":"2023-11-28T08:42:20","guid":{"rendered":"https:\/\/permbledhja.com\/?p=37742"},"modified":"2023-11-28T08:42:20","modified_gmt":"2023-11-28T08:42:20","slug":"u-nis-dje-nga-prishtina-duke-vrapuar-eshte-gati-te-arrije-ne-tirane-atleti-erzen-zymberaj","status":"publish","type":"post","link":"https:\/\/permbledhja.com\/sq\/u-nis-dje-nga-prishtina-duke-vrapuar-eshte-gati-te-arrije-ne-tirane-atleti-erzen-zymberaj\/","title":{"rendered":"U nis dje nga Prishtina duke vrapuar, \u00ebsht\u00eb gati t\u00eb arrij\u00eb n\u00eb Tiran\u00eb atleti Erzen Zymberaj"},"content":{"rendered":"<h3>Ka arritur n\u00eb 60 kilometrat e fundit Erzen Zyberaj atleti kosovar i cili \u00ebsht\u00eb nisur dje nga Prishtina p\u00ebr n\u00eb Tiran\u00eb duke vrapuar.<\/h3>\n<p>Njer\u00ebzit q\u00eb ndodhen me t\u00eb ka shp\u00ebrndar\u00eb video n\u00eb Facebookun e atletit, duke treguar se ai tashm\u00eb ndodhet shum\u00eb pran\u00eb Tiran\u00ebs.<\/p>\n<p>Dje, kryetari i komun\u00ebs s\u00eb Prishtin\u00ebs, P\u00ebrparim Rama, ka uruar atletin Zyberaj p\u00ebr k\u00ebt\u00eb rrug\u00ebtim prej 260 kilometrash.<\/p>\n<p>\u201cKy vrapim \u00ebsht\u00eb nj\u00eb shprehje e v\u00ebrtet\u00eb e dashuris\u00eb dhe respektit ndaj flamurit komb\u00ebtar. Atleti yn\u00eb po b\u00ebn\u00eb nj\u00eb udh\u00ebtim t\u00eb shk\u00eblqyer p\u00ebr t\u00eb sjell\u00eb bashk\u00eb me vete frym\u00ebn e pavar\u00ebsis\u00eb dhe lavdis\u00eb q\u00eb flamuri simbolizon\u201d,\u00a0ka shkruar n\u00eb Facebook, kryebashkiaku i Prishtin\u00ebs.<\/p>\n<p><iframe loading=\"lazy\" style=\"border: none; overflow: hidden;\" src=\"https:\/\/www.facebook.com\/plugins\/video.php?href=https%3A%2F%2Fwww.facebook.com%2Fbedri.zyberaj%2Fvideos%2F1284903375552453%2F%3Fref%3Dembed_video&amp;show_text=0&amp;width=267\" width=\"267\" height=\"476\" frameborder=\"0\" scrolling=\"no\" allowfullscreen=\"allowfullscreen\"><\/iframe><\/p>\n","protected":false},"excerpt":{"rendered":"<p>Ka arritur n\u00eb 60 kilometrat e fundit Erzen Zyberaj atleti kosovar i cili \u00ebsht\u00eb nisur dje nga Prishtina p\u00ebr n\u00eb Tiran\u00eb duke vrapuar. Njer\u00ebzit q\u00eb ndodhen me t\u00eb ka shp\u00ebrndar\u00eb video n\u00eb Facebookun e atletit, duke treguar se ai tashm\u00eb ndodhet shum\u00eb pran\u00eb Tiran\u00ebs. Dje, kryetari i komun\u00ebs s\u00eb Prishtin\u00ebs, P\u00ebrparim Rama, ka uruar atletin [&hellip;]<\/p>\n","protected":false},"author":2,"featured_media":37743,"comment_status":"closed","ping_status":"closed","sticky":false,"template":"","format":"standard","meta":{"_monsterinsights_skip_tracking":false,"_monsterinsights_sitenote_active":false,"_monsterinsights_sitenote_note":"","_monsterinsights_sitenote_category":0,"_uf_show_specific_survey":0,"_uf_disable_surveys":false,"footnotes":""},"categories":[15],"tags":[2711],"yoast_head":"<!-- This site is optimized with the Yoast SEO plugin v21.5 - https:\/\/yoast.com\/wordpress\/plugins\/seo\/ -->\n<title>U nis dje nga Prishtina duke vrapuar, \u00ebsht\u00eb gati t\u00eb arrij\u00eb n\u00eb Tiran\u00eb atleti Erzen Zymberaj<\/title>\n<meta name=\"robots\" content=\"index, follow, max-snippet:-1, max-image-preview:large, max-video-preview:-1\" \/>\n<link rel=\"canonical\" href=\"https:\/\/permbledhja.com\/sq\/u-nis-dje-nga-prishtina-duke-vrapuar-eshte-gati-te-arrije-ne-tirane-atleti-erzen-zymberaj\/\" \/>\n<meta property=\"og:locale\" content=\"sq_AL\" \/>\n<meta property=\"og:type\" content=\"article\" \/>\n<meta property=\"og:title\" content=\"U nis dje nga Prishtina duke vrapuar, \u00ebsht\u00eb gati t\u00eb arrij\u00eb n\u00eb Tiran\u00eb atleti Erzen Zymberaj\" \/>\n<meta property=\"og:description\" content=\"Ka arritur n\u00eb 60 kilometrat e fundit Erzen Zyberaj atleti kosovar i cili \u00ebsht\u00eb nisur dje nga Prishtina p\u00ebr n\u00eb Tiran\u00eb duke vrapuar. Njer\u00ebzit q\u00eb ndodhen me t\u00eb ka shp\u00ebrndar\u00eb video n\u00eb Facebookun e atletit, duke treguar se ai tashm\u00eb ndodhet shum\u00eb pran\u00eb Tiran\u00ebs. Dje, kryetari i komun\u00ebs s\u00eb Prishtin\u00ebs, P\u00ebrparim Rama, ka uruar atletin [&hellip;]\" \/>\n<meta property=\"og:url\" content=\"https:\/\/permbledhja.com\/sq\/u-nis-dje-nga-prishtina-duke-vrapuar-eshte-gati-te-arrije-ne-tirane-atleti-erzen-zymberaj\/\" \/>\n<meta property=\"og:site_name\" content=\"Ve\u00e7 artikuj p\u00ebrmbledh\u00ebs\" \/>\n<meta property=\"article:publisher\" content=\"https:\/\/www.facebook.com\/press07\/\" \/>\n<meta property=\"article:published_time\" content=\"2023-11-28T08:42:20+00:00\" \/>\n<meta property=\"og:image\" content=\"https:\/\/permbledhja.com\/wp-content\/uploads\/2023\/11\/Capture-22.jpg\" \/>\n\t<meta property=\"og:image:width\" content=\"692\" \/>\n\t<meta property=\"og:image:height\" content=\"488\" \/>\n\t<meta property=\"og:image:type\" content=\"image\/jpeg\" \/>\n<meta name=\"author\" content=\"M M\" \/>\n<meta name=\"twitter:card\" content=\"summary_large_image\" \/>\n<meta name=\"twitter:label1\" content=\"Written by\" \/>\n\t<meta name=\"twitter:data1\" content=\"M M\" \/>\n\t<meta name=\"twitter:label2\" content=\"Est. reading time\" \/>\n\t<meta name=\"twitter:data2\" content=\"1 minut\u00eb\" \/>\n<script type=\"application\/ld+json\" class=\"yoast-schema-graph\">{\"@context\":\"https:\/\/schema.org\",\"@graph\":[{\"@type\":\"Article\",\"@id\":\"https:\/\/permbledhja.com\/u-nis-dje-nga-prishtina-duke-vrapuar-eshte-gati-te-arrije-ne-tirane-atleti-erzen-zymberaj\/#article\",\"isPartOf\":{\"@id\":\"https:\/\/permbledhja.com\/u-nis-dje-nga-prishtina-duke-vrapuar-eshte-gati-te-arrije-ne-tirane-atleti-erzen-zymberaj\/\"},\"author\":{\"name\":\"M M\",\"@id\":\"https:\/\/permbledhja.com\/#\/schema\/person\/d23f13f59b5722643933d6780783acf3\"},\"headline\":\"U nis dje nga Prishtina duke vrapuar, \u00ebsht\u00eb gati t\u00eb arrij\u00eb n\u00eb Tiran\u00eb atleti Erzen Zymberaj\",\"datePublished\":\"2023-11-28T08:42:20+00:00\",\"dateModified\":\"2023-11-28T08:42:20+00:00\",\"mainEntityOfPage\":{\"@id\":\"https:\/\/permbledhja.com\/u-nis-dje-nga-prishtina-duke-vrapuar-eshte-gati-te-arrije-ne-tirane-atleti-erzen-zymberaj\/\"},\"wordCount\":138,\"publisher\":{\"@id\":\"https:\/\/permbledhja.com\/#organization\"},\"keywords\":[\"Atleti\"],\"articleSection\":[\"Lajme\"],\"inLanguage\":\"sq\"},{\"@type\":\"WebPage\",\"@id\":\"https:\/\/permbledhja.com\/u-nis-dje-nga-prishtina-duke-vrapuar-eshte-gati-te-arrije-ne-tirane-atleti-erzen-zymberaj\/\",\"url\":\"https:\/\/permbledhja.com\/u-nis-dje-nga-prishtina-duke-vrapuar-eshte-gati-te-arrije-ne-tirane-atleti-erzen-zymberaj\/\",\"name\":\"U nis dje nga Prishtina duke vrapuar, \u00ebsht\u00eb gati t\u00eb arrij\u00eb n\u00eb Tiran\u00eb atleti Erzen Zymberaj\",\"isPartOf\":{\"@id\":\"https:\/\/permbledhja.com\/#website\"},\"datePublished\":\"2023-11-28T08:42:20+00:00\",\"dateModified\":\"2023-11-28T08:42:20+00:00\",\"breadcrumb\":{\"@id\":\"https:\/\/permbledhja.com\/u-nis-dje-nga-prishtina-duke-vrapuar-eshte-gati-te-arrije-ne-tirane-atleti-erzen-zymberaj\/#breadcrumb\"},\"inLanguage\":\"sq\",\"potentialAction\":[{\"@type\":\"ReadAction\",\"target\":[\"https:\/\/permbledhja.com\/u-nis-dje-nga-prishtina-duke-vrapuar-eshte-gati-te-arrije-ne-tirane-atleti-erzen-zymberaj\/\"]}]},{\"@type\":\"BreadcrumbList\",\"@id\":\"https:\/\/permbledhja.com\/u-nis-dje-nga-prishtina-duke-vrapuar-eshte-gati-te-arrije-ne-tirane-atleti-erzen-zymberaj\/#breadcrumb\",\"itemListElement\":[{\"@type\":\"ListItem\",\"position\":1,\"name\":\"Ballina\",\"item\":\"https:\/\/permbledhja.com\/sq\/\"},{\"@type\":\"ListItem\",\"position\":2,\"name\":\"U nis dje nga Prishtina duke vrapuar, \u00ebsht\u00eb gati t\u00eb arrij\u00eb n\u00eb Tiran\u00eb atleti Erzen Zymberaj\"}]},{\"@type\":\"WebSite\",\"@id\":\"https:\/\/permbledhja.com\/#website\",\"url\":\"https:\/\/permbledhja.com\/\",\"name\":\"Ve\u00e7 artikuj p\u00ebrmbledh\u00ebs\",\"description\":\"\",\"publisher\":{\"@id\":\"https:\/\/permbledhja.com\/#organization\"},\"potentialAction\":[{\"@type\":\"SearchAction\",\"target\":{\"@type\":\"EntryPoint\",\"urlTemplate\":\"https:\/\/permbledhja.com\/?s={search_term_string}\"},\"query-input\":\"required name=search_term_string\"}],\"inLanguage\":\"sq\"},{\"@type\":\"Organization\",\"@id\":\"https:\/\/permbledhja.com\/#organization\",\"name\":\"MK Media & Pr\",\"url\":\"https:\/\/permbledhja.com\/\",\"logo\":{\"@type\":\"ImageObject\",\"inLanguage\":\"sq\",\"@id\":\"https:\/\/permbledhja.com\/#\/schema\/logo\/image\/\",\"url\":\"https:\/\/permbledhja.com\/wp-content\/uploads\/2021\/12\/07-Press-Logo.jpg\",\"contentUrl\":\"https:\/\/permbledhja.com\/wp-content\/uploads\/2021\/12\/07-Press-Logo.jpg\",\"width\":512,\"height\":512,\"caption\":\"MK Media & Pr\"},\"image\":{\"@id\":\"https:\/\/permbledhja.com\/#\/schema\/logo\/image\/\"},\"sameAs\":[\"https:\/\/www.facebook.com\/press07\/\"]},{\"@type\":\"Person\",\"@id\":\"https:\/\/permbledhja.com\/#\/schema\/person\/d23f13f59b5722643933d6780783acf3\",\"name\":\"M M\",\"image\":{\"@type\":\"ImageObject\",\"inLanguage\":\"sq\",\"@id\":\"https:\/\/permbledhja.com\/#\/schema\/person\/image\/\",\"url\":\"https:\/\/secure.gravatar.com\/avatar\/e2835a76ca7c31a2416b2d51c4ec9a8f?s=96&d=mm&r=g\",\"contentUrl\":\"https:\/\/secure.gravatar.com\/avatar\/e2835a76ca7c31a2416b2d51c4ec9a8f?s=96&d=mm&r=g\",\"caption\":\"M M\"},\"sameAs\":[\"http:\/\/MM\"],\"url\":\"https:\/\/permbledhja.com\/sq\/author\/muhamet\/\"}]}<\/script>\n<!-- \/ Yoast SEO plugin. -->","yoast_head_json":{"title":"U nis dje nga Prishtina duke vrapuar, \u00ebsht\u00eb gati t\u00eb arrij\u00eb n\u00eb Tiran\u00eb atleti Erzen Zymberaj","robots":{"index":"index","follow":"follow","max-snippet":"max-snippet:-1","max-image-preview":"max-image-preview:large","max-video-preview":"max-video-preview:-1"},"canonical":"https:\/\/permbledhja.com\/sq\/u-nis-dje-nga-prishtina-duke-vrapuar-eshte-gati-te-arrije-ne-tirane-atleti-erzen-zymberaj\/","og_locale":"sq_AL","og_type":"article","og_title":"U nis dje nga Prishtina duke vrapuar, \u00ebsht\u00eb gati t\u00eb arrij\u00eb n\u00eb Tiran\u00eb atleti Erzen Zymberaj","og_description":"Ka arritur n\u00eb 60 kilometrat e fundit Erzen Zyberaj atleti kosovar i cili \u00ebsht\u00eb nisur dje nga Prishtina p\u00ebr n\u00eb Tiran\u00eb duke vrapuar. Njer\u00ebzit q\u00eb ndodhen me t\u00eb ka shp\u00ebrndar\u00eb video n\u00eb Facebookun e atletit, duke treguar se ai tashm\u00eb ndodhet shum\u00eb pran\u00eb Tiran\u00ebs. Dje, kryetari i komun\u00ebs s\u00eb Prishtin\u00ebs, P\u00ebrparim Rama, ka uruar atletin [&hellip;]","og_url":"https:\/\/permbledhja.com\/sq\/u-nis-dje-nga-prishtina-duke-vrapuar-eshte-gati-te-arrije-ne-tirane-atleti-erzen-zymberaj\/","og_site_name":"Ve\u00e7 artikuj p\u00ebrmbledh\u00ebs","article_publisher":"https:\/\/www.facebook.com\/press07\/","article_published_time":"2023-11-28T08:42:20+00:00","og_image":[{"width":692,"height":488,"url":"https:\/\/permbledhja.com\/wp-content\/uploads\/2023\/11\/Capture-22.jpg","type":"image\/jpeg"}],"author":"M M","twitter_card":"summary_large_image","twitter_misc":{"Written by":"M M","Est. reading time":"1 minut\u00eb"},"schema":{"@context":"https:\/\/schema.org","@graph":[{"@type":"Article","@id":"https:\/\/permbledhja.com\/u-nis-dje-nga-prishtina-duke-vrapuar-eshte-gati-te-arrije-ne-tirane-atleti-erzen-zymberaj\/#article","isPartOf":{"@id":"https:\/\/permbledhja.com\/u-nis-dje-nga-prishtina-duke-vrapuar-eshte-gati-te-arrije-ne-tirane-atleti-erzen-zymberaj\/"},"author":{"name":"M M","@id":"https:\/\/permbledhja.com\/#\/schema\/person\/d23f13f59b5722643933d6780783acf3"},"headline":"U nis dje nga Prishtina duke vrapuar, \u00ebsht\u00eb gati t\u00eb arrij\u00eb n\u00eb Tiran\u00eb atleti Erzen Zymberaj","datePublished":"2023-11-28T08:42:20+00:00","dateModified":"2023-11-28T08:42:20+00:00","mainEntityOfPage":{"@id":"https:\/\/permbledhja.com\/u-nis-dje-nga-prishtina-duke-vrapuar-eshte-gati-te-arrije-ne-tirane-atleti-erzen-zymberaj\/"},"wordCount":138,"publisher":{"@id":"https:\/\/permbledhja.com\/#organization"},"keywords":["Atleti"],"articleSection":["Lajme"],"inLanguage":"sq"},{"@type":"WebPage","@id":"https:\/\/permbledhja.com\/u-nis-dje-nga-prishtina-duke-vrapuar-eshte-gati-te-arrije-ne-tirane-atleti-erzen-zymberaj\/","url":"https:\/\/permbledhja.com\/u-nis-dje-nga-prishtina-duke-vrapuar-eshte-gati-te-arrije-ne-tirane-atleti-erzen-zymberaj\/","name":"U nis dje nga Prishtina duke vrapuar, \u00ebsht\u00eb gati t\u00eb arrij\u00eb n\u00eb Tiran\u00eb atleti Erzen Zymberaj","isPartOf":{"@id":"https:\/\/permbledhja.com\/#website"},"datePublished":"2023-11-28T08:42:20+00:00","dateModified":"2023-11-28T08:42:20+00:00","breadcrumb":{"@id":"https:\/\/permbledhja.com\/u-nis-dje-nga-prishtina-duke-vrapuar-eshte-gati-te-arrije-ne-tirane-atleti-erzen-zymberaj\/#breadcrumb"},"inLanguage":"sq","potentialAction":[{"@type":"ReadAction","target":["https:\/\/permbledhja.com\/u-nis-dje-nga-prishtina-duke-vrapuar-eshte-gati-te-arrije-ne-tirane-atleti-erzen-zymberaj\/"]}]},{"@type":"BreadcrumbList","@id":"https:\/\/permbledhja.com\/u-nis-dje-nga-prishtina-duke-vrapuar-eshte-gati-te-arrije-ne-tirane-atleti-erzen-zymberaj\/#breadcrumb","itemListElement":[{"@type":"ListItem","position":1,"name":"Ballina","item":"https:\/\/permbledhja.com\/sq\/"},{"@type":"ListItem","position":2,"name":"U nis dje nga Prishtina duke vrapuar, \u00ebsht\u00eb gati t\u00eb arrij\u00eb n\u00eb Tiran\u00eb atleti Erzen Zymberaj"}]},{"@type":"WebSite","@id":"https:\/\/permbledhja.com\/#website","url":"https:\/\/permbledhja.com\/","name":"Ve\u00e7 artikuj p\u00ebrmbledh\u00ebs","description":"","publisher":{"@id":"https:\/\/permbledhja.com\/#organization"},"potentialAction":[{"@type":"SearchAction","target":{"@type":"EntryPoint","urlTemplate":"https:\/\/permbledhja.com\/?s={search_term_string}"},"query-input":"required name=search_term_string"}],"inLanguage":"sq"},{"@type":"Organization","@id":"https:\/\/permbledhja.com\/#organization","name":"MK Media & Pr","url":"https:\/\/permbledhja.com\/","logo":{"@type":"ImageObject","inLanguage":"sq","@id":"https:\/\/permbledhja.com\/#\/schema\/logo\/image\/","url":"https:\/\/permbledhja.com\/wp-content\/uploads\/2021\/12\/07-Press-Logo.jpg","contentUrl":"https:\/\/permbledhja.com\/wp-content\/uploads\/2021\/12\/07-Press-Logo.jpg","width":512,"height":512,"caption":"MK Media & Pr"},"image":{"@id":"https:\/\/permbledhja.com\/#\/schema\/logo\/image\/"},"sameAs":["https:\/\/www.facebook.com\/press07\/"]},{"@type":"Person","@id":"https:\/\/permbledhja.com\/#\/schema\/person\/d23f13f59b5722643933d6780783acf3","name":"M M","image":{"@type":"ImageObject","inLanguage":"sq","@id":"https:\/\/permbledhja.com\/#\/schema\/person\/image\/","url":"https:\/\/secure.gravatar.com\/avatar\/e2835a76ca7c31a2416b2d51c4ec9a8f?s=96&d=mm&r=g","contentUrl":"https:\/\/secure.gravatar.com\/avatar\/e2835a76ca7c31a2416b2d51c4ec9a8f?s=96&d=mm&r=g","caption":"M M"},"sameAs":["http:\/\/MM"],"url":"https:\/\/permbledhja.com\/sq\/author\/muhamet\/"}]}},"_links":{"self":[{"href":"https:\/\/permbledhja.com\/sq\/wp-json\/wp\/v2\/posts\/37742"}],"collection":[{"href":"https:\/\/permbledhja.com\/sq\/wp-json\/wp\/v2\/posts"}],"about":[{"href":"https:\/\/permbledhja.com\/sq\/wp-json\/wp\/v2\/types\/post"}],"author":[{"embeddable":true,"href":"https:\/\/permbledhja.com\/sq\/wp-json\/wp\/v2\/users\/2"}],"replies":[{"embeddable":true,"href":"https:\/\/permbledhja.com\/sq\/wp-json\/wp\/v2\/comments?post=37742"}],"version-history":[{"count":1,"href":"https:\/\/permbledhja.com\/sq\/wp-json\/wp\/v2\/posts\/37742\/revisions"}],"predecessor-version":[{"id":37744,"href":"https:\/\/permbledhja.com\/sq\/wp-json\/wp\/v2\/posts\/37742\/revisions\/37744"}],"wp:featuredmedia":[{"embeddable":true,"href":"https:\/\/permbledhja.com\/sq\/wp-json\/wp\/v2\/media\/37743"}],"wp:attachment":[{"href":"https:\/\/permbledhja.com\/sq\/wp-json\/wp\/v2\/media?parent=37742"}],"wp:term":[{"taxonomy":"category","embeddable":true,"href":"https:\/\/permbledhja.com\/sq\/wp-json\/wp\/v2\/categories?post=37742"},{"taxonomy":"post_tag","embeddable":true,"href":"https:\/\/permbledhja.com\/sq\/wp-json\/wp\/v2\/tags?post=37742"}],"curies":[{"name":"wp","href":"https:\/\/api.w.org\/{rel}","templated":true}]}}