{"id":37641,"date":"2023-11-27T09:42:01","date_gmt":"2023-11-27T09:42:01","guid":{"rendered":"https:\/\/permbledhja.com\/?p=37641"},"modified":"2023-11-27T09:42:01","modified_gmt":"2023-11-27T09:42:01","slug":"kurti-ndan-pamje-te-reja-nga-takimi-me-rita-oren-duartroket-teksa-i-uron-ditelindjen","status":"publish","type":"post","link":"https:\/\/permbledhja.com\/sq\/kurti-ndan-pamje-te-reja-nga-takimi-me-rita-oren-duartroket-teksa-i-uron-ditelindjen\/","title":{"rendered":"Kurti ndan pamje t\u00eb reja nga takimi me Rita Or\u00ebn, duartroket teksa i uron dit\u00eblindjen"},"content":{"rendered":"<h3>Kryeministri i Kosov\u00ebs, Albin Kurti, ka ndar\u00eb pamje t\u00eb reja nga takimi me k\u00ebng\u00ebtar\u00ebn e famshme, Rita Ora, dhe bashk\u00ebshortin e saj, Taika \u00cbaititi.<\/h3>\n<p>N\u00eb k\u00ebto pamje shihet se Kurti e ka pritur me tort\u00eb dhe lule Rita Or\u00ebn, p\u00ebr t\u2019ia uruar dit\u00eblindjen e saj.<\/p>\n<p>Gjithashtu Kurti ia dha dhurat\u00eb \u2013 nj\u00eb lib\u00ebr dhe nj\u00eb pjat\u00eb punim artizanal.<\/p>\n<p>\u201cNj\u00eb dit\u00eb e paharrueshme\u201d, thot\u00eb Kurti teksa p\u00ebrqafohet me Or\u00ebn dhe \u00cbaititin.<\/p>\n<p>Nd\u00ebrsa, Rita Ora e ka fal\u00ebnd\u00ebruar Kurtin p\u00ebr dhuratat.<\/p>\n<p><iframe loading=\"lazy\" style=\"border: none; overflow: hidden;\" src=\"https:\/\/www.facebook.com\/plugins\/video.php?href=https%3A%2F%2Fwww.facebook.com%2Falbini2017%2Fvideos%2F1437553843467494%2F%3Fref%3Dembed_video&amp;show_text=0&amp;width=560\" width=\"560\" height=\"315\" frameborder=\"0\" scrolling=\"no\" allowfullscreen=\"allowfullscreen\"><\/iframe><\/p>\n","protected":false},"excerpt":{"rendered":"<p>Kryeministri i Kosov\u00ebs, Albin Kurti, ka ndar\u00eb pamje t\u00eb reja nga takimi me k\u00ebng\u00ebtar\u00ebn e famshme, Rita Ora, dhe bashk\u00ebshortin e saj, Taika \u00cbaititi. N\u00eb k\u00ebto pamje shihet se Kurti e ka pritur me tort\u00eb dhe lule Rita Or\u00ebn, p\u00ebr t\u2019ia uruar dit\u00eblindjen e saj. Gjithashtu Kurti ia dha dhurat\u00eb \u2013 nj\u00eb lib\u00ebr dhe nj\u00eb [&hellip;]<\/p>\n","protected":false},"author":2,"featured_media":37642,"comment_status":"closed","ping_status":"closed","sticky":false,"template":"","format":"standard","meta":{"_monsterinsights_skip_tracking":false,"_monsterinsights_sitenote_active":false,"_monsterinsights_sitenote_note":"","_monsterinsights_sitenote_category":0,"_uf_show_specific_survey":0,"_uf_disable_surveys":false,"footnotes":""},"categories":[15],"tags":[86],"yoast_head":"<!-- This site is optimized with the Yoast SEO plugin v21.5 - https:\/\/yoast.com\/wordpress\/plugins\/seo\/ -->\n<title>Kurti ndan pamje t\u00eb reja nga takimi me Rita Or\u00ebn, duartroket teksa i uron dit\u00eblindjen<\/title>\n<meta name=\"robots\" content=\"index, follow, max-snippet:-1, max-image-preview:large, max-video-preview:-1\" \/>\n<link rel=\"canonical\" href=\"https:\/\/permbledhja.com\/sq\/kurti-ndan-pamje-te-reja-nga-takimi-me-rita-oren-duartroket-teksa-i-uron-ditelindjen\/\" \/>\n<meta property=\"og:locale\" content=\"sq_AL\" \/>\n<meta property=\"og:type\" content=\"article\" \/>\n<meta property=\"og:title\" content=\"Kurti ndan pamje t\u00eb reja nga takimi me Rita Or\u00ebn, duartroket teksa i uron dit\u00eblindjen\" \/>\n<meta property=\"og:description\" content=\"Kryeministri i Kosov\u00ebs, Albin Kurti, ka ndar\u00eb pamje t\u00eb reja nga takimi me k\u00ebng\u00ebtar\u00ebn e famshme, Rita Ora, dhe bashk\u00ebshortin e saj, Taika \u00cbaititi. N\u00eb k\u00ebto pamje shihet se Kurti e ka pritur me tort\u00eb dhe lule Rita Or\u00ebn, p\u00ebr t\u2019ia uruar dit\u00eblindjen e saj. Gjithashtu Kurti ia dha dhurat\u00eb \u2013 nj\u00eb lib\u00ebr dhe nj\u00eb [&hellip;]\" \/>\n<meta property=\"og:url\" content=\"https:\/\/permbledhja.com\/sq\/kurti-ndan-pamje-te-reja-nga-takimi-me-rita-oren-duartroket-teksa-i-uron-ditelindjen\/\" \/>\n<meta property=\"og:site_name\" content=\"Ve\u00e7 artikuj p\u00ebrmbledh\u00ebs\" \/>\n<meta property=\"article:publisher\" content=\"https:\/\/www.facebook.com\/press07\/\" \/>\n<meta property=\"article:published_time\" content=\"2023-11-27T09:42:01+00:00\" \/>\n<meta property=\"og:image\" content=\"https:\/\/permbledhja.com\/wp-content\/uploads\/2023\/11\/rita-ora-kurti-600x360-1.png\" \/>\n\t<meta property=\"og:image:width\" content=\"600\" \/>\n\t<meta property=\"og:image:height\" content=\"360\" \/>\n\t<meta property=\"og:image:type\" content=\"image\/png\" \/>\n<meta name=\"author\" content=\"M M\" \/>\n<meta name=\"twitter:card\" content=\"summary_large_image\" \/>\n<meta name=\"twitter:label1\" content=\"Written by\" \/>\n\t<meta name=\"twitter:data1\" content=\"M M\" \/>\n\t<meta name=\"twitter:label2\" content=\"Est. reading time\" \/>\n\t<meta name=\"twitter:data2\" content=\"1 minut\u00eb\" \/>\n<script type=\"application\/ld+json\" class=\"yoast-schema-graph\">{\"@context\":\"https:\/\/schema.org\",\"@graph\":[{\"@type\":\"Article\",\"@id\":\"https:\/\/permbledhja.com\/kurti-ndan-pamje-te-reja-nga-takimi-me-rita-oren-duartroket-teksa-i-uron-ditelindjen\/#article\",\"isPartOf\":{\"@id\":\"https:\/\/permbledhja.com\/kurti-ndan-pamje-te-reja-nga-takimi-me-rita-oren-duartroket-teksa-i-uron-ditelindjen\/\"},\"author\":{\"name\":\"M M\",\"@id\":\"https:\/\/permbledhja.com\/#\/schema\/person\/d23f13f59b5722643933d6780783acf3\"},\"headline\":\"Kurti ndan pamje t\u00eb reja nga takimi me Rita Or\u00ebn, duartroket teksa i uron dit\u00eblindjen\",\"datePublished\":\"2023-11-27T09:42:01+00:00\",\"dateModified\":\"2023-11-27T09:42:01+00:00\",\"mainEntityOfPage\":{\"@id\":\"https:\/\/permbledhja.com\/kurti-ndan-pamje-te-reja-nga-takimi-me-rita-oren-duartroket-teksa-i-uron-ditelindjen\/\"},\"wordCount\":112,\"publisher\":{\"@id\":\"https:\/\/permbledhja.com\/#organization\"},\"keywords\":[\"Albin Kurti\"],\"articleSection\":[\"Lajme\"],\"inLanguage\":\"sq\"},{\"@type\":\"WebPage\",\"@id\":\"https:\/\/permbledhja.com\/kurti-ndan-pamje-te-reja-nga-takimi-me-rita-oren-duartroket-teksa-i-uron-ditelindjen\/\",\"url\":\"https:\/\/permbledhja.com\/kurti-ndan-pamje-te-reja-nga-takimi-me-rita-oren-duartroket-teksa-i-uron-ditelindjen\/\",\"name\":\"Kurti ndan pamje t\u00eb reja nga takimi me Rita Or\u00ebn, duartroket teksa i uron dit\u00eblindjen\",\"isPartOf\":{\"@id\":\"https:\/\/permbledhja.com\/#website\"},\"datePublished\":\"2023-11-27T09:42:01+00:00\",\"dateModified\":\"2023-11-27T09:42:01+00:00\",\"breadcrumb\":{\"@id\":\"https:\/\/permbledhja.com\/kurti-ndan-pamje-te-reja-nga-takimi-me-rita-oren-duartroket-teksa-i-uron-ditelindjen\/#breadcrumb\"},\"inLanguage\":\"sq\",\"potentialAction\":[{\"@type\":\"ReadAction\",\"target\":[\"https:\/\/permbledhja.com\/kurti-ndan-pamje-te-reja-nga-takimi-me-rita-oren-duartroket-teksa-i-uron-ditelindjen\/\"]}]},{\"@type\":\"BreadcrumbList\",\"@id\":\"https:\/\/permbledhja.com\/kurti-ndan-pamje-te-reja-nga-takimi-me-rita-oren-duartroket-teksa-i-uron-ditelindjen\/#breadcrumb\",\"itemListElement\":[{\"@type\":\"ListItem\",\"position\":1,\"name\":\"Ballina\",\"item\":\"https:\/\/permbledhja.com\/sq\/\"},{\"@type\":\"ListItem\",\"position\":2,\"name\":\"Kurti ndan pamje t\u00eb reja nga takimi me Rita Or\u00ebn, duartroket teksa i uron dit\u00eblindjen\"}]},{\"@type\":\"WebSite\",\"@id\":\"https:\/\/permbledhja.com\/#website\",\"url\":\"https:\/\/permbledhja.com\/\",\"name\":\"Ve\u00e7 artikuj p\u00ebrmbledh\u00ebs\",\"description\":\"\",\"publisher\":{\"@id\":\"https:\/\/permbledhja.com\/#organization\"},\"potentialAction\":[{\"@type\":\"SearchAction\",\"target\":{\"@type\":\"EntryPoint\",\"urlTemplate\":\"https:\/\/permbledhja.com\/?s={search_term_string}\"},\"query-input\":\"required name=search_term_string\"}],\"inLanguage\":\"sq\"},{\"@type\":\"Organization\",\"@id\":\"https:\/\/permbledhja.com\/#organization\",\"name\":\"MK Media & Pr\",\"url\":\"https:\/\/permbledhja.com\/\",\"logo\":{\"@type\":\"ImageObject\",\"inLanguage\":\"sq\",\"@id\":\"https:\/\/permbledhja.com\/#\/schema\/logo\/image\/\",\"url\":\"https:\/\/permbledhja.com\/wp-content\/uploads\/2021\/12\/07-Press-Logo.jpg\",\"contentUrl\":\"https:\/\/permbledhja.com\/wp-content\/uploads\/2021\/12\/07-Press-Logo.jpg\",\"width\":512,\"height\":512,\"caption\":\"MK Media & Pr\"},\"image\":{\"@id\":\"https:\/\/permbledhja.com\/#\/schema\/logo\/image\/\"},\"sameAs\":[\"https:\/\/www.facebook.com\/press07\/\"]},{\"@type\":\"Person\",\"@id\":\"https:\/\/permbledhja.com\/#\/schema\/person\/d23f13f59b5722643933d6780783acf3\",\"name\":\"M M\",\"image\":{\"@type\":\"ImageObject\",\"inLanguage\":\"sq\",\"@id\":\"https:\/\/permbledhja.com\/#\/schema\/person\/image\/\",\"url\":\"https:\/\/secure.gravatar.com\/avatar\/e2835a76ca7c31a2416b2d51c4ec9a8f?s=96&d=mm&r=g\",\"contentUrl\":\"https:\/\/secure.gravatar.com\/avatar\/e2835a76ca7c31a2416b2d51c4ec9a8f?s=96&d=mm&r=g\",\"caption\":\"M M\"},\"sameAs\":[\"http:\/\/MM\"],\"url\":\"https:\/\/permbledhja.com\/sq\/author\/muhamet\/\"}]}<\/script>\n<!-- \/ Yoast SEO plugin. -->","yoast_head_json":{"title":"Kurti ndan pamje t\u00eb reja nga takimi me Rita Or\u00ebn, duartroket teksa i uron dit\u00eblindjen","robots":{"index":"index","follow":"follow","max-snippet":"max-snippet:-1","max-image-preview":"max-image-preview:large","max-video-preview":"max-video-preview:-1"},"canonical":"https:\/\/permbledhja.com\/sq\/kurti-ndan-pamje-te-reja-nga-takimi-me-rita-oren-duartroket-teksa-i-uron-ditelindjen\/","og_locale":"sq_AL","og_type":"article","og_title":"Kurti ndan pamje t\u00eb reja nga takimi me Rita Or\u00ebn, duartroket teksa i uron dit\u00eblindjen","og_description":"Kryeministri i Kosov\u00ebs, Albin Kurti, ka ndar\u00eb pamje t\u00eb reja nga takimi me k\u00ebng\u00ebtar\u00ebn e famshme, Rita Ora, dhe bashk\u00ebshortin e saj, Taika \u00cbaititi. N\u00eb k\u00ebto pamje shihet se Kurti e ka pritur me tort\u00eb dhe lule Rita Or\u00ebn, p\u00ebr t\u2019ia uruar dit\u00eblindjen e saj. Gjithashtu Kurti ia dha dhurat\u00eb \u2013 nj\u00eb lib\u00ebr dhe nj\u00eb [&hellip;]","og_url":"https:\/\/permbledhja.com\/sq\/kurti-ndan-pamje-te-reja-nga-takimi-me-rita-oren-duartroket-teksa-i-uron-ditelindjen\/","og_site_name":"Ve\u00e7 artikuj p\u00ebrmbledh\u00ebs","article_publisher":"https:\/\/www.facebook.com\/press07\/","article_published_time":"2023-11-27T09:42:01+00:00","og_image":[{"width":600,"height":360,"url":"https:\/\/permbledhja.com\/wp-content\/uploads\/2023\/11\/rita-ora-kurti-600x360-1.png","type":"image\/png"}],"author":"M M","twitter_card":"summary_large_image","twitter_misc":{"Written by":"M M","Est. reading time":"1 minut\u00eb"},"schema":{"@context":"https:\/\/schema.org","@graph":[{"@type":"Article","@id":"https:\/\/permbledhja.com\/kurti-ndan-pamje-te-reja-nga-takimi-me-rita-oren-duartroket-teksa-i-uron-ditelindjen\/#article","isPartOf":{"@id":"https:\/\/permbledhja.com\/kurti-ndan-pamje-te-reja-nga-takimi-me-rita-oren-duartroket-teksa-i-uron-ditelindjen\/"},"author":{"name":"M M","@id":"https:\/\/permbledhja.com\/#\/schema\/person\/d23f13f59b5722643933d6780783acf3"},"headline":"Kurti ndan pamje t\u00eb reja nga takimi me Rita Or\u00ebn, duartroket teksa i uron dit\u00eblindjen","datePublished":"2023-11-27T09:42:01+00:00","dateModified":"2023-11-27T09:42:01+00:00","mainEntityOfPage":{"@id":"https:\/\/permbledhja.com\/kurti-ndan-pamje-te-reja-nga-takimi-me-rita-oren-duartroket-teksa-i-uron-ditelindjen\/"},"wordCount":112,"publisher":{"@id":"https:\/\/permbledhja.com\/#organization"},"keywords":["Albin Kurti"],"articleSection":["Lajme"],"inLanguage":"sq"},{"@type":"WebPage","@id":"https:\/\/permbledhja.com\/kurti-ndan-pamje-te-reja-nga-takimi-me-rita-oren-duartroket-teksa-i-uron-ditelindjen\/","url":"https:\/\/permbledhja.com\/kurti-ndan-pamje-te-reja-nga-takimi-me-rita-oren-duartroket-teksa-i-uron-ditelindjen\/","name":"Kurti ndan pamje t\u00eb reja nga takimi me Rita Or\u00ebn, duartroket teksa i uron dit\u00eblindjen","isPartOf":{"@id":"https:\/\/permbledhja.com\/#website"},"datePublished":"2023-11-27T09:42:01+00:00","dateModified":"2023-11-27T09:42:01+00:00","breadcrumb":{"@id":"https:\/\/permbledhja.com\/kurti-ndan-pamje-te-reja-nga-takimi-me-rita-oren-duartroket-teksa-i-uron-ditelindjen\/#breadcrumb"},"inLanguage":"sq","potentialAction":[{"@type":"ReadAction","target":["https:\/\/permbledhja.com\/kurti-ndan-pamje-te-reja-nga-takimi-me-rita-oren-duartroket-teksa-i-uron-ditelindjen\/"]}]},{"@type":"BreadcrumbList","@id":"https:\/\/permbledhja.com\/kurti-ndan-pamje-te-reja-nga-takimi-me-rita-oren-duartroket-teksa-i-uron-ditelindjen\/#breadcrumb","itemListElement":[{"@type":"ListItem","position":1,"name":"Ballina","item":"https:\/\/permbledhja.com\/sq\/"},{"@type":"ListItem","position":2,"name":"Kurti ndan pamje t\u00eb reja nga takimi me Rita Or\u00ebn, duartroket teksa i uron dit\u00eblindjen"}]},{"@type":"WebSite","@id":"https:\/\/permbledhja.com\/#website","url":"https:\/\/permbledhja.com\/","name":"Ve\u00e7 artikuj p\u00ebrmbledh\u00ebs","description":"","publisher":{"@id":"https:\/\/permbledhja.com\/#organization"},"potentialAction":[{"@type":"SearchAction","target":{"@type":"EntryPoint","urlTemplate":"https:\/\/permbledhja.com\/?s={search_term_string}"},"query-input":"required name=search_term_string"}],"inLanguage":"sq"},{"@type":"Organization","@id":"https:\/\/permbledhja.com\/#organization","name":"MK Media & Pr","url":"https:\/\/permbledhja.com\/","logo":{"@type":"ImageObject","inLanguage":"sq","@id":"https:\/\/permbledhja.com\/#\/schema\/logo\/image\/","url":"https:\/\/permbledhja.com\/wp-content\/uploads\/2021\/12\/07-Press-Logo.jpg","contentUrl":"https:\/\/permbledhja.com\/wp-content\/uploads\/2021\/12\/07-Press-Logo.jpg","width":512,"height":512,"caption":"MK Media & Pr"},"image":{"@id":"https:\/\/permbledhja.com\/#\/schema\/logo\/image\/"},"sameAs":["https:\/\/www.facebook.com\/press07\/"]},{"@type":"Person","@id":"https:\/\/permbledhja.com\/#\/schema\/person\/d23f13f59b5722643933d6780783acf3","name":"M M","image":{"@type":"ImageObject","inLanguage":"sq","@id":"https:\/\/permbledhja.com\/#\/schema\/person\/image\/","url":"https:\/\/secure.gravatar.com\/avatar\/e2835a76ca7c31a2416b2d51c4ec9a8f?s=96&d=mm&r=g","contentUrl":"https:\/\/secure.gravatar.com\/avatar\/e2835a76ca7c31a2416b2d51c4ec9a8f?s=96&d=mm&r=g","caption":"M M"},"sameAs":["http:\/\/MM"],"url":"https:\/\/permbledhja.com\/sq\/author\/muhamet\/"}]}},"_links":{"self":[{"href":"https:\/\/permbledhja.com\/sq\/wp-json\/wp\/v2\/posts\/37641"}],"collection":[{"href":"https:\/\/permbledhja.com\/sq\/wp-json\/wp\/v2\/posts"}],"about":[{"href":"https:\/\/permbledhja.com\/sq\/wp-json\/wp\/v2\/types\/post"}],"author":[{"embeddable":true,"href":"https:\/\/permbledhja.com\/sq\/wp-json\/wp\/v2\/users\/2"}],"replies":[{"embeddable":true,"href":"https:\/\/permbledhja.com\/sq\/wp-json\/wp\/v2\/comments?post=37641"}],"version-history":[{"count":1,"href":"https:\/\/permbledhja.com\/sq\/wp-json\/wp\/v2\/posts\/37641\/revisions"}],"predecessor-version":[{"id":37643,"href":"https:\/\/permbledhja.com\/sq\/wp-json\/wp\/v2\/posts\/37641\/revisions\/37643"}],"wp:featuredmedia":[{"embeddable":true,"href":"https:\/\/permbledhja.com\/sq\/wp-json\/wp\/v2\/media\/37642"}],"wp:attachment":[{"href":"https:\/\/permbledhja.com\/sq\/wp-json\/wp\/v2\/media?parent=37641"}],"wp:term":[{"taxonomy":"category","embeddable":true,"href":"https:\/\/permbledhja.com\/sq\/wp-json\/wp\/v2\/categories?post=37641"},{"taxonomy":"post_tag","embeddable":true,"href":"https:\/\/permbledhja.com\/sq\/wp-json\/wp\/v2\/tags?post=37641"}],"curies":[{"name":"wp","href":"https:\/\/api.w.org\/{rel}","templated":true}]}}