{"id":37459,"date":"2023-11-25T14:16:06","date_gmt":"2023-11-25T14:16:06","guid":{"rendered":"https:\/\/permbledhja.com\/?p=37459"},"modified":"2023-11-25T14:16:06","modified_gmt":"2023-11-25T14:16:06","slug":"haxhiu-avni-dhe-xhemile-deharit-duhet-kujtuar-qe-po-bejne-biznes-me-gjakun-e-djemve","status":"publish","type":"post","link":"https:\/\/permbledhja.com\/sq\/haxhiu-avni-dhe-xhemile-deharit-duhet-kujtuar-qe-po-bejne-biznes-me-gjakun-e-djemve\/","title":{"rendered":"Haxhiu: Avni dhe Xhemile Deharit duhet kujtuar q\u00eb po b\u00ebjn\u00eb biznes me gjakun e djemve"},"content":{"rendered":"<h3>Gazetari dhe publicisti kosovar, Baton Haxhiu, ka publikuar sot nj\u00eb shkrim autorial n\u00eb \u201cAlbanian Post\u201d n\u00eb t\u00eb cilin flet p\u00ebr v\u00ebllez\u00ebrit Astrit e Arbnor Dehari.<\/h3>\n<p>Hahxiu n\u00eb fillim t\u00eb shkrimit t\u00eb tij ka th\u00ebn\u00eb se ata s\u2019jan\u00eb as d\u00ebshmor\u00eb e as martir\u00eb dhe sipas tij ata s\u2019meritojn\u00eb t\u00eb nderohen n\u00eb p\u00ebrkujtime solemne nga Qeveria.<\/p>\n<p>\u201cAta jan\u00eb thjesht\u00eb dy v\u00ebllez\u00ebr fatkeq t\u00eb cil\u00ebt p\u00ebr problemet e tyre familjare kan\u00eb zgjedhur t\u2019i japin fund jet\u00ebs s\u00eb tyre, n\u00eb m\u00ebnyr\u00ebn m\u00eb mizore\u201d, ka shkruar Haxhiu.<\/p>\n<p>Ai tutje ka p\u00ebrmendur edhe prind\u00ebrit Avni e Xhemile Deharin, duke th\u00ebn\u00eb se shoq\u00ebria k\u00eb t\u00eb drejt t\u2019ua kujtoj atyre se \u201cpo b\u00ebjn\u00eb biznes me gjakun e dy djemve t\u00eb tyre\u201d.<\/p>\n<p>\u201cAvni e Xhemile Dehari, para se t\u00eb synojn\u00eb t\u00eb shp\u00ebtojn\u00eb fytyr\u00ebn e tyre duke mashtruar q\u00ebllimsh\u00ebm n\u00ebp\u00ebr televizione t\u00eb ndryshme, b\u00ebjn\u00eb shum\u00eb m\u00eb mir\u00eb t\u00eb mendojn\u00eb p\u00ebr prind\u00ebrin\u00eb e tyre dhe t\u2019i kthehen rrethit familjar. Natyrisht, n\u00ebse ata duan t\u00eb g\u00ebnjejn\u00eb dhe mashtrojn\u00eb q\u00ebllimisht p\u00ebr hir t\u00eb Albin Kurtit, mund ta b\u00ebjn\u00eb k\u00ebt\u00eb. Mir\u00ebpo, n\u00eb k\u00ebt\u00eb rrethan\u00eb, vlen t\u00eb theksohet se edhe shoq\u00ebria ka t\u00eb drejt\u00eb t\u2019ua kujtoj se po b\u00ebjn\u00eb biznes me gjakun e dy djemve t\u00eb tyre\u201d, ka shkruar tutje Haxhiu.<\/p>\n","protected":false},"excerpt":{"rendered":"<p>Gazetari dhe publicisti kosovar, Baton Haxhiu, ka publikuar sot nj\u00eb shkrim autorial n\u00eb \u201cAlbanian Post\u201d n\u00eb t\u00eb cilin flet p\u00ebr v\u00ebllez\u00ebrit Astrit e Arbnor Dehari. Hahxiu n\u00eb fillim t\u00eb shkrimit t\u00eb tij ka th\u00ebn\u00eb se ata s\u2019jan\u00eb as d\u00ebshmor\u00eb e as martir\u00eb dhe sipas tij ata s\u2019meritojn\u00eb t\u00eb nderohen n\u00eb p\u00ebrkujtime solemne nga Qeveria. \u201cAta [&hellip;]<\/p>\n","protected":false},"author":1,"featured_media":37460,"comment_status":"closed","ping_status":"closed","sticky":false,"template":"","format":"standard","meta":{"_monsterinsights_skip_tracking":false,"_monsterinsights_sitenote_active":false,"_monsterinsights_sitenote_note":"","_monsterinsights_sitenote_category":0,"_uf_show_specific_survey":0,"_uf_disable_surveys":false,"footnotes":""},"categories":[15],"tags":[426],"yoast_head":"<!-- This site is optimized with the Yoast SEO plugin v21.5 - https:\/\/yoast.com\/wordpress\/plugins\/seo\/ -->\n<title>Haxhiu: Avni dhe Xhemile Deharit duhet kujtuar q\u00eb po b\u00ebjn\u00eb biznes me gjakun e djemve<\/title>\n<meta name=\"robots\" content=\"index, follow, max-snippet:-1, max-image-preview:large, max-video-preview:-1\" \/>\n<link rel=\"canonical\" href=\"https:\/\/permbledhja.com\/sq\/haxhiu-avni-dhe-xhemile-deharit-duhet-kujtuar-qe-po-bejne-biznes-me-gjakun-e-djemve\/\" \/>\n<meta property=\"og:locale\" content=\"sq_AL\" \/>\n<meta property=\"og:type\" content=\"article\" \/>\n<meta property=\"og:title\" content=\"Haxhiu: Avni dhe Xhemile Deharit duhet kujtuar q\u00eb po b\u00ebjn\u00eb biznes me gjakun e djemve\" \/>\n<meta property=\"og:description\" content=\"Gazetari dhe publicisti kosovar, Baton Haxhiu, ka publikuar sot nj\u00eb shkrim autorial n\u00eb \u201cAlbanian Post\u201d n\u00eb t\u00eb cilin flet p\u00ebr v\u00ebllez\u00ebrit Astrit e Arbnor Dehari. Hahxiu n\u00eb fillim t\u00eb shkrimit t\u00eb tij ka th\u00ebn\u00eb se ata s\u2019jan\u00eb as d\u00ebshmor\u00eb e as martir\u00eb dhe sipas tij ata s\u2019meritojn\u00eb t\u00eb nderohen n\u00eb p\u00ebrkujtime solemne nga Qeveria. \u201cAta [&hellip;]\" \/>\n<meta property=\"og:url\" content=\"https:\/\/permbledhja.com\/sq\/haxhiu-avni-dhe-xhemile-deharit-duhet-kujtuar-qe-po-bejne-biznes-me-gjakun-e-djemve\/\" \/>\n<meta property=\"og:site_name\" content=\"Ve\u00e7 artikuj p\u00ebrmbledh\u00ebs\" \/>\n<meta property=\"article:publisher\" content=\"https:\/\/www.facebook.com\/press07\/\" \/>\n<meta property=\"article:author\" content=\"https:\/\/www.facebook.com\/kafexhiu.muharrem\/\" \/>\n<meta property=\"article:published_time\" content=\"2023-11-25T14:16:06+00:00\" \/>\n<meta property=\"og:image\" content=\"https:\/\/permbledhja.com\/wp-content\/uploads\/2023\/11\/6ABB835E-D3FC-4FAF-ABDB-45D8C32F2C50.jpeg\" \/>\n\t<meta property=\"og:image:width\" content=\"600\" \/>\n\t<meta property=\"og:image:height\" content=\"360\" \/>\n\t<meta property=\"og:image:type\" content=\"image\/jpeg\" \/>\n<meta name=\"author\" content=\"P\u00ebrmbledhja\" \/>\n<meta name=\"twitter:card\" content=\"summary_large_image\" \/>\n<meta name=\"twitter:label1\" content=\"Written by\" \/>\n\t<meta name=\"twitter:data1\" content=\"P\u00ebrmbledhja\" \/>\n\t<meta name=\"twitter:label2\" content=\"Est. reading time\" \/>\n\t<meta name=\"twitter:data2\" content=\"2 minuta\" \/>\n<script type=\"application\/ld+json\" class=\"yoast-schema-graph\">{\"@context\":\"https:\/\/schema.org\",\"@graph\":[{\"@type\":\"Article\",\"@id\":\"https:\/\/permbledhja.com\/haxhiu-avni-dhe-xhemile-deharit-duhet-kujtuar-qe-po-bejne-biznes-me-gjakun-e-djemve\/#article\",\"isPartOf\":{\"@id\":\"https:\/\/permbledhja.com\/haxhiu-avni-dhe-xhemile-deharit-duhet-kujtuar-qe-po-bejne-biznes-me-gjakun-e-djemve\/\"},\"author\":{\"name\":\"P\u00ebrmbledhja\",\"@id\":\"https:\/\/permbledhja.com\/#\/schema\/person\/0d064377258d3221e50693947b9eb4fe\"},\"headline\":\"Haxhiu: Avni dhe Xhemile Deharit duhet kujtuar q\u00eb po b\u00ebjn\u00eb biznes me gjakun e djemve\",\"datePublished\":\"2023-11-25T14:16:06+00:00\",\"dateModified\":\"2023-11-25T14:16:06+00:00\",\"mainEntityOfPage\":{\"@id\":\"https:\/\/permbledhja.com\/haxhiu-avni-dhe-xhemile-deharit-duhet-kujtuar-qe-po-bejne-biznes-me-gjakun-e-djemve\/\"},\"wordCount\":255,\"publisher\":{\"@id\":\"https:\/\/permbledhja.com\/#organization\"},\"keywords\":[\"Baton Haxhiu\"],\"articleSection\":[\"Lajme\"],\"inLanguage\":\"sq\"},{\"@type\":\"WebPage\",\"@id\":\"https:\/\/permbledhja.com\/haxhiu-avni-dhe-xhemile-deharit-duhet-kujtuar-qe-po-bejne-biznes-me-gjakun-e-djemve\/\",\"url\":\"https:\/\/permbledhja.com\/haxhiu-avni-dhe-xhemile-deharit-duhet-kujtuar-qe-po-bejne-biznes-me-gjakun-e-djemve\/\",\"name\":\"Haxhiu: Avni dhe Xhemile Deharit duhet kujtuar q\u00eb po b\u00ebjn\u00eb biznes me gjakun e djemve\",\"isPartOf\":{\"@id\":\"https:\/\/permbledhja.com\/#website\"},\"datePublished\":\"2023-11-25T14:16:06+00:00\",\"dateModified\":\"2023-11-25T14:16:06+00:00\",\"breadcrumb\":{\"@id\":\"https:\/\/permbledhja.com\/haxhiu-avni-dhe-xhemile-deharit-duhet-kujtuar-qe-po-bejne-biznes-me-gjakun-e-djemve\/#breadcrumb\"},\"inLanguage\":\"sq\",\"potentialAction\":[{\"@type\":\"ReadAction\",\"target\":[\"https:\/\/permbledhja.com\/haxhiu-avni-dhe-xhemile-deharit-duhet-kujtuar-qe-po-bejne-biznes-me-gjakun-e-djemve\/\"]}]},{\"@type\":\"BreadcrumbList\",\"@id\":\"https:\/\/permbledhja.com\/haxhiu-avni-dhe-xhemile-deharit-duhet-kujtuar-qe-po-bejne-biznes-me-gjakun-e-djemve\/#breadcrumb\",\"itemListElement\":[{\"@type\":\"ListItem\",\"position\":1,\"name\":\"Ballina\",\"item\":\"https:\/\/permbledhja.com\/sq\/\"},{\"@type\":\"ListItem\",\"position\":2,\"name\":\"Haxhiu: Avni dhe Xhemile Deharit duhet kujtuar q\u00eb po b\u00ebjn\u00eb biznes me gjakun e djemve\"}]},{\"@type\":\"WebSite\",\"@id\":\"https:\/\/permbledhja.com\/#website\",\"url\":\"https:\/\/permbledhja.com\/\",\"name\":\"Ve\u00e7 artikuj p\u00ebrmbledh\u00ebs\",\"description\":\"\",\"publisher\":{\"@id\":\"https:\/\/permbledhja.com\/#organization\"},\"potentialAction\":[{\"@type\":\"SearchAction\",\"target\":{\"@type\":\"EntryPoint\",\"urlTemplate\":\"https:\/\/permbledhja.com\/?s={search_term_string}\"},\"query-input\":\"required name=search_term_string\"}],\"inLanguage\":\"sq\"},{\"@type\":\"Organization\",\"@id\":\"https:\/\/permbledhja.com\/#organization\",\"name\":\"MK Media & Pr\",\"url\":\"https:\/\/permbledhja.com\/\",\"logo\":{\"@type\":\"ImageObject\",\"inLanguage\":\"sq\",\"@id\":\"https:\/\/permbledhja.com\/#\/schema\/logo\/image\/\",\"url\":\"https:\/\/permbledhja.com\/wp-content\/uploads\/2021\/12\/07-Press-Logo.jpg\",\"contentUrl\":\"https:\/\/permbledhja.com\/wp-content\/uploads\/2021\/12\/07-Press-Logo.jpg\",\"width\":512,\"height\":512,\"caption\":\"MK Media & Pr\"},\"image\":{\"@id\":\"https:\/\/permbledhja.com\/#\/schema\/logo\/image\/\"},\"sameAs\":[\"https:\/\/www.facebook.com\/press07\/\"]},{\"@type\":\"Person\",\"@id\":\"https:\/\/permbledhja.com\/#\/schema\/person\/0d064377258d3221e50693947b9eb4fe\",\"name\":\"P\u00ebrmbledhja\",\"image\":{\"@type\":\"ImageObject\",\"inLanguage\":\"sq\",\"@id\":\"https:\/\/permbledhja.com\/#\/schema\/person\/image\/\",\"url\":\"https:\/\/permbledhja.com\/wp-content\/uploads\/2026\/01\/452004717_1040944174702970_8932037511805513407_n-96x96.jpg\",\"contentUrl\":\"https:\/\/permbledhja.com\/wp-content\/uploads\/2026\/01\/452004717_1040944174702970_8932037511805513407_n-96x96.jpg\",\"caption\":\"P\u00ebrmbledhja\"},\"sameAs\":[\"https:\/\/www.facebook.com\/kafexhiu.muharrem\/\",\"https:\/\/www.instagram.com\/muharrem_kafexhiu\/\"],\"url\":\"https:\/\/permbledhja.com\/sq\/author\/admin\/\"}]}<\/script>\n<!-- \/ Yoast SEO plugin. -->","yoast_head_json":{"title":"Haxhiu: Avni dhe Xhemile Deharit duhet kujtuar q\u00eb po b\u00ebjn\u00eb biznes me gjakun e djemve","robots":{"index":"index","follow":"follow","max-snippet":"max-snippet:-1","max-image-preview":"max-image-preview:large","max-video-preview":"max-video-preview:-1"},"canonical":"https:\/\/permbledhja.com\/sq\/haxhiu-avni-dhe-xhemile-deharit-duhet-kujtuar-qe-po-bejne-biznes-me-gjakun-e-djemve\/","og_locale":"sq_AL","og_type":"article","og_title":"Haxhiu: Avni dhe Xhemile Deharit duhet kujtuar q\u00eb po b\u00ebjn\u00eb biznes me gjakun e djemve","og_description":"Gazetari dhe publicisti kosovar, Baton Haxhiu, ka publikuar sot nj\u00eb shkrim autorial n\u00eb \u201cAlbanian Post\u201d n\u00eb t\u00eb cilin flet p\u00ebr v\u00ebllez\u00ebrit Astrit e Arbnor Dehari. Hahxiu n\u00eb fillim t\u00eb shkrimit t\u00eb tij ka th\u00ebn\u00eb se ata s\u2019jan\u00eb as d\u00ebshmor\u00eb e as martir\u00eb dhe sipas tij ata s\u2019meritojn\u00eb t\u00eb nderohen n\u00eb p\u00ebrkujtime solemne nga Qeveria. \u201cAta [&hellip;]","og_url":"https:\/\/permbledhja.com\/sq\/haxhiu-avni-dhe-xhemile-deharit-duhet-kujtuar-qe-po-bejne-biznes-me-gjakun-e-djemve\/","og_site_name":"Ve\u00e7 artikuj p\u00ebrmbledh\u00ebs","article_publisher":"https:\/\/www.facebook.com\/press07\/","article_author":"https:\/\/www.facebook.com\/kafexhiu.muharrem\/","article_published_time":"2023-11-25T14:16:06+00:00","og_image":[{"width":600,"height":360,"url":"https:\/\/permbledhja.com\/wp-content\/uploads\/2023\/11\/6ABB835E-D3FC-4FAF-ABDB-45D8C32F2C50.jpeg","type":"image\/jpeg"}],"author":"P\u00ebrmbledhja","twitter_card":"summary_large_image","twitter_misc":{"Written by":"P\u00ebrmbledhja","Est. reading time":"2 minuta"},"schema":{"@context":"https:\/\/schema.org","@graph":[{"@type":"Article","@id":"https:\/\/permbledhja.com\/haxhiu-avni-dhe-xhemile-deharit-duhet-kujtuar-qe-po-bejne-biznes-me-gjakun-e-djemve\/#article","isPartOf":{"@id":"https:\/\/permbledhja.com\/haxhiu-avni-dhe-xhemile-deharit-duhet-kujtuar-qe-po-bejne-biznes-me-gjakun-e-djemve\/"},"author":{"name":"P\u00ebrmbledhja","@id":"https:\/\/permbledhja.com\/#\/schema\/person\/0d064377258d3221e50693947b9eb4fe"},"headline":"Haxhiu: Avni dhe Xhemile Deharit duhet kujtuar q\u00eb po b\u00ebjn\u00eb biznes me gjakun e djemve","datePublished":"2023-11-25T14:16:06+00:00","dateModified":"2023-11-25T14:16:06+00:00","mainEntityOfPage":{"@id":"https:\/\/permbledhja.com\/haxhiu-avni-dhe-xhemile-deharit-duhet-kujtuar-qe-po-bejne-biznes-me-gjakun-e-djemve\/"},"wordCount":255,"publisher":{"@id":"https:\/\/permbledhja.com\/#organization"},"keywords":["Baton Haxhiu"],"articleSection":["Lajme"],"inLanguage":"sq"},{"@type":"WebPage","@id":"https:\/\/permbledhja.com\/haxhiu-avni-dhe-xhemile-deharit-duhet-kujtuar-qe-po-bejne-biznes-me-gjakun-e-djemve\/","url":"https:\/\/permbledhja.com\/haxhiu-avni-dhe-xhemile-deharit-duhet-kujtuar-qe-po-bejne-biznes-me-gjakun-e-djemve\/","name":"Haxhiu: Avni dhe Xhemile Deharit duhet kujtuar q\u00eb po b\u00ebjn\u00eb biznes me gjakun e djemve","isPartOf":{"@id":"https:\/\/permbledhja.com\/#website"},"datePublished":"2023-11-25T14:16:06+00:00","dateModified":"2023-11-25T14:16:06+00:00","breadcrumb":{"@id":"https:\/\/permbledhja.com\/haxhiu-avni-dhe-xhemile-deharit-duhet-kujtuar-qe-po-bejne-biznes-me-gjakun-e-djemve\/#breadcrumb"},"inLanguage":"sq","potentialAction":[{"@type":"ReadAction","target":["https:\/\/permbledhja.com\/haxhiu-avni-dhe-xhemile-deharit-duhet-kujtuar-qe-po-bejne-biznes-me-gjakun-e-djemve\/"]}]},{"@type":"BreadcrumbList","@id":"https:\/\/permbledhja.com\/haxhiu-avni-dhe-xhemile-deharit-duhet-kujtuar-qe-po-bejne-biznes-me-gjakun-e-djemve\/#breadcrumb","itemListElement":[{"@type":"ListItem","position":1,"name":"Ballina","item":"https:\/\/permbledhja.com\/sq\/"},{"@type":"ListItem","position":2,"name":"Haxhiu: Avni dhe Xhemile Deharit duhet kujtuar q\u00eb po b\u00ebjn\u00eb biznes me gjakun e djemve"}]},{"@type":"WebSite","@id":"https:\/\/permbledhja.com\/#website","url":"https:\/\/permbledhja.com\/","name":"Ve\u00e7 artikuj p\u00ebrmbledh\u00ebs","description":"","publisher":{"@id":"https:\/\/permbledhja.com\/#organization"},"potentialAction":[{"@type":"SearchAction","target":{"@type":"EntryPoint","urlTemplate":"https:\/\/permbledhja.com\/?s={search_term_string}"},"query-input":"required name=search_term_string"}],"inLanguage":"sq"},{"@type":"Organization","@id":"https:\/\/permbledhja.com\/#organization","name":"MK Media & Pr","url":"https:\/\/permbledhja.com\/","logo":{"@type":"ImageObject","inLanguage":"sq","@id":"https:\/\/permbledhja.com\/#\/schema\/logo\/image\/","url":"https:\/\/permbledhja.com\/wp-content\/uploads\/2021\/12\/07-Press-Logo.jpg","contentUrl":"https:\/\/permbledhja.com\/wp-content\/uploads\/2021\/12\/07-Press-Logo.jpg","width":512,"height":512,"caption":"MK Media & Pr"},"image":{"@id":"https:\/\/permbledhja.com\/#\/schema\/logo\/image\/"},"sameAs":["https:\/\/www.facebook.com\/press07\/"]},{"@type":"Person","@id":"https:\/\/permbledhja.com\/#\/schema\/person\/0d064377258d3221e50693947b9eb4fe","name":"P\u00ebrmbledhja","image":{"@type":"ImageObject","inLanguage":"sq","@id":"https:\/\/permbledhja.com\/#\/schema\/person\/image\/","url":"https:\/\/permbledhja.com\/wp-content\/uploads\/2026\/01\/452004717_1040944174702970_8932037511805513407_n-96x96.jpg","contentUrl":"https:\/\/permbledhja.com\/wp-content\/uploads\/2026\/01\/452004717_1040944174702970_8932037511805513407_n-96x96.jpg","caption":"P\u00ebrmbledhja"},"sameAs":["https:\/\/www.facebook.com\/kafexhiu.muharrem\/","https:\/\/www.instagram.com\/muharrem_kafexhiu\/"],"url":"https:\/\/permbledhja.com\/sq\/author\/admin\/"}]}},"_links":{"self":[{"href":"https:\/\/permbledhja.com\/sq\/wp-json\/wp\/v2\/posts\/37459"}],"collection":[{"href":"https:\/\/permbledhja.com\/sq\/wp-json\/wp\/v2\/posts"}],"about":[{"href":"https:\/\/permbledhja.com\/sq\/wp-json\/wp\/v2\/types\/post"}],"author":[{"embeddable":true,"href":"https:\/\/permbledhja.com\/sq\/wp-json\/wp\/v2\/users\/1"}],"replies":[{"embeddable":true,"href":"https:\/\/permbledhja.com\/sq\/wp-json\/wp\/v2\/comments?post=37459"}],"version-history":[{"count":1,"href":"https:\/\/permbledhja.com\/sq\/wp-json\/wp\/v2\/posts\/37459\/revisions"}],"predecessor-version":[{"id":37461,"href":"https:\/\/permbledhja.com\/sq\/wp-json\/wp\/v2\/posts\/37459\/revisions\/37461"}],"wp:featuredmedia":[{"embeddable":true,"href":"https:\/\/permbledhja.com\/sq\/wp-json\/wp\/v2\/media\/37460"}],"wp:attachment":[{"href":"https:\/\/permbledhja.com\/sq\/wp-json\/wp\/v2\/media?parent=37459"}],"wp:term":[{"taxonomy":"category","embeddable":true,"href":"https:\/\/permbledhja.com\/sq\/wp-json\/wp\/v2\/categories?post=37459"},{"taxonomy":"post_tag","embeddable":true,"href":"https:\/\/permbledhja.com\/sq\/wp-json\/wp\/v2\/tags?post=37459"}],"curies":[{"name":"wp","href":"https:\/\/api.w.org\/{rel}","templated":true}]}}