{"id":37342,"date":"2023-11-23T12:02:52","date_gmt":"2023-11-23T12:02:52","guid":{"rendered":"https:\/\/permbledhja.com\/?p=37342"},"modified":"2023-11-23T12:02:52","modified_gmt":"2023-11-23T12:02:52","slug":"pdk-si-voton-marreveshjet-nderkombetare-tahiri-kesaj-qeverie-tia-shkurtojme-jeten","status":"publish","type":"post","link":"https:\/\/permbledhja.com\/sq\/pdk-si-voton-marreveshjet-nderkombetare-tahiri-kesaj-qeverie-tia-shkurtojme-jeten\/","title":{"rendered":"PDK s\u2019i voton marr\u00ebveshjet nd\u00ebrkomb\u00ebtare, Tahiri: K\u00ebsaj Qeverie t\u2019ia shkurtojm\u00eb jet\u00ebn"},"content":{"rendered":"<h3>Shefi i Grupit Parlamentar t\u00eb PDK-s\u00eb, Abelard Tahiri, ka th\u00ebn\u00eb se partia e tij s\u2019do t\u00eb votoj\u00eb asnj\u00eb marr\u00ebveshje nd\u00ebrkomb\u00ebtare meq\u00eb vendi gjendet n\u00ebn masa nd\u00ebshkuese nga Bashkimi Europian.<\/h3>\n<p>\u201cSi GP e PDK-s\u00eb i kemi votuar n\u00eb Kuvend p\u00ebr dy vjet e gjysm\u00eb 52 marr\u00ebveshje nd\u00ebrkomb\u00ebtare. Vlera e tyre shkon n\u00eb 860 milion\u00eb euro. Kur po flasim p\u00ebr t\u2019i votuar edhe n\u00ebnt\u00eb t\u00eb tjera, vendi \u00ebsht\u00eb n\u00ebn sanksione, vendi \u00ebsht\u00eb n\u00ebn masa restriktive nga BE dhe SHBA. Hi\u00e7 m\u00eb pak se 300 milion\u00eb euro jan\u00eb t\u00eb bllokuara nga BE nga ato marr\u00ebveshje q\u00eb ne i kemi votuar. Prandaj, si GP i PDK n\u00eb asnj\u00eb rrethan\u00eb nuk pajtohemi q\u00eb sot t\u00eb vijn\u00eb p\u00ebr diskutim e votim marr\u00ebveshjet tjera nd\u00ebrkomb\u00ebtare. Si GP i PDK nuk do t\u2019i votojm\u00eb sepse vendi \u00ebsht\u00eb n\u00ebn masa dhe sanksione pik\u00ebrisht nga BE. Pra, parat\u00eb nga marr\u00ebveshjet e votuara sot s\u2019arrijn\u00eb me u disbursu. Nga ana tjet\u00ebr, shtoje faktin k\u00ebtu t\u00eb paaft\u00ebsis\u00eb n\u00eb qeverisje, t\u00eb parave q\u00eb jan\u00eb bartur nga projektet kapitale prej vitit 2023 n\u00eb vitin 2024. Pra, ne t\u00eb votojm\u00eb ta rrisim borxhin publik, t\u2019i shtijm\u00eb n\u00eb borxh gjeneratat e reja dhe me nj\u00eb qeveri kaq t\u00eb paaft\u00eb \u00ebsht\u00eb e papranueshme\u201d.<\/p>\n<p>Tahiri tha se nuk mundin q\u00eb me vet\u00ebdije \u201ct\u2019ia rrisin d\u00ebmin ndaj k\u00ebtij vendi\u201d.<\/p>\n<p>\u201cNuk mund t\u00eb b\u00ebhemi me vet\u00ebdije pjes\u00eb k\u00ebtij d\u00ebmi p\u00ebr t\u00eb ardhmen e vendit ton\u00eb. Pse duhet me shku deri n\u00eb fund t\u00eb mandatit me nj\u00eb qeverisje kaq t\u00eb dob\u00ebt. Po e dim\u00eb paaft\u00ebsin\u00eb e tyre. \u201cNe si opozit\u00eb duhet t\u00eb angazhohemi q\u00eb sa m\u00eb par\u00eb k\u00ebsaj qeverie t\u2019ia shkurtojm\u00eb jet\u00ebn. T\u2019ia b\u00ebjm\u00eb t\u00eb pamundur qeverisjen, vazhdimin e d\u00ebmit\u201d.<\/p>\n","protected":false},"excerpt":{"rendered":"<p>Shefi i Grupit Parlamentar t\u00eb PDK-s\u00eb, Abelard Tahiri, ka th\u00ebn\u00eb se partia e tij s\u2019do t\u00eb votoj\u00eb asnj\u00eb marr\u00ebveshje nd\u00ebrkomb\u00ebtare meq\u00eb vendi gjendet n\u00ebn masa nd\u00ebshkuese nga Bashkimi Europian. \u201cSi GP e PDK-s\u00eb i kemi votuar n\u00eb Kuvend p\u00ebr dy vjet e gjysm\u00eb 52 marr\u00ebveshje nd\u00ebrkomb\u00ebtare. Vlera e tyre shkon n\u00eb 860 milion\u00eb euro. Kur [&hellip;]<\/p>\n","protected":false},"author":2,"featured_media":32051,"comment_status":"closed","ping_status":"closed","sticky":false,"template":"","format":"standard","meta":{"_monsterinsights_skip_tracking":false,"_monsterinsights_sitenote_active":false,"_monsterinsights_sitenote_note":"","_monsterinsights_sitenote_category":0,"_uf_show_specific_survey":0,"_uf_disable_surveys":false,"footnotes":""},"categories":[15],"tags":[946],"yoast_head":"<!-- This site is optimized with the Yoast SEO plugin v21.5 - https:\/\/yoast.com\/wordpress\/plugins\/seo\/ -->\n<title>PDK s\u2019i voton marr\u00ebveshjet nd\u00ebrkomb\u00ebtare, Tahiri: K\u00ebsaj Qeverie t\u2019ia shkurtojm\u00eb jet\u00ebn<\/title>\n<meta name=\"robots\" content=\"index, follow, max-snippet:-1, max-image-preview:large, max-video-preview:-1\" \/>\n<link rel=\"canonical\" href=\"https:\/\/permbledhja.com\/sq\/pdk-si-voton-marreveshjet-nderkombetare-tahiri-kesaj-qeverie-tia-shkurtojme-jeten\/\" \/>\n<meta property=\"og:locale\" content=\"sq_AL\" \/>\n<meta property=\"og:type\" content=\"article\" \/>\n<meta property=\"og:title\" content=\"PDK s\u2019i voton marr\u00ebveshjet nd\u00ebrkomb\u00ebtare, Tahiri: K\u00ebsaj Qeverie t\u2019ia shkurtojm\u00eb jet\u00ebn\" \/>\n<meta property=\"og:description\" content=\"Shefi i Grupit Parlamentar t\u00eb PDK-s\u00eb, Abelard Tahiri, ka th\u00ebn\u00eb se partia e tij s\u2019do t\u00eb votoj\u00eb asnj\u00eb marr\u00ebveshje nd\u00ebrkomb\u00ebtare meq\u00eb vendi gjendet n\u00ebn masa nd\u00ebshkuese nga Bashkimi Europian. \u201cSi GP e PDK-s\u00eb i kemi votuar n\u00eb Kuvend p\u00ebr dy vjet e gjysm\u00eb 52 marr\u00ebveshje nd\u00ebrkomb\u00ebtare. Vlera e tyre shkon n\u00eb 860 milion\u00eb euro. Kur [&hellip;]\" \/>\n<meta property=\"og:url\" content=\"https:\/\/permbledhja.com\/sq\/pdk-si-voton-marreveshjet-nderkombetare-tahiri-kesaj-qeverie-tia-shkurtojme-jeten\/\" \/>\n<meta property=\"og:site_name\" content=\"Ve\u00e7 artikuj p\u00ebrmbledh\u00ebs\" \/>\n<meta property=\"article:publisher\" content=\"https:\/\/www.facebook.com\/press07\/\" \/>\n<meta property=\"article:published_time\" content=\"2023-11-23T12:02:52+00:00\" \/>\n<meta property=\"og:image\" content=\"https:\/\/permbledhja.com\/wp-content\/uploads\/2023\/10\/Abelard-Tahiri-1.png\" \/>\n\t<meta property=\"og:image:width\" content=\"1231\" \/>\n\t<meta property=\"og:image:height\" content=\"677\" \/>\n\t<meta property=\"og:image:type\" content=\"image\/png\" \/>\n<meta name=\"author\" content=\"M M\" \/>\n<meta name=\"twitter:card\" content=\"summary_large_image\" \/>\n<meta name=\"twitter:label1\" content=\"Written by\" \/>\n\t<meta name=\"twitter:data1\" content=\"M M\" \/>\n\t<meta name=\"twitter:label2\" content=\"Est. reading time\" \/>\n\t<meta name=\"twitter:data2\" content=\"2 minuta\" \/>\n<script type=\"application\/ld+json\" class=\"yoast-schema-graph\">{\"@context\":\"https:\/\/schema.org\",\"@graph\":[{\"@type\":\"Article\",\"@id\":\"https:\/\/permbledhja.com\/pdk-si-voton-marreveshjet-nderkombetare-tahiri-kesaj-qeverie-tia-shkurtojme-jeten\/#article\",\"isPartOf\":{\"@id\":\"https:\/\/permbledhja.com\/pdk-si-voton-marreveshjet-nderkombetare-tahiri-kesaj-qeverie-tia-shkurtojme-jeten\/\"},\"author\":{\"name\":\"M M\",\"@id\":\"https:\/\/permbledhja.com\/#\/schema\/person\/d23f13f59b5722643933d6780783acf3\"},\"headline\":\"PDK s\u2019i voton marr\u00ebveshjet nd\u00ebrkomb\u00ebtare, Tahiri: K\u00ebsaj Qeverie t\u2019ia shkurtojm\u00eb jet\u00ebn\",\"datePublished\":\"2023-11-23T12:02:52+00:00\",\"dateModified\":\"2023-11-23T12:02:52+00:00\",\"mainEntityOfPage\":{\"@id\":\"https:\/\/permbledhja.com\/pdk-si-voton-marreveshjet-nderkombetare-tahiri-kesaj-qeverie-tia-shkurtojme-jeten\/\"},\"wordCount\":329,\"publisher\":{\"@id\":\"https:\/\/permbledhja.com\/#organization\"},\"keywords\":[\"Abelard Tahiri\"],\"articleSection\":[\"Lajme\"],\"inLanguage\":\"sq\"},{\"@type\":\"WebPage\",\"@id\":\"https:\/\/permbledhja.com\/pdk-si-voton-marreveshjet-nderkombetare-tahiri-kesaj-qeverie-tia-shkurtojme-jeten\/\",\"url\":\"https:\/\/permbledhja.com\/pdk-si-voton-marreveshjet-nderkombetare-tahiri-kesaj-qeverie-tia-shkurtojme-jeten\/\",\"name\":\"PDK s\u2019i voton marr\u00ebveshjet nd\u00ebrkomb\u00ebtare, Tahiri: K\u00ebsaj Qeverie t\u2019ia shkurtojm\u00eb jet\u00ebn\",\"isPartOf\":{\"@id\":\"https:\/\/permbledhja.com\/#website\"},\"datePublished\":\"2023-11-23T12:02:52+00:00\",\"dateModified\":\"2023-11-23T12:02:52+00:00\",\"breadcrumb\":{\"@id\":\"https:\/\/permbledhja.com\/pdk-si-voton-marreveshjet-nderkombetare-tahiri-kesaj-qeverie-tia-shkurtojme-jeten\/#breadcrumb\"},\"inLanguage\":\"sq\",\"potentialAction\":[{\"@type\":\"ReadAction\",\"target\":[\"https:\/\/permbledhja.com\/pdk-si-voton-marreveshjet-nderkombetare-tahiri-kesaj-qeverie-tia-shkurtojme-jeten\/\"]}]},{\"@type\":\"BreadcrumbList\",\"@id\":\"https:\/\/permbledhja.com\/pdk-si-voton-marreveshjet-nderkombetare-tahiri-kesaj-qeverie-tia-shkurtojme-jeten\/#breadcrumb\",\"itemListElement\":[{\"@type\":\"ListItem\",\"position\":1,\"name\":\"Ballina\",\"item\":\"https:\/\/permbledhja.com\/sq\/\"},{\"@type\":\"ListItem\",\"position\":2,\"name\":\"PDK s\u2019i voton marr\u00ebveshjet nd\u00ebrkomb\u00ebtare, Tahiri: K\u00ebsaj Qeverie t\u2019ia shkurtojm\u00eb jet\u00ebn\"}]},{\"@type\":\"WebSite\",\"@id\":\"https:\/\/permbledhja.com\/#website\",\"url\":\"https:\/\/permbledhja.com\/\",\"name\":\"Ve\u00e7 artikuj p\u00ebrmbledh\u00ebs\",\"description\":\"\",\"publisher\":{\"@id\":\"https:\/\/permbledhja.com\/#organization\"},\"potentialAction\":[{\"@type\":\"SearchAction\",\"target\":{\"@type\":\"EntryPoint\",\"urlTemplate\":\"https:\/\/permbledhja.com\/?s={search_term_string}\"},\"query-input\":\"required name=search_term_string\"}],\"inLanguage\":\"sq\"},{\"@type\":\"Organization\",\"@id\":\"https:\/\/permbledhja.com\/#organization\",\"name\":\"MK Media & Pr\",\"url\":\"https:\/\/permbledhja.com\/\",\"logo\":{\"@type\":\"ImageObject\",\"inLanguage\":\"sq\",\"@id\":\"https:\/\/permbledhja.com\/#\/schema\/logo\/image\/\",\"url\":\"https:\/\/permbledhja.com\/wp-content\/uploads\/2021\/12\/07-Press-Logo.jpg\",\"contentUrl\":\"https:\/\/permbledhja.com\/wp-content\/uploads\/2021\/12\/07-Press-Logo.jpg\",\"width\":512,\"height\":512,\"caption\":\"MK Media & Pr\"},\"image\":{\"@id\":\"https:\/\/permbledhja.com\/#\/schema\/logo\/image\/\"},\"sameAs\":[\"https:\/\/www.facebook.com\/press07\/\"]},{\"@type\":\"Person\",\"@id\":\"https:\/\/permbledhja.com\/#\/schema\/person\/d23f13f59b5722643933d6780783acf3\",\"name\":\"M M\",\"image\":{\"@type\":\"ImageObject\",\"inLanguage\":\"sq\",\"@id\":\"https:\/\/permbledhja.com\/#\/schema\/person\/image\/\",\"url\":\"https:\/\/secure.gravatar.com\/avatar\/e2835a76ca7c31a2416b2d51c4ec9a8f?s=96&d=mm&r=g\",\"contentUrl\":\"https:\/\/secure.gravatar.com\/avatar\/e2835a76ca7c31a2416b2d51c4ec9a8f?s=96&d=mm&r=g\",\"caption\":\"M M\"},\"sameAs\":[\"http:\/\/MM\"],\"url\":\"https:\/\/permbledhja.com\/sq\/author\/muhamet\/\"}]}<\/script>\n<!-- \/ Yoast SEO plugin. -->","yoast_head_json":{"title":"PDK s\u2019i voton marr\u00ebveshjet nd\u00ebrkomb\u00ebtare, Tahiri: K\u00ebsaj Qeverie t\u2019ia shkurtojm\u00eb jet\u00ebn","robots":{"index":"index","follow":"follow","max-snippet":"max-snippet:-1","max-image-preview":"max-image-preview:large","max-video-preview":"max-video-preview:-1"},"canonical":"https:\/\/permbledhja.com\/sq\/pdk-si-voton-marreveshjet-nderkombetare-tahiri-kesaj-qeverie-tia-shkurtojme-jeten\/","og_locale":"sq_AL","og_type":"article","og_title":"PDK s\u2019i voton marr\u00ebveshjet nd\u00ebrkomb\u00ebtare, Tahiri: K\u00ebsaj Qeverie t\u2019ia shkurtojm\u00eb jet\u00ebn","og_description":"Shefi i Grupit Parlamentar t\u00eb PDK-s\u00eb, Abelard Tahiri, ka th\u00ebn\u00eb se partia e tij s\u2019do t\u00eb votoj\u00eb asnj\u00eb marr\u00ebveshje nd\u00ebrkomb\u00ebtare meq\u00eb vendi gjendet n\u00ebn masa nd\u00ebshkuese nga Bashkimi Europian. \u201cSi GP e PDK-s\u00eb i kemi votuar n\u00eb Kuvend p\u00ebr dy vjet e gjysm\u00eb 52 marr\u00ebveshje nd\u00ebrkomb\u00ebtare. Vlera e tyre shkon n\u00eb 860 milion\u00eb euro. Kur [&hellip;]","og_url":"https:\/\/permbledhja.com\/sq\/pdk-si-voton-marreveshjet-nderkombetare-tahiri-kesaj-qeverie-tia-shkurtojme-jeten\/","og_site_name":"Ve\u00e7 artikuj p\u00ebrmbledh\u00ebs","article_publisher":"https:\/\/www.facebook.com\/press07\/","article_published_time":"2023-11-23T12:02:52+00:00","og_image":[{"width":1231,"height":677,"url":"https:\/\/permbledhja.com\/wp-content\/uploads\/2023\/10\/Abelard-Tahiri-1.png","type":"image\/png"}],"author":"M M","twitter_card":"summary_large_image","twitter_misc":{"Written by":"M M","Est. reading time":"2 minuta"},"schema":{"@context":"https:\/\/schema.org","@graph":[{"@type":"Article","@id":"https:\/\/permbledhja.com\/pdk-si-voton-marreveshjet-nderkombetare-tahiri-kesaj-qeverie-tia-shkurtojme-jeten\/#article","isPartOf":{"@id":"https:\/\/permbledhja.com\/pdk-si-voton-marreveshjet-nderkombetare-tahiri-kesaj-qeverie-tia-shkurtojme-jeten\/"},"author":{"name":"M M","@id":"https:\/\/permbledhja.com\/#\/schema\/person\/d23f13f59b5722643933d6780783acf3"},"headline":"PDK s\u2019i voton marr\u00ebveshjet nd\u00ebrkomb\u00ebtare, Tahiri: K\u00ebsaj Qeverie t\u2019ia shkurtojm\u00eb jet\u00ebn","datePublished":"2023-11-23T12:02:52+00:00","dateModified":"2023-11-23T12:02:52+00:00","mainEntityOfPage":{"@id":"https:\/\/permbledhja.com\/pdk-si-voton-marreveshjet-nderkombetare-tahiri-kesaj-qeverie-tia-shkurtojme-jeten\/"},"wordCount":329,"publisher":{"@id":"https:\/\/permbledhja.com\/#organization"},"keywords":["Abelard Tahiri"],"articleSection":["Lajme"],"inLanguage":"sq"},{"@type":"WebPage","@id":"https:\/\/permbledhja.com\/pdk-si-voton-marreveshjet-nderkombetare-tahiri-kesaj-qeverie-tia-shkurtojme-jeten\/","url":"https:\/\/permbledhja.com\/pdk-si-voton-marreveshjet-nderkombetare-tahiri-kesaj-qeverie-tia-shkurtojme-jeten\/","name":"PDK s\u2019i voton marr\u00ebveshjet nd\u00ebrkomb\u00ebtare, Tahiri: K\u00ebsaj Qeverie t\u2019ia shkurtojm\u00eb jet\u00ebn","isPartOf":{"@id":"https:\/\/permbledhja.com\/#website"},"datePublished":"2023-11-23T12:02:52+00:00","dateModified":"2023-11-23T12:02:52+00:00","breadcrumb":{"@id":"https:\/\/permbledhja.com\/pdk-si-voton-marreveshjet-nderkombetare-tahiri-kesaj-qeverie-tia-shkurtojme-jeten\/#breadcrumb"},"inLanguage":"sq","potentialAction":[{"@type":"ReadAction","target":["https:\/\/permbledhja.com\/pdk-si-voton-marreveshjet-nderkombetare-tahiri-kesaj-qeverie-tia-shkurtojme-jeten\/"]}]},{"@type":"BreadcrumbList","@id":"https:\/\/permbledhja.com\/pdk-si-voton-marreveshjet-nderkombetare-tahiri-kesaj-qeverie-tia-shkurtojme-jeten\/#breadcrumb","itemListElement":[{"@type":"ListItem","position":1,"name":"Ballina","item":"https:\/\/permbledhja.com\/sq\/"},{"@type":"ListItem","position":2,"name":"PDK s\u2019i voton marr\u00ebveshjet nd\u00ebrkomb\u00ebtare, Tahiri: K\u00ebsaj Qeverie t\u2019ia shkurtojm\u00eb jet\u00ebn"}]},{"@type":"WebSite","@id":"https:\/\/permbledhja.com\/#website","url":"https:\/\/permbledhja.com\/","name":"Ve\u00e7 artikuj p\u00ebrmbledh\u00ebs","description":"","publisher":{"@id":"https:\/\/permbledhja.com\/#organization"},"potentialAction":[{"@type":"SearchAction","target":{"@type":"EntryPoint","urlTemplate":"https:\/\/permbledhja.com\/?s={search_term_string}"},"query-input":"required name=search_term_string"}],"inLanguage":"sq"},{"@type":"Organization","@id":"https:\/\/permbledhja.com\/#organization","name":"MK Media & Pr","url":"https:\/\/permbledhja.com\/","logo":{"@type":"ImageObject","inLanguage":"sq","@id":"https:\/\/permbledhja.com\/#\/schema\/logo\/image\/","url":"https:\/\/permbledhja.com\/wp-content\/uploads\/2021\/12\/07-Press-Logo.jpg","contentUrl":"https:\/\/permbledhja.com\/wp-content\/uploads\/2021\/12\/07-Press-Logo.jpg","width":512,"height":512,"caption":"MK Media & Pr"},"image":{"@id":"https:\/\/permbledhja.com\/#\/schema\/logo\/image\/"},"sameAs":["https:\/\/www.facebook.com\/press07\/"]},{"@type":"Person","@id":"https:\/\/permbledhja.com\/#\/schema\/person\/d23f13f59b5722643933d6780783acf3","name":"M M","image":{"@type":"ImageObject","inLanguage":"sq","@id":"https:\/\/permbledhja.com\/#\/schema\/person\/image\/","url":"https:\/\/secure.gravatar.com\/avatar\/e2835a76ca7c31a2416b2d51c4ec9a8f?s=96&d=mm&r=g","contentUrl":"https:\/\/secure.gravatar.com\/avatar\/e2835a76ca7c31a2416b2d51c4ec9a8f?s=96&d=mm&r=g","caption":"M M"},"sameAs":["http:\/\/MM"],"url":"https:\/\/permbledhja.com\/sq\/author\/muhamet\/"}]}},"_links":{"self":[{"href":"https:\/\/permbledhja.com\/sq\/wp-json\/wp\/v2\/posts\/37342"}],"collection":[{"href":"https:\/\/permbledhja.com\/sq\/wp-json\/wp\/v2\/posts"}],"about":[{"href":"https:\/\/permbledhja.com\/sq\/wp-json\/wp\/v2\/types\/post"}],"author":[{"embeddable":true,"href":"https:\/\/permbledhja.com\/sq\/wp-json\/wp\/v2\/users\/2"}],"replies":[{"embeddable":true,"href":"https:\/\/permbledhja.com\/sq\/wp-json\/wp\/v2\/comments?post=37342"}],"version-history":[{"count":1,"href":"https:\/\/permbledhja.com\/sq\/wp-json\/wp\/v2\/posts\/37342\/revisions"}],"predecessor-version":[{"id":37343,"href":"https:\/\/permbledhja.com\/sq\/wp-json\/wp\/v2\/posts\/37342\/revisions\/37343"}],"wp:featuredmedia":[{"embeddable":true,"href":"https:\/\/permbledhja.com\/sq\/wp-json\/wp\/v2\/media\/32051"}],"wp:attachment":[{"href":"https:\/\/permbledhja.com\/sq\/wp-json\/wp\/v2\/media?parent=37342"}],"wp:term":[{"taxonomy":"category","embeddable":true,"href":"https:\/\/permbledhja.com\/sq\/wp-json\/wp\/v2\/categories?post=37342"},{"taxonomy":"post_tag","embeddable":true,"href":"https:\/\/permbledhja.com\/sq\/wp-json\/wp\/v2\/tags?post=37342"}],"curies":[{"name":"wp","href":"https:\/\/api.w.org\/{rel}","templated":true}]}}