{"id":37339,"date":"2023-11-23T12:01:00","date_gmt":"2023-11-23T12:01:00","guid":{"rendered":"https:\/\/permbledhja.com\/?p=37339"},"modified":"2023-11-23T12:01:00","modified_gmt":"2023-11-23T12:01:00","slug":"rama-me-porosi-per-kurtin-nepermjet-osmanit-tia-sugjeroje-kryeministrit-te-vet-une-e-degjoj-presidentin","status":"publish","type":"post","link":"https:\/\/permbledhja.com\/sq\/rama-me-porosi-per-kurtin-nepermjet-osmanit-tia-sugjeroje-kryeministrit-te-vet-une-e-degjoj-presidentin\/","title":{"rendered":"Rama me porosi p\u00ebr Kurtin n\u00ebp\u00ebrmjet Osmanit: T\u2019ia sugjeroj\u00eb kryeministrit t\u00eb vet, un\u00eb e d\u00ebgjoj presidentin"},"content":{"rendered":"<h3>Kryeministri Edi Rama n\u00eb fjal\u00ebn e mbajtur n\u00eb Samitin e Diaspor\u00ebs n\u00eb Tiran\u00eb, tha se 22 n\u00ebntori, Dita e Alfabetit, do t\u00eb jet\u00eb fest\u00eb komb\u00ebtare edhe n\u00eb Shqip\u00ebri si\u00e7 \u00ebsht\u00eb p\u00ebr shqiptar\u00ebt n\u00eb RMV.<\/h3>\n<p>Rama k\u00ebshilloi presidenten e Kosov\u00ebs Vjosa Omani q\u00eb t\u2019ia sugjeronte t\u00eb nj\u00ebjt\u00ebn gj\u00eb edhe kryeministrit t\u00eb saj n\u00eb Kosov\u00eb.<\/p>\n<p>\u201c\u00cbsht\u00eb forca e nj\u00eb njeriu, e Arb\u00ebr Xhaferrit i cili pati vizionin q\u00eb Dita e Alfabetit, 22 N\u00ebntori t\u00eb jet\u00eb nj\u00eb dit\u00eb e njohur si fest\u00eb komb\u00ebtare p\u00ebr shqiptar\u00ebt n\u00eb RMV dhe un\u00eb mendoj se tani \u00ebsht\u00eb dita q\u00eb Dita e Alfabetit, q\u00eb na bashkon t\u00eb gjith\u00eb, t\u00eb jet\u00eb nj\u00eb dit\u00eb feste komb\u00ebtare edhe n\u00eb Shqip\u00ebri. Dhe patjet\u00ebr besoj q\u00eb edhe presidentja e Kosov\u00ebs do ja jap\u00eb k\u00ebt\u00eb sugjerim kryeministrit t\u00eb vet. Un\u00eb e d\u00ebgjoj presidentin p\u00ebr veten time\u201d, tha Rama.<\/p>\n","protected":false},"excerpt":{"rendered":"<p>Kryeministri Edi Rama n\u00eb fjal\u00ebn e mbajtur n\u00eb Samitin e Diaspor\u00ebs n\u00eb Tiran\u00eb, tha se 22 n\u00ebntori, Dita e Alfabetit, do t\u00eb jet\u00eb fest\u00eb komb\u00ebtare edhe n\u00eb Shqip\u00ebri si\u00e7 \u00ebsht\u00eb p\u00ebr shqiptar\u00ebt n\u00eb RMV. Rama k\u00ebshilloi presidenten e Kosov\u00ebs Vjosa Omani q\u00eb t\u2019ia sugjeronte t\u00eb nj\u00ebjt\u00ebn gj\u00eb edhe kryeministrit t\u00eb saj n\u00eb Kosov\u00eb. \u201c\u00cbsht\u00eb forca [&hellip;]<\/p>\n","protected":false},"author":2,"featured_media":37340,"comment_status":"closed","ping_status":"closed","sticky":false,"template":"","format":"standard","meta":{"_monsterinsights_skip_tracking":false,"_monsterinsights_sitenote_active":false,"_monsterinsights_sitenote_note":"","_monsterinsights_sitenote_category":0,"_uf_show_specific_survey":0,"_uf_disable_surveys":false,"footnotes":""},"categories":[15],"tags":[474],"yoast_head":"<!-- This site is optimized with the Yoast SEO plugin v21.5 - https:\/\/yoast.com\/wordpress\/plugins\/seo\/ -->\n<title>Rama me porosi p\u00ebr Kurtin n\u00ebp\u00ebrmjet Osmanit: T\u2019ia sugjeroj\u00eb kryeministrit t\u00eb vet, un\u00eb e d\u00ebgjoj presidentin<\/title>\n<meta name=\"robots\" content=\"index, follow, max-snippet:-1, max-image-preview:large, max-video-preview:-1\" \/>\n<link rel=\"canonical\" href=\"https:\/\/permbledhja.com\/sq\/rama-me-porosi-per-kurtin-nepermjet-osmanit-tia-sugjeroje-kryeministrit-te-vet-une-e-degjoj-presidentin\/\" \/>\n<meta property=\"og:locale\" content=\"sq_AL\" \/>\n<meta property=\"og:type\" content=\"article\" \/>\n<meta property=\"og:title\" content=\"Rama me porosi p\u00ebr Kurtin n\u00ebp\u00ebrmjet Osmanit: T\u2019ia sugjeroj\u00eb kryeministrit t\u00eb vet, un\u00eb e d\u00ebgjoj presidentin\" \/>\n<meta property=\"og:description\" content=\"Kryeministri Edi Rama n\u00eb fjal\u00ebn e mbajtur n\u00eb Samitin e Diaspor\u00ebs n\u00eb Tiran\u00eb, tha se 22 n\u00ebntori, Dita e Alfabetit, do t\u00eb jet\u00eb fest\u00eb komb\u00ebtare edhe n\u00eb Shqip\u00ebri si\u00e7 \u00ebsht\u00eb p\u00ebr shqiptar\u00ebt n\u00eb RMV. Rama k\u00ebshilloi presidenten e Kosov\u00ebs Vjosa Omani q\u00eb t\u2019ia sugjeronte t\u00eb nj\u00ebjt\u00ebn gj\u00eb edhe kryeministrit t\u00eb saj n\u00eb Kosov\u00eb. \u201c\u00cbsht\u00eb forca [&hellip;]\" \/>\n<meta property=\"og:url\" content=\"https:\/\/permbledhja.com\/sq\/rama-me-porosi-per-kurtin-nepermjet-osmanit-tia-sugjeroje-kryeministrit-te-vet-une-e-degjoj-presidentin\/\" \/>\n<meta property=\"og:site_name\" content=\"Ve\u00e7 artikuj p\u00ebrmbledh\u00ebs\" \/>\n<meta property=\"article:publisher\" content=\"https:\/\/www.facebook.com\/press07\/\" \/>\n<meta property=\"article:published_time\" content=\"2023-11-23T12:01:00+00:00\" \/>\n<meta property=\"og:image\" content=\"https:\/\/permbledhja.com\/wp-content\/uploads\/2023\/11\/edi-600x360-1.webp\" \/>\n\t<meta property=\"og:image:width\" content=\"600\" \/>\n\t<meta property=\"og:image:height\" content=\"360\" \/>\n\t<meta property=\"og:image:type\" content=\"image\/webp\" \/>\n<meta name=\"author\" content=\"M M\" \/>\n<meta name=\"twitter:card\" content=\"summary_large_image\" \/>\n<meta name=\"twitter:label1\" content=\"Written by\" \/>\n\t<meta name=\"twitter:data1\" content=\"M M\" \/>\n\t<meta name=\"twitter:label2\" content=\"Est. reading time\" \/>\n\t<meta name=\"twitter:data2\" content=\"1 minut\u00eb\" \/>\n<script type=\"application\/ld+json\" class=\"yoast-schema-graph\">{\"@context\":\"https:\/\/schema.org\",\"@graph\":[{\"@type\":\"Article\",\"@id\":\"https:\/\/permbledhja.com\/rama-me-porosi-per-kurtin-nepermjet-osmanit-tia-sugjeroje-kryeministrit-te-vet-une-e-degjoj-presidentin\/#article\",\"isPartOf\":{\"@id\":\"https:\/\/permbledhja.com\/rama-me-porosi-per-kurtin-nepermjet-osmanit-tia-sugjeroje-kryeministrit-te-vet-une-e-degjoj-presidentin\/\"},\"author\":{\"name\":\"M M\",\"@id\":\"https:\/\/permbledhja.com\/#\/schema\/person\/d23f13f59b5722643933d6780783acf3\"},\"headline\":\"Rama me porosi p\u00ebr Kurtin n\u00ebp\u00ebrmjet Osmanit: T\u2019ia sugjeroj\u00eb kryeministrit t\u00eb vet, un\u00eb e d\u00ebgjoj presidentin\",\"datePublished\":\"2023-11-23T12:01:00+00:00\",\"dateModified\":\"2023-11-23T12:01:00+00:00\",\"mainEntityOfPage\":{\"@id\":\"https:\/\/permbledhja.com\/rama-me-porosi-per-kurtin-nepermjet-osmanit-tia-sugjeroje-kryeministrit-te-vet-une-e-degjoj-presidentin\/\"},\"wordCount\":177,\"publisher\":{\"@id\":\"https:\/\/permbledhja.com\/#organization\"},\"keywords\":[\"Edi Rama\"],\"articleSection\":[\"Lajme\"],\"inLanguage\":\"sq\"},{\"@type\":\"WebPage\",\"@id\":\"https:\/\/permbledhja.com\/rama-me-porosi-per-kurtin-nepermjet-osmanit-tia-sugjeroje-kryeministrit-te-vet-une-e-degjoj-presidentin\/\",\"url\":\"https:\/\/permbledhja.com\/rama-me-porosi-per-kurtin-nepermjet-osmanit-tia-sugjeroje-kryeministrit-te-vet-une-e-degjoj-presidentin\/\",\"name\":\"Rama me porosi p\u00ebr Kurtin n\u00ebp\u00ebrmjet Osmanit: T\u2019ia sugjeroj\u00eb kryeministrit t\u00eb vet, un\u00eb e d\u00ebgjoj presidentin\",\"isPartOf\":{\"@id\":\"https:\/\/permbledhja.com\/#website\"},\"datePublished\":\"2023-11-23T12:01:00+00:00\",\"dateModified\":\"2023-11-23T12:01:00+00:00\",\"breadcrumb\":{\"@id\":\"https:\/\/permbledhja.com\/rama-me-porosi-per-kurtin-nepermjet-osmanit-tia-sugjeroje-kryeministrit-te-vet-une-e-degjoj-presidentin\/#breadcrumb\"},\"inLanguage\":\"sq\",\"potentialAction\":[{\"@type\":\"ReadAction\",\"target\":[\"https:\/\/permbledhja.com\/rama-me-porosi-per-kurtin-nepermjet-osmanit-tia-sugjeroje-kryeministrit-te-vet-une-e-degjoj-presidentin\/\"]}]},{\"@type\":\"BreadcrumbList\",\"@id\":\"https:\/\/permbledhja.com\/rama-me-porosi-per-kurtin-nepermjet-osmanit-tia-sugjeroje-kryeministrit-te-vet-une-e-degjoj-presidentin\/#breadcrumb\",\"itemListElement\":[{\"@type\":\"ListItem\",\"position\":1,\"name\":\"Ballina\",\"item\":\"https:\/\/permbledhja.com\/sq\/\"},{\"@type\":\"ListItem\",\"position\":2,\"name\":\"Rama me porosi p\u00ebr Kurtin n\u00ebp\u00ebrmjet Osmanit: T\u2019ia sugjeroj\u00eb kryeministrit t\u00eb vet, un\u00eb e d\u00ebgjoj presidentin\"}]},{\"@type\":\"WebSite\",\"@id\":\"https:\/\/permbledhja.com\/#website\",\"url\":\"https:\/\/permbledhja.com\/\",\"name\":\"Ve\u00e7 artikuj p\u00ebrmbledh\u00ebs\",\"description\":\"\",\"publisher\":{\"@id\":\"https:\/\/permbledhja.com\/#organization\"},\"potentialAction\":[{\"@type\":\"SearchAction\",\"target\":{\"@type\":\"EntryPoint\",\"urlTemplate\":\"https:\/\/permbledhja.com\/?s={search_term_string}\"},\"query-input\":\"required name=search_term_string\"}],\"inLanguage\":\"sq\"},{\"@type\":\"Organization\",\"@id\":\"https:\/\/permbledhja.com\/#organization\",\"name\":\"MK Media & Pr\",\"url\":\"https:\/\/permbledhja.com\/\",\"logo\":{\"@type\":\"ImageObject\",\"inLanguage\":\"sq\",\"@id\":\"https:\/\/permbledhja.com\/#\/schema\/logo\/image\/\",\"url\":\"https:\/\/permbledhja.com\/wp-content\/uploads\/2021\/12\/07-Press-Logo.jpg\",\"contentUrl\":\"https:\/\/permbledhja.com\/wp-content\/uploads\/2021\/12\/07-Press-Logo.jpg\",\"width\":512,\"height\":512,\"caption\":\"MK Media & Pr\"},\"image\":{\"@id\":\"https:\/\/permbledhja.com\/#\/schema\/logo\/image\/\"},\"sameAs\":[\"https:\/\/www.facebook.com\/press07\/\"]},{\"@type\":\"Person\",\"@id\":\"https:\/\/permbledhja.com\/#\/schema\/person\/d23f13f59b5722643933d6780783acf3\",\"name\":\"M M\",\"image\":{\"@type\":\"ImageObject\",\"inLanguage\":\"sq\",\"@id\":\"https:\/\/permbledhja.com\/#\/schema\/person\/image\/\",\"url\":\"https:\/\/secure.gravatar.com\/avatar\/e2835a76ca7c31a2416b2d51c4ec9a8f?s=96&d=mm&r=g\",\"contentUrl\":\"https:\/\/secure.gravatar.com\/avatar\/e2835a76ca7c31a2416b2d51c4ec9a8f?s=96&d=mm&r=g\",\"caption\":\"M M\"},\"sameAs\":[\"http:\/\/MM\"],\"url\":\"https:\/\/permbledhja.com\/sq\/author\/muhamet\/\"}]}<\/script>\n<!-- \/ Yoast SEO plugin. -->","yoast_head_json":{"title":"Rama me porosi p\u00ebr Kurtin n\u00ebp\u00ebrmjet Osmanit: T\u2019ia sugjeroj\u00eb kryeministrit t\u00eb vet, un\u00eb e d\u00ebgjoj presidentin","robots":{"index":"index","follow":"follow","max-snippet":"max-snippet:-1","max-image-preview":"max-image-preview:large","max-video-preview":"max-video-preview:-1"},"canonical":"https:\/\/permbledhja.com\/sq\/rama-me-porosi-per-kurtin-nepermjet-osmanit-tia-sugjeroje-kryeministrit-te-vet-une-e-degjoj-presidentin\/","og_locale":"sq_AL","og_type":"article","og_title":"Rama me porosi p\u00ebr Kurtin n\u00ebp\u00ebrmjet Osmanit: T\u2019ia sugjeroj\u00eb kryeministrit t\u00eb vet, un\u00eb e d\u00ebgjoj presidentin","og_description":"Kryeministri Edi Rama n\u00eb fjal\u00ebn e mbajtur n\u00eb Samitin e Diaspor\u00ebs n\u00eb Tiran\u00eb, tha se 22 n\u00ebntori, Dita e Alfabetit, do t\u00eb jet\u00eb fest\u00eb komb\u00ebtare edhe n\u00eb Shqip\u00ebri si\u00e7 \u00ebsht\u00eb p\u00ebr shqiptar\u00ebt n\u00eb RMV. Rama k\u00ebshilloi presidenten e Kosov\u00ebs Vjosa Omani q\u00eb t\u2019ia sugjeronte t\u00eb nj\u00ebjt\u00ebn gj\u00eb edhe kryeministrit t\u00eb saj n\u00eb Kosov\u00eb. \u201c\u00cbsht\u00eb forca [&hellip;]","og_url":"https:\/\/permbledhja.com\/sq\/rama-me-porosi-per-kurtin-nepermjet-osmanit-tia-sugjeroje-kryeministrit-te-vet-une-e-degjoj-presidentin\/","og_site_name":"Ve\u00e7 artikuj p\u00ebrmbledh\u00ebs","article_publisher":"https:\/\/www.facebook.com\/press07\/","article_published_time":"2023-11-23T12:01:00+00:00","og_image":[{"width":600,"height":360,"url":"https:\/\/permbledhja.com\/wp-content\/uploads\/2023\/11\/edi-600x360-1.webp","type":"image\/webp"}],"author":"M M","twitter_card":"summary_large_image","twitter_misc":{"Written by":"M M","Est. reading time":"1 minut\u00eb"},"schema":{"@context":"https:\/\/schema.org","@graph":[{"@type":"Article","@id":"https:\/\/permbledhja.com\/rama-me-porosi-per-kurtin-nepermjet-osmanit-tia-sugjeroje-kryeministrit-te-vet-une-e-degjoj-presidentin\/#article","isPartOf":{"@id":"https:\/\/permbledhja.com\/rama-me-porosi-per-kurtin-nepermjet-osmanit-tia-sugjeroje-kryeministrit-te-vet-une-e-degjoj-presidentin\/"},"author":{"name":"M M","@id":"https:\/\/permbledhja.com\/#\/schema\/person\/d23f13f59b5722643933d6780783acf3"},"headline":"Rama me porosi p\u00ebr Kurtin n\u00ebp\u00ebrmjet Osmanit: T\u2019ia sugjeroj\u00eb kryeministrit t\u00eb vet, un\u00eb e d\u00ebgjoj presidentin","datePublished":"2023-11-23T12:01:00+00:00","dateModified":"2023-11-23T12:01:00+00:00","mainEntityOfPage":{"@id":"https:\/\/permbledhja.com\/rama-me-porosi-per-kurtin-nepermjet-osmanit-tia-sugjeroje-kryeministrit-te-vet-une-e-degjoj-presidentin\/"},"wordCount":177,"publisher":{"@id":"https:\/\/permbledhja.com\/#organization"},"keywords":["Edi Rama"],"articleSection":["Lajme"],"inLanguage":"sq"},{"@type":"WebPage","@id":"https:\/\/permbledhja.com\/rama-me-porosi-per-kurtin-nepermjet-osmanit-tia-sugjeroje-kryeministrit-te-vet-une-e-degjoj-presidentin\/","url":"https:\/\/permbledhja.com\/rama-me-porosi-per-kurtin-nepermjet-osmanit-tia-sugjeroje-kryeministrit-te-vet-une-e-degjoj-presidentin\/","name":"Rama me porosi p\u00ebr Kurtin n\u00ebp\u00ebrmjet Osmanit: T\u2019ia sugjeroj\u00eb kryeministrit t\u00eb vet, un\u00eb e d\u00ebgjoj presidentin","isPartOf":{"@id":"https:\/\/permbledhja.com\/#website"},"datePublished":"2023-11-23T12:01:00+00:00","dateModified":"2023-11-23T12:01:00+00:00","breadcrumb":{"@id":"https:\/\/permbledhja.com\/rama-me-porosi-per-kurtin-nepermjet-osmanit-tia-sugjeroje-kryeministrit-te-vet-une-e-degjoj-presidentin\/#breadcrumb"},"inLanguage":"sq","potentialAction":[{"@type":"ReadAction","target":["https:\/\/permbledhja.com\/rama-me-porosi-per-kurtin-nepermjet-osmanit-tia-sugjeroje-kryeministrit-te-vet-une-e-degjoj-presidentin\/"]}]},{"@type":"BreadcrumbList","@id":"https:\/\/permbledhja.com\/rama-me-porosi-per-kurtin-nepermjet-osmanit-tia-sugjeroje-kryeministrit-te-vet-une-e-degjoj-presidentin\/#breadcrumb","itemListElement":[{"@type":"ListItem","position":1,"name":"Ballina","item":"https:\/\/permbledhja.com\/sq\/"},{"@type":"ListItem","position":2,"name":"Rama me porosi p\u00ebr Kurtin n\u00ebp\u00ebrmjet Osmanit: T\u2019ia sugjeroj\u00eb kryeministrit t\u00eb vet, un\u00eb e d\u00ebgjoj presidentin"}]},{"@type":"WebSite","@id":"https:\/\/permbledhja.com\/#website","url":"https:\/\/permbledhja.com\/","name":"Ve\u00e7 artikuj p\u00ebrmbledh\u00ebs","description":"","publisher":{"@id":"https:\/\/permbledhja.com\/#organization"},"potentialAction":[{"@type":"SearchAction","target":{"@type":"EntryPoint","urlTemplate":"https:\/\/permbledhja.com\/?s={search_term_string}"},"query-input":"required name=search_term_string"}],"inLanguage":"sq"},{"@type":"Organization","@id":"https:\/\/permbledhja.com\/#organization","name":"MK Media & Pr","url":"https:\/\/permbledhja.com\/","logo":{"@type":"ImageObject","inLanguage":"sq","@id":"https:\/\/permbledhja.com\/#\/schema\/logo\/image\/","url":"https:\/\/permbledhja.com\/wp-content\/uploads\/2021\/12\/07-Press-Logo.jpg","contentUrl":"https:\/\/permbledhja.com\/wp-content\/uploads\/2021\/12\/07-Press-Logo.jpg","width":512,"height":512,"caption":"MK Media & Pr"},"image":{"@id":"https:\/\/permbledhja.com\/#\/schema\/logo\/image\/"},"sameAs":["https:\/\/www.facebook.com\/press07\/"]},{"@type":"Person","@id":"https:\/\/permbledhja.com\/#\/schema\/person\/d23f13f59b5722643933d6780783acf3","name":"M M","image":{"@type":"ImageObject","inLanguage":"sq","@id":"https:\/\/permbledhja.com\/#\/schema\/person\/image\/","url":"https:\/\/secure.gravatar.com\/avatar\/e2835a76ca7c31a2416b2d51c4ec9a8f?s=96&d=mm&r=g","contentUrl":"https:\/\/secure.gravatar.com\/avatar\/e2835a76ca7c31a2416b2d51c4ec9a8f?s=96&d=mm&r=g","caption":"M M"},"sameAs":["http:\/\/MM"],"url":"https:\/\/permbledhja.com\/sq\/author\/muhamet\/"}]}},"_links":{"self":[{"href":"https:\/\/permbledhja.com\/sq\/wp-json\/wp\/v2\/posts\/37339"}],"collection":[{"href":"https:\/\/permbledhja.com\/sq\/wp-json\/wp\/v2\/posts"}],"about":[{"href":"https:\/\/permbledhja.com\/sq\/wp-json\/wp\/v2\/types\/post"}],"author":[{"embeddable":true,"href":"https:\/\/permbledhja.com\/sq\/wp-json\/wp\/v2\/users\/2"}],"replies":[{"embeddable":true,"href":"https:\/\/permbledhja.com\/sq\/wp-json\/wp\/v2\/comments?post=37339"}],"version-history":[{"count":1,"href":"https:\/\/permbledhja.com\/sq\/wp-json\/wp\/v2\/posts\/37339\/revisions"}],"predecessor-version":[{"id":37341,"href":"https:\/\/permbledhja.com\/sq\/wp-json\/wp\/v2\/posts\/37339\/revisions\/37341"}],"wp:featuredmedia":[{"embeddable":true,"href":"https:\/\/permbledhja.com\/sq\/wp-json\/wp\/v2\/media\/37340"}],"wp:attachment":[{"href":"https:\/\/permbledhja.com\/sq\/wp-json\/wp\/v2\/media?parent=37339"}],"wp:term":[{"taxonomy":"category","embeddable":true,"href":"https:\/\/permbledhja.com\/sq\/wp-json\/wp\/v2\/categories?post=37339"},{"taxonomy":"post_tag","embeddable":true,"href":"https:\/\/permbledhja.com\/sq\/wp-json\/wp\/v2\/tags?post=37339"}],"curies":[{"name":"wp","href":"https:\/\/api.w.org\/{rel}","templated":true}]}}