{"id":37330,"date":"2023-11-23T11:36:23","date_gmt":"2023-11-23T11:36:23","guid":{"rendered":"https:\/\/permbledhja.com\/?p=37330"},"modified":"2023-11-23T11:36:23","modified_gmt":"2023-11-23T11:36:23","slug":"haradinaj-i-kerkon-kuvendit-nje-rezolute-per-anetaresimin-e-kosoves-ne-nato","status":"publish","type":"post","link":"https:\/\/permbledhja.com\/sq\/haradinaj-i-kerkon-kuvendit-nje-rezolute-per-anetaresimin-e-kosoves-ne-nato\/","title":{"rendered":"Haradinaj i k\u00ebrkon kuvendit nj\u00eb rezolut\u00eb p\u00ebr an\u00ebtar\u00ebsimin e Kosov\u00ebs n\u00eb NATO"},"content":{"rendered":"<h3>Kryetari i Aleanc\u00ebs p\u00ebr Ardhm\u00ebrin\u00eb e Kosov\u00ebs, Ramush Haradinaj, ka k\u00ebrkuar nga deputet\u00ebt e Kuvendit q\u00eb ta aprovojn\u00eb nj\u00eb rezolut\u00eb me t\u00eb cil\u00ebn do t\u2019i k\u00ebrkohej qeveris\u00eb ta paraqes\u00eb k\u00ebrkes\u00ebn p\u00ebr an\u00ebtar\u00ebsim n\u00eb NATO.<\/h3>\n<p>Sipas tij, deputet\u00ebt duhet t\u00eb nd\u00ebrmarrin vendime p\u00ebr ta ndihmuar sigurin\u00eb e vendit.<\/p>\n<p>\u201cNe mund ta aprovojm\u00eb nj\u00eb rezolut\u00eb dhe t\u2019i k\u00ebrkojm\u00eb qeveris\u00eb q\u00eb ta b\u00ebj\u00eb k\u00ebrkes\u00ebn p\u00ebr an\u00ebtar\u00ebsim n\u00eb NATO\u201d, ka th\u00ebn\u00eb ai.<\/p>\n<p>\u201cDuhet t\u00eb krijohet nj\u00eb komision parlamentar p\u00ebr NATO-n dhe nj\u00eb agjend\u00eb parlamentare p\u00ebr me i bind\u00eb vendet skeptike q\u00eb t\u00eb ecim p\u00ebrpara\u201d, ka shtuar ai.<\/p>\n","protected":false},"excerpt":{"rendered":"<p>Kryetari i Aleanc\u00ebs p\u00ebr Ardhm\u00ebrin\u00eb e Kosov\u00ebs, Ramush Haradinaj, ka k\u00ebrkuar nga deputet\u00ebt e Kuvendit q\u00eb ta aprovojn\u00eb nj\u00eb rezolut\u00eb me t\u00eb cil\u00ebn do t\u2019i k\u00ebrkohej qeveris\u00eb ta paraqes\u00eb k\u00ebrkes\u00ebn p\u00ebr an\u00ebtar\u00ebsim n\u00eb NATO. Sipas tij, deputet\u00ebt duhet t\u00eb nd\u00ebrmarrin vendime p\u00ebr ta ndihmuar sigurin\u00eb e vendit. \u201cNe mund ta aprovojm\u00eb nj\u00eb rezolut\u00eb dhe t\u2019i [&hellip;]<\/p>\n","protected":false},"author":2,"featured_media":37331,"comment_status":"closed","ping_status":"closed","sticky":false,"template":"","format":"standard","meta":{"_monsterinsights_skip_tracking":false,"_monsterinsights_sitenote_active":false,"_monsterinsights_sitenote_note":"","_monsterinsights_sitenote_category":0,"_uf_show_specific_survey":0,"_uf_disable_surveys":false,"footnotes":""},"categories":[15],"tags":[],"yoast_head":"<!-- This site is optimized with the Yoast SEO plugin v21.5 - https:\/\/yoast.com\/wordpress\/plugins\/seo\/ -->\n<title>Haradinaj i k\u00ebrkon kuvendit nj\u00eb rezolut\u00eb p\u00ebr an\u00ebtar\u00ebsimin e Kosov\u00ebs n\u00eb NATO<\/title>\n<meta name=\"robots\" content=\"index, follow, max-snippet:-1, max-image-preview:large, max-video-preview:-1\" \/>\n<link rel=\"canonical\" href=\"https:\/\/permbledhja.com\/sq\/haradinaj-i-kerkon-kuvendit-nje-rezolute-per-anetaresimin-e-kosoves-ne-nato\/\" \/>\n<meta property=\"og:locale\" content=\"sq_AL\" \/>\n<meta property=\"og:type\" content=\"article\" \/>\n<meta property=\"og:title\" content=\"Haradinaj i k\u00ebrkon kuvendit nj\u00eb rezolut\u00eb p\u00ebr an\u00ebtar\u00ebsimin e Kosov\u00ebs n\u00eb NATO\" \/>\n<meta property=\"og:description\" content=\"Kryetari i Aleanc\u00ebs p\u00ebr Ardhm\u00ebrin\u00eb e Kosov\u00ebs, Ramush Haradinaj, ka k\u00ebrkuar nga deputet\u00ebt e Kuvendit q\u00eb ta aprovojn\u00eb nj\u00eb rezolut\u00eb me t\u00eb cil\u00ebn do t\u2019i k\u00ebrkohej qeveris\u00eb ta paraqes\u00eb k\u00ebrkes\u00ebn p\u00ebr an\u00ebtar\u00ebsim n\u00eb NATO. Sipas tij, deputet\u00ebt duhet t\u00eb nd\u00ebrmarrin vendime p\u00ebr ta ndihmuar sigurin\u00eb e vendit. \u201cNe mund ta aprovojm\u00eb nj\u00eb rezolut\u00eb dhe t\u2019i [&hellip;]\" \/>\n<meta property=\"og:url\" content=\"https:\/\/permbledhja.com\/sq\/haradinaj-i-kerkon-kuvendit-nje-rezolute-per-anetaresimin-e-kosoves-ne-nato\/\" \/>\n<meta property=\"og:site_name\" content=\"Ve\u00e7 artikuj p\u00ebrmbledh\u00ebs\" \/>\n<meta property=\"article:publisher\" content=\"https:\/\/www.facebook.com\/press07\/\" \/>\n<meta property=\"article:published_time\" content=\"2023-11-23T11:36:23+00:00\" \/>\n<meta property=\"og:image\" content=\"https:\/\/permbledhja.com\/wp-content\/uploads\/2023\/11\/Haradinaj-2.jpg\" \/>\n\t<meta property=\"og:image:width\" content=\"1276\" \/>\n\t<meta property=\"og:image:height\" content=\"681\" \/>\n\t<meta property=\"og:image:type\" content=\"image\/jpeg\" \/>\n<meta name=\"author\" content=\"M M\" \/>\n<meta name=\"twitter:card\" content=\"summary_large_image\" \/>\n<meta name=\"twitter:label1\" content=\"Written by\" \/>\n\t<meta name=\"twitter:data1\" content=\"M M\" \/>\n\t<meta name=\"twitter:label2\" content=\"Est. reading time\" \/>\n\t<meta name=\"twitter:data2\" content=\"1 minut\u00eb\" \/>\n<script type=\"application\/ld+json\" class=\"yoast-schema-graph\">{\"@context\":\"https:\/\/schema.org\",\"@graph\":[{\"@type\":\"Article\",\"@id\":\"https:\/\/permbledhja.com\/haradinaj-i-kerkon-kuvendit-nje-rezolute-per-anetaresimin-e-kosoves-ne-nato\/#article\",\"isPartOf\":{\"@id\":\"https:\/\/permbledhja.com\/haradinaj-i-kerkon-kuvendit-nje-rezolute-per-anetaresimin-e-kosoves-ne-nato\/\"},\"author\":{\"name\":\"M M\",\"@id\":\"https:\/\/permbledhja.com\/#\/schema\/person\/d23f13f59b5722643933d6780783acf3\"},\"headline\":\"Haradinaj i k\u00ebrkon kuvendit nj\u00eb rezolut\u00eb p\u00ebr an\u00ebtar\u00ebsimin e Kosov\u00ebs n\u00eb NATO\",\"datePublished\":\"2023-11-23T11:36:23+00:00\",\"dateModified\":\"2023-11-23T11:36:23+00:00\",\"mainEntityOfPage\":{\"@id\":\"https:\/\/permbledhja.com\/haradinaj-i-kerkon-kuvendit-nje-rezolute-per-anetaresimin-e-kosoves-ne-nato\/\"},\"wordCount\":139,\"publisher\":{\"@id\":\"https:\/\/permbledhja.com\/#organization\"},\"articleSection\":[\"Lajme\"],\"inLanguage\":\"sq\"},{\"@type\":\"WebPage\",\"@id\":\"https:\/\/permbledhja.com\/haradinaj-i-kerkon-kuvendit-nje-rezolute-per-anetaresimin-e-kosoves-ne-nato\/\",\"url\":\"https:\/\/permbledhja.com\/haradinaj-i-kerkon-kuvendit-nje-rezolute-per-anetaresimin-e-kosoves-ne-nato\/\",\"name\":\"Haradinaj i k\u00ebrkon kuvendit nj\u00eb rezolut\u00eb p\u00ebr an\u00ebtar\u00ebsimin e Kosov\u00ebs n\u00eb NATO\",\"isPartOf\":{\"@id\":\"https:\/\/permbledhja.com\/#website\"},\"datePublished\":\"2023-11-23T11:36:23+00:00\",\"dateModified\":\"2023-11-23T11:36:23+00:00\",\"breadcrumb\":{\"@id\":\"https:\/\/permbledhja.com\/haradinaj-i-kerkon-kuvendit-nje-rezolute-per-anetaresimin-e-kosoves-ne-nato\/#breadcrumb\"},\"inLanguage\":\"sq\",\"potentialAction\":[{\"@type\":\"ReadAction\",\"target\":[\"https:\/\/permbledhja.com\/haradinaj-i-kerkon-kuvendit-nje-rezolute-per-anetaresimin-e-kosoves-ne-nato\/\"]}]},{\"@type\":\"BreadcrumbList\",\"@id\":\"https:\/\/permbledhja.com\/haradinaj-i-kerkon-kuvendit-nje-rezolute-per-anetaresimin-e-kosoves-ne-nato\/#breadcrumb\",\"itemListElement\":[{\"@type\":\"ListItem\",\"position\":1,\"name\":\"Ballina\",\"item\":\"https:\/\/permbledhja.com\/sq\/\"},{\"@type\":\"ListItem\",\"position\":2,\"name\":\"Haradinaj i k\u00ebrkon kuvendit nj\u00eb rezolut\u00eb p\u00ebr an\u00ebtar\u00ebsimin e Kosov\u00ebs n\u00eb NATO\"}]},{\"@type\":\"WebSite\",\"@id\":\"https:\/\/permbledhja.com\/#website\",\"url\":\"https:\/\/permbledhja.com\/\",\"name\":\"Ve\u00e7 artikuj p\u00ebrmbledh\u00ebs\",\"description\":\"\",\"publisher\":{\"@id\":\"https:\/\/permbledhja.com\/#organization\"},\"potentialAction\":[{\"@type\":\"SearchAction\",\"target\":{\"@type\":\"EntryPoint\",\"urlTemplate\":\"https:\/\/permbledhja.com\/?s={search_term_string}\"},\"query-input\":\"required name=search_term_string\"}],\"inLanguage\":\"sq\"},{\"@type\":\"Organization\",\"@id\":\"https:\/\/permbledhja.com\/#organization\",\"name\":\"MK Media & Pr\",\"url\":\"https:\/\/permbledhja.com\/\",\"logo\":{\"@type\":\"ImageObject\",\"inLanguage\":\"sq\",\"@id\":\"https:\/\/permbledhja.com\/#\/schema\/logo\/image\/\",\"url\":\"https:\/\/permbledhja.com\/wp-content\/uploads\/2021\/12\/07-Press-Logo.jpg\",\"contentUrl\":\"https:\/\/permbledhja.com\/wp-content\/uploads\/2021\/12\/07-Press-Logo.jpg\",\"width\":512,\"height\":512,\"caption\":\"MK Media & Pr\"},\"image\":{\"@id\":\"https:\/\/permbledhja.com\/#\/schema\/logo\/image\/\"},\"sameAs\":[\"https:\/\/www.facebook.com\/press07\/\"]},{\"@type\":\"Person\",\"@id\":\"https:\/\/permbledhja.com\/#\/schema\/person\/d23f13f59b5722643933d6780783acf3\",\"name\":\"M M\",\"image\":{\"@type\":\"ImageObject\",\"inLanguage\":\"sq\",\"@id\":\"https:\/\/permbledhja.com\/#\/schema\/person\/image\/\",\"url\":\"https:\/\/secure.gravatar.com\/avatar\/e2835a76ca7c31a2416b2d51c4ec9a8f?s=96&d=mm&r=g\",\"contentUrl\":\"https:\/\/secure.gravatar.com\/avatar\/e2835a76ca7c31a2416b2d51c4ec9a8f?s=96&d=mm&r=g\",\"caption\":\"M M\"},\"sameAs\":[\"http:\/\/MM\"],\"url\":\"https:\/\/permbledhja.com\/sq\/author\/muhamet\/\"}]}<\/script>\n<!-- \/ Yoast SEO plugin. -->","yoast_head_json":{"title":"Haradinaj i k\u00ebrkon kuvendit nj\u00eb rezolut\u00eb p\u00ebr an\u00ebtar\u00ebsimin e Kosov\u00ebs n\u00eb NATO","robots":{"index":"index","follow":"follow","max-snippet":"max-snippet:-1","max-image-preview":"max-image-preview:large","max-video-preview":"max-video-preview:-1"},"canonical":"https:\/\/permbledhja.com\/sq\/haradinaj-i-kerkon-kuvendit-nje-rezolute-per-anetaresimin-e-kosoves-ne-nato\/","og_locale":"sq_AL","og_type":"article","og_title":"Haradinaj i k\u00ebrkon kuvendit nj\u00eb rezolut\u00eb p\u00ebr an\u00ebtar\u00ebsimin e Kosov\u00ebs n\u00eb NATO","og_description":"Kryetari i Aleanc\u00ebs p\u00ebr Ardhm\u00ebrin\u00eb e Kosov\u00ebs, Ramush Haradinaj, ka k\u00ebrkuar nga deputet\u00ebt e Kuvendit q\u00eb ta aprovojn\u00eb nj\u00eb rezolut\u00eb me t\u00eb cil\u00ebn do t\u2019i k\u00ebrkohej qeveris\u00eb ta paraqes\u00eb k\u00ebrkes\u00ebn p\u00ebr an\u00ebtar\u00ebsim n\u00eb NATO. Sipas tij, deputet\u00ebt duhet t\u00eb nd\u00ebrmarrin vendime p\u00ebr ta ndihmuar sigurin\u00eb e vendit. \u201cNe mund ta aprovojm\u00eb nj\u00eb rezolut\u00eb dhe t\u2019i [&hellip;]","og_url":"https:\/\/permbledhja.com\/sq\/haradinaj-i-kerkon-kuvendit-nje-rezolute-per-anetaresimin-e-kosoves-ne-nato\/","og_site_name":"Ve\u00e7 artikuj p\u00ebrmbledh\u00ebs","article_publisher":"https:\/\/www.facebook.com\/press07\/","article_published_time":"2023-11-23T11:36:23+00:00","og_image":[{"width":1276,"height":681,"url":"https:\/\/permbledhja.com\/wp-content\/uploads\/2023\/11\/Haradinaj-2.jpg","type":"image\/jpeg"}],"author":"M M","twitter_card":"summary_large_image","twitter_misc":{"Written by":"M M","Est. reading time":"1 minut\u00eb"},"schema":{"@context":"https:\/\/schema.org","@graph":[{"@type":"Article","@id":"https:\/\/permbledhja.com\/haradinaj-i-kerkon-kuvendit-nje-rezolute-per-anetaresimin-e-kosoves-ne-nato\/#article","isPartOf":{"@id":"https:\/\/permbledhja.com\/haradinaj-i-kerkon-kuvendit-nje-rezolute-per-anetaresimin-e-kosoves-ne-nato\/"},"author":{"name":"M M","@id":"https:\/\/permbledhja.com\/#\/schema\/person\/d23f13f59b5722643933d6780783acf3"},"headline":"Haradinaj i k\u00ebrkon kuvendit nj\u00eb rezolut\u00eb p\u00ebr an\u00ebtar\u00ebsimin e Kosov\u00ebs n\u00eb NATO","datePublished":"2023-11-23T11:36:23+00:00","dateModified":"2023-11-23T11:36:23+00:00","mainEntityOfPage":{"@id":"https:\/\/permbledhja.com\/haradinaj-i-kerkon-kuvendit-nje-rezolute-per-anetaresimin-e-kosoves-ne-nato\/"},"wordCount":139,"publisher":{"@id":"https:\/\/permbledhja.com\/#organization"},"articleSection":["Lajme"],"inLanguage":"sq"},{"@type":"WebPage","@id":"https:\/\/permbledhja.com\/haradinaj-i-kerkon-kuvendit-nje-rezolute-per-anetaresimin-e-kosoves-ne-nato\/","url":"https:\/\/permbledhja.com\/haradinaj-i-kerkon-kuvendit-nje-rezolute-per-anetaresimin-e-kosoves-ne-nato\/","name":"Haradinaj i k\u00ebrkon kuvendit nj\u00eb rezolut\u00eb p\u00ebr an\u00ebtar\u00ebsimin e Kosov\u00ebs n\u00eb NATO","isPartOf":{"@id":"https:\/\/permbledhja.com\/#website"},"datePublished":"2023-11-23T11:36:23+00:00","dateModified":"2023-11-23T11:36:23+00:00","breadcrumb":{"@id":"https:\/\/permbledhja.com\/haradinaj-i-kerkon-kuvendit-nje-rezolute-per-anetaresimin-e-kosoves-ne-nato\/#breadcrumb"},"inLanguage":"sq","potentialAction":[{"@type":"ReadAction","target":["https:\/\/permbledhja.com\/haradinaj-i-kerkon-kuvendit-nje-rezolute-per-anetaresimin-e-kosoves-ne-nato\/"]}]},{"@type":"BreadcrumbList","@id":"https:\/\/permbledhja.com\/haradinaj-i-kerkon-kuvendit-nje-rezolute-per-anetaresimin-e-kosoves-ne-nato\/#breadcrumb","itemListElement":[{"@type":"ListItem","position":1,"name":"Ballina","item":"https:\/\/permbledhja.com\/sq\/"},{"@type":"ListItem","position":2,"name":"Haradinaj i k\u00ebrkon kuvendit nj\u00eb rezolut\u00eb p\u00ebr an\u00ebtar\u00ebsimin e Kosov\u00ebs n\u00eb NATO"}]},{"@type":"WebSite","@id":"https:\/\/permbledhja.com\/#website","url":"https:\/\/permbledhja.com\/","name":"Ve\u00e7 artikuj p\u00ebrmbledh\u00ebs","description":"","publisher":{"@id":"https:\/\/permbledhja.com\/#organization"},"potentialAction":[{"@type":"SearchAction","target":{"@type":"EntryPoint","urlTemplate":"https:\/\/permbledhja.com\/?s={search_term_string}"},"query-input":"required name=search_term_string"}],"inLanguage":"sq"},{"@type":"Organization","@id":"https:\/\/permbledhja.com\/#organization","name":"MK Media & Pr","url":"https:\/\/permbledhja.com\/","logo":{"@type":"ImageObject","inLanguage":"sq","@id":"https:\/\/permbledhja.com\/#\/schema\/logo\/image\/","url":"https:\/\/permbledhja.com\/wp-content\/uploads\/2021\/12\/07-Press-Logo.jpg","contentUrl":"https:\/\/permbledhja.com\/wp-content\/uploads\/2021\/12\/07-Press-Logo.jpg","width":512,"height":512,"caption":"MK Media & Pr"},"image":{"@id":"https:\/\/permbledhja.com\/#\/schema\/logo\/image\/"},"sameAs":["https:\/\/www.facebook.com\/press07\/"]},{"@type":"Person","@id":"https:\/\/permbledhja.com\/#\/schema\/person\/d23f13f59b5722643933d6780783acf3","name":"M M","image":{"@type":"ImageObject","inLanguage":"sq","@id":"https:\/\/permbledhja.com\/#\/schema\/person\/image\/","url":"https:\/\/secure.gravatar.com\/avatar\/e2835a76ca7c31a2416b2d51c4ec9a8f?s=96&d=mm&r=g","contentUrl":"https:\/\/secure.gravatar.com\/avatar\/e2835a76ca7c31a2416b2d51c4ec9a8f?s=96&d=mm&r=g","caption":"M M"},"sameAs":["http:\/\/MM"],"url":"https:\/\/permbledhja.com\/sq\/author\/muhamet\/"}]}},"_links":{"self":[{"href":"https:\/\/permbledhja.com\/sq\/wp-json\/wp\/v2\/posts\/37330"}],"collection":[{"href":"https:\/\/permbledhja.com\/sq\/wp-json\/wp\/v2\/posts"}],"about":[{"href":"https:\/\/permbledhja.com\/sq\/wp-json\/wp\/v2\/types\/post"}],"author":[{"embeddable":true,"href":"https:\/\/permbledhja.com\/sq\/wp-json\/wp\/v2\/users\/2"}],"replies":[{"embeddable":true,"href":"https:\/\/permbledhja.com\/sq\/wp-json\/wp\/v2\/comments?post=37330"}],"version-history":[{"count":1,"href":"https:\/\/permbledhja.com\/sq\/wp-json\/wp\/v2\/posts\/37330\/revisions"}],"predecessor-version":[{"id":37332,"href":"https:\/\/permbledhja.com\/sq\/wp-json\/wp\/v2\/posts\/37330\/revisions\/37332"}],"wp:featuredmedia":[{"embeddable":true,"href":"https:\/\/permbledhja.com\/sq\/wp-json\/wp\/v2\/media\/37331"}],"wp:attachment":[{"href":"https:\/\/permbledhja.com\/sq\/wp-json\/wp\/v2\/media?parent=37330"}],"wp:term":[{"taxonomy":"category","embeddable":true,"href":"https:\/\/permbledhja.com\/sq\/wp-json\/wp\/v2\/categories?post=37330"},{"taxonomy":"post_tag","embeddable":true,"href":"https:\/\/permbledhja.com\/sq\/wp-json\/wp\/v2\/tags?post=37330"}],"curies":[{"name":"wp","href":"https:\/\/api.w.org\/{rel}","templated":true}]}}