{"id":37324,"date":"2023-11-23T11:00:11","date_gmt":"2023-11-23T11:00:11","guid":{"rendered":"https:\/\/permbledhja.com\/?p=37324"},"modified":"2023-11-23T11:00:11","modified_gmt":"2023-11-23T11:00:11","slug":"gashi-ka-demtim-te-mostrave-te-komandantit-legjendar-adem-jashari-e-isa-boletini","status":"publish","type":"post","link":"https:\/\/permbledhja.com\/sq\/gashi-ka-demtim-te-mostrave-te-komandantit-legjendar-adem-jashari-e-isa-boletini\/","title":{"rendered":"Gashi: Ka d\u00ebmtim t\u00eb mostrave t\u00eb komandantit legjendar Adem Jashari e Isa Boletini"},"content":{"rendered":"<h3>Shefi i Grupit Parlamentar t\u00eb LDK-s\u00eb, Arben Gashi ka folur sot n\u00eb Kuvend rreth asaj q\u00eb ai i quajti \u201cskandaleve t\u00eb qeveris\u00eb brenda nj\u00eb jave\u201d.<\/h3>\n<p>\u201cSot i drejtohem k\u00ebtij Kuvendi dhe qytetar\u00ebve t\u00eb Kosov\u00ebs p\u00ebr t\u00eb v\u00ebn\u00eb theksin n\u00eb tri skandale t\u00eb qeveris\u00eb gjat\u00eb nj\u00eb jav\u00eb. Skandali i par\u00eb \u00ebsht\u00eb shtyrja e regjistrimit t\u00eb popullsis\u00eb dhe pron\u00ebs p\u00ebr nj\u00eb koh\u00eb t\u00eb caktuar. Skandali i dyt\u00eb \u00ebsht\u00eb djegia p\u00ebr here t\u00eb dyt\u00eb e Institutit t\u00eb Mjek\u00ebsis\u00eb Ligjore q\u00eb p\u00ebr vete jo vet\u00ebm q\u00eb \u00ebsht\u00eb skandal por \u00ebsht\u00eb nj\u00eb rast jasht\u00ebzakonisht i r\u00ebnd\u00eb i cili nuk mund t\u00eb tolerohet\u201d, ka th\u00ebn\u00eb Gashi n\u00eb foltoren e Kuvendit, raporton Klankosova.tv.<\/p>\n<p>M\u00eb tutje Gashi tha se si pasoj\u00eb e djegies s\u00eb IML-s\u00eb, ka d\u00ebmtime edhe t\u00eb mostrave t\u00eb komandantit legjendar, Adem Jashari dhe komandantit Isa Boletini, njofton Klankosova.tv.<\/p>\n<p>\u201cMinistrja e Drejt\u00ebsis\u00eb deklaron publikisht se nuk ka d\u00ebmtim t\u00eb arkivit, nuk ka d\u00ebmtim t\u00eb mostrave mortore q\u00eb mbahen n\u00eb k\u00ebt\u00eb institut dhe nd\u00ebrkoh\u00eb n\u00eb media raportohet dhe rezulton q\u00eb jo vet\u00ebm q\u00eb ka d\u00ebmtim t\u00eb arkivit, jo vet\u00ebm q\u00eb ka d\u00ebmtim t\u00eb mostrave, por ka d\u00ebmtim t\u00eb mostrave t\u00eb mbetjeve mortore t\u00eb komandantit legjendar Adem Jashari, ka d\u00ebmtim t\u00eb mostrave t\u00eb komandantit tjet\u00ebr, Isa Boletini, dhe t\u00eb mos flasim p\u00ebr rastet e qytetar\u00ebve t\u00eb tjer\u00eb t\u00eb cilat edhe mund t\u00eb ken\u00eb p\u00ebrmbajtje t\u00eb tjera t\u00eb q\u00ebllimshme p\u00ebr zhdukjen e rasteve kriminale\u201d, \u00ebsht\u00eb shprehur Gashi.<\/p>\n<p>Nd\u00ebrkaq, si skandal t\u00eb tret\u00eb, Gashi e ka konsideruar angazhimin e Gani Jakupit n\u00eb postin e K\u00ebshilltarit t\u00eb jasht\u00ebm p\u00ebr \u00e7\u00ebshtje kulturore dhe mediatike n\u00eb MPJD, me pag\u00eb prej 7500 euro.<\/p>\n","protected":false},"excerpt":{"rendered":"<p>Shefi i Grupit Parlamentar t\u00eb LDK-s\u00eb, Arben Gashi ka folur sot n\u00eb Kuvend rreth asaj q\u00eb ai i quajti \u201cskandaleve t\u00eb qeveris\u00eb brenda nj\u00eb jave\u201d. \u201cSot i drejtohem k\u00ebtij Kuvendi dhe qytetar\u00ebve t\u00eb Kosov\u00ebs p\u00ebr t\u00eb v\u00ebn\u00eb theksin n\u00eb tri skandale t\u00eb qeveris\u00eb gjat\u00eb nj\u00eb jav\u00eb. Skandali i par\u00eb \u00ebsht\u00eb shtyrja e regjistrimit t\u00eb popullsis\u00eb [&hellip;]<\/p>\n","protected":false},"author":2,"featured_media":37325,"comment_status":"closed","ping_status":"closed","sticky":false,"template":"","format":"standard","meta":{"_monsterinsights_skip_tracking":false,"_monsterinsights_sitenote_active":false,"_monsterinsights_sitenote_note":"","_monsterinsights_sitenote_category":0,"_uf_show_specific_survey":0,"_uf_disable_surveys":false,"footnotes":""},"categories":[15],"tags":[844],"yoast_head":"<!-- This site is optimized with the Yoast SEO plugin v21.5 - https:\/\/yoast.com\/wordpress\/plugins\/seo\/ -->\n<title>Gashi: Ka d\u00ebmtim t\u00eb mostrave t\u00eb komandantit legjendar Adem Jashari e Isa Boletini<\/title>\n<meta name=\"robots\" content=\"index, follow, max-snippet:-1, max-image-preview:large, max-video-preview:-1\" \/>\n<link rel=\"canonical\" href=\"https:\/\/permbledhja.com\/sq\/gashi-ka-demtim-te-mostrave-te-komandantit-legjendar-adem-jashari-e-isa-boletini\/\" \/>\n<meta property=\"og:locale\" content=\"sq_AL\" \/>\n<meta property=\"og:type\" content=\"article\" \/>\n<meta property=\"og:title\" content=\"Gashi: Ka d\u00ebmtim t\u00eb mostrave t\u00eb komandantit legjendar Adem Jashari e Isa Boletini\" \/>\n<meta property=\"og:description\" content=\"Shefi i Grupit Parlamentar t\u00eb LDK-s\u00eb, Arben Gashi ka folur sot n\u00eb Kuvend rreth asaj q\u00eb ai i quajti \u201cskandaleve t\u00eb qeveris\u00eb brenda nj\u00eb jave\u201d. \u201cSot i drejtohem k\u00ebtij Kuvendi dhe qytetar\u00ebve t\u00eb Kosov\u00ebs p\u00ebr t\u00eb v\u00ebn\u00eb theksin n\u00eb tri skandale t\u00eb qeveris\u00eb gjat\u00eb nj\u00eb jav\u00eb. Skandali i par\u00eb \u00ebsht\u00eb shtyrja e regjistrimit t\u00eb popullsis\u00eb [&hellip;]\" \/>\n<meta property=\"og:url\" content=\"https:\/\/permbledhja.com\/sq\/gashi-ka-demtim-te-mostrave-te-komandantit-legjendar-adem-jashari-e-isa-boletini\/\" \/>\n<meta property=\"og:site_name\" content=\"Ve\u00e7 artikuj p\u00ebrmbledh\u00ebs\" \/>\n<meta property=\"article:publisher\" content=\"https:\/\/www.facebook.com\/press07\/\" \/>\n<meta property=\"article:published_time\" content=\"2023-11-23T11:00:11+00:00\" \/>\n<meta property=\"og:image\" content=\"https:\/\/permbledhja.com\/wp-content\/uploads\/2023\/11\/Arben-Gashi-1.jpg\" \/>\n\t<meta property=\"og:image:width\" content=\"1210\" \/>\n\t<meta property=\"og:image:height\" content=\"622\" \/>\n\t<meta property=\"og:image:type\" content=\"image\/jpeg\" \/>\n<meta name=\"author\" content=\"M M\" \/>\n<meta name=\"twitter:card\" content=\"summary_large_image\" \/>\n<meta name=\"twitter:label1\" content=\"Written by\" \/>\n\t<meta name=\"twitter:data1\" content=\"M M\" \/>\n\t<meta name=\"twitter:label2\" content=\"Est. reading time\" \/>\n\t<meta name=\"twitter:data2\" content=\"2 minuta\" \/>\n<script type=\"application\/ld+json\" class=\"yoast-schema-graph\">{\"@context\":\"https:\/\/schema.org\",\"@graph\":[{\"@type\":\"Article\",\"@id\":\"https:\/\/permbledhja.com\/gashi-ka-demtim-te-mostrave-te-komandantit-legjendar-adem-jashari-e-isa-boletini\/#article\",\"isPartOf\":{\"@id\":\"https:\/\/permbledhja.com\/gashi-ka-demtim-te-mostrave-te-komandantit-legjendar-adem-jashari-e-isa-boletini\/\"},\"author\":{\"name\":\"M M\",\"@id\":\"https:\/\/permbledhja.com\/#\/schema\/person\/d23f13f59b5722643933d6780783acf3\"},\"headline\":\"Gashi: Ka d\u00ebmtim t\u00eb mostrave t\u00eb komandantit legjendar Adem Jashari e Isa Boletini\",\"datePublished\":\"2023-11-23T11:00:11+00:00\",\"dateModified\":\"2023-11-23T11:00:11+00:00\",\"mainEntityOfPage\":{\"@id\":\"https:\/\/permbledhja.com\/gashi-ka-demtim-te-mostrave-te-komandantit-legjendar-adem-jashari-e-isa-boletini\/\"},\"wordCount\":310,\"publisher\":{\"@id\":\"https:\/\/permbledhja.com\/#organization\"},\"keywords\":[\"Arben Gashi\"],\"articleSection\":[\"Lajme\"],\"inLanguage\":\"sq\"},{\"@type\":\"WebPage\",\"@id\":\"https:\/\/permbledhja.com\/gashi-ka-demtim-te-mostrave-te-komandantit-legjendar-adem-jashari-e-isa-boletini\/\",\"url\":\"https:\/\/permbledhja.com\/gashi-ka-demtim-te-mostrave-te-komandantit-legjendar-adem-jashari-e-isa-boletini\/\",\"name\":\"Gashi: Ka d\u00ebmtim t\u00eb mostrave t\u00eb komandantit legjendar Adem Jashari e Isa Boletini\",\"isPartOf\":{\"@id\":\"https:\/\/permbledhja.com\/#website\"},\"datePublished\":\"2023-11-23T11:00:11+00:00\",\"dateModified\":\"2023-11-23T11:00:11+00:00\",\"breadcrumb\":{\"@id\":\"https:\/\/permbledhja.com\/gashi-ka-demtim-te-mostrave-te-komandantit-legjendar-adem-jashari-e-isa-boletini\/#breadcrumb\"},\"inLanguage\":\"sq\",\"potentialAction\":[{\"@type\":\"ReadAction\",\"target\":[\"https:\/\/permbledhja.com\/gashi-ka-demtim-te-mostrave-te-komandantit-legjendar-adem-jashari-e-isa-boletini\/\"]}]},{\"@type\":\"BreadcrumbList\",\"@id\":\"https:\/\/permbledhja.com\/gashi-ka-demtim-te-mostrave-te-komandantit-legjendar-adem-jashari-e-isa-boletini\/#breadcrumb\",\"itemListElement\":[{\"@type\":\"ListItem\",\"position\":1,\"name\":\"Ballina\",\"item\":\"https:\/\/permbledhja.com\/sq\/\"},{\"@type\":\"ListItem\",\"position\":2,\"name\":\"Gashi: Ka d\u00ebmtim t\u00eb mostrave t\u00eb komandantit legjendar Adem Jashari e Isa Boletini\"}]},{\"@type\":\"WebSite\",\"@id\":\"https:\/\/permbledhja.com\/#website\",\"url\":\"https:\/\/permbledhja.com\/\",\"name\":\"Ve\u00e7 artikuj p\u00ebrmbledh\u00ebs\",\"description\":\"\",\"publisher\":{\"@id\":\"https:\/\/permbledhja.com\/#organization\"},\"potentialAction\":[{\"@type\":\"SearchAction\",\"target\":{\"@type\":\"EntryPoint\",\"urlTemplate\":\"https:\/\/permbledhja.com\/?s={search_term_string}\"},\"query-input\":\"required name=search_term_string\"}],\"inLanguage\":\"sq\"},{\"@type\":\"Organization\",\"@id\":\"https:\/\/permbledhja.com\/#organization\",\"name\":\"MK Media & Pr\",\"url\":\"https:\/\/permbledhja.com\/\",\"logo\":{\"@type\":\"ImageObject\",\"inLanguage\":\"sq\",\"@id\":\"https:\/\/permbledhja.com\/#\/schema\/logo\/image\/\",\"url\":\"https:\/\/permbledhja.com\/wp-content\/uploads\/2021\/12\/07-Press-Logo.jpg\",\"contentUrl\":\"https:\/\/permbledhja.com\/wp-content\/uploads\/2021\/12\/07-Press-Logo.jpg\",\"width\":512,\"height\":512,\"caption\":\"MK Media & Pr\"},\"image\":{\"@id\":\"https:\/\/permbledhja.com\/#\/schema\/logo\/image\/\"},\"sameAs\":[\"https:\/\/www.facebook.com\/press07\/\"]},{\"@type\":\"Person\",\"@id\":\"https:\/\/permbledhja.com\/#\/schema\/person\/d23f13f59b5722643933d6780783acf3\",\"name\":\"M M\",\"image\":{\"@type\":\"ImageObject\",\"inLanguage\":\"sq\",\"@id\":\"https:\/\/permbledhja.com\/#\/schema\/person\/image\/\",\"url\":\"https:\/\/secure.gravatar.com\/avatar\/e2835a76ca7c31a2416b2d51c4ec9a8f?s=96&d=mm&r=g\",\"contentUrl\":\"https:\/\/secure.gravatar.com\/avatar\/e2835a76ca7c31a2416b2d51c4ec9a8f?s=96&d=mm&r=g\",\"caption\":\"M M\"},\"sameAs\":[\"http:\/\/MM\"],\"url\":\"https:\/\/permbledhja.com\/sq\/author\/muhamet\/\"}]}<\/script>\n<!-- \/ Yoast SEO plugin. -->","yoast_head_json":{"title":"Gashi: Ka d\u00ebmtim t\u00eb mostrave t\u00eb komandantit legjendar Adem Jashari e Isa Boletini","robots":{"index":"index","follow":"follow","max-snippet":"max-snippet:-1","max-image-preview":"max-image-preview:large","max-video-preview":"max-video-preview:-1"},"canonical":"https:\/\/permbledhja.com\/sq\/gashi-ka-demtim-te-mostrave-te-komandantit-legjendar-adem-jashari-e-isa-boletini\/","og_locale":"sq_AL","og_type":"article","og_title":"Gashi: Ka d\u00ebmtim t\u00eb mostrave t\u00eb komandantit legjendar Adem Jashari e Isa Boletini","og_description":"Shefi i Grupit Parlamentar t\u00eb LDK-s\u00eb, Arben Gashi ka folur sot n\u00eb Kuvend rreth asaj q\u00eb ai i quajti \u201cskandaleve t\u00eb qeveris\u00eb brenda nj\u00eb jave\u201d. \u201cSot i drejtohem k\u00ebtij Kuvendi dhe qytetar\u00ebve t\u00eb Kosov\u00ebs p\u00ebr t\u00eb v\u00ebn\u00eb theksin n\u00eb tri skandale t\u00eb qeveris\u00eb gjat\u00eb nj\u00eb jav\u00eb. Skandali i par\u00eb \u00ebsht\u00eb shtyrja e regjistrimit t\u00eb popullsis\u00eb [&hellip;]","og_url":"https:\/\/permbledhja.com\/sq\/gashi-ka-demtim-te-mostrave-te-komandantit-legjendar-adem-jashari-e-isa-boletini\/","og_site_name":"Ve\u00e7 artikuj p\u00ebrmbledh\u00ebs","article_publisher":"https:\/\/www.facebook.com\/press07\/","article_published_time":"2023-11-23T11:00:11+00:00","og_image":[{"width":1210,"height":622,"url":"https:\/\/permbledhja.com\/wp-content\/uploads\/2023\/11\/Arben-Gashi-1.jpg","type":"image\/jpeg"}],"author":"M M","twitter_card":"summary_large_image","twitter_misc":{"Written by":"M M","Est. reading time":"2 minuta"},"schema":{"@context":"https:\/\/schema.org","@graph":[{"@type":"Article","@id":"https:\/\/permbledhja.com\/gashi-ka-demtim-te-mostrave-te-komandantit-legjendar-adem-jashari-e-isa-boletini\/#article","isPartOf":{"@id":"https:\/\/permbledhja.com\/gashi-ka-demtim-te-mostrave-te-komandantit-legjendar-adem-jashari-e-isa-boletini\/"},"author":{"name":"M M","@id":"https:\/\/permbledhja.com\/#\/schema\/person\/d23f13f59b5722643933d6780783acf3"},"headline":"Gashi: Ka d\u00ebmtim t\u00eb mostrave t\u00eb komandantit legjendar Adem Jashari e Isa Boletini","datePublished":"2023-11-23T11:00:11+00:00","dateModified":"2023-11-23T11:00:11+00:00","mainEntityOfPage":{"@id":"https:\/\/permbledhja.com\/gashi-ka-demtim-te-mostrave-te-komandantit-legjendar-adem-jashari-e-isa-boletini\/"},"wordCount":310,"publisher":{"@id":"https:\/\/permbledhja.com\/#organization"},"keywords":["Arben Gashi"],"articleSection":["Lajme"],"inLanguage":"sq"},{"@type":"WebPage","@id":"https:\/\/permbledhja.com\/gashi-ka-demtim-te-mostrave-te-komandantit-legjendar-adem-jashari-e-isa-boletini\/","url":"https:\/\/permbledhja.com\/gashi-ka-demtim-te-mostrave-te-komandantit-legjendar-adem-jashari-e-isa-boletini\/","name":"Gashi: Ka d\u00ebmtim t\u00eb mostrave t\u00eb komandantit legjendar Adem Jashari e Isa Boletini","isPartOf":{"@id":"https:\/\/permbledhja.com\/#website"},"datePublished":"2023-11-23T11:00:11+00:00","dateModified":"2023-11-23T11:00:11+00:00","breadcrumb":{"@id":"https:\/\/permbledhja.com\/gashi-ka-demtim-te-mostrave-te-komandantit-legjendar-adem-jashari-e-isa-boletini\/#breadcrumb"},"inLanguage":"sq","potentialAction":[{"@type":"ReadAction","target":["https:\/\/permbledhja.com\/gashi-ka-demtim-te-mostrave-te-komandantit-legjendar-adem-jashari-e-isa-boletini\/"]}]},{"@type":"BreadcrumbList","@id":"https:\/\/permbledhja.com\/gashi-ka-demtim-te-mostrave-te-komandantit-legjendar-adem-jashari-e-isa-boletini\/#breadcrumb","itemListElement":[{"@type":"ListItem","position":1,"name":"Ballina","item":"https:\/\/permbledhja.com\/sq\/"},{"@type":"ListItem","position":2,"name":"Gashi: Ka d\u00ebmtim t\u00eb mostrave t\u00eb komandantit legjendar Adem Jashari e Isa Boletini"}]},{"@type":"WebSite","@id":"https:\/\/permbledhja.com\/#website","url":"https:\/\/permbledhja.com\/","name":"Ve\u00e7 artikuj p\u00ebrmbledh\u00ebs","description":"","publisher":{"@id":"https:\/\/permbledhja.com\/#organization"},"potentialAction":[{"@type":"SearchAction","target":{"@type":"EntryPoint","urlTemplate":"https:\/\/permbledhja.com\/?s={search_term_string}"},"query-input":"required name=search_term_string"}],"inLanguage":"sq"},{"@type":"Organization","@id":"https:\/\/permbledhja.com\/#organization","name":"MK Media & Pr","url":"https:\/\/permbledhja.com\/","logo":{"@type":"ImageObject","inLanguage":"sq","@id":"https:\/\/permbledhja.com\/#\/schema\/logo\/image\/","url":"https:\/\/permbledhja.com\/wp-content\/uploads\/2021\/12\/07-Press-Logo.jpg","contentUrl":"https:\/\/permbledhja.com\/wp-content\/uploads\/2021\/12\/07-Press-Logo.jpg","width":512,"height":512,"caption":"MK Media & Pr"},"image":{"@id":"https:\/\/permbledhja.com\/#\/schema\/logo\/image\/"},"sameAs":["https:\/\/www.facebook.com\/press07\/"]},{"@type":"Person","@id":"https:\/\/permbledhja.com\/#\/schema\/person\/d23f13f59b5722643933d6780783acf3","name":"M M","image":{"@type":"ImageObject","inLanguage":"sq","@id":"https:\/\/permbledhja.com\/#\/schema\/person\/image\/","url":"https:\/\/secure.gravatar.com\/avatar\/e2835a76ca7c31a2416b2d51c4ec9a8f?s=96&d=mm&r=g","contentUrl":"https:\/\/secure.gravatar.com\/avatar\/e2835a76ca7c31a2416b2d51c4ec9a8f?s=96&d=mm&r=g","caption":"M M"},"sameAs":["http:\/\/MM"],"url":"https:\/\/permbledhja.com\/sq\/author\/muhamet\/"}]}},"_links":{"self":[{"href":"https:\/\/permbledhja.com\/sq\/wp-json\/wp\/v2\/posts\/37324"}],"collection":[{"href":"https:\/\/permbledhja.com\/sq\/wp-json\/wp\/v2\/posts"}],"about":[{"href":"https:\/\/permbledhja.com\/sq\/wp-json\/wp\/v2\/types\/post"}],"author":[{"embeddable":true,"href":"https:\/\/permbledhja.com\/sq\/wp-json\/wp\/v2\/users\/2"}],"replies":[{"embeddable":true,"href":"https:\/\/permbledhja.com\/sq\/wp-json\/wp\/v2\/comments?post=37324"}],"version-history":[{"count":1,"href":"https:\/\/permbledhja.com\/sq\/wp-json\/wp\/v2\/posts\/37324\/revisions"}],"predecessor-version":[{"id":37326,"href":"https:\/\/permbledhja.com\/sq\/wp-json\/wp\/v2\/posts\/37324\/revisions\/37326"}],"wp:featuredmedia":[{"embeddable":true,"href":"https:\/\/permbledhja.com\/sq\/wp-json\/wp\/v2\/media\/37325"}],"wp:attachment":[{"href":"https:\/\/permbledhja.com\/sq\/wp-json\/wp\/v2\/media?parent=37324"}],"wp:term":[{"taxonomy":"category","embeddable":true,"href":"https:\/\/permbledhja.com\/sq\/wp-json\/wp\/v2\/categories?post=37324"},{"taxonomy":"post_tag","embeddable":true,"href":"https:\/\/permbledhja.com\/sq\/wp-json\/wp\/v2\/tags?post=37324"}],"curies":[{"name":"wp","href":"https:\/\/api.w.org\/{rel}","templated":true}]}}