{"id":37321,"date":"2023-11-23T10:53:33","date_gmt":"2023-11-23T10:53:33","guid":{"rendered":"https:\/\/permbledhja.com\/?p=37321"},"modified":"2023-11-23T10:53:33","modified_gmt":"2023-11-23T10:53:33","slug":"tahiri-pyet-qeveritaret-a-jane-djegur-mustaqet-e-adem-jasharit-ne-iml","status":"publish","type":"post","link":"https:\/\/permbledhja.com\/sq\/tahiri-pyet-qeveritaret-a-jane-djegur-mustaqet-e-adem-jasharit-ne-iml\/","title":{"rendered":"Tahiri pyet qeveritar\u00ebt: A jan\u00eb djegur mustaqet e Adem Jasharit n\u00eb IML?"},"content":{"rendered":"<h3 class=\"post-title mb-3\"><span style=\"font-size: 24px;\">Deputeti nga radh\u00ebt e Partis\u00eb Demokratike t\u00eb Kosov\u00ebs, Abelard Tahiri, ka th\u00ebn\u00eb se nga ardha e L\u00ebvizjes Vet\u00ebvendosje n\u00eb pushtet, ka pasur p\u00ebrpjekje t\u00eb vazhdueshme p\u00ebr ta penguar pun\u00ebn n\u00eb Institutin e Mjek\u00ebsis\u00eb Ligjore.<\/span><\/h3>\n<div class=\"img_16x9\">\n<p>Duke iu referuar zjarrit n\u00eb IML, ai ka pyetur n\u00ebse \u00ebsht\u00eb e v\u00ebrtit\u00eb q\u00eb jan\u00eb djegur mustaqet e Adem Jasharit dhe mbetjet mortore t\u00eb Isa Boletinit.<\/p>\n<p>\u201cSa here q\u00eb kemi skandale t\u00eb m\u00ebdha t\u00eb k\u00ebsaj qeverie, deputet\u00ebt e mazhoranc\u00ebs dalin e flasin p\u00ebr Serbin\u00eb\u201d, ka th\u00ebn\u00eb Tahiri.<\/p>\n<p>\u201cPrej ardhjes s\u00eb LVV-s\u00eb n\u00eb pushtet, kemi par\u00eb p\u00ebrpjekje t\u00eb vazhdueshme p\u00ebr ta penguar pun\u00ebn n\u00eb IML. U ballafaquam me nj\u00eb zjarr-v\u00ebnie t\u00eb pasuksesshme, pastaj me humbjen e mostrave t\u00eb Astrit Deharit, e tash me zjarrin q\u00eb ka shkaktuar d\u00ebm t\u00eb madh n\u00eb IML\u201d, ka shtuar ai.<\/p>\n<p>\u201cA \u00ebsht\u00eb e v\u00ebrtet\u00eb q\u00eb mbetjet mortore t\u00eb Isa Boletinit dhe mustaqet e Adem Jasharit jan\u00eb djegur?\u201d, ka pyetur Tahiri.<\/p>\n<\/div>\n","protected":false},"excerpt":{"rendered":"<p>Deputeti nga radh\u00ebt e Partis\u00eb Demokratike t\u00eb Kosov\u00ebs, Abelard Tahiri, ka th\u00ebn\u00eb se nga ardha e L\u00ebvizjes Vet\u00ebvendosje n\u00eb pushtet, ka pasur p\u00ebrpjekje t\u00eb vazhdueshme p\u00ebr ta penguar pun\u00ebn n\u00eb Institutin e Mjek\u00ebsis\u00eb Ligjore. Duke iu referuar zjarrit n\u00eb IML, ai ka pyetur n\u00ebse \u00ebsht\u00eb e v\u00ebrtit\u00eb q\u00eb jan\u00eb djegur mustaqet e Adem Jasharit dhe [&hellip;]<\/p>\n","protected":false},"author":2,"featured_media":37322,"comment_status":"closed","ping_status":"closed","sticky":false,"template":"","format":"standard","meta":{"_monsterinsights_skip_tracking":false,"_monsterinsights_sitenote_active":false,"_monsterinsights_sitenote_note":"","_monsterinsights_sitenote_category":0,"_uf_show_specific_survey":0,"_uf_disable_surveys":false,"footnotes":""},"categories":[2645],"tags":[946],"yoast_head":"<!-- This site is optimized with the Yoast SEO plugin v21.5 - https:\/\/yoast.com\/wordpress\/plugins\/seo\/ -->\n<title>Tahiri pyet qeveritar\u00ebt: A jan\u00eb djegur mustaqet e Adem Jasharit n\u00eb IML?<\/title>\n<meta name=\"robots\" content=\"index, follow, max-snippet:-1, max-image-preview:large, max-video-preview:-1\" \/>\n<link rel=\"canonical\" href=\"https:\/\/permbledhja.com\/sq\/tahiri-pyet-qeveritaret-a-jane-djegur-mustaqet-e-adem-jasharit-ne-iml\/\" \/>\n<meta property=\"og:locale\" content=\"sq_AL\" \/>\n<meta property=\"og:type\" content=\"article\" \/>\n<meta property=\"og:title\" content=\"Tahiri pyet qeveritar\u00ebt: A jan\u00eb djegur mustaqet e Adem Jasharit n\u00eb IML?\" \/>\n<meta property=\"og:description\" content=\"Deputeti nga radh\u00ebt e Partis\u00eb Demokratike t\u00eb Kosov\u00ebs, Abelard Tahiri, ka th\u00ebn\u00eb se nga ardha e L\u00ebvizjes Vet\u00ebvendosje n\u00eb pushtet, ka pasur p\u00ebrpjekje t\u00eb vazhdueshme p\u00ebr ta penguar pun\u00ebn n\u00eb Institutin e Mjek\u00ebsis\u00eb Ligjore. Duke iu referuar zjarrit n\u00eb IML, ai ka pyetur n\u00ebse \u00ebsht\u00eb e v\u00ebrtit\u00eb q\u00eb jan\u00eb djegur mustaqet e Adem Jasharit dhe [&hellip;]\" \/>\n<meta property=\"og:url\" content=\"https:\/\/permbledhja.com\/sq\/tahiri-pyet-qeveritaret-a-jane-djegur-mustaqet-e-adem-jasharit-ne-iml\/\" \/>\n<meta property=\"og:site_name\" content=\"Ve\u00e7 artikuj p\u00ebrmbledh\u00ebs\" \/>\n<meta property=\"article:publisher\" content=\"https:\/\/www.facebook.com\/press07\/\" \/>\n<meta property=\"article:published_time\" content=\"2023-11-23T10:53:33+00:00\" \/>\n<meta property=\"og:image\" content=\"https:\/\/permbledhja.com\/wp-content\/uploads\/2023\/11\/abelard-600x360-1.webp\" \/>\n\t<meta property=\"og:image:width\" content=\"600\" \/>\n\t<meta property=\"og:image:height\" content=\"360\" \/>\n\t<meta property=\"og:image:type\" content=\"image\/webp\" \/>\n<meta name=\"author\" content=\"M M\" \/>\n<meta name=\"twitter:card\" content=\"summary_large_image\" \/>\n<meta name=\"twitter:label1\" content=\"Written by\" \/>\n\t<meta name=\"twitter:data1\" content=\"M M\" \/>\n\t<meta name=\"twitter:label2\" content=\"Est. reading time\" \/>\n\t<meta name=\"twitter:data2\" content=\"1 minut\u00eb\" \/>\n<script type=\"application\/ld+json\" class=\"yoast-schema-graph\">{\"@context\":\"https:\/\/schema.org\",\"@graph\":[{\"@type\":\"Article\",\"@id\":\"https:\/\/permbledhja.com\/tahiri-pyet-qeveritaret-a-jane-djegur-mustaqet-e-adem-jasharit-ne-iml\/#article\",\"isPartOf\":{\"@id\":\"https:\/\/permbledhja.com\/tahiri-pyet-qeveritaret-a-jane-djegur-mustaqet-e-adem-jasharit-ne-iml\/\"},\"author\":{\"name\":\"M M\",\"@id\":\"https:\/\/permbledhja.com\/#\/schema\/person\/d23f13f59b5722643933d6780783acf3\"},\"headline\":\"Tahiri pyet qeveritar\u00ebt: A jan\u00eb djegur mustaqet e Adem Jasharit n\u00eb IML?\",\"datePublished\":\"2023-11-23T10:53:33+00:00\",\"dateModified\":\"2023-11-23T10:53:33+00:00\",\"mainEntityOfPage\":{\"@id\":\"https:\/\/permbledhja.com\/tahiri-pyet-qeveritaret-a-jane-djegur-mustaqet-e-adem-jasharit-ne-iml\/\"},\"wordCount\":184,\"publisher\":{\"@id\":\"https:\/\/permbledhja.com\/#organization\"},\"keywords\":[\"Abelard Tahiri\"],\"articleSection\":[\"T\u00eb r\u00ebnd\u00ebsishme\"],\"inLanguage\":\"sq\"},{\"@type\":\"WebPage\",\"@id\":\"https:\/\/permbledhja.com\/tahiri-pyet-qeveritaret-a-jane-djegur-mustaqet-e-adem-jasharit-ne-iml\/\",\"url\":\"https:\/\/permbledhja.com\/tahiri-pyet-qeveritaret-a-jane-djegur-mustaqet-e-adem-jasharit-ne-iml\/\",\"name\":\"Tahiri pyet qeveritar\u00ebt: A jan\u00eb djegur mustaqet e Adem Jasharit n\u00eb IML?\",\"isPartOf\":{\"@id\":\"https:\/\/permbledhja.com\/#website\"},\"datePublished\":\"2023-11-23T10:53:33+00:00\",\"dateModified\":\"2023-11-23T10:53:33+00:00\",\"breadcrumb\":{\"@id\":\"https:\/\/permbledhja.com\/tahiri-pyet-qeveritaret-a-jane-djegur-mustaqet-e-adem-jasharit-ne-iml\/#breadcrumb\"},\"inLanguage\":\"sq\",\"potentialAction\":[{\"@type\":\"ReadAction\",\"target\":[\"https:\/\/permbledhja.com\/tahiri-pyet-qeveritaret-a-jane-djegur-mustaqet-e-adem-jasharit-ne-iml\/\"]}]},{\"@type\":\"BreadcrumbList\",\"@id\":\"https:\/\/permbledhja.com\/tahiri-pyet-qeveritaret-a-jane-djegur-mustaqet-e-adem-jasharit-ne-iml\/#breadcrumb\",\"itemListElement\":[{\"@type\":\"ListItem\",\"position\":1,\"name\":\"Ballina\",\"item\":\"https:\/\/permbledhja.com\/sq\/\"},{\"@type\":\"ListItem\",\"position\":2,\"name\":\"Tahiri pyet qeveritar\u00ebt: A jan\u00eb djegur mustaqet e Adem Jasharit n\u00eb IML?\"}]},{\"@type\":\"WebSite\",\"@id\":\"https:\/\/permbledhja.com\/#website\",\"url\":\"https:\/\/permbledhja.com\/\",\"name\":\"Ve\u00e7 artikuj p\u00ebrmbledh\u00ebs\",\"description\":\"\",\"publisher\":{\"@id\":\"https:\/\/permbledhja.com\/#organization\"},\"potentialAction\":[{\"@type\":\"SearchAction\",\"target\":{\"@type\":\"EntryPoint\",\"urlTemplate\":\"https:\/\/permbledhja.com\/?s={search_term_string}\"},\"query-input\":\"required name=search_term_string\"}],\"inLanguage\":\"sq\"},{\"@type\":\"Organization\",\"@id\":\"https:\/\/permbledhja.com\/#organization\",\"name\":\"MK Media & Pr\",\"url\":\"https:\/\/permbledhja.com\/\",\"logo\":{\"@type\":\"ImageObject\",\"inLanguage\":\"sq\",\"@id\":\"https:\/\/permbledhja.com\/#\/schema\/logo\/image\/\",\"url\":\"https:\/\/permbledhja.com\/wp-content\/uploads\/2021\/12\/07-Press-Logo.jpg\",\"contentUrl\":\"https:\/\/permbledhja.com\/wp-content\/uploads\/2021\/12\/07-Press-Logo.jpg\",\"width\":512,\"height\":512,\"caption\":\"MK Media & Pr\"},\"image\":{\"@id\":\"https:\/\/permbledhja.com\/#\/schema\/logo\/image\/\"},\"sameAs\":[\"https:\/\/www.facebook.com\/press07\/\"]},{\"@type\":\"Person\",\"@id\":\"https:\/\/permbledhja.com\/#\/schema\/person\/d23f13f59b5722643933d6780783acf3\",\"name\":\"M M\",\"image\":{\"@type\":\"ImageObject\",\"inLanguage\":\"sq\",\"@id\":\"https:\/\/permbledhja.com\/#\/schema\/person\/image\/\",\"url\":\"https:\/\/secure.gravatar.com\/avatar\/e2835a76ca7c31a2416b2d51c4ec9a8f?s=96&d=mm&r=g\",\"contentUrl\":\"https:\/\/secure.gravatar.com\/avatar\/e2835a76ca7c31a2416b2d51c4ec9a8f?s=96&d=mm&r=g\",\"caption\":\"M M\"},\"sameAs\":[\"http:\/\/MM\"],\"url\":\"https:\/\/permbledhja.com\/sq\/author\/muhamet\/\"}]}<\/script>\n<!-- \/ Yoast SEO plugin. -->","yoast_head_json":{"title":"Tahiri pyet qeveritar\u00ebt: A jan\u00eb djegur mustaqet e Adem Jasharit n\u00eb IML?","robots":{"index":"index","follow":"follow","max-snippet":"max-snippet:-1","max-image-preview":"max-image-preview:large","max-video-preview":"max-video-preview:-1"},"canonical":"https:\/\/permbledhja.com\/sq\/tahiri-pyet-qeveritaret-a-jane-djegur-mustaqet-e-adem-jasharit-ne-iml\/","og_locale":"sq_AL","og_type":"article","og_title":"Tahiri pyet qeveritar\u00ebt: A jan\u00eb djegur mustaqet e Adem Jasharit n\u00eb IML?","og_description":"Deputeti nga radh\u00ebt e Partis\u00eb Demokratike t\u00eb Kosov\u00ebs, Abelard Tahiri, ka th\u00ebn\u00eb se nga ardha e L\u00ebvizjes Vet\u00ebvendosje n\u00eb pushtet, ka pasur p\u00ebrpjekje t\u00eb vazhdueshme p\u00ebr ta penguar pun\u00ebn n\u00eb Institutin e Mjek\u00ebsis\u00eb Ligjore. Duke iu referuar zjarrit n\u00eb IML, ai ka pyetur n\u00ebse \u00ebsht\u00eb e v\u00ebrtit\u00eb q\u00eb jan\u00eb djegur mustaqet e Adem Jasharit dhe [&hellip;]","og_url":"https:\/\/permbledhja.com\/sq\/tahiri-pyet-qeveritaret-a-jane-djegur-mustaqet-e-adem-jasharit-ne-iml\/","og_site_name":"Ve\u00e7 artikuj p\u00ebrmbledh\u00ebs","article_publisher":"https:\/\/www.facebook.com\/press07\/","article_published_time":"2023-11-23T10:53:33+00:00","og_image":[{"width":600,"height":360,"url":"https:\/\/permbledhja.com\/wp-content\/uploads\/2023\/11\/abelard-600x360-1.webp","type":"image\/webp"}],"author":"M M","twitter_card":"summary_large_image","twitter_misc":{"Written by":"M M","Est. reading time":"1 minut\u00eb"},"schema":{"@context":"https:\/\/schema.org","@graph":[{"@type":"Article","@id":"https:\/\/permbledhja.com\/tahiri-pyet-qeveritaret-a-jane-djegur-mustaqet-e-adem-jasharit-ne-iml\/#article","isPartOf":{"@id":"https:\/\/permbledhja.com\/tahiri-pyet-qeveritaret-a-jane-djegur-mustaqet-e-adem-jasharit-ne-iml\/"},"author":{"name":"M M","@id":"https:\/\/permbledhja.com\/#\/schema\/person\/d23f13f59b5722643933d6780783acf3"},"headline":"Tahiri pyet qeveritar\u00ebt: A jan\u00eb djegur mustaqet e Adem Jasharit n\u00eb IML?","datePublished":"2023-11-23T10:53:33+00:00","dateModified":"2023-11-23T10:53:33+00:00","mainEntityOfPage":{"@id":"https:\/\/permbledhja.com\/tahiri-pyet-qeveritaret-a-jane-djegur-mustaqet-e-adem-jasharit-ne-iml\/"},"wordCount":184,"publisher":{"@id":"https:\/\/permbledhja.com\/#organization"},"keywords":["Abelard Tahiri"],"articleSection":["T\u00eb r\u00ebnd\u00ebsishme"],"inLanguage":"sq"},{"@type":"WebPage","@id":"https:\/\/permbledhja.com\/tahiri-pyet-qeveritaret-a-jane-djegur-mustaqet-e-adem-jasharit-ne-iml\/","url":"https:\/\/permbledhja.com\/tahiri-pyet-qeveritaret-a-jane-djegur-mustaqet-e-adem-jasharit-ne-iml\/","name":"Tahiri pyet qeveritar\u00ebt: A jan\u00eb djegur mustaqet e Adem Jasharit n\u00eb IML?","isPartOf":{"@id":"https:\/\/permbledhja.com\/#website"},"datePublished":"2023-11-23T10:53:33+00:00","dateModified":"2023-11-23T10:53:33+00:00","breadcrumb":{"@id":"https:\/\/permbledhja.com\/tahiri-pyet-qeveritaret-a-jane-djegur-mustaqet-e-adem-jasharit-ne-iml\/#breadcrumb"},"inLanguage":"sq","potentialAction":[{"@type":"ReadAction","target":["https:\/\/permbledhja.com\/tahiri-pyet-qeveritaret-a-jane-djegur-mustaqet-e-adem-jasharit-ne-iml\/"]}]},{"@type":"BreadcrumbList","@id":"https:\/\/permbledhja.com\/tahiri-pyet-qeveritaret-a-jane-djegur-mustaqet-e-adem-jasharit-ne-iml\/#breadcrumb","itemListElement":[{"@type":"ListItem","position":1,"name":"Ballina","item":"https:\/\/permbledhja.com\/sq\/"},{"@type":"ListItem","position":2,"name":"Tahiri pyet qeveritar\u00ebt: A jan\u00eb djegur mustaqet e Adem Jasharit n\u00eb IML?"}]},{"@type":"WebSite","@id":"https:\/\/permbledhja.com\/#website","url":"https:\/\/permbledhja.com\/","name":"Ve\u00e7 artikuj p\u00ebrmbledh\u00ebs","description":"","publisher":{"@id":"https:\/\/permbledhja.com\/#organization"},"potentialAction":[{"@type":"SearchAction","target":{"@type":"EntryPoint","urlTemplate":"https:\/\/permbledhja.com\/?s={search_term_string}"},"query-input":"required name=search_term_string"}],"inLanguage":"sq"},{"@type":"Organization","@id":"https:\/\/permbledhja.com\/#organization","name":"MK Media & Pr","url":"https:\/\/permbledhja.com\/","logo":{"@type":"ImageObject","inLanguage":"sq","@id":"https:\/\/permbledhja.com\/#\/schema\/logo\/image\/","url":"https:\/\/permbledhja.com\/wp-content\/uploads\/2021\/12\/07-Press-Logo.jpg","contentUrl":"https:\/\/permbledhja.com\/wp-content\/uploads\/2021\/12\/07-Press-Logo.jpg","width":512,"height":512,"caption":"MK Media & Pr"},"image":{"@id":"https:\/\/permbledhja.com\/#\/schema\/logo\/image\/"},"sameAs":["https:\/\/www.facebook.com\/press07\/"]},{"@type":"Person","@id":"https:\/\/permbledhja.com\/#\/schema\/person\/d23f13f59b5722643933d6780783acf3","name":"M M","image":{"@type":"ImageObject","inLanguage":"sq","@id":"https:\/\/permbledhja.com\/#\/schema\/person\/image\/","url":"https:\/\/secure.gravatar.com\/avatar\/e2835a76ca7c31a2416b2d51c4ec9a8f?s=96&d=mm&r=g","contentUrl":"https:\/\/secure.gravatar.com\/avatar\/e2835a76ca7c31a2416b2d51c4ec9a8f?s=96&d=mm&r=g","caption":"M M"},"sameAs":["http:\/\/MM"],"url":"https:\/\/permbledhja.com\/sq\/author\/muhamet\/"}]}},"_links":{"self":[{"href":"https:\/\/permbledhja.com\/sq\/wp-json\/wp\/v2\/posts\/37321"}],"collection":[{"href":"https:\/\/permbledhja.com\/sq\/wp-json\/wp\/v2\/posts"}],"about":[{"href":"https:\/\/permbledhja.com\/sq\/wp-json\/wp\/v2\/types\/post"}],"author":[{"embeddable":true,"href":"https:\/\/permbledhja.com\/sq\/wp-json\/wp\/v2\/users\/2"}],"replies":[{"embeddable":true,"href":"https:\/\/permbledhja.com\/sq\/wp-json\/wp\/v2\/comments?post=37321"}],"version-history":[{"count":1,"href":"https:\/\/permbledhja.com\/sq\/wp-json\/wp\/v2\/posts\/37321\/revisions"}],"predecessor-version":[{"id":37323,"href":"https:\/\/permbledhja.com\/sq\/wp-json\/wp\/v2\/posts\/37321\/revisions\/37323"}],"wp:featuredmedia":[{"embeddable":true,"href":"https:\/\/permbledhja.com\/sq\/wp-json\/wp\/v2\/media\/37322"}],"wp:attachment":[{"href":"https:\/\/permbledhja.com\/sq\/wp-json\/wp\/v2\/media?parent=37321"}],"wp:term":[{"taxonomy":"category","embeddable":true,"href":"https:\/\/permbledhja.com\/sq\/wp-json\/wp\/v2\/categories?post=37321"},{"taxonomy":"post_tag","embeddable":true,"href":"https:\/\/permbledhja.com\/sq\/wp-json\/wp\/v2\/tags?post=37321"}],"curies":[{"name":"wp","href":"https:\/\/api.w.org\/{rel}","templated":true}]}}