{"id":37061,"date":"2023-11-21T14:54:51","date_gmt":"2023-11-21T14:54:51","guid":{"rendered":"https:\/\/permbledhja.com\/?p=37061"},"modified":"2023-11-21T14:54:51","modified_gmt":"2023-11-21T14:54:51","slug":"osmani-e-padrejte-dhe-e-paarsyeshme-qe-drafti-per-asociacionin-te-mos-ndahet-edhe-me-opoziten","status":"publish","type":"post","link":"https:\/\/permbledhja.com\/sq\/osmani-e-padrejte-dhe-e-paarsyeshme-qe-drafti-per-asociacionin-te-mos-ndahet-edhe-me-opoziten\/","title":{"rendered":"Osmani: E padrejt\u00eb dhe e paarsyeshme q\u00eb Drafti p\u00ebr Asociacionin t\u00eb mos ndahet edhe me opozit\u00ebn"},"content":{"rendered":"<h3>Presidentja e Kosov\u00ebs, Vjosa Osmani, ka th\u00ebn\u00eb se ka insistuar q\u00eb drafti i asociacionit t\u00eb ndahet me lider\u00ebt e opozit\u00ebs.<\/h3>\n<p>Ajo thot\u00eb se shpreson q\u00eb s\u00eb shpejti autor\u00ebt e draftit ta japin miratimin q\u00eb ai t\u00eb ndaht me opozit\u00ebn.<\/p>\n<p>\u201cMeqen\u00ebse \u00ebsht\u00eb k\u00ebrkes\u00eb e vet\u00eb emisar\u00ebve nd\u00ebrkomb\u00ebtar\u00eb q\u00eb mos t\u2019i b\u00ebjm\u00eb publike komentet pa e b\u00ebr\u00eb ata vet\u00eb publike draftin q\u00eb e kan\u00eb propozuar, do ta respektoj k\u00ebt\u00eb k\u00ebrkes\u00eb, edhe pse mendoj se q\u00eb nga fillimi ka qen\u00eb e padrejt\u00eb dhe t\u00ebr\u00ebsisht e paarsyeshme q\u00eb ky draft t\u00eb mos ndahen me lider\u00ebt e opozit\u00ebs, ata p\u00ebrfaq\u00ebsojn\u00eb si parti politike qytetar\u00eb t\u00eb Kosov\u00ebs, k\u00ebshtu q\u00eb si presidente kam insistuar q\u00eb ky draft t\u00eb ndahet edhe me ta dhe shpresoj shum\u00eb q\u00eb s\u00eb shpejti ata q\u00eb jan\u00eb autor\u00eb t\u00eb k\u00ebtij dokumenti do ta japin miratimin p\u00ebr nj\u00eb gj\u00eb t\u00eb till\u00eb\u201d, tha ajo.<\/p>\n<p>&nbsp;<\/p>\n","protected":false},"excerpt":{"rendered":"<p>Presidentja e Kosov\u00ebs, Vjosa Osmani, ka th\u00ebn\u00eb se ka insistuar q\u00eb drafti i asociacionit t\u00eb ndahet me lider\u00ebt e opozit\u00ebs. Ajo thot\u00eb se shpreson q\u00eb s\u00eb shpejti autor\u00ebt e draftit ta japin miratimin q\u00eb ai t\u00eb ndaht me opozit\u00ebn. \u201cMeqen\u00ebse \u00ebsht\u00eb k\u00ebrkes\u00eb e vet\u00eb emisar\u00ebve nd\u00ebrkomb\u00ebtar\u00eb q\u00eb mos t\u2019i b\u00ebjm\u00eb publike komentet pa e b\u00ebr\u00eb [&hellip;]<\/p>\n","protected":false},"author":2,"featured_media":31800,"comment_status":"closed","ping_status":"closed","sticky":false,"template":"","format":"standard","meta":{"_monsterinsights_skip_tracking":false,"_monsterinsights_sitenote_active":false,"_monsterinsights_sitenote_note":"","_monsterinsights_sitenote_category":0,"_uf_show_specific_survey":0,"_uf_disable_surveys":false,"footnotes":""},"categories":[2645],"tags":[163],"yoast_head":"<!-- This site is optimized with the Yoast SEO plugin v21.5 - https:\/\/yoast.com\/wordpress\/plugins\/seo\/ -->\n<title>Osmani: E padrejt\u00eb dhe e paarsyeshme q\u00eb Drafti p\u00ebr Asociacionin t\u00eb mos ndahet edhe me opozit\u00ebn<\/title>\n<meta name=\"robots\" content=\"index, follow, max-snippet:-1, max-image-preview:large, max-video-preview:-1\" \/>\n<link rel=\"canonical\" href=\"https:\/\/permbledhja.com\/sq\/osmani-e-padrejte-dhe-e-paarsyeshme-qe-drafti-per-asociacionin-te-mos-ndahet-edhe-me-opoziten\/\" \/>\n<meta property=\"og:locale\" content=\"sq_AL\" \/>\n<meta property=\"og:type\" content=\"article\" \/>\n<meta property=\"og:title\" content=\"Osmani: E padrejt\u00eb dhe e paarsyeshme q\u00eb Drafti p\u00ebr Asociacionin t\u00eb mos ndahet edhe me opozit\u00ebn\" \/>\n<meta property=\"og:description\" content=\"Presidentja e Kosov\u00ebs, Vjosa Osmani, ka th\u00ebn\u00eb se ka insistuar q\u00eb drafti i asociacionit t\u00eb ndahet me lider\u00ebt e opozit\u00ebs. Ajo thot\u00eb se shpreson q\u00eb s\u00eb shpejti autor\u00ebt e draftit ta japin miratimin q\u00eb ai t\u00eb ndaht me opozit\u00ebn. \u201cMeqen\u00ebse \u00ebsht\u00eb k\u00ebrkes\u00eb e vet\u00eb emisar\u00ebve nd\u00ebrkomb\u00ebtar\u00eb q\u00eb mos t\u2019i b\u00ebjm\u00eb publike komentet pa e b\u00ebr\u00eb [&hellip;]\" \/>\n<meta property=\"og:url\" content=\"https:\/\/permbledhja.com\/sq\/osmani-e-padrejte-dhe-e-paarsyeshme-qe-drafti-per-asociacionin-te-mos-ndahet-edhe-me-opoziten\/\" \/>\n<meta property=\"og:site_name\" content=\"Ve\u00e7 artikuj p\u00ebrmbledh\u00ebs\" \/>\n<meta property=\"article:publisher\" content=\"https:\/\/www.facebook.com\/press07\/\" \/>\n<meta property=\"article:published_time\" content=\"2023-11-21T14:54:51+00:00\" \/>\n<meta property=\"og:image\" content=\"https:\/\/permbledhja.com\/wp-content\/uploads\/2023\/10\/vjosa-osmani-interviste-ap-3.jpg\" \/>\n\t<meta property=\"og:image:width\" content=\"1024\" \/>\n\t<meta property=\"og:image:height\" content=\"683\" \/>\n\t<meta property=\"og:image:type\" content=\"image\/jpeg\" \/>\n<meta name=\"author\" content=\"M M\" \/>\n<meta name=\"twitter:card\" content=\"summary_large_image\" \/>\n<meta name=\"twitter:label1\" content=\"Written by\" \/>\n\t<meta name=\"twitter:data1\" content=\"M M\" \/>\n\t<meta name=\"twitter:label2\" content=\"Est. reading time\" \/>\n\t<meta name=\"twitter:data2\" content=\"1 minut\u00eb\" \/>\n<script type=\"application\/ld+json\" class=\"yoast-schema-graph\">{\"@context\":\"https:\/\/schema.org\",\"@graph\":[{\"@type\":\"Article\",\"@id\":\"https:\/\/permbledhja.com\/sq\/osmani-e-padrejte-dhe-e-paarsyeshme-qe-drafti-per-asociacionin-te-mos-ndahet-edhe-me-opoziten\/#article\",\"isPartOf\":{\"@id\":\"https:\/\/permbledhja.com\/sq\/osmani-e-padrejte-dhe-e-paarsyeshme-qe-drafti-per-asociacionin-te-mos-ndahet-edhe-me-opoziten\/\"},\"author\":{\"name\":\"M M\",\"@id\":\"https:\/\/permbledhja.com\/#\/schema\/person\/d23f13f59b5722643933d6780783acf3\"},\"headline\":\"Osmani: E padrejt\u00eb dhe e paarsyeshme q\u00eb Drafti p\u00ebr Asociacionin t\u00eb mos ndahet edhe me opozit\u00ebn\",\"datePublished\":\"2023-11-21T14:54:51+00:00\",\"dateModified\":\"2023-11-21T14:54:51+00:00\",\"mainEntityOfPage\":{\"@id\":\"https:\/\/permbledhja.com\/sq\/osmani-e-padrejte-dhe-e-paarsyeshme-qe-drafti-per-asociacionin-te-mos-ndahet-edhe-me-opoziten\/\"},\"wordCount\":184,\"publisher\":{\"@id\":\"https:\/\/permbledhja.com\/#organization\"},\"keywords\":[\"Vjosa Osmani\"],\"articleSection\":[\"T\u00eb r\u00ebnd\u00ebsishme\"],\"inLanguage\":\"sq\"},{\"@type\":\"WebPage\",\"@id\":\"https:\/\/permbledhja.com\/sq\/osmani-e-padrejte-dhe-e-paarsyeshme-qe-drafti-per-asociacionin-te-mos-ndahet-edhe-me-opoziten\/\",\"url\":\"https:\/\/permbledhja.com\/sq\/osmani-e-padrejte-dhe-e-paarsyeshme-qe-drafti-per-asociacionin-te-mos-ndahet-edhe-me-opoziten\/\",\"name\":\"Osmani: E padrejt\u00eb dhe e paarsyeshme q\u00eb Drafti p\u00ebr Asociacionin t\u00eb mos ndahet edhe me opozit\u00ebn\",\"isPartOf\":{\"@id\":\"https:\/\/permbledhja.com\/#website\"},\"datePublished\":\"2023-11-21T14:54:51+00:00\",\"dateModified\":\"2023-11-21T14:54:51+00:00\",\"breadcrumb\":{\"@id\":\"https:\/\/permbledhja.com\/sq\/osmani-e-padrejte-dhe-e-paarsyeshme-qe-drafti-per-asociacionin-te-mos-ndahet-edhe-me-opoziten\/#breadcrumb\"},\"inLanguage\":\"sq\",\"potentialAction\":[{\"@type\":\"ReadAction\",\"target\":[\"https:\/\/permbledhja.com\/sq\/osmani-e-padrejte-dhe-e-paarsyeshme-qe-drafti-per-asociacionin-te-mos-ndahet-edhe-me-opoziten\/\"]}]},{\"@type\":\"BreadcrumbList\",\"@id\":\"https:\/\/permbledhja.com\/sq\/osmani-e-padrejte-dhe-e-paarsyeshme-qe-drafti-per-asociacionin-te-mos-ndahet-edhe-me-opoziten\/#breadcrumb\",\"itemListElement\":[{\"@type\":\"ListItem\",\"position\":1,\"name\":\"Ballina\",\"item\":\"https:\/\/permbledhja.com\/sq\/\"},{\"@type\":\"ListItem\",\"position\":2,\"name\":\"Osmani: E padrejt\u00eb dhe e paarsyeshme q\u00eb Drafti p\u00ebr Asociacionin t\u00eb mos ndahet edhe me opozit\u00ebn\"}]},{\"@type\":\"WebSite\",\"@id\":\"https:\/\/permbledhja.com\/#website\",\"url\":\"https:\/\/permbledhja.com\/\",\"name\":\"Ve\u00e7 artikuj p\u00ebrmbledh\u00ebs\",\"description\":\"\",\"publisher\":{\"@id\":\"https:\/\/permbledhja.com\/#organization\"},\"potentialAction\":[{\"@type\":\"SearchAction\",\"target\":{\"@type\":\"EntryPoint\",\"urlTemplate\":\"https:\/\/permbledhja.com\/?s={search_term_string}\"},\"query-input\":\"required name=search_term_string\"}],\"inLanguage\":\"sq\"},{\"@type\":\"Organization\",\"@id\":\"https:\/\/permbledhja.com\/#organization\",\"name\":\"MK Media & Pr\",\"url\":\"https:\/\/permbledhja.com\/\",\"logo\":{\"@type\":\"ImageObject\",\"inLanguage\":\"sq\",\"@id\":\"https:\/\/permbledhja.com\/#\/schema\/logo\/image\/\",\"url\":\"https:\/\/permbledhja.com\/wp-content\/uploads\/2021\/12\/07-Press-Logo.jpg\",\"contentUrl\":\"https:\/\/permbledhja.com\/wp-content\/uploads\/2021\/12\/07-Press-Logo.jpg\",\"width\":512,\"height\":512,\"caption\":\"MK Media & Pr\"},\"image\":{\"@id\":\"https:\/\/permbledhja.com\/#\/schema\/logo\/image\/\"},\"sameAs\":[\"https:\/\/www.facebook.com\/press07\/\"]},{\"@type\":\"Person\",\"@id\":\"https:\/\/permbledhja.com\/#\/schema\/person\/d23f13f59b5722643933d6780783acf3\",\"name\":\"M M\",\"image\":{\"@type\":\"ImageObject\",\"inLanguage\":\"sq\",\"@id\":\"https:\/\/permbledhja.com\/#\/schema\/person\/image\/\",\"url\":\"https:\/\/secure.gravatar.com\/avatar\/e2835a76ca7c31a2416b2d51c4ec9a8f?s=96&d=mm&r=g\",\"contentUrl\":\"https:\/\/secure.gravatar.com\/avatar\/e2835a76ca7c31a2416b2d51c4ec9a8f?s=96&d=mm&r=g\",\"caption\":\"M M\"},\"sameAs\":[\"http:\/\/MM\"],\"url\":\"https:\/\/permbledhja.com\/sq\/author\/muhamet\/\"}]}<\/script>\n<!-- \/ Yoast SEO plugin. -->","yoast_head_json":{"title":"Osmani: E padrejt\u00eb dhe e paarsyeshme q\u00eb Drafti p\u00ebr Asociacionin t\u00eb mos ndahet edhe me opozit\u00ebn","robots":{"index":"index","follow":"follow","max-snippet":"max-snippet:-1","max-image-preview":"max-image-preview:large","max-video-preview":"max-video-preview:-1"},"canonical":"https:\/\/permbledhja.com\/sq\/osmani-e-padrejte-dhe-e-paarsyeshme-qe-drafti-per-asociacionin-te-mos-ndahet-edhe-me-opoziten\/","og_locale":"sq_AL","og_type":"article","og_title":"Osmani: E padrejt\u00eb dhe e paarsyeshme q\u00eb Drafti p\u00ebr Asociacionin t\u00eb mos ndahet edhe me opozit\u00ebn","og_description":"Presidentja e Kosov\u00ebs, Vjosa Osmani, ka th\u00ebn\u00eb se ka insistuar q\u00eb drafti i asociacionit t\u00eb ndahet me lider\u00ebt e opozit\u00ebs. Ajo thot\u00eb se shpreson q\u00eb s\u00eb shpejti autor\u00ebt e draftit ta japin miratimin q\u00eb ai t\u00eb ndaht me opozit\u00ebn. \u201cMeqen\u00ebse \u00ebsht\u00eb k\u00ebrkes\u00eb e vet\u00eb emisar\u00ebve nd\u00ebrkomb\u00ebtar\u00eb q\u00eb mos t\u2019i b\u00ebjm\u00eb publike komentet pa e b\u00ebr\u00eb [&hellip;]","og_url":"https:\/\/permbledhja.com\/sq\/osmani-e-padrejte-dhe-e-paarsyeshme-qe-drafti-per-asociacionin-te-mos-ndahet-edhe-me-opoziten\/","og_site_name":"Ve\u00e7 artikuj p\u00ebrmbledh\u00ebs","article_publisher":"https:\/\/www.facebook.com\/press07\/","article_published_time":"2023-11-21T14:54:51+00:00","og_image":[{"width":1024,"height":683,"url":"https:\/\/permbledhja.com\/wp-content\/uploads\/2023\/10\/vjosa-osmani-interviste-ap-3.jpg","type":"image\/jpeg"}],"author":"M M","twitter_card":"summary_large_image","twitter_misc":{"Written by":"M M","Est. reading time":"1 minut\u00eb"},"schema":{"@context":"https:\/\/schema.org","@graph":[{"@type":"Article","@id":"https:\/\/permbledhja.com\/sq\/osmani-e-padrejte-dhe-e-paarsyeshme-qe-drafti-per-asociacionin-te-mos-ndahet-edhe-me-opoziten\/#article","isPartOf":{"@id":"https:\/\/permbledhja.com\/sq\/osmani-e-padrejte-dhe-e-paarsyeshme-qe-drafti-per-asociacionin-te-mos-ndahet-edhe-me-opoziten\/"},"author":{"name":"M M","@id":"https:\/\/permbledhja.com\/#\/schema\/person\/d23f13f59b5722643933d6780783acf3"},"headline":"Osmani: E padrejt\u00eb dhe e paarsyeshme q\u00eb Drafti p\u00ebr Asociacionin t\u00eb mos ndahet edhe me opozit\u00ebn","datePublished":"2023-11-21T14:54:51+00:00","dateModified":"2023-11-21T14:54:51+00:00","mainEntityOfPage":{"@id":"https:\/\/permbledhja.com\/sq\/osmani-e-padrejte-dhe-e-paarsyeshme-qe-drafti-per-asociacionin-te-mos-ndahet-edhe-me-opoziten\/"},"wordCount":184,"publisher":{"@id":"https:\/\/permbledhja.com\/#organization"},"keywords":["Vjosa Osmani"],"articleSection":["T\u00eb r\u00ebnd\u00ebsishme"],"inLanguage":"sq"},{"@type":"WebPage","@id":"https:\/\/permbledhja.com\/sq\/osmani-e-padrejte-dhe-e-paarsyeshme-qe-drafti-per-asociacionin-te-mos-ndahet-edhe-me-opoziten\/","url":"https:\/\/permbledhja.com\/sq\/osmani-e-padrejte-dhe-e-paarsyeshme-qe-drafti-per-asociacionin-te-mos-ndahet-edhe-me-opoziten\/","name":"Osmani: E padrejt\u00eb dhe e paarsyeshme q\u00eb Drafti p\u00ebr Asociacionin t\u00eb mos ndahet edhe me opozit\u00ebn","isPartOf":{"@id":"https:\/\/permbledhja.com\/#website"},"datePublished":"2023-11-21T14:54:51+00:00","dateModified":"2023-11-21T14:54:51+00:00","breadcrumb":{"@id":"https:\/\/permbledhja.com\/sq\/osmani-e-padrejte-dhe-e-paarsyeshme-qe-drafti-per-asociacionin-te-mos-ndahet-edhe-me-opoziten\/#breadcrumb"},"inLanguage":"sq","potentialAction":[{"@type":"ReadAction","target":["https:\/\/permbledhja.com\/sq\/osmani-e-padrejte-dhe-e-paarsyeshme-qe-drafti-per-asociacionin-te-mos-ndahet-edhe-me-opoziten\/"]}]},{"@type":"BreadcrumbList","@id":"https:\/\/permbledhja.com\/sq\/osmani-e-padrejte-dhe-e-paarsyeshme-qe-drafti-per-asociacionin-te-mos-ndahet-edhe-me-opoziten\/#breadcrumb","itemListElement":[{"@type":"ListItem","position":1,"name":"Ballina","item":"https:\/\/permbledhja.com\/sq\/"},{"@type":"ListItem","position":2,"name":"Osmani: E padrejt\u00eb dhe e paarsyeshme q\u00eb Drafti p\u00ebr Asociacionin t\u00eb mos ndahet edhe me opozit\u00ebn"}]},{"@type":"WebSite","@id":"https:\/\/permbledhja.com\/#website","url":"https:\/\/permbledhja.com\/","name":"Ve\u00e7 artikuj p\u00ebrmbledh\u00ebs","description":"","publisher":{"@id":"https:\/\/permbledhja.com\/#organization"},"potentialAction":[{"@type":"SearchAction","target":{"@type":"EntryPoint","urlTemplate":"https:\/\/permbledhja.com\/?s={search_term_string}"},"query-input":"required name=search_term_string"}],"inLanguage":"sq"},{"@type":"Organization","@id":"https:\/\/permbledhja.com\/#organization","name":"MK Media & Pr","url":"https:\/\/permbledhja.com\/","logo":{"@type":"ImageObject","inLanguage":"sq","@id":"https:\/\/permbledhja.com\/#\/schema\/logo\/image\/","url":"https:\/\/permbledhja.com\/wp-content\/uploads\/2021\/12\/07-Press-Logo.jpg","contentUrl":"https:\/\/permbledhja.com\/wp-content\/uploads\/2021\/12\/07-Press-Logo.jpg","width":512,"height":512,"caption":"MK Media & Pr"},"image":{"@id":"https:\/\/permbledhja.com\/#\/schema\/logo\/image\/"},"sameAs":["https:\/\/www.facebook.com\/press07\/"]},{"@type":"Person","@id":"https:\/\/permbledhja.com\/#\/schema\/person\/d23f13f59b5722643933d6780783acf3","name":"M M","image":{"@type":"ImageObject","inLanguage":"sq","@id":"https:\/\/permbledhja.com\/#\/schema\/person\/image\/","url":"https:\/\/secure.gravatar.com\/avatar\/e2835a76ca7c31a2416b2d51c4ec9a8f?s=96&d=mm&r=g","contentUrl":"https:\/\/secure.gravatar.com\/avatar\/e2835a76ca7c31a2416b2d51c4ec9a8f?s=96&d=mm&r=g","caption":"M M"},"sameAs":["http:\/\/MM"],"url":"https:\/\/permbledhja.com\/sq\/author\/muhamet\/"}]}},"_links":{"self":[{"href":"https:\/\/permbledhja.com\/sq\/wp-json\/wp\/v2\/posts\/37061"}],"collection":[{"href":"https:\/\/permbledhja.com\/sq\/wp-json\/wp\/v2\/posts"}],"about":[{"href":"https:\/\/permbledhja.com\/sq\/wp-json\/wp\/v2\/types\/post"}],"author":[{"embeddable":true,"href":"https:\/\/permbledhja.com\/sq\/wp-json\/wp\/v2\/users\/2"}],"replies":[{"embeddable":true,"href":"https:\/\/permbledhja.com\/sq\/wp-json\/wp\/v2\/comments?post=37061"}],"version-history":[{"count":1,"href":"https:\/\/permbledhja.com\/sq\/wp-json\/wp\/v2\/posts\/37061\/revisions"}],"predecessor-version":[{"id":37062,"href":"https:\/\/permbledhja.com\/sq\/wp-json\/wp\/v2\/posts\/37061\/revisions\/37062"}],"wp:featuredmedia":[{"embeddable":true,"href":"https:\/\/permbledhja.com\/sq\/wp-json\/wp\/v2\/media\/31800"}],"wp:attachment":[{"href":"https:\/\/permbledhja.com\/sq\/wp-json\/wp\/v2\/media?parent=37061"}],"wp:term":[{"taxonomy":"category","embeddable":true,"href":"https:\/\/permbledhja.com\/sq\/wp-json\/wp\/v2\/categories?post=37061"},{"taxonomy":"post_tag","embeddable":true,"href":"https:\/\/permbledhja.com\/sq\/wp-json\/wp\/v2\/tags?post=37061"}],"curies":[{"name":"wp","href":"https:\/\/api.w.org\/{rel}","templated":true}]}}