{"id":37044,"date":"2023-11-21T14:13:03","date_gmt":"2023-11-21T14:13:03","guid":{"rendered":"https:\/\/permbledhja.com\/?p=37044"},"modified":"2023-11-21T14:13:03","modified_gmt":"2023-11-21T14:13:03","slug":"mediumi-boshnjak-serbia-eshte-ne-nje-situate-te-palakmueshme-ata-kane-nevoje-per-nje-favor-nga-kurti-por-nuk-dine-te-kerkojne","status":"publish","type":"post","link":"https:\/\/permbledhja.com\/sq\/mediumi-boshnjak-serbia-eshte-ne-nje-situate-te-palakmueshme-ata-kane-nevoje-per-nje-favor-nga-kurti-por-nuk-dine-te-kerkojne\/","title":{"rendered":"Mediumi boshnjak: Serbia \u00ebsht\u00eb n\u00eb nj\u00eb situat\u00eb t\u00eb palakmueshme, ata kan\u00eb nevoj\u00eb p\u00ebr nj\u00eb favor nga Kurti por nuk din\u00eb t\u00eb k\u00ebrkojn\u00eb"},"content":{"rendered":"<h3>Serbia e gjeti veten n\u00eb \u201crrush t\u00eb papjekur\u201d para zgjedhjeve q\u00eb duhet t\u00eb mbahen n\u00eb at\u00eb vend n\u00eb dhjetor t\u00eb k\u00ebtij viti. Gjegj\u00ebsisht, fakti \u00ebsht\u00eb se Serbia do t\u00eb d\u00ebshironte q\u00eb zgjedhjet t\u00eb mbahen paralelisht n\u00eb Kosov\u00eb q\u00eb t\u00eb mund t\u00eb votojn\u00eb qytetar\u00ebt q\u00eb kan\u00eb dy shtet\u00ebsi t\u00eb Serbis\u00eb. K\u00ebshtu shkruan mediumi boshnjak<a href=\"https:\/\/www.klix.ba\/vijesti\/srbija-u-nezavidnoj-situaciji-treba-im-usluga-od-kurtija-a-ne-znaju-kako-pitati\/231121071\">Klix.ba<\/a><\/h3>\n<p>Problemi p\u00ebr Serbin\u00eb \u00ebsht\u00eb se k\u00ebrkesa zyrtare p\u00ebr Kosov\u00ebn mund t\u00eb interpretohet se Serbia e njeh k\u00ebt\u00eb shtet si shtet sovran dhe t\u00eb barabart\u00eb.<\/p>\n<p>Qeveria e Vu\u00e7iqit k\u00ebshtu vendosi q\u00eb p\u00ebrmes OSBE-s\u00eb t\u00eb k\u00ebrkoj\u00eb q\u00eb zgjedhjet e dhjetorit n\u00eb Serbi t\u00eb mbahen edhe n\u00eb Kosov\u00eb.<\/p>\n<p>Por, Qeveria e Kosov\u00ebs u p\u00ebrgjigj se mund ta pranojn\u00eb at\u00eb k\u00ebrkes\u00eb, por kushti \u00ebsht\u00eb q\u00eb Serbia t\u2019i drejtohet si \u00e7do shtet tjet\u00ebr sovran dhe i barabart\u00eb.<\/p>\n<p>\u201cNuk ka asnj\u00eb problem, duhet vet\u00ebm q\u00eb Serbia ta k\u00ebrkoj\u00eb nga Kosova si shtet sovran i barabart\u00eb dhe nj\u00eb marr\u00ebveshje t\u00eb till\u00eb ta arrij\u00eb me Kosov\u00ebn si shtet sovran dhe t\u00eb barabart\u00eb\u2026 Inkurajojm\u00eb Serbin\u00eb q\u00eb ta b\u00ebj\u00eb nj\u00eb gj\u00eb t\u00eb till\u00eb\u201d, citon mediumi boshnjak deklarat\u00ebn e Qeveris\u00eb s\u00eb Kosov\u00ebs.<\/p>\n<p>Dokumenti \u00ebsht\u00eb n\u00ebnshkruar nga kryeministri i Kosov\u00ebs, Albin Kurti.<\/p>\n<p><img loading=\"lazy\" decoding=\"async\" class=\"alignnone  wp-image-37045\" src=\"https:\/\/permbledhja.com\/wp-content\/uploads\/2023\/11\/Capture-181-300x249.jpg\" alt=\"\" width=\"706\" height=\"586\" srcset=\"https:\/\/permbledhja.com\/wp-content\/uploads\/2023\/11\/Capture-181-300x249.jpg 300w, https:\/\/permbledhja.com\/wp-content\/uploads\/2023\/11\/Capture-181-14x12.jpg 14w, https:\/\/permbledhja.com\/wp-content\/uploads\/2023\/11\/Capture-181.jpg 633w\" sizes=\"(max-width: 706px) 100vw, 706px\" \/><\/p>\n","protected":false},"excerpt":{"rendered":"<p>Serbia e gjeti veten n\u00eb \u201crrush t\u00eb papjekur\u201d para zgjedhjeve q\u00eb duhet t\u00eb mbahen n\u00eb at\u00eb vend n\u00eb dhjetor t\u00eb k\u00ebtij viti. Gjegj\u00ebsisht, fakti \u00ebsht\u00eb se Serbia do t\u00eb d\u00ebshironte q\u00eb zgjedhjet t\u00eb mbahen paralelisht n\u00eb Kosov\u00eb q\u00eb t\u00eb mund t\u00eb votojn\u00eb qytetar\u00ebt q\u00eb kan\u00eb dy shtet\u00ebsi t\u00eb Serbis\u00eb. K\u00ebshtu shkruan mediumi boshnjakKlix.ba Problemi p\u00ebr [&hellip;]<\/p>\n","protected":false},"author":2,"featured_media":37046,"comment_status":"closed","ping_status":"closed","sticky":false,"template":"","format":"standard","meta":{"_monsterinsights_skip_tracking":false,"_monsterinsights_sitenote_active":false,"_monsterinsights_sitenote_note":"","_monsterinsights_sitenote_category":0,"_uf_show_specific_survey":0,"_uf_disable_surveys":false,"footnotes":""},"categories":[15],"tags":[496],"yoast_head":"<!-- This site is optimized with the Yoast SEO plugin v21.5 - https:\/\/yoast.com\/wordpress\/plugins\/seo\/ -->\n<title>Mediumi boshnjak: Serbia \u00ebsht\u00eb n\u00eb nj\u00eb situat\u00eb t\u00eb palakmueshme, ata kan\u00eb nevoj\u00eb p\u00ebr nj\u00eb favor nga Kurti por nuk din\u00eb t\u00eb k\u00ebrkojn\u00eb<\/title>\n<meta name=\"robots\" content=\"index, follow, max-snippet:-1, max-image-preview:large, max-video-preview:-1\" \/>\n<link rel=\"canonical\" href=\"https:\/\/permbledhja.com\/sq\/mediumi-boshnjak-serbia-eshte-ne-nje-situate-te-palakmueshme-ata-kane-nevoje-per-nje-favor-nga-kurti-por-nuk-dine-te-kerkojne\/\" \/>\n<meta property=\"og:locale\" content=\"sq_AL\" \/>\n<meta property=\"og:type\" content=\"article\" \/>\n<meta property=\"og:title\" content=\"Mediumi boshnjak: Serbia \u00ebsht\u00eb n\u00eb nj\u00eb situat\u00eb t\u00eb palakmueshme, ata kan\u00eb nevoj\u00eb p\u00ebr nj\u00eb favor nga Kurti por nuk din\u00eb t\u00eb k\u00ebrkojn\u00eb\" \/>\n<meta property=\"og:description\" content=\"Serbia e gjeti veten n\u00eb \u201crrush t\u00eb papjekur\u201d para zgjedhjeve q\u00eb duhet t\u00eb mbahen n\u00eb at\u00eb vend n\u00eb dhjetor t\u00eb k\u00ebtij viti. Gjegj\u00ebsisht, fakti \u00ebsht\u00eb se Serbia do t\u00eb d\u00ebshironte q\u00eb zgjedhjet t\u00eb mbahen paralelisht n\u00eb Kosov\u00eb q\u00eb t\u00eb mund t\u00eb votojn\u00eb qytetar\u00ebt q\u00eb kan\u00eb dy shtet\u00ebsi t\u00eb Serbis\u00eb. K\u00ebshtu shkruan mediumi boshnjakKlix.ba Problemi p\u00ebr [&hellip;]\" \/>\n<meta property=\"og:url\" content=\"https:\/\/permbledhja.com\/sq\/mediumi-boshnjak-serbia-eshte-ne-nje-situate-te-palakmueshme-ata-kane-nevoje-per-nje-favor-nga-kurti-por-nuk-dine-te-kerkojne\/\" \/>\n<meta property=\"og:site_name\" content=\"Ve\u00e7 artikuj p\u00ebrmbledh\u00ebs\" \/>\n<meta property=\"article:publisher\" content=\"https:\/\/www.facebook.com\/press07\/\" \/>\n<meta property=\"article:published_time\" content=\"2023-11-21T14:13:03+00:00\" \/>\n<meta property=\"og:image\" content=\"https:\/\/permbledhja.com\/wp-content\/uploads\/2023\/11\/2-17-600x360-1.jpg\" \/>\n\t<meta property=\"og:image:width\" content=\"600\" \/>\n\t<meta property=\"og:image:height\" content=\"360\" \/>\n\t<meta property=\"og:image:type\" content=\"image\/jpeg\" \/>\n<meta name=\"author\" content=\"M M\" \/>\n<meta name=\"twitter:card\" content=\"summary_large_image\" \/>\n<meta name=\"twitter:label1\" content=\"Written by\" \/>\n\t<meta name=\"twitter:data1\" content=\"M M\" \/>\n\t<meta name=\"twitter:label2\" content=\"Est. reading time\" \/>\n\t<meta name=\"twitter:data2\" content=\"2 minuta\" \/>\n<script type=\"application\/ld+json\" class=\"yoast-schema-graph\">{\"@context\":\"https:\/\/schema.org\",\"@graph\":[{\"@type\":\"Article\",\"@id\":\"https:\/\/permbledhja.com\/sq\/mediumi-boshnjak-serbia-eshte-ne-nje-situate-te-palakmueshme-ata-kane-nevoje-per-nje-favor-nga-kurti-por-nuk-dine-te-kerkojne\/#article\",\"isPartOf\":{\"@id\":\"https:\/\/permbledhja.com\/sq\/mediumi-boshnjak-serbia-eshte-ne-nje-situate-te-palakmueshme-ata-kane-nevoje-per-nje-favor-nga-kurti-por-nuk-dine-te-kerkojne\/\"},\"author\":{\"name\":\"M M\",\"@id\":\"https:\/\/permbledhja.com\/#\/schema\/person\/d23f13f59b5722643933d6780783acf3\"},\"headline\":\"Mediumi boshnjak: Serbia \u00ebsht\u00eb n\u00eb nj\u00eb situat\u00eb t\u00eb palakmueshme, ata kan\u00eb nevoj\u00eb p\u00ebr nj\u00eb favor nga Kurti por nuk din\u00eb t\u00eb k\u00ebrkojn\u00eb\",\"datePublished\":\"2023-11-21T14:13:03+00:00\",\"dateModified\":\"2023-11-21T14:13:03+00:00\",\"mainEntityOfPage\":{\"@id\":\"https:\/\/permbledhja.com\/sq\/mediumi-boshnjak-serbia-eshte-ne-nje-situate-te-palakmueshme-ata-kane-nevoje-per-nje-favor-nga-kurti-por-nuk-dine-te-kerkojne\/\"},\"wordCount\":237,\"publisher\":{\"@id\":\"https:\/\/permbledhja.com\/#organization\"},\"keywords\":[\"Serbia\"],\"articleSection\":[\"Lajme\"],\"inLanguage\":\"sq\"},{\"@type\":\"WebPage\",\"@id\":\"https:\/\/permbledhja.com\/sq\/mediumi-boshnjak-serbia-eshte-ne-nje-situate-te-palakmueshme-ata-kane-nevoje-per-nje-favor-nga-kurti-por-nuk-dine-te-kerkojne\/\",\"url\":\"https:\/\/permbledhja.com\/sq\/mediumi-boshnjak-serbia-eshte-ne-nje-situate-te-palakmueshme-ata-kane-nevoje-per-nje-favor-nga-kurti-por-nuk-dine-te-kerkojne\/\",\"name\":\"Mediumi boshnjak: Serbia \u00ebsht\u00eb n\u00eb nj\u00eb situat\u00eb t\u00eb palakmueshme, ata kan\u00eb nevoj\u00eb p\u00ebr nj\u00eb favor nga Kurti por nuk din\u00eb t\u00eb k\u00ebrkojn\u00eb\",\"isPartOf\":{\"@id\":\"https:\/\/permbledhja.com\/#website\"},\"datePublished\":\"2023-11-21T14:13:03+00:00\",\"dateModified\":\"2023-11-21T14:13:03+00:00\",\"breadcrumb\":{\"@id\":\"https:\/\/permbledhja.com\/sq\/mediumi-boshnjak-serbia-eshte-ne-nje-situate-te-palakmueshme-ata-kane-nevoje-per-nje-favor-nga-kurti-por-nuk-dine-te-kerkojne\/#breadcrumb\"},\"inLanguage\":\"sq\",\"potentialAction\":[{\"@type\":\"ReadAction\",\"target\":[\"https:\/\/permbledhja.com\/sq\/mediumi-boshnjak-serbia-eshte-ne-nje-situate-te-palakmueshme-ata-kane-nevoje-per-nje-favor-nga-kurti-por-nuk-dine-te-kerkojne\/\"]}]},{\"@type\":\"BreadcrumbList\",\"@id\":\"https:\/\/permbledhja.com\/sq\/mediumi-boshnjak-serbia-eshte-ne-nje-situate-te-palakmueshme-ata-kane-nevoje-per-nje-favor-nga-kurti-por-nuk-dine-te-kerkojne\/#breadcrumb\",\"itemListElement\":[{\"@type\":\"ListItem\",\"position\":1,\"name\":\"Ballina\",\"item\":\"https:\/\/permbledhja.com\/sq\/\"},{\"@type\":\"ListItem\",\"position\":2,\"name\":\"Mediumi boshnjak: Serbia \u00ebsht\u00eb n\u00eb nj\u00eb situat\u00eb t\u00eb palakmueshme, ata kan\u00eb nevoj\u00eb p\u00ebr nj\u00eb favor nga Kurti por nuk din\u00eb t\u00eb k\u00ebrkojn\u00eb\"}]},{\"@type\":\"WebSite\",\"@id\":\"https:\/\/permbledhja.com\/#website\",\"url\":\"https:\/\/permbledhja.com\/\",\"name\":\"Ve\u00e7 artikuj p\u00ebrmbledh\u00ebs\",\"description\":\"\",\"publisher\":{\"@id\":\"https:\/\/permbledhja.com\/#organization\"},\"potentialAction\":[{\"@type\":\"SearchAction\",\"target\":{\"@type\":\"EntryPoint\",\"urlTemplate\":\"https:\/\/permbledhja.com\/?s={search_term_string}\"},\"query-input\":\"required name=search_term_string\"}],\"inLanguage\":\"sq\"},{\"@type\":\"Organization\",\"@id\":\"https:\/\/permbledhja.com\/#organization\",\"name\":\"MK Media & Pr\",\"url\":\"https:\/\/permbledhja.com\/\",\"logo\":{\"@type\":\"ImageObject\",\"inLanguage\":\"sq\",\"@id\":\"https:\/\/permbledhja.com\/#\/schema\/logo\/image\/\",\"url\":\"https:\/\/permbledhja.com\/wp-content\/uploads\/2021\/12\/07-Press-Logo.jpg\",\"contentUrl\":\"https:\/\/permbledhja.com\/wp-content\/uploads\/2021\/12\/07-Press-Logo.jpg\",\"width\":512,\"height\":512,\"caption\":\"MK Media & Pr\"},\"image\":{\"@id\":\"https:\/\/permbledhja.com\/#\/schema\/logo\/image\/\"},\"sameAs\":[\"https:\/\/www.facebook.com\/press07\/\"]},{\"@type\":\"Person\",\"@id\":\"https:\/\/permbledhja.com\/#\/schema\/person\/d23f13f59b5722643933d6780783acf3\",\"name\":\"M M\",\"image\":{\"@type\":\"ImageObject\",\"inLanguage\":\"sq\",\"@id\":\"https:\/\/permbledhja.com\/#\/schema\/person\/image\/\",\"url\":\"https:\/\/secure.gravatar.com\/avatar\/e2835a76ca7c31a2416b2d51c4ec9a8f?s=96&d=mm&r=g\",\"contentUrl\":\"https:\/\/secure.gravatar.com\/avatar\/e2835a76ca7c31a2416b2d51c4ec9a8f?s=96&d=mm&r=g\",\"caption\":\"M M\"},\"sameAs\":[\"http:\/\/MM\"],\"url\":\"https:\/\/permbledhja.com\/sq\/author\/muhamet\/\"}]}<\/script>\n<!-- \/ Yoast SEO plugin. -->","yoast_head_json":{"title":"Mediumi boshnjak: Serbia \u00ebsht\u00eb n\u00eb nj\u00eb situat\u00eb t\u00eb palakmueshme, ata kan\u00eb nevoj\u00eb p\u00ebr nj\u00eb favor nga Kurti por nuk din\u00eb t\u00eb k\u00ebrkojn\u00eb","robots":{"index":"index","follow":"follow","max-snippet":"max-snippet:-1","max-image-preview":"max-image-preview:large","max-video-preview":"max-video-preview:-1"},"canonical":"https:\/\/permbledhja.com\/sq\/mediumi-boshnjak-serbia-eshte-ne-nje-situate-te-palakmueshme-ata-kane-nevoje-per-nje-favor-nga-kurti-por-nuk-dine-te-kerkojne\/","og_locale":"sq_AL","og_type":"article","og_title":"Mediumi boshnjak: Serbia \u00ebsht\u00eb n\u00eb nj\u00eb situat\u00eb t\u00eb palakmueshme, ata kan\u00eb nevoj\u00eb p\u00ebr nj\u00eb favor nga Kurti por nuk din\u00eb t\u00eb k\u00ebrkojn\u00eb","og_description":"Serbia e gjeti veten n\u00eb \u201crrush t\u00eb papjekur\u201d para zgjedhjeve q\u00eb duhet t\u00eb mbahen n\u00eb at\u00eb vend n\u00eb dhjetor t\u00eb k\u00ebtij viti. Gjegj\u00ebsisht, fakti \u00ebsht\u00eb se Serbia do t\u00eb d\u00ebshironte q\u00eb zgjedhjet t\u00eb mbahen paralelisht n\u00eb Kosov\u00eb q\u00eb t\u00eb mund t\u00eb votojn\u00eb qytetar\u00ebt q\u00eb kan\u00eb dy shtet\u00ebsi t\u00eb Serbis\u00eb. K\u00ebshtu shkruan mediumi boshnjakKlix.ba Problemi p\u00ebr [&hellip;]","og_url":"https:\/\/permbledhja.com\/sq\/mediumi-boshnjak-serbia-eshte-ne-nje-situate-te-palakmueshme-ata-kane-nevoje-per-nje-favor-nga-kurti-por-nuk-dine-te-kerkojne\/","og_site_name":"Ve\u00e7 artikuj p\u00ebrmbledh\u00ebs","article_publisher":"https:\/\/www.facebook.com\/press07\/","article_published_time":"2023-11-21T14:13:03+00:00","og_image":[{"width":600,"height":360,"url":"https:\/\/permbledhja.com\/wp-content\/uploads\/2023\/11\/2-17-600x360-1.jpg","type":"image\/jpeg"}],"author":"M M","twitter_card":"summary_large_image","twitter_misc":{"Written by":"M M","Est. reading time":"2 minuta"},"schema":{"@context":"https:\/\/schema.org","@graph":[{"@type":"Article","@id":"https:\/\/permbledhja.com\/sq\/mediumi-boshnjak-serbia-eshte-ne-nje-situate-te-palakmueshme-ata-kane-nevoje-per-nje-favor-nga-kurti-por-nuk-dine-te-kerkojne\/#article","isPartOf":{"@id":"https:\/\/permbledhja.com\/sq\/mediumi-boshnjak-serbia-eshte-ne-nje-situate-te-palakmueshme-ata-kane-nevoje-per-nje-favor-nga-kurti-por-nuk-dine-te-kerkojne\/"},"author":{"name":"M M","@id":"https:\/\/permbledhja.com\/#\/schema\/person\/d23f13f59b5722643933d6780783acf3"},"headline":"Mediumi boshnjak: Serbia \u00ebsht\u00eb n\u00eb nj\u00eb situat\u00eb t\u00eb palakmueshme, ata kan\u00eb nevoj\u00eb p\u00ebr nj\u00eb favor nga Kurti por nuk din\u00eb t\u00eb k\u00ebrkojn\u00eb","datePublished":"2023-11-21T14:13:03+00:00","dateModified":"2023-11-21T14:13:03+00:00","mainEntityOfPage":{"@id":"https:\/\/permbledhja.com\/sq\/mediumi-boshnjak-serbia-eshte-ne-nje-situate-te-palakmueshme-ata-kane-nevoje-per-nje-favor-nga-kurti-por-nuk-dine-te-kerkojne\/"},"wordCount":237,"publisher":{"@id":"https:\/\/permbledhja.com\/#organization"},"keywords":["Serbia"],"articleSection":["Lajme"],"inLanguage":"sq"},{"@type":"WebPage","@id":"https:\/\/permbledhja.com\/sq\/mediumi-boshnjak-serbia-eshte-ne-nje-situate-te-palakmueshme-ata-kane-nevoje-per-nje-favor-nga-kurti-por-nuk-dine-te-kerkojne\/","url":"https:\/\/permbledhja.com\/sq\/mediumi-boshnjak-serbia-eshte-ne-nje-situate-te-palakmueshme-ata-kane-nevoje-per-nje-favor-nga-kurti-por-nuk-dine-te-kerkojne\/","name":"Mediumi boshnjak: Serbia \u00ebsht\u00eb n\u00eb nj\u00eb situat\u00eb t\u00eb palakmueshme, ata kan\u00eb nevoj\u00eb p\u00ebr nj\u00eb favor nga Kurti por nuk din\u00eb t\u00eb k\u00ebrkojn\u00eb","isPartOf":{"@id":"https:\/\/permbledhja.com\/#website"},"datePublished":"2023-11-21T14:13:03+00:00","dateModified":"2023-11-21T14:13:03+00:00","breadcrumb":{"@id":"https:\/\/permbledhja.com\/sq\/mediumi-boshnjak-serbia-eshte-ne-nje-situate-te-palakmueshme-ata-kane-nevoje-per-nje-favor-nga-kurti-por-nuk-dine-te-kerkojne\/#breadcrumb"},"inLanguage":"sq","potentialAction":[{"@type":"ReadAction","target":["https:\/\/permbledhja.com\/sq\/mediumi-boshnjak-serbia-eshte-ne-nje-situate-te-palakmueshme-ata-kane-nevoje-per-nje-favor-nga-kurti-por-nuk-dine-te-kerkojne\/"]}]},{"@type":"BreadcrumbList","@id":"https:\/\/permbledhja.com\/sq\/mediumi-boshnjak-serbia-eshte-ne-nje-situate-te-palakmueshme-ata-kane-nevoje-per-nje-favor-nga-kurti-por-nuk-dine-te-kerkojne\/#breadcrumb","itemListElement":[{"@type":"ListItem","position":1,"name":"Ballina","item":"https:\/\/permbledhja.com\/sq\/"},{"@type":"ListItem","position":2,"name":"Mediumi boshnjak: Serbia \u00ebsht\u00eb n\u00eb nj\u00eb situat\u00eb t\u00eb palakmueshme, ata kan\u00eb nevoj\u00eb p\u00ebr nj\u00eb favor nga Kurti por nuk din\u00eb t\u00eb k\u00ebrkojn\u00eb"}]},{"@type":"WebSite","@id":"https:\/\/permbledhja.com\/#website","url":"https:\/\/permbledhja.com\/","name":"Ve\u00e7 artikuj p\u00ebrmbledh\u00ebs","description":"","publisher":{"@id":"https:\/\/permbledhja.com\/#organization"},"potentialAction":[{"@type":"SearchAction","target":{"@type":"EntryPoint","urlTemplate":"https:\/\/permbledhja.com\/?s={search_term_string}"},"query-input":"required name=search_term_string"}],"inLanguage":"sq"},{"@type":"Organization","@id":"https:\/\/permbledhja.com\/#organization","name":"MK Media & Pr","url":"https:\/\/permbledhja.com\/","logo":{"@type":"ImageObject","inLanguage":"sq","@id":"https:\/\/permbledhja.com\/#\/schema\/logo\/image\/","url":"https:\/\/permbledhja.com\/wp-content\/uploads\/2021\/12\/07-Press-Logo.jpg","contentUrl":"https:\/\/permbledhja.com\/wp-content\/uploads\/2021\/12\/07-Press-Logo.jpg","width":512,"height":512,"caption":"MK Media & Pr"},"image":{"@id":"https:\/\/permbledhja.com\/#\/schema\/logo\/image\/"},"sameAs":["https:\/\/www.facebook.com\/press07\/"]},{"@type":"Person","@id":"https:\/\/permbledhja.com\/#\/schema\/person\/d23f13f59b5722643933d6780783acf3","name":"M M","image":{"@type":"ImageObject","inLanguage":"sq","@id":"https:\/\/permbledhja.com\/#\/schema\/person\/image\/","url":"https:\/\/secure.gravatar.com\/avatar\/e2835a76ca7c31a2416b2d51c4ec9a8f?s=96&d=mm&r=g","contentUrl":"https:\/\/secure.gravatar.com\/avatar\/e2835a76ca7c31a2416b2d51c4ec9a8f?s=96&d=mm&r=g","caption":"M M"},"sameAs":["http:\/\/MM"],"url":"https:\/\/permbledhja.com\/sq\/author\/muhamet\/"}]}},"_links":{"self":[{"href":"https:\/\/permbledhja.com\/sq\/wp-json\/wp\/v2\/posts\/37044"}],"collection":[{"href":"https:\/\/permbledhja.com\/sq\/wp-json\/wp\/v2\/posts"}],"about":[{"href":"https:\/\/permbledhja.com\/sq\/wp-json\/wp\/v2\/types\/post"}],"author":[{"embeddable":true,"href":"https:\/\/permbledhja.com\/sq\/wp-json\/wp\/v2\/users\/2"}],"replies":[{"embeddable":true,"href":"https:\/\/permbledhja.com\/sq\/wp-json\/wp\/v2\/comments?post=37044"}],"version-history":[{"count":1,"href":"https:\/\/permbledhja.com\/sq\/wp-json\/wp\/v2\/posts\/37044\/revisions"}],"predecessor-version":[{"id":37047,"href":"https:\/\/permbledhja.com\/sq\/wp-json\/wp\/v2\/posts\/37044\/revisions\/37047"}],"wp:featuredmedia":[{"embeddable":true,"href":"https:\/\/permbledhja.com\/sq\/wp-json\/wp\/v2\/media\/37046"}],"wp:attachment":[{"href":"https:\/\/permbledhja.com\/sq\/wp-json\/wp\/v2\/media?parent=37044"}],"wp:term":[{"taxonomy":"category","embeddable":true,"href":"https:\/\/permbledhja.com\/sq\/wp-json\/wp\/v2\/categories?post=37044"},{"taxonomy":"post_tag","embeddable":true,"href":"https:\/\/permbledhja.com\/sq\/wp-json\/wp\/v2\/tags?post=37044"}],"curies":[{"name":"wp","href":"https:\/\/api.w.org\/{rel}","templated":true}]}}