{"id":36754,"date":"2023-11-20T08:12:33","date_gmt":"2023-11-20T08:12:33","guid":{"rendered":"https:\/\/permbledhja.com\/?p=36754"},"modified":"2023-11-20T08:12:33","modified_gmt":"2023-11-20T08:12:33","slug":"pagat-mesatare-ne-evrope-keto-jane-vendet-ku-paguhen-me-se-shumti-punonjesit","status":"publish","type":"post","link":"https:\/\/permbledhja.com\/sq\/pagat-mesatare-ne-evrope-keto-jane-vendet-ku-paguhen-me-se-shumti-punonjesit\/","title":{"rendered":"Pagat mesatare n\u00eb Evrop\u00eb \u2013 k\u00ebto jan\u00eb vendet ku paguhen m\u00eb s\u00eb shumti punonj\u00ebsit"},"content":{"rendered":"<h3>Si krahasohen pagat mesatare n\u00eb t\u00eb gjith\u00eb Evrop\u00ebn? Euronews Business ka hedhur nj\u00eb v\u00ebshtrim m\u00eb t\u00eb af\u00ebrt n\u00eb vendet q\u00eb shp\u00ebrblejn\u00eb m\u00eb shum\u00eb punonj\u00ebsit.<\/h3>\n<p>Rregulloret e BE-s\u00eb p\u00ebr punonj\u00ebsit jan\u00eb p\u00ebrgjith\u00ebsisht mjaft t\u00eb forta me nj\u00eb theks n\u00eb kushtet individuale t\u00eb pun\u00ebs dhe t\u00eb drejtat e pun\u00ebs, duke p\u00ebrfshir\u00eb t\u00eb drejt\u00ebn p\u00ebr informacion, ligjet antidiskriminuese dhe sigurin\u00eb e pun\u00ebs.<\/p>\n<p>Megjithat\u00eb, kur b\u00ebhet fjal\u00eb p\u00ebr pagat n\u00eb vendet an\u00ebtare t\u00eb BE-s\u00eb, ka ende ndryshime t\u00eb konsiderueshme, n\u00eb var\u00ebsi t\u00eb nj\u00eb s\u00ebr\u00eb faktor\u00ebsh, si ligjet, k\u00ebrkesa, inflacioni dhe t\u00eb tjera, shkruan Euronews, p\u00ebrcjell Telegrafi.<\/p>\n<p><strong>Por si krahasohen vendet n\u00eb t\u00eb gjith\u00eb Evrop\u00ebn, kur b\u00ebhet fjal\u00eb p\u00ebr pagat?<\/strong><\/p>\n<p>Sipas Statista, n\u00eb vitin 2022, pagat mesatare vjetore varionin nga 73,642 euro n\u00eb Island\u00eb, deri n\u00eb 24,067 euro n\u00eb Greqi.<\/p>\n<p>Vendet m\u00eb pagat m\u00eb t\u00eb larta n\u00eb vitin 2022 ishin Islanda (73,642 \u20ac), Luksemburgu (72,529 \u20ac), Zvicra (67,605 \u20ac), Belgjika (63,758 \u20ac) dhe Danimarka (59,405 \u20ac).<\/p>\n<p>Nd\u00ebrsa sa i p\u00ebrket pagave m\u00eb t\u00eb ul\u00ebta ishin Greqia (24,067 \u20ac), Sllovakia (24,337 \u20ac), Hungaria (26,376 \u20ac), Portugalia (29,540 \u20ac) dhe Republika \u00c7eke (30,967 \u20ac).<\/p>\n<p>Nd\u00ebrkoh\u00eb sipas Eurostat, kostoja mesatare e pun\u00ebs p\u00ebr or\u00eb n\u00eb BE ishte 30.5 \u20ac.<\/p>\n<p>Pagat mesatare vjetore p\u00ebr pun\u00ebtor\u00ebt beqar\u00eb pa f\u00ebmij\u00eb ishin 26,136\u20ac. \u00c7iftet me dy f\u00ebmij\u00eb kan\u00eb nj\u00eb mesatare prej 55,573 \u20ac t\u00eb hyrash nga paga n\u00eb vit.<\/p>\n<p><strong>\u00c7far\u00eb po b\u00ebn BE p\u00ebr t\u00eb kap\u00ebrcyer hendekun e pagave?<\/strong><\/p>\n<p>N\u00eb vitin 2020, Komisioni Evropian shpalli nj\u00eb strategji p\u00ebr t\u00eb tentuar t\u00eb kap\u00ebrcej\u00eb k\u00ebt\u00eb hendek deri n\u00eb vitin 2025.<\/p>\n<p>Kjo u pasua nga nj\u00eb iniciativ\u00eb q\u00eb Komisioni n\u00eb qershor t\u00eb vitit 2023, me nj\u00eb fond prej 6.1 milion\u00eb euro p\u00ebr t\u00eb ndihmuar n\u00eb zbatimin e t\u00eb nj\u00ebjt\u00ebs strategji.<\/p>\n<p>Kjo e b\u00ebri m\u00eb t\u00eb leht\u00eb p\u00ebr punonj\u00ebsit q\u00eb t\u00eb njohin \u201cdiskriminimin e pagave\u201d.<\/p>\n<p>Ai funksionoi gjithashtu si nj\u00eb udh\u00ebzues p\u00ebr pun\u00ebdh\u00ebn\u00ebsit.<\/p>\n<p>Sipas shkrimit n\u00eb fjal\u00eb, zakonisht sektor\u00ebt m\u00eb t\u00eb paguar n\u00eb Evrop\u00eb jan\u00eb financat, sigurimet, energjia elektrike, minierat, teknologjia e informacionit, shitja me pakic\u00eb dhe arsimi.<\/p>\n<p>N\u00eb an\u00ebn tjet\u00ebr t\u00eb spektrit, sektor\u00ebt me pages\u00eb m\u00eb t\u00eb ul\u00ebt priren t\u00eb jen\u00eb mb\u00ebshtetja administrative, hoteleria dhe nd\u00ebrtimi. \/<strong>Telegrafi<\/strong>\/<\/p>\n","protected":false},"excerpt":{"rendered":"<p>Si krahasohen pagat mesatare n\u00eb t\u00eb gjith\u00eb Evrop\u00ebn? Euronews Business ka hedhur nj\u00eb v\u00ebshtrim m\u00eb t\u00eb af\u00ebrt n\u00eb vendet q\u00eb shp\u00ebrblejn\u00eb m\u00eb shum\u00eb punonj\u00ebsit. Rregulloret e BE-s\u00eb p\u00ebr punonj\u00ebsit jan\u00eb p\u00ebrgjith\u00ebsisht mjaft t\u00eb forta me nj\u00eb theks n\u00eb kushtet individuale t\u00eb pun\u00ebs dhe t\u00eb drejtat e pun\u00ebs, duke p\u00ebrfshir\u00eb t\u00eb drejt\u00ebn p\u00ebr informacion, ligjet antidiskriminuese [&hellip;]<\/p>\n","protected":false},"author":1,"featured_media":36755,"comment_status":"closed","ping_status":"closed","sticky":false,"template":"","format":"standard","meta":{"_monsterinsights_skip_tracking":false,"_monsterinsights_sitenote_active":false,"_monsterinsights_sitenote_note":"","_monsterinsights_sitenote_category":0,"_uf_show_specific_survey":0,"_uf_disable_surveys":false,"footnotes":""},"categories":[199],"tags":[812],"yoast_head":"<!-- This site is optimized with the Yoast SEO plugin v21.5 - https:\/\/yoast.com\/wordpress\/plugins\/seo\/ -->\n<title>Pagat mesatare n\u00eb Evrop\u00eb \u2013 k\u00ebto jan\u00eb vendet ku paguhen m\u00eb s\u00eb shumti punonj\u00ebsit<\/title>\n<meta name=\"robots\" content=\"index, follow, max-snippet:-1, max-image-preview:large, max-video-preview:-1\" \/>\n<link rel=\"canonical\" href=\"https:\/\/permbledhja.com\/sq\/pagat-mesatare-ne-evrope-keto-jane-vendet-ku-paguhen-me-se-shumti-punonjesit\/\" \/>\n<meta property=\"og:locale\" content=\"sq_AL\" \/>\n<meta property=\"og:type\" content=\"article\" \/>\n<meta property=\"og:title\" content=\"Pagat mesatare n\u00eb Evrop\u00eb \u2013 k\u00ebto jan\u00eb vendet ku paguhen m\u00eb s\u00eb shumti punonj\u00ebsit\" \/>\n<meta property=\"og:description\" content=\"Si krahasohen pagat mesatare n\u00eb t\u00eb gjith\u00eb Evrop\u00ebn? Euronews Business ka hedhur nj\u00eb v\u00ebshtrim m\u00eb t\u00eb af\u00ebrt n\u00eb vendet q\u00eb shp\u00ebrblejn\u00eb m\u00eb shum\u00eb punonj\u00ebsit. Rregulloret e BE-s\u00eb p\u00ebr punonj\u00ebsit jan\u00eb p\u00ebrgjith\u00ebsisht mjaft t\u00eb forta me nj\u00eb theks n\u00eb kushtet individuale t\u00eb pun\u00ebs dhe t\u00eb drejtat e pun\u00ebs, duke p\u00ebrfshir\u00eb t\u00eb drejt\u00ebn p\u00ebr informacion, ligjet antidiskriminuese [&hellip;]\" \/>\n<meta property=\"og:url\" content=\"https:\/\/permbledhja.com\/sq\/pagat-mesatare-ne-evrope-keto-jane-vendet-ku-paguhen-me-se-shumti-punonjesit\/\" \/>\n<meta property=\"og:site_name\" content=\"Ve\u00e7 artikuj p\u00ebrmbledh\u00ebs\" \/>\n<meta property=\"article:publisher\" content=\"https:\/\/www.facebook.com\/press07\/\" \/>\n<meta property=\"article:author\" content=\"https:\/\/www.facebook.com\/kafexhiu.muharrem\/\" \/>\n<meta property=\"article:published_time\" content=\"2023-11-20T08:12:33+00:00\" \/>\n<meta property=\"og:image\" content=\"https:\/\/permbledhja.com\/wp-content\/uploads\/2023\/11\/Screenshot_3-45-1130x635-1.jpg\" \/>\n\t<meta property=\"og:image:width\" content=\"1130\" \/>\n\t<meta property=\"og:image:height\" content=\"635\" \/>\n\t<meta property=\"og:image:type\" content=\"image\/jpeg\" \/>\n<meta name=\"author\" content=\"P\u00ebrmbledhja\" \/>\n<meta name=\"twitter:card\" content=\"summary_large_image\" \/>\n<meta name=\"twitter:label1\" content=\"Written by\" \/>\n\t<meta name=\"twitter:data1\" content=\"P\u00ebrmbledhja\" \/>\n\t<meta name=\"twitter:label2\" content=\"Est. reading time\" \/>\n\t<meta name=\"twitter:data2\" content=\"2 minuta\" \/>\n<script type=\"application\/ld+json\" class=\"yoast-schema-graph\">{\"@context\":\"https:\/\/schema.org\",\"@graph\":[{\"@type\":\"Article\",\"@id\":\"https:\/\/permbledhja.com\/pagat-mesatare-ne-evrope-keto-jane-vendet-ku-paguhen-me-se-shumti-punonjesit\/#article\",\"isPartOf\":{\"@id\":\"https:\/\/permbledhja.com\/pagat-mesatare-ne-evrope-keto-jane-vendet-ku-paguhen-me-se-shumti-punonjesit\/\"},\"author\":{\"name\":\"P\u00ebrmbledhja\",\"@id\":\"https:\/\/permbledhja.com\/#\/schema\/person\/0d064377258d3221e50693947b9eb4fe\"},\"headline\":\"Pagat mesatare n\u00eb Evrop\u00eb \u2013 k\u00ebto jan\u00eb vendet ku paguhen m\u00eb s\u00eb shumti punonj\u00ebsit\",\"datePublished\":\"2023-11-20T08:12:33+00:00\",\"dateModified\":\"2023-11-20T08:12:33+00:00\",\"mainEntityOfPage\":{\"@id\":\"https:\/\/permbledhja.com\/pagat-mesatare-ne-evrope-keto-jane-vendet-ku-paguhen-me-se-shumti-punonjesit\/\"},\"wordCount\":385,\"publisher\":{\"@id\":\"https:\/\/permbledhja.com\/#organization\"},\"keywords\":[\"Pagat\"],\"articleSection\":[\"Ekonomi\"],\"inLanguage\":\"sq\"},{\"@type\":\"WebPage\",\"@id\":\"https:\/\/permbledhja.com\/pagat-mesatare-ne-evrope-keto-jane-vendet-ku-paguhen-me-se-shumti-punonjesit\/\",\"url\":\"https:\/\/permbledhja.com\/pagat-mesatare-ne-evrope-keto-jane-vendet-ku-paguhen-me-se-shumti-punonjesit\/\",\"name\":\"Pagat mesatare n\u00eb Evrop\u00eb \u2013 k\u00ebto jan\u00eb vendet ku paguhen m\u00eb s\u00eb shumti punonj\u00ebsit\",\"isPartOf\":{\"@id\":\"https:\/\/permbledhja.com\/#website\"},\"datePublished\":\"2023-11-20T08:12:33+00:00\",\"dateModified\":\"2023-11-20T08:12:33+00:00\",\"breadcrumb\":{\"@id\":\"https:\/\/permbledhja.com\/pagat-mesatare-ne-evrope-keto-jane-vendet-ku-paguhen-me-se-shumti-punonjesit\/#breadcrumb\"},\"inLanguage\":\"sq\",\"potentialAction\":[{\"@type\":\"ReadAction\",\"target\":[\"https:\/\/permbledhja.com\/pagat-mesatare-ne-evrope-keto-jane-vendet-ku-paguhen-me-se-shumti-punonjesit\/\"]}]},{\"@type\":\"BreadcrumbList\",\"@id\":\"https:\/\/permbledhja.com\/pagat-mesatare-ne-evrope-keto-jane-vendet-ku-paguhen-me-se-shumti-punonjesit\/#breadcrumb\",\"itemListElement\":[{\"@type\":\"ListItem\",\"position\":1,\"name\":\"Ballina\",\"item\":\"https:\/\/permbledhja.com\/sq\/\"},{\"@type\":\"ListItem\",\"position\":2,\"name\":\"Pagat mesatare n\u00eb Evrop\u00eb \u2013 k\u00ebto jan\u00eb vendet ku paguhen m\u00eb s\u00eb shumti punonj\u00ebsit\"}]},{\"@type\":\"WebSite\",\"@id\":\"https:\/\/permbledhja.com\/#website\",\"url\":\"https:\/\/permbledhja.com\/\",\"name\":\"Ve\u00e7 artikuj p\u00ebrmbledh\u00ebs\",\"description\":\"\",\"publisher\":{\"@id\":\"https:\/\/permbledhja.com\/#organization\"},\"potentialAction\":[{\"@type\":\"SearchAction\",\"target\":{\"@type\":\"EntryPoint\",\"urlTemplate\":\"https:\/\/permbledhja.com\/?s={search_term_string}\"},\"query-input\":\"required name=search_term_string\"}],\"inLanguage\":\"sq\"},{\"@type\":\"Organization\",\"@id\":\"https:\/\/permbledhja.com\/#organization\",\"name\":\"MK Media & Pr\",\"url\":\"https:\/\/permbledhja.com\/\",\"logo\":{\"@type\":\"ImageObject\",\"inLanguage\":\"sq\",\"@id\":\"https:\/\/permbledhja.com\/#\/schema\/logo\/image\/\",\"url\":\"https:\/\/permbledhja.com\/wp-content\/uploads\/2021\/12\/07-Press-Logo.jpg\",\"contentUrl\":\"https:\/\/permbledhja.com\/wp-content\/uploads\/2021\/12\/07-Press-Logo.jpg\",\"width\":512,\"height\":512,\"caption\":\"MK Media & Pr\"},\"image\":{\"@id\":\"https:\/\/permbledhja.com\/#\/schema\/logo\/image\/\"},\"sameAs\":[\"https:\/\/www.facebook.com\/press07\/\"]},{\"@type\":\"Person\",\"@id\":\"https:\/\/permbledhja.com\/#\/schema\/person\/0d064377258d3221e50693947b9eb4fe\",\"name\":\"P\u00ebrmbledhja\",\"image\":{\"@type\":\"ImageObject\",\"inLanguage\":\"sq\",\"@id\":\"https:\/\/permbledhja.com\/#\/schema\/person\/image\/\",\"url\":\"https:\/\/permbledhja.com\/wp-content\/uploads\/2026\/01\/452004717_1040944174702970_8932037511805513407_n-96x96.jpg\",\"contentUrl\":\"https:\/\/permbledhja.com\/wp-content\/uploads\/2026\/01\/452004717_1040944174702970_8932037511805513407_n-96x96.jpg\",\"caption\":\"P\u00ebrmbledhja\"},\"sameAs\":[\"https:\/\/www.facebook.com\/kafexhiu.muharrem\/\",\"https:\/\/www.instagram.com\/muharrem_kafexhiu\/\"],\"url\":\"https:\/\/permbledhja.com\/sq\/author\/admin\/\"}]}<\/script>\n<!-- \/ Yoast SEO plugin. -->","yoast_head_json":{"title":"Pagat mesatare n\u00eb Evrop\u00eb \u2013 k\u00ebto jan\u00eb vendet ku paguhen m\u00eb s\u00eb shumti punonj\u00ebsit","robots":{"index":"index","follow":"follow","max-snippet":"max-snippet:-1","max-image-preview":"max-image-preview:large","max-video-preview":"max-video-preview:-1"},"canonical":"https:\/\/permbledhja.com\/sq\/pagat-mesatare-ne-evrope-keto-jane-vendet-ku-paguhen-me-se-shumti-punonjesit\/","og_locale":"sq_AL","og_type":"article","og_title":"Pagat mesatare n\u00eb Evrop\u00eb \u2013 k\u00ebto jan\u00eb vendet ku paguhen m\u00eb s\u00eb shumti punonj\u00ebsit","og_description":"Si krahasohen pagat mesatare n\u00eb t\u00eb gjith\u00eb Evrop\u00ebn? Euronews Business ka hedhur nj\u00eb v\u00ebshtrim m\u00eb t\u00eb af\u00ebrt n\u00eb vendet q\u00eb shp\u00ebrblejn\u00eb m\u00eb shum\u00eb punonj\u00ebsit. Rregulloret e BE-s\u00eb p\u00ebr punonj\u00ebsit jan\u00eb p\u00ebrgjith\u00ebsisht mjaft t\u00eb forta me nj\u00eb theks n\u00eb kushtet individuale t\u00eb pun\u00ebs dhe t\u00eb drejtat e pun\u00ebs, duke p\u00ebrfshir\u00eb t\u00eb drejt\u00ebn p\u00ebr informacion, ligjet antidiskriminuese [&hellip;]","og_url":"https:\/\/permbledhja.com\/sq\/pagat-mesatare-ne-evrope-keto-jane-vendet-ku-paguhen-me-se-shumti-punonjesit\/","og_site_name":"Ve\u00e7 artikuj p\u00ebrmbledh\u00ebs","article_publisher":"https:\/\/www.facebook.com\/press07\/","article_author":"https:\/\/www.facebook.com\/kafexhiu.muharrem\/","article_published_time":"2023-11-20T08:12:33+00:00","og_image":[{"width":1130,"height":635,"url":"https:\/\/permbledhja.com\/wp-content\/uploads\/2023\/11\/Screenshot_3-45-1130x635-1.jpg","type":"image\/jpeg"}],"author":"P\u00ebrmbledhja","twitter_card":"summary_large_image","twitter_misc":{"Written by":"P\u00ebrmbledhja","Est. reading time":"2 minuta"},"schema":{"@context":"https:\/\/schema.org","@graph":[{"@type":"Article","@id":"https:\/\/permbledhja.com\/pagat-mesatare-ne-evrope-keto-jane-vendet-ku-paguhen-me-se-shumti-punonjesit\/#article","isPartOf":{"@id":"https:\/\/permbledhja.com\/pagat-mesatare-ne-evrope-keto-jane-vendet-ku-paguhen-me-se-shumti-punonjesit\/"},"author":{"name":"P\u00ebrmbledhja","@id":"https:\/\/permbledhja.com\/#\/schema\/person\/0d064377258d3221e50693947b9eb4fe"},"headline":"Pagat mesatare n\u00eb Evrop\u00eb \u2013 k\u00ebto jan\u00eb vendet ku paguhen m\u00eb s\u00eb shumti punonj\u00ebsit","datePublished":"2023-11-20T08:12:33+00:00","dateModified":"2023-11-20T08:12:33+00:00","mainEntityOfPage":{"@id":"https:\/\/permbledhja.com\/pagat-mesatare-ne-evrope-keto-jane-vendet-ku-paguhen-me-se-shumti-punonjesit\/"},"wordCount":385,"publisher":{"@id":"https:\/\/permbledhja.com\/#organization"},"keywords":["Pagat"],"articleSection":["Ekonomi"],"inLanguage":"sq"},{"@type":"WebPage","@id":"https:\/\/permbledhja.com\/pagat-mesatare-ne-evrope-keto-jane-vendet-ku-paguhen-me-se-shumti-punonjesit\/","url":"https:\/\/permbledhja.com\/pagat-mesatare-ne-evrope-keto-jane-vendet-ku-paguhen-me-se-shumti-punonjesit\/","name":"Pagat mesatare n\u00eb Evrop\u00eb \u2013 k\u00ebto jan\u00eb vendet ku paguhen m\u00eb s\u00eb shumti punonj\u00ebsit","isPartOf":{"@id":"https:\/\/permbledhja.com\/#website"},"datePublished":"2023-11-20T08:12:33+00:00","dateModified":"2023-11-20T08:12:33+00:00","breadcrumb":{"@id":"https:\/\/permbledhja.com\/pagat-mesatare-ne-evrope-keto-jane-vendet-ku-paguhen-me-se-shumti-punonjesit\/#breadcrumb"},"inLanguage":"sq","potentialAction":[{"@type":"ReadAction","target":["https:\/\/permbledhja.com\/pagat-mesatare-ne-evrope-keto-jane-vendet-ku-paguhen-me-se-shumti-punonjesit\/"]}]},{"@type":"BreadcrumbList","@id":"https:\/\/permbledhja.com\/pagat-mesatare-ne-evrope-keto-jane-vendet-ku-paguhen-me-se-shumti-punonjesit\/#breadcrumb","itemListElement":[{"@type":"ListItem","position":1,"name":"Ballina","item":"https:\/\/permbledhja.com\/sq\/"},{"@type":"ListItem","position":2,"name":"Pagat mesatare n\u00eb Evrop\u00eb \u2013 k\u00ebto jan\u00eb vendet ku paguhen m\u00eb s\u00eb shumti punonj\u00ebsit"}]},{"@type":"WebSite","@id":"https:\/\/permbledhja.com\/#website","url":"https:\/\/permbledhja.com\/","name":"Ve\u00e7 artikuj p\u00ebrmbledh\u00ebs","description":"","publisher":{"@id":"https:\/\/permbledhja.com\/#organization"},"potentialAction":[{"@type":"SearchAction","target":{"@type":"EntryPoint","urlTemplate":"https:\/\/permbledhja.com\/?s={search_term_string}"},"query-input":"required name=search_term_string"}],"inLanguage":"sq"},{"@type":"Organization","@id":"https:\/\/permbledhja.com\/#organization","name":"MK Media & Pr","url":"https:\/\/permbledhja.com\/","logo":{"@type":"ImageObject","inLanguage":"sq","@id":"https:\/\/permbledhja.com\/#\/schema\/logo\/image\/","url":"https:\/\/permbledhja.com\/wp-content\/uploads\/2021\/12\/07-Press-Logo.jpg","contentUrl":"https:\/\/permbledhja.com\/wp-content\/uploads\/2021\/12\/07-Press-Logo.jpg","width":512,"height":512,"caption":"MK Media & Pr"},"image":{"@id":"https:\/\/permbledhja.com\/#\/schema\/logo\/image\/"},"sameAs":["https:\/\/www.facebook.com\/press07\/"]},{"@type":"Person","@id":"https:\/\/permbledhja.com\/#\/schema\/person\/0d064377258d3221e50693947b9eb4fe","name":"P\u00ebrmbledhja","image":{"@type":"ImageObject","inLanguage":"sq","@id":"https:\/\/permbledhja.com\/#\/schema\/person\/image\/","url":"https:\/\/permbledhja.com\/wp-content\/uploads\/2026\/01\/452004717_1040944174702970_8932037511805513407_n-96x96.jpg","contentUrl":"https:\/\/permbledhja.com\/wp-content\/uploads\/2026\/01\/452004717_1040944174702970_8932037511805513407_n-96x96.jpg","caption":"P\u00ebrmbledhja"},"sameAs":["https:\/\/www.facebook.com\/kafexhiu.muharrem\/","https:\/\/www.instagram.com\/muharrem_kafexhiu\/"],"url":"https:\/\/permbledhja.com\/sq\/author\/admin\/"}]}},"_links":{"self":[{"href":"https:\/\/permbledhja.com\/sq\/wp-json\/wp\/v2\/posts\/36754"}],"collection":[{"href":"https:\/\/permbledhja.com\/sq\/wp-json\/wp\/v2\/posts"}],"about":[{"href":"https:\/\/permbledhja.com\/sq\/wp-json\/wp\/v2\/types\/post"}],"author":[{"embeddable":true,"href":"https:\/\/permbledhja.com\/sq\/wp-json\/wp\/v2\/users\/1"}],"replies":[{"embeddable":true,"href":"https:\/\/permbledhja.com\/sq\/wp-json\/wp\/v2\/comments?post=36754"}],"version-history":[{"count":1,"href":"https:\/\/permbledhja.com\/sq\/wp-json\/wp\/v2\/posts\/36754\/revisions"}],"predecessor-version":[{"id":36756,"href":"https:\/\/permbledhja.com\/sq\/wp-json\/wp\/v2\/posts\/36754\/revisions\/36756"}],"wp:featuredmedia":[{"embeddable":true,"href":"https:\/\/permbledhja.com\/sq\/wp-json\/wp\/v2\/media\/36755"}],"wp:attachment":[{"href":"https:\/\/permbledhja.com\/sq\/wp-json\/wp\/v2\/media?parent=36754"}],"wp:term":[{"taxonomy":"category","embeddable":true,"href":"https:\/\/permbledhja.com\/sq\/wp-json\/wp\/v2\/categories?post=36754"},{"taxonomy":"post_tag","embeddable":true,"href":"https:\/\/permbledhja.com\/sq\/wp-json\/wp\/v2\/tags?post=36754"}],"curies":[{"name":"wp","href":"https:\/\/api.w.org\/{rel}","templated":true}]}}