{"id":36654,"date":"2023-11-19T13:31:24","date_gmt":"2023-11-19T13:31:24","guid":{"rendered":"https:\/\/permbledhja.com\/?p=36654"},"modified":"2023-11-19T13:31:24","modified_gmt":"2023-11-19T13:31:24","slug":"woelk-jam-shume-e-merzitur-cdo-dite-i-bej-thirrje-be-se-qe-tia-heq-sanksionet-kosoves","status":"publish","type":"post","link":"https:\/\/permbledhja.com\/sq\/woelk-jam-shume-e-merzitur-cdo-dite-i-bej-thirrje-be-se-qe-tia-heq-sanksionet-kosoves\/","title":{"rendered":"Woelk: Jam shum\u00eb e m\u00ebrzitur, \u00e7do dit\u00eb i b\u00ebj thirrje BE-s\u00eb q\u00eb t\u2019ia heq sanksionet Kosov\u00ebs"},"content":{"rendered":"<h3>Federica Woelk, eksperte p\u00ebr Ballkanin n\u00eb Parlamentin Evropian, thot\u00eb se pothuajse \u00e7do dit\u00eb i ka b\u00ebr\u00eb thirrje Bashkimit Evropian q\u00eb t\u2019ia heq sanksionet Kosov\u00ebs.<\/h3>\n<div class=\"ads square\">\n<p>\u201cJam shum\u00eb e m\u00ebrzitur p\u00ebr k\u00ebt\u00eb. Pothuajse \u00e7do dit\u00eb i b\u00ebj thirrje BE-s\u00eb q\u00eb t\u00eb heq\u00eb sanksionet ndaj Kosov\u00ebs, ve\u00e7an\u00ebrisht n\u00eb muajt e fundit me dialogun, pjesa konstruktive ka qen\u00eb qart\u00eb Kosova dhe jo Serbia. Edhe Serbia ka th\u00ebn\u00eb drejtp\u00ebrdrejt p\u00ebrball\u00eb Von Der Leyen se nuk ka nd\u00ebrmend ta njoh\u00eb de fakto Kosov\u00ebn\u201d, tha Woelk n\u00eb nj\u00eb intervist\u00eb p\u00ebr The Geopost.<\/p>\n<p>Ajo shton se tani \u00ebsht\u00eb koha q\u00eb BE-ja t\u00eb heq\u00eb sanksionet ndaj Kosov\u00ebs, derisa potencon se \u00ebsht\u00eb shum\u00eb e lumtur q\u00eb Parlamenti Evropian arriti t\u00eb votoj\u00eb nj\u00eb Rezolut\u00eb e cila \u00ebsht\u00eb qart\u00ebsisht pro-Kosov\u00ebs dhe q\u00eb tregon shum\u00eb fakte edhe p\u00ebr sulmin terrorist n\u00eb Banj\u00eb t\u00eb Zve\u00e7anit m\u00eb 24 shtator.<\/p>\n<p>Woelk ka theksuar se nuk beson q\u00eb presidenti i Serbis\u00eb, Aleksand\u00ebr Vu\u00e7i\u00e7 mund t\u00eb anoj\u00eb nga Per\u00ebndimi, meq\u00eb shton se \u201cky \u00ebsht\u00eb besimi mbi t\u00eb cilin ata jan\u00eb t\u00eb mb\u00ebshtetur sepse nuk ka alternativ\u00eb p\u00ebr k\u00ebt\u00eb p\u00ebr momentin\u201d.<\/p>\n<p>\u201cUn\u00eb mendoj se frika kryesore \u00ebsht\u00eb se n\u00ebse BE-ja vendos sanksione ndaj Serbis\u00eb, at\u00ebher\u00eb do t\u00eb p\u00ebrfundoj\u00eb plot\u00ebsisht, edhe pse tashm\u00eb \u00ebsht\u00eb, por mendoj se ata v\u00ebrtet kan\u00eb shpres\u00eb se duke mos vendosur sanksione do t\u00eb mund t\u00eb ken\u00eb nj\u00eb p\u00ebrgjigje pozitive nga Serbia. Por si\u00e7 e that\u00eb edhe ju, Vu\u00e7i\u00e7 tashm\u00eb po e b\u00ebn k\u00ebt\u00eb zhvendosje n\u00eb an\u00ebn tjet\u00ebr\u201d.<\/p>\n<p>Woelk ka folur edhe dezinformatat dhe propagand\u00ebn ruse, duke theksuar se \u201cN\u00eb Ballkan \u00ebsht\u00eb shtuar nd\u00ebrhyrja ruse\u201d.<\/p>\n<p>\u201cParlamenti Evropian \u00ebsht\u00eb i angazhuar n\u00eb m\u00ebnyr\u00eb aktive n\u00eb luftimin e dezinformimit, ve\u00e7an\u00ebrisht n\u00eb Ballkan. Por p\u00ebr mendimin tim, mund t\u00eb b\u00ebj\u00eb edhe m\u00eb shum\u00eb, si p\u00ebr shembull t\u00eb futet m\u00eb shum\u00eb n\u00eb tem\u00ebn e Kosov\u00ebs dhe Serbis\u00eb dhe t\u00eb p\u00ebrpiqet t\u00eb kuptoj\u00eb realisht faktet\u00a0 e t\u00eb luftoj\u00eb p\u00ebr to dhe p\u00ebr mendimin tim kjo ende mungon\u201d, potencoi ajo.<\/p>\n<\/div>\n","protected":false},"excerpt":{"rendered":"<p>Federica Woelk, eksperte p\u00ebr Ballkanin n\u00eb Parlamentin Evropian, thot\u00eb se pothuajse \u00e7do dit\u00eb i ka b\u00ebr\u00eb thirrje Bashkimit Evropian q\u00eb t\u2019ia heq sanksionet Kosov\u00ebs. \u201cJam shum\u00eb e m\u00ebrzitur p\u00ebr k\u00ebt\u00eb. Pothuajse \u00e7do dit\u00eb i b\u00ebj thirrje BE-s\u00eb q\u00eb t\u00eb heq\u00eb sanksionet ndaj Kosov\u00ebs, ve\u00e7an\u00ebrisht n\u00eb muajt e fundit me dialogun, pjesa konstruktive ka qen\u00eb qart\u00eb [&hellip;]<\/p>\n","protected":false},"author":2,"featured_media":36655,"comment_status":"closed","ping_status":"closed","sticky":false,"template":"","format":"standard","meta":{"_monsterinsights_skip_tracking":false,"_monsterinsights_sitenote_active":false,"_monsterinsights_sitenote_note":"","_monsterinsights_sitenote_category":0,"_uf_show_specific_survey":0,"_uf_disable_surveys":false,"footnotes":""},"categories":[15],"tags":[],"yoast_head":"<!-- This site is optimized with the Yoast SEO plugin v21.5 - https:\/\/yoast.com\/wordpress\/plugins\/seo\/ -->\n<title>Woelk: Jam shum\u00eb e m\u00ebrzitur, \u00e7do dit\u00eb i b\u00ebj thirrje BE-s\u00eb q\u00eb t\u2019ia heq sanksionet Kosov\u00ebs<\/title>\n<meta name=\"robots\" content=\"index, follow, max-snippet:-1, max-image-preview:large, max-video-preview:-1\" \/>\n<link rel=\"canonical\" href=\"https:\/\/permbledhja.com\/sq\/woelk-jam-shume-e-merzitur-cdo-dite-i-bej-thirrje-be-se-qe-tia-heq-sanksionet-kosoves\/\" \/>\n<meta property=\"og:locale\" content=\"sq_AL\" \/>\n<meta property=\"og:type\" content=\"article\" \/>\n<meta property=\"og:title\" content=\"Woelk: Jam shum\u00eb e m\u00ebrzitur, \u00e7do dit\u00eb i b\u00ebj thirrje BE-s\u00eb q\u00eb t\u2019ia heq sanksionet Kosov\u00ebs\" \/>\n<meta property=\"og:description\" content=\"Federica Woelk, eksperte p\u00ebr Ballkanin n\u00eb Parlamentin Evropian, thot\u00eb se pothuajse \u00e7do dit\u00eb i ka b\u00ebr\u00eb thirrje Bashkimit Evropian q\u00eb t\u2019ia heq sanksionet Kosov\u00ebs. \u201cJam shum\u00eb e m\u00ebrzitur p\u00ebr k\u00ebt\u00eb. Pothuajse \u00e7do dit\u00eb i b\u00ebj thirrje BE-s\u00eb q\u00eb t\u00eb heq\u00eb sanksionet ndaj Kosov\u00ebs, ve\u00e7an\u00ebrisht n\u00eb muajt e fundit me dialogun, pjesa konstruktive ka qen\u00eb qart\u00eb [&hellip;]\" \/>\n<meta property=\"og:url\" content=\"https:\/\/permbledhja.com\/sq\/woelk-jam-shume-e-merzitur-cdo-dite-i-bej-thirrje-be-se-qe-tia-heq-sanksionet-kosoves\/\" \/>\n<meta property=\"og:site_name\" content=\"Ve\u00e7 artikuj p\u00ebrmbledh\u00ebs\" \/>\n<meta property=\"article:publisher\" content=\"https:\/\/www.facebook.com\/press07\/\" \/>\n<meta property=\"article:published_time\" content=\"2023-11-19T13:31:24+00:00\" \/>\n<meta property=\"og:image\" content=\"https:\/\/permbledhja.com\/wp-content\/uploads\/2023\/11\/BEAAA.png\" \/>\n\t<meta property=\"og:image:width\" content=\"1024\" \/>\n\t<meta property=\"og:image:height\" content=\"578\" \/>\n\t<meta property=\"og:image:type\" content=\"image\/png\" \/>\n<meta name=\"author\" content=\"M M\" \/>\n<meta name=\"twitter:card\" content=\"summary_large_image\" \/>\n<meta name=\"twitter:label1\" content=\"Written by\" \/>\n\t<meta name=\"twitter:data1\" content=\"M M\" \/>\n\t<meta name=\"twitter:label2\" content=\"Est. reading time\" \/>\n\t<meta name=\"twitter:data2\" content=\"2 minuta\" \/>\n<script type=\"application\/ld+json\" class=\"yoast-schema-graph\">{\"@context\":\"https:\/\/schema.org\",\"@graph\":[{\"@type\":\"Article\",\"@id\":\"https:\/\/permbledhja.com\/woelk-jam-shume-e-merzitur-cdo-dite-i-bej-thirrje-be-se-qe-tia-heq-sanksionet-kosoves\/#article\",\"isPartOf\":{\"@id\":\"https:\/\/permbledhja.com\/woelk-jam-shume-e-merzitur-cdo-dite-i-bej-thirrje-be-se-qe-tia-heq-sanksionet-kosoves\/\"},\"author\":{\"name\":\"M M\",\"@id\":\"https:\/\/permbledhja.com\/#\/schema\/person\/d23f13f59b5722643933d6780783acf3\"},\"headline\":\"Woelk: Jam shum\u00eb e m\u00ebrzitur, \u00e7do dit\u00eb i b\u00ebj thirrje BE-s\u00eb q\u00eb t\u2019ia heq sanksionet Kosov\u00ebs\",\"datePublished\":\"2023-11-19T13:31:24+00:00\",\"dateModified\":\"2023-11-19T13:31:24+00:00\",\"mainEntityOfPage\":{\"@id\":\"https:\/\/permbledhja.com\/woelk-jam-shume-e-merzitur-cdo-dite-i-bej-thirrje-be-se-qe-tia-heq-sanksionet-kosoves\/\"},\"wordCount\":380,\"publisher\":{\"@id\":\"https:\/\/permbledhja.com\/#organization\"},\"articleSection\":[\"Lajme\"],\"inLanguage\":\"sq\"},{\"@type\":\"WebPage\",\"@id\":\"https:\/\/permbledhja.com\/woelk-jam-shume-e-merzitur-cdo-dite-i-bej-thirrje-be-se-qe-tia-heq-sanksionet-kosoves\/\",\"url\":\"https:\/\/permbledhja.com\/woelk-jam-shume-e-merzitur-cdo-dite-i-bej-thirrje-be-se-qe-tia-heq-sanksionet-kosoves\/\",\"name\":\"Woelk: Jam shum\u00eb e m\u00ebrzitur, \u00e7do dit\u00eb i b\u00ebj thirrje BE-s\u00eb q\u00eb t\u2019ia heq sanksionet Kosov\u00ebs\",\"isPartOf\":{\"@id\":\"https:\/\/permbledhja.com\/#website\"},\"datePublished\":\"2023-11-19T13:31:24+00:00\",\"dateModified\":\"2023-11-19T13:31:24+00:00\",\"breadcrumb\":{\"@id\":\"https:\/\/permbledhja.com\/woelk-jam-shume-e-merzitur-cdo-dite-i-bej-thirrje-be-se-qe-tia-heq-sanksionet-kosoves\/#breadcrumb\"},\"inLanguage\":\"sq\",\"potentialAction\":[{\"@type\":\"ReadAction\",\"target\":[\"https:\/\/permbledhja.com\/woelk-jam-shume-e-merzitur-cdo-dite-i-bej-thirrje-be-se-qe-tia-heq-sanksionet-kosoves\/\"]}]},{\"@type\":\"BreadcrumbList\",\"@id\":\"https:\/\/permbledhja.com\/woelk-jam-shume-e-merzitur-cdo-dite-i-bej-thirrje-be-se-qe-tia-heq-sanksionet-kosoves\/#breadcrumb\",\"itemListElement\":[{\"@type\":\"ListItem\",\"position\":1,\"name\":\"Ballina\",\"item\":\"https:\/\/permbledhja.com\/sq\/\"},{\"@type\":\"ListItem\",\"position\":2,\"name\":\"Woelk: Jam shum\u00eb e m\u00ebrzitur, \u00e7do dit\u00eb i b\u00ebj thirrje BE-s\u00eb q\u00eb t\u2019ia heq sanksionet Kosov\u00ebs\"}]},{\"@type\":\"WebSite\",\"@id\":\"https:\/\/permbledhja.com\/#website\",\"url\":\"https:\/\/permbledhja.com\/\",\"name\":\"Ve\u00e7 artikuj p\u00ebrmbledh\u00ebs\",\"description\":\"\",\"publisher\":{\"@id\":\"https:\/\/permbledhja.com\/#organization\"},\"potentialAction\":[{\"@type\":\"SearchAction\",\"target\":{\"@type\":\"EntryPoint\",\"urlTemplate\":\"https:\/\/permbledhja.com\/?s={search_term_string}\"},\"query-input\":\"required name=search_term_string\"}],\"inLanguage\":\"sq\"},{\"@type\":\"Organization\",\"@id\":\"https:\/\/permbledhja.com\/#organization\",\"name\":\"MK Media & Pr\",\"url\":\"https:\/\/permbledhja.com\/\",\"logo\":{\"@type\":\"ImageObject\",\"inLanguage\":\"sq\",\"@id\":\"https:\/\/permbledhja.com\/#\/schema\/logo\/image\/\",\"url\":\"https:\/\/permbledhja.com\/wp-content\/uploads\/2021\/12\/07-Press-Logo.jpg\",\"contentUrl\":\"https:\/\/permbledhja.com\/wp-content\/uploads\/2021\/12\/07-Press-Logo.jpg\",\"width\":512,\"height\":512,\"caption\":\"MK Media & Pr\"},\"image\":{\"@id\":\"https:\/\/permbledhja.com\/#\/schema\/logo\/image\/\"},\"sameAs\":[\"https:\/\/www.facebook.com\/press07\/\"]},{\"@type\":\"Person\",\"@id\":\"https:\/\/permbledhja.com\/#\/schema\/person\/d23f13f59b5722643933d6780783acf3\",\"name\":\"M M\",\"image\":{\"@type\":\"ImageObject\",\"inLanguage\":\"sq\",\"@id\":\"https:\/\/permbledhja.com\/#\/schema\/person\/image\/\",\"url\":\"https:\/\/secure.gravatar.com\/avatar\/e2835a76ca7c31a2416b2d51c4ec9a8f?s=96&d=mm&r=g\",\"contentUrl\":\"https:\/\/secure.gravatar.com\/avatar\/e2835a76ca7c31a2416b2d51c4ec9a8f?s=96&d=mm&r=g\",\"caption\":\"M M\"},\"sameAs\":[\"http:\/\/MM\"],\"url\":\"https:\/\/permbledhja.com\/sq\/author\/muhamet\/\"}]}<\/script>\n<!-- \/ Yoast SEO plugin. -->","yoast_head_json":{"title":"Woelk: Jam shum\u00eb e m\u00ebrzitur, \u00e7do dit\u00eb i b\u00ebj thirrje BE-s\u00eb q\u00eb t\u2019ia heq sanksionet Kosov\u00ebs","robots":{"index":"index","follow":"follow","max-snippet":"max-snippet:-1","max-image-preview":"max-image-preview:large","max-video-preview":"max-video-preview:-1"},"canonical":"https:\/\/permbledhja.com\/sq\/woelk-jam-shume-e-merzitur-cdo-dite-i-bej-thirrje-be-se-qe-tia-heq-sanksionet-kosoves\/","og_locale":"sq_AL","og_type":"article","og_title":"Woelk: Jam shum\u00eb e m\u00ebrzitur, \u00e7do dit\u00eb i b\u00ebj thirrje BE-s\u00eb q\u00eb t\u2019ia heq sanksionet Kosov\u00ebs","og_description":"Federica Woelk, eksperte p\u00ebr Ballkanin n\u00eb Parlamentin Evropian, thot\u00eb se pothuajse \u00e7do dit\u00eb i ka b\u00ebr\u00eb thirrje Bashkimit Evropian q\u00eb t\u2019ia heq sanksionet Kosov\u00ebs. \u201cJam shum\u00eb e m\u00ebrzitur p\u00ebr k\u00ebt\u00eb. Pothuajse \u00e7do dit\u00eb i b\u00ebj thirrje BE-s\u00eb q\u00eb t\u00eb heq\u00eb sanksionet ndaj Kosov\u00ebs, ve\u00e7an\u00ebrisht n\u00eb muajt e fundit me dialogun, pjesa konstruktive ka qen\u00eb qart\u00eb [&hellip;]","og_url":"https:\/\/permbledhja.com\/sq\/woelk-jam-shume-e-merzitur-cdo-dite-i-bej-thirrje-be-se-qe-tia-heq-sanksionet-kosoves\/","og_site_name":"Ve\u00e7 artikuj p\u00ebrmbledh\u00ebs","article_publisher":"https:\/\/www.facebook.com\/press07\/","article_published_time":"2023-11-19T13:31:24+00:00","og_image":[{"width":1024,"height":578,"url":"https:\/\/permbledhja.com\/wp-content\/uploads\/2023\/11\/BEAAA.png","type":"image\/png"}],"author":"M M","twitter_card":"summary_large_image","twitter_misc":{"Written by":"M M","Est. reading time":"2 minuta"},"schema":{"@context":"https:\/\/schema.org","@graph":[{"@type":"Article","@id":"https:\/\/permbledhja.com\/woelk-jam-shume-e-merzitur-cdo-dite-i-bej-thirrje-be-se-qe-tia-heq-sanksionet-kosoves\/#article","isPartOf":{"@id":"https:\/\/permbledhja.com\/woelk-jam-shume-e-merzitur-cdo-dite-i-bej-thirrje-be-se-qe-tia-heq-sanksionet-kosoves\/"},"author":{"name":"M M","@id":"https:\/\/permbledhja.com\/#\/schema\/person\/d23f13f59b5722643933d6780783acf3"},"headline":"Woelk: Jam shum\u00eb e m\u00ebrzitur, \u00e7do dit\u00eb i b\u00ebj thirrje BE-s\u00eb q\u00eb t\u2019ia heq sanksionet Kosov\u00ebs","datePublished":"2023-11-19T13:31:24+00:00","dateModified":"2023-11-19T13:31:24+00:00","mainEntityOfPage":{"@id":"https:\/\/permbledhja.com\/woelk-jam-shume-e-merzitur-cdo-dite-i-bej-thirrje-be-se-qe-tia-heq-sanksionet-kosoves\/"},"wordCount":380,"publisher":{"@id":"https:\/\/permbledhja.com\/#organization"},"articleSection":["Lajme"],"inLanguage":"sq"},{"@type":"WebPage","@id":"https:\/\/permbledhja.com\/woelk-jam-shume-e-merzitur-cdo-dite-i-bej-thirrje-be-se-qe-tia-heq-sanksionet-kosoves\/","url":"https:\/\/permbledhja.com\/woelk-jam-shume-e-merzitur-cdo-dite-i-bej-thirrje-be-se-qe-tia-heq-sanksionet-kosoves\/","name":"Woelk: Jam shum\u00eb e m\u00ebrzitur, \u00e7do dit\u00eb i b\u00ebj thirrje BE-s\u00eb q\u00eb t\u2019ia heq sanksionet Kosov\u00ebs","isPartOf":{"@id":"https:\/\/permbledhja.com\/#website"},"datePublished":"2023-11-19T13:31:24+00:00","dateModified":"2023-11-19T13:31:24+00:00","breadcrumb":{"@id":"https:\/\/permbledhja.com\/woelk-jam-shume-e-merzitur-cdo-dite-i-bej-thirrje-be-se-qe-tia-heq-sanksionet-kosoves\/#breadcrumb"},"inLanguage":"sq","potentialAction":[{"@type":"ReadAction","target":["https:\/\/permbledhja.com\/woelk-jam-shume-e-merzitur-cdo-dite-i-bej-thirrje-be-se-qe-tia-heq-sanksionet-kosoves\/"]}]},{"@type":"BreadcrumbList","@id":"https:\/\/permbledhja.com\/woelk-jam-shume-e-merzitur-cdo-dite-i-bej-thirrje-be-se-qe-tia-heq-sanksionet-kosoves\/#breadcrumb","itemListElement":[{"@type":"ListItem","position":1,"name":"Ballina","item":"https:\/\/permbledhja.com\/sq\/"},{"@type":"ListItem","position":2,"name":"Woelk: Jam shum\u00eb e m\u00ebrzitur, \u00e7do dit\u00eb i b\u00ebj thirrje BE-s\u00eb q\u00eb t\u2019ia heq sanksionet Kosov\u00ebs"}]},{"@type":"WebSite","@id":"https:\/\/permbledhja.com\/#website","url":"https:\/\/permbledhja.com\/","name":"Ve\u00e7 artikuj p\u00ebrmbledh\u00ebs","description":"","publisher":{"@id":"https:\/\/permbledhja.com\/#organization"},"potentialAction":[{"@type":"SearchAction","target":{"@type":"EntryPoint","urlTemplate":"https:\/\/permbledhja.com\/?s={search_term_string}"},"query-input":"required name=search_term_string"}],"inLanguage":"sq"},{"@type":"Organization","@id":"https:\/\/permbledhja.com\/#organization","name":"MK Media & Pr","url":"https:\/\/permbledhja.com\/","logo":{"@type":"ImageObject","inLanguage":"sq","@id":"https:\/\/permbledhja.com\/#\/schema\/logo\/image\/","url":"https:\/\/permbledhja.com\/wp-content\/uploads\/2021\/12\/07-Press-Logo.jpg","contentUrl":"https:\/\/permbledhja.com\/wp-content\/uploads\/2021\/12\/07-Press-Logo.jpg","width":512,"height":512,"caption":"MK Media & Pr"},"image":{"@id":"https:\/\/permbledhja.com\/#\/schema\/logo\/image\/"},"sameAs":["https:\/\/www.facebook.com\/press07\/"]},{"@type":"Person","@id":"https:\/\/permbledhja.com\/#\/schema\/person\/d23f13f59b5722643933d6780783acf3","name":"M M","image":{"@type":"ImageObject","inLanguage":"sq","@id":"https:\/\/permbledhja.com\/#\/schema\/person\/image\/","url":"https:\/\/secure.gravatar.com\/avatar\/e2835a76ca7c31a2416b2d51c4ec9a8f?s=96&d=mm&r=g","contentUrl":"https:\/\/secure.gravatar.com\/avatar\/e2835a76ca7c31a2416b2d51c4ec9a8f?s=96&d=mm&r=g","caption":"M M"},"sameAs":["http:\/\/MM"],"url":"https:\/\/permbledhja.com\/sq\/author\/muhamet\/"}]}},"_links":{"self":[{"href":"https:\/\/permbledhja.com\/sq\/wp-json\/wp\/v2\/posts\/36654"}],"collection":[{"href":"https:\/\/permbledhja.com\/sq\/wp-json\/wp\/v2\/posts"}],"about":[{"href":"https:\/\/permbledhja.com\/sq\/wp-json\/wp\/v2\/types\/post"}],"author":[{"embeddable":true,"href":"https:\/\/permbledhja.com\/sq\/wp-json\/wp\/v2\/users\/2"}],"replies":[{"embeddable":true,"href":"https:\/\/permbledhja.com\/sq\/wp-json\/wp\/v2\/comments?post=36654"}],"version-history":[{"count":1,"href":"https:\/\/permbledhja.com\/sq\/wp-json\/wp\/v2\/posts\/36654\/revisions"}],"predecessor-version":[{"id":36656,"href":"https:\/\/permbledhja.com\/sq\/wp-json\/wp\/v2\/posts\/36654\/revisions\/36656"}],"wp:featuredmedia":[{"embeddable":true,"href":"https:\/\/permbledhja.com\/sq\/wp-json\/wp\/v2\/media\/36655"}],"wp:attachment":[{"href":"https:\/\/permbledhja.com\/sq\/wp-json\/wp\/v2\/media?parent=36654"}],"wp:term":[{"taxonomy":"category","embeddable":true,"href":"https:\/\/permbledhja.com\/sq\/wp-json\/wp\/v2\/categories?post=36654"},{"taxonomy":"post_tag","embeddable":true,"href":"https:\/\/permbledhja.com\/sq\/wp-json\/wp\/v2\/tags?post=36654"}],"curies":[{"name":"wp","href":"https:\/\/api.w.org\/{rel}","templated":true}]}}